{"id":98158,"date":"2023-08-17T19:51:21","date_gmt":"2023-08-18T00:51:21","guid":{"rendered":"https:\/\/futbolhoy.co\/?p=98158"},"modified":"2023-08-18T17:54:55","modified_gmt":"2023-08-18T22:54:55","slug":"otra-vez-arturo-reyes-asi-le-fue-en-el-pasado-con-el-junior","status":"publish","type":"post","link":"https:\/\/futbolhoy.co\/index.php\/2023\/08\/17\/otra-vez-arturo-reyes-asi-le-fue-en-el-pasado-con-el-junior\/","title":{"rendered":"Otra vez Arturo Reyes: as\u00ed le fue en el pasado con el Junior"},"content":{"rendered":"<p style=\"font-weight: 400; text-align: justify;\"><span style=\"font-family: helvetica, arial, sans-serif;\"><span style=\"font-weight: 400;\">El ya conocido <\/span><b>Arturo Reyes es, una vez m\u00e1s, <\/b><span style=\"font-weight: 400;\">el nuevo t\u00e9cnico del Junior de Barranquilla, tras la pol\u00e9mica salida de <\/span><b>Hern\u00e1n Dar\u00edo \u2018Bolillo\u2019 G\u00f3mez <\/b><span style=\"font-weight: 400;\">del equipo tibur\u00f3n por malos resultados.\u00a0<\/span><\/span><\/p>\n<p style=\"font-weight: 400; text-align: justify;\"><span style=\"font-family: helvetica, arial, sans-serif;\"><span style=\"font-weight: 400;\">Y de la manera m\u00e1s ir\u00f3nica, el reemplazo del Bolillo es, precisamente, el t\u00e9cnico al que \u00e9l reemplaz\u00f3 en marzo <\/span><b>pasado: Arturo Reyes<\/b><span style=\"font-weight: 400;\">.\u00a0<\/span><\/span><\/p>\n<p style=\"font-weight: 400; text-align: justify;\"><span style=\"font-family: helvetica, arial, sans-serif;\"><span style=\"font-weight: 400;\">Ser\u00e1 el tercer per\u00edodo del t\u00e9cnico samario en el Junior, y su \u00faltima etapa no fue precisamente la m\u00e1s exitosa, sino todo lo contrario, pues <\/span><b>Reyes dej\u00f3 al equipo como colero<\/b><span style=\"font-weight: 400;\"> del campeonato y eliminado de la Copa Sudamericana antes de su salida.\u00a0<\/span><\/span><\/p>\n<p style=\"font-weight: 400; text-align: justify;\"><span style=\"font-family: helvetica, arial, sans-serif;\"><span style=\"font-weight: 400;\">Con un rendimiento de apenas 18,8% se despidi\u00f3 Arturo Reyes del <\/span><b>Junior en marzo de este a\u00f1o, <\/b><span style=\"font-weight: 400;\">con un saldo de 3 derrotas, 3 empates y 1 victoria en la Liga Colombiana.<\/span><\/span><\/p>\n<p style=\"font-weight: 400; text-align: justify;\"><span style=\"font-family: helvetica, arial, sans-serif;\"><span style=\"font-weight: 400;\">Sin embargo, en su primera etapa las cosas fueron diferentes. Arturo Reyes dirigi\u00f3 en 2021 un total de 23 partidos, con 9 triunfos, <\/span><b>10 empates y 4 derrotas y un rendimiento del 53,62%.\u00a0<\/b><\/span><\/p>\n","protected":false},"excerpt":{"rendered":"<p>El ya conocido Arturo Reyes es, una vez m\u00e1s, el nuevo t\u00e9cnico del Junior de Barranquilla, tras la pol\u00e9mica salida de Hern\u00e1n Dar\u00edo \u2018Bolillo\u2019 G\u00f3mez del equipo tibur\u00f3n por malos resultados.\u00a0 Y de la manera m\u00e1s ir\u00f3nica, el reemplazo del Bolillo es, precisamente, el t\u00e9cnico al que \u00e9l reemplaz\u00f3 en marzo pasado: Arturo Reyes.\u00a0 Ser\u00e1 [&hellip;]<\/p>\n","protected":false},"author":4,"featured_media":98159,"comment_status":"open","ping_status":"closed","sticky":false,"template":"","format":"standard","meta":{"_acf_changed":false,"footnotes":""},"categories":[7],"tags":[],"class_list":{"0":"post-98158","1":"post","2":"type-post","3":"status-publish","4":"format-standard","5":"has-post-thumbnail","7":"category-liga-betplay"},"acf":[],"_links":{"self":[{"href":"https:\/\/futbolhoy.co\/index.php\/wp-json\/wp\/v2\/posts\/98158","targetHints":{"allow":["GET"]}}],"collection":[{"href":"https:\/\/futbolhoy.co\/index.php\/wp-json\/wp\/v2\/posts"}],"about":[{"href":"https:\/\/futbolhoy.co\/index.php\/wp-json\/wp\/v2\/types\/post"}],"author":[{"embeddable":true,"href":"https:\/\/futbolhoy.co\/index.php\/wp-json\/wp\/v2\/users\/4"}],"replies":[{"embeddable":true,"href":"https:\/\/futbolhoy.co\/index.php\/wp-json\/wp\/v2\/comments?post=98158"}],"version-history":[{"count":1,"href":"https:\/\/futbolhoy.co\/index.php\/wp-json\/wp\/v2\/posts\/98158\/revisions"}],"predecessor-version":[{"id":98160,"href":"https:\/\/futbolhoy.co\/index.php\/wp-json\/wp\/v2\/posts\/98158\/revisions\/98160"}],"wp:featuredmedia":[{"embeddable":true,"href":"https:\/\/futbolhoy.co\/index.php\/wp-json\/wp\/v2\/media\/98159"}],"wp:attachment":[{"href":"https:\/\/futbolhoy.co\/index.php\/wp-json\/wp\/v2\/media?parent=98158"}],"wp:term":[{"taxonomy":"category","embeddable":true,"href":"https:\/\/futbolhoy.co\/index.php\/wp-json\/wp\/v2\/categories?post=98158"},{"taxonomy":"post_tag","embeddable":true,"href":"https:\/\/futbolhoy.co\/index.php\/wp-json\/wp\/v2\/tags?post=98158"}],"curies":[{"name":"wp","href":"https:\/\/api.w.org\/{rel}","templated":true}]}}