{"id":98161,"date":"2023-08-17T20:27:27","date_gmt":"2023-08-18T01:27:27","guid":{"rendered":"https:\/\/futbolhoy.co\/?p=98161"},"modified":"2023-08-18T17:53:59","modified_gmt":"2023-08-18T22:53:59","slug":"la-millonaria-cifra-por-la-que-llego-juanfer-quintero-a-racing","status":"publish","type":"post","link":"https:\/\/futbolhoy.co\/index.php\/2023\/08\/17\/la-millonaria-cifra-por-la-que-llego-juanfer-quintero-a-racing\/","title":{"rendered":"La millonaria cifra por la que lleg\u00f3 Juanfer Quintero a Racing"},"content":{"rendered":"<p style=\"font-weight: 400; text-align: justify;\"><span style=\"font-family: helvetica, arial, sans-serif;\"><b>Juan Fernando Quintero <\/b><span style=\"font-weight: 400;\">fue oficialmente presentado en <\/span><b>Racing de Avellaneda como nuevo jugador<\/b><span style=\"font-weight: 400;\">, en medio de las dudas por sus ex\u00e1menes m\u00e9dicos tras su llegada a Argentina.\u00a0<\/span><\/span><\/p>\n<p style=\"font-weight: 400; text-align: justify;\"><span style=\"font-family: helvetica, arial, sans-serif;\"><span style=\"font-weight: 400;\">Juanfer sonr\u00ede en Argentina mientras el <\/span><b>Bolillo G\u00f3mez se lamenta en Colombia, <\/b><span style=\"font-weight: 400;\">y es que los dos temas no son lejanos, pues una de las razones por las que el volante habr\u00eda salido del equipo barranquillero ser\u00eda su inconformidad con la forma de trabajar del t\u00e9cnico colombiano.\u00a0<\/span><\/span><\/p>\n<p style=\"font-weight: 400; text-align: justify;\"><span style=\"font-family: helvetica, arial, sans-serif;\"><span style=\"font-weight: 400;\">Entre tanto, se conocieron las cifras por las que Juanfer Quintero lleg\u00f3 a Racing: <\/span><b>3.6 millones de d\u00f3lares <\/b><span style=\"font-weight: 400;\">para el jugador, pues lleg\u00f3 como agente libre tras su salida del Junior.\u00a0<\/span><\/span><\/p>\n<p style=\"font-weight: 400; text-align: justify;\"><span style=\"font-family: helvetica, arial, sans-serif;\"><span style=\"font-weight: 400;\">\u201cEstoy contento y convencido del proyecto, motivado por lo que viene. El entrenador me plante\u00f3 su proyecto y c\u00f3mo iba a encajar en el juego de \u00e9l y la verdad que me motiv\u00f3. Estoy preparado para jugar, hice la pretemporada con Junior de Barranquilla, me he mantenido y <\/span><b>espero estar en la cancha lo m\u00e1s r\u00e1pido posible<\/b><span style=\"font-weight: 400;\">\u201d, dijo Quintero tras la confirmaci\u00f3n de su fichaje.\u00a0<\/span><\/span><\/p>\n","protected":false},"excerpt":{"rendered":"<p>Juan Fernando Quintero fue oficialmente presentado en Racing de Avellaneda como nuevo jugador, en medio de las dudas por sus ex\u00e1menes m\u00e9dicos tras su llegada a Argentina.\u00a0 Juanfer sonr\u00ede en Argentina mientras el Bolillo G\u00f3mez se lamenta en Colombia, y es que los dos temas no son lejanos, pues una de las razones por las [&hellip;]<\/p>\n","protected":false},"author":4,"featured_media":98162,"comment_status":"open","ping_status":"closed","sticky":false,"template":"","format":"standard","meta":{"_acf_changed":false,"footnotes":""},"categories":[152],"tags":[],"class_list":{"0":"post-98161","1":"post","2":"type-post","3":"status-publish","4":"format-standard","5":"has-post-thumbnail","7":"category-mundo-futbol"},"acf":[],"_links":{"self":[{"href":"https:\/\/futbolhoy.co\/index.php\/wp-json\/wp\/v2\/posts\/98161","targetHints":{"allow":["GET"]}}],"collection":[{"href":"https:\/\/futbolhoy.co\/index.php\/wp-json\/wp\/v2\/posts"}],"about":[{"href":"https:\/\/futbolhoy.co\/index.php\/wp-json\/wp\/v2\/types\/post"}],"author":[{"embeddable":true,"href":"https:\/\/futbolhoy.co\/index.php\/wp-json\/wp\/v2\/users\/4"}],"replies":[{"embeddable":true,"href":"https:\/\/futbolhoy.co\/index.php\/wp-json\/wp\/v2\/comments?post=98161"}],"version-history":[{"count":1,"href":"https:\/\/futbolhoy.co\/index.php\/wp-json\/wp\/v2\/posts\/98161\/revisions"}],"predecessor-version":[{"id":98163,"href":"https:\/\/futbolhoy.co\/index.php\/wp-json\/wp\/v2\/posts\/98161\/revisions\/98163"}],"wp:featuredmedia":[{"embeddable":true,"href":"https:\/\/futbolhoy.co\/index.php\/wp-json\/wp\/v2\/media\/98162"}],"wp:attachment":[{"href":"https:\/\/futbolhoy.co\/index.php\/wp-json\/wp\/v2\/media?parent=98161"}],"wp:term":[{"taxonomy":"category","embeddable":true,"href":"https:\/\/futbolhoy.co\/index.php\/wp-json\/wp\/v2\/categories?post=98161"},{"taxonomy":"post_tag","embeddable":true,"href":"https:\/\/futbolhoy.co\/index.php\/wp-json\/wp\/v2\/tags?post=98161"}],"curies":[{"name":"wp","href":"https:\/\/api.w.org\/{rel}","templated":true}]}}