{"id":98167,"date":"2023-08-18T10:46:55","date_gmt":"2023-08-18T15:46:55","guid":{"rendered":"https:\/\/futbolhoy.co\/?p=98167"},"modified":"2023-08-19T13:06:57","modified_gmt":"2023-08-19T18:06:57","slug":"messi-confiesa-que-no-queria-fichar-con-psg","status":"publish","type":"post","link":"https:\/\/futbolhoy.co\/index.php\/2023\/08\/18\/messi-confiesa-que-no-queria-fichar-con-psg\/","title":{"rendered":"Messi confiesa que no quer\u00eda fichar con PSG"},"content":{"rendered":"<p style=\"font-weight: 400; text-align: justify;\"><span style=\"font-family: helvetica, arial, sans-serif;\"><b>Lionel Messi<\/b><span style=\"font-weight: 400;\">, en un momento de ensue\u00f1o desde su llegada al Inter Miami, confes\u00f3 recientemente que si fichaje al PSG en 2021 no era algo que \u00e9l quer\u00eda y que, por el contrario, no esperaba irse del <\/span><b>Barcelona<\/b><span style=\"font-weight: 400;\">.\u00a0<\/span><\/span><\/p>\n<p style=\"font-weight: 400; text-align: justify;\"><span style=\"font-family: helvetica, arial, sans-serif;\"><span style=\"font-weight: 400;\">\u00abMi salida a Par\u00eds no era algo que yo deseaba, no quer\u00eda <\/span><b>irme del Barcelona<\/b><span style=\"font-weight: 400;\">. Fue algo que pas\u00f3 de un d\u00eda para otro y se hizo dif\u00edcil, todo lo contrario de lo que me est\u00e1 pasando ahora <\/span><b>ac\u00e1 en Miami<\/b><span style=\"font-weight: 400;\">\u00ab, afirm\u00f3 Messi.<\/span><\/span><\/p>\n<p style=\"font-weight: 400; text-align: justify;\"><span style=\"font-family: helvetica, arial, sans-serif;\"><span style=\"font-weight: 400;\">Messi habl\u00f3 tambi\u00e9n de la situaci\u00f3n complicada que vivi\u00f3 en su paso por <\/span><b>Par\u00eds junto a su familia, <\/b><span style=\"font-weight: 400;\">mientras que en Miami se sienten completamente felices.\u00a0<\/span><\/span><\/p>\n<p style=\"font-weight: 400; text-align: justify;\"><span style=\"font-family: helvetica, arial, sans-serif;\"><span style=\"font-weight: 400;\">El campe\u00f3n del Mundo con la Selecci\u00f3n Argentina revel\u00f3 tambi\u00e9n que ya no le da la misma importancia a ganar el <\/span><b>Bal\u00f3n de Oro<\/b><span style=\"font-weight: 400;\">, pues con el t\u00edtulo del <\/span><b>Mundial de Qatar <\/b><span style=\"font-weight: 400;\">conquist\u00f3 todos los objetivos que quer\u00eda profesionalmente.\u00a0<\/span><\/span><\/p>\n<p style=\"font-weight: 400; text-align: justify;\"><span style=\"font-family: helvetica, arial, sans-serif;\"><span style=\"font-weight: 400;\">\u00abSi bien es un premio importante, uno de los m\u00e1s lindos a nivel individual, nunca le di importancia, entre comillas. Lo m\u00e1s importante para m\u00ed siempre fueron los premios a nivel grupal. Tuve la suerte de haber podido conseguir todo en mi carrera, y despu\u00e9s de haber ganado el Mundial, <\/span><b>estoy pensando menos en eso<\/b><span style=\"font-weight: 400;\">. No lo pienso, si llega bien, y si no, no pasa nada\u00bb, dijo.<\/span><\/span><\/p>\n<p style=\"font-weight: 400; text-align: justify;\"><span style=\"font-family: helvetica, arial, sans-serif;\"><span style=\"font-weight: 400;\">Messi buscar\u00e1 este fin de semana su primer t\u00edtulo con el Inter Miami, cuando se enfrente al Nashville en la final de la Leagues Cup, torneo donde lleva <\/span><b>nueve goles en apenas seis partidos disputados.\u00a0<\/b><\/span><\/p>\n","protected":false},"excerpt":{"rendered":"<p>Lionel Messi, en un momento de ensue\u00f1o desde su llegada al Inter Miami, confes\u00f3 recientemente que si fichaje al PSG en 2021 no era algo que \u00e9l quer\u00eda y que, por el contrario, no esperaba irse del Barcelona.\u00a0 \u00abMi salida a Par\u00eds no era algo que yo deseaba, no quer\u00eda irme del Barcelona. Fue algo [&hellip;]<\/p>\n","protected":false},"author":4,"featured_media":97821,"comment_status":"open","ping_status":"closed","sticky":false,"template":"","format":"standard","meta":{"_acf_changed":false,"footnotes":""},"categories":[152],"tags":[],"class_list":{"0":"post-98167","1":"post","2":"type-post","3":"status-publish","4":"format-standard","5":"has-post-thumbnail","7":"category-mundo-futbol"},"acf":[],"_links":{"self":[{"href":"https:\/\/futbolhoy.co\/index.php\/wp-json\/wp\/v2\/posts\/98167","targetHints":{"allow":["GET"]}}],"collection":[{"href":"https:\/\/futbolhoy.co\/index.php\/wp-json\/wp\/v2\/posts"}],"about":[{"href":"https:\/\/futbolhoy.co\/index.php\/wp-json\/wp\/v2\/types\/post"}],"author":[{"embeddable":true,"href":"https:\/\/futbolhoy.co\/index.php\/wp-json\/wp\/v2\/users\/4"}],"replies":[{"embeddable":true,"href":"https:\/\/futbolhoy.co\/index.php\/wp-json\/wp\/v2\/comments?post=98167"}],"version-history":[{"count":1,"href":"https:\/\/futbolhoy.co\/index.php\/wp-json\/wp\/v2\/posts\/98167\/revisions"}],"predecessor-version":[{"id":98168,"href":"https:\/\/futbolhoy.co\/index.php\/wp-json\/wp\/v2\/posts\/98167\/revisions\/98168"}],"wp:featuredmedia":[{"embeddable":true,"href":"https:\/\/futbolhoy.co\/index.php\/wp-json\/wp\/v2\/media\/97821"}],"wp:attachment":[{"href":"https:\/\/futbolhoy.co\/index.php\/wp-json\/wp\/v2\/media?parent=98167"}],"wp:term":[{"taxonomy":"category","embeddable":true,"href":"https:\/\/futbolhoy.co\/index.php\/wp-json\/wp\/v2\/categories?post=98167"},{"taxonomy":"post_tag","embeddable":true,"href":"https:\/\/futbolhoy.co\/index.php\/wp-json\/wp\/v2\/tags?post=98167"}],"curies":[{"name":"wp","href":"https:\/\/api.w.org\/{rel}","templated":true}]}}