{"id":98169,"date":"2023-08-18T14:39:12","date_gmt":"2023-08-18T19:39:12","guid":{"rendered":"https:\/\/futbolhoy.co\/?p=98169"},"modified":"2023-08-19T10:22:48","modified_gmt":"2023-08-19T15:22:48","slug":"italia-ya-tiene-tecnico-spalletti-es-el-escogido","status":"publish","type":"post","link":"https:\/\/futbolhoy.co\/index.php\/2023\/08\/18\/italia-ya-tiene-tecnico-spalletti-es-el-escogido\/","title":{"rendered":"Italia ya tiene t\u00e9cnico: Spalletti es el escogido"},"content":{"rendered":"<p style=\"font-weight: 400; text-align: justify;\"><span style=\"font-family: helvetica, arial, sans-serif;\"><b>La Federaci\u00f3n Italiana de F\u00fatbol<\/b><span style=\"font-weight: 400;\"> confirm\u00f3 que <\/span><b>Luciano Spalletti <\/b><span style=\"font-weight: 400;\">asumir\u00e1 como nuevo director t\u00e9cnico de la Selecci\u00f3n tras la salida inesperada de Roberto Mancini la semana pasada.\u00a0<\/span><\/span><\/p>\n<p style=\"font-weight: 400; text-align: justify;\"><span style=\"font-family: helvetica, arial, sans-serif;\"><span style=\"font-weight: 400;\">A falta de menos de un a\u00f1o para el inicio de la <\/span><b>Eurocopa 2024,<\/b><span style=\"font-weight: 400;\"> anunci\u00f3 que el ext\u00e9cnico del Napoli asumir\u00e1 su nuevo cargo a partir del 1 de septiembre.\u00a0<\/span><\/span><\/p>\n<p style=\"font-weight: 400; text-align: justify;\"><span style=\"font-family: helvetica, arial, sans-serif;\"><span style=\"font-weight: 400;\">Spalletti firm\u00f3 un contrato por los pr\u00f3ximos tres a\u00f1os, hasta 2026. No obstante, medios italianos aseguraron que ni el t\u00e9cnico ni la Federaci\u00f3n han abonado al Napoli la cl\u00e1usula de 3.2 millones de euros que en primera instancia imped\u00eda al DT <\/span><b>firmar por ning\u00fan equipo durante esta temporada.\u00a0<\/b><\/span><\/p>\n<p style=\"font-weight: 400; text-align: justify;\"><span style=\"font-family: helvetica, arial, sans-serif;\"><span style=\"font-weight: 400;\">Spalletti fue el encargado de liderar al Napoli en el campeonato de la Serie A en la temporada pasada, el primero sin<\/span><b> Diego Armando Maradona.\u00a0<\/b><\/span><\/p>\n<p style=\"font-weight: 400; text-align: justify;\"><span style=\"font-family: helvetica, arial, sans-serif;\"><span style=\"font-weight: 400;\">El nuevo t\u00e9cnico debutar\u00e1 al frente de Italia contra Macedonia del Norte el pr\u00f3ximo 9 de septiembre, en un partido clasificatorio para la pr\u00f3xima <\/span><b>Euro 2024.<\/b><\/span><\/p>\n","protected":false},"excerpt":{"rendered":"<p>La Federaci\u00f3n Italiana de F\u00fatbol confirm\u00f3 que Luciano Spalletti asumir\u00e1 como nuevo director t\u00e9cnico de la Selecci\u00f3n tras la salida inesperada de Roberto Mancini la semana pasada.\u00a0 A falta de menos de un a\u00f1o para el inicio de la Eurocopa 2024, anunci\u00f3 que el ext\u00e9cnico del Napoli asumir\u00e1 su nuevo cargo a partir del 1 [&hellip;]<\/p>\n","protected":false},"author":4,"featured_media":98170,"comment_status":"open","ping_status":"closed","sticky":false,"template":"","format":"standard","meta":{"_acf_changed":false,"footnotes":""},"categories":[152],"tags":[],"class_list":{"0":"post-98169","1":"post","2":"type-post","3":"status-publish","4":"format-standard","5":"has-post-thumbnail","7":"category-mundo-futbol"},"acf":[],"_links":{"self":[{"href":"https:\/\/futbolhoy.co\/index.php\/wp-json\/wp\/v2\/posts\/98169","targetHints":{"allow":["GET"]}}],"collection":[{"href":"https:\/\/futbolhoy.co\/index.php\/wp-json\/wp\/v2\/posts"}],"about":[{"href":"https:\/\/futbolhoy.co\/index.php\/wp-json\/wp\/v2\/types\/post"}],"author":[{"embeddable":true,"href":"https:\/\/futbolhoy.co\/index.php\/wp-json\/wp\/v2\/users\/4"}],"replies":[{"embeddable":true,"href":"https:\/\/futbolhoy.co\/index.php\/wp-json\/wp\/v2\/comments?post=98169"}],"version-history":[{"count":1,"href":"https:\/\/futbolhoy.co\/index.php\/wp-json\/wp\/v2\/posts\/98169\/revisions"}],"predecessor-version":[{"id":98171,"href":"https:\/\/futbolhoy.co\/index.php\/wp-json\/wp\/v2\/posts\/98169\/revisions\/98171"}],"wp:featuredmedia":[{"embeddable":true,"href":"https:\/\/futbolhoy.co\/index.php\/wp-json\/wp\/v2\/media\/98170"}],"wp:attachment":[{"href":"https:\/\/futbolhoy.co\/index.php\/wp-json\/wp\/v2\/media?parent=98169"}],"wp:term":[{"taxonomy":"category","embeddable":true,"href":"https:\/\/futbolhoy.co\/index.php\/wp-json\/wp\/v2\/categories?post=98169"},{"taxonomy":"post_tag","embeddable":true,"href":"https:\/\/futbolhoy.co\/index.php\/wp-json\/wp\/v2\/tags?post=98169"}],"curies":[{"name":"wp","href":"https:\/\/api.w.org\/{rel}","templated":true}]}}