{"id":98172,"date":"2023-08-18T17:01:02","date_gmt":"2023-08-18T22:01:02","guid":{"rendered":"https:\/\/futbolhoy.co\/?p=98172"},"modified":"2023-08-19T13:06:01","modified_gmt":"2023-08-19T18:06:01","slug":"neymar-lidera-la-primera-lista-de-diniz-en-brasil-para-eliminatorias","status":"publish","type":"post","link":"https:\/\/futbolhoy.co\/index.php\/2023\/08\/18\/neymar-lidera-la-primera-lista-de-diniz-en-brasil-para-eliminatorias\/","title":{"rendered":"Neymar lidera la primera lista de Diniz en Brasil para Eliminatorias"},"content":{"rendered":"<p style=\"font-weight: 400; text-align: justify;\"><span style=\"font-family: helvetica, arial, sans-serif;\"><span style=\"font-weight: 400;\">Este viernes el<\/span><b> t\u00e9cnico de Brasil, Fernando Diniz,<\/b><span style=\"font-weight: 400;\"> anunci\u00f3 la lista de 23 jugadores convocados a la Selecci\u00f3n para el debut en las Eliminatorias al Mundial de 2026, con el regreso de Neymar y la salida de Lucas Paquet\u00e1.\u00a0<\/span><\/span><\/p>\n<p style=\"font-weight: 400; text-align: justify;\"><span style=\"font-weight: 400; font-family: helvetica, arial, sans-serif;\">En rueda de prensa, el seleccionador confirm\u00f3 que tuvo una charla con Neymar, recientemente anunciado como nuevo jugador del Al-Hilal de Arabia, en la que destac\u00f3 su deseo de \u201cescribir una nueva historia con la selecci\u00f3n\u201d.\u00a0<\/span><\/p>\n<p style=\"font-weight: 400; text-align: justify;\"><span style=\"font-family: helvetica, arial, sans-serif;\"><span style=\"font-weight: 400;\">A su vez, no sorprende la ausencia de Lucas Paquet\u00e1, quien est\u00e1 siendo investigado por supuestas <\/span><b>apuestas irregulares.\u00a0<\/b><\/span><\/p>\n<p style=\"font-weight: 400; text-align: justify;\"><span style=\"font-family: helvetica, arial, sans-serif;\"><span style=\"font-weight: 400;\">Junto a <\/span><b>Neymar<\/b><span style=\"font-weight: 400;\"> en la delantera est\u00e1n Rodrygo Goes y Vin\u00edcius J\u00fanior, ambos jugadores del Real Madrid.<\/span><\/span><\/p>\n<p style=\"font-weight: 400; text-align: justify;\"><span style=\"font-family: helvetica, arial, sans-serif;\"><span style=\"font-weight: 400;\">Brasil debutar\u00e1 en las <\/span><b>Eliminatorias<\/b><span style=\"font-weight: 400;\"> ante <\/span><b>Bolivia<\/b><span style=\"font-weight: 400;\"> el 8 de septiembre en Bel\u00e9m y posteriormente visitar\u00e1 en Lima a <\/span><b>Per\u00fa<\/b><span style=\"font-weight: 400;\"> el 12 del mismo mes.\u00a0<\/span><\/span><\/p>\n<p style=\"font-weight: 400; text-align: justify;\"><span style=\"font-family: helvetica, arial, sans-serif;\"><span style=\"font-weight: 400;\">El tambi\u00e9n t\u00e9cnico del <\/span><b>Fluminense<\/b><span style=\"font-weight: 400;\"> estar\u00e1 en el cargo interino de la Selecci\u00f3n de Brasil hasta la llegada del italiano Carlo Ancelotti, esperada por la CBF para julio de 2024.\u00a0<\/span><\/span><\/p>\n<p style=\"font-weight: 400; text-align: justify;\"><span style=\"font-family: helvetica, arial, sans-serif;\"><b>Lista de convocados para el debut en Eliminatorias<\/b><span style=\"font-weight: 400;\">:<\/span><\/span><\/p>\n<p style=\"font-weight: 400; text-align: justify;\"><span style=\"font-weight: 400; font-family: helvetica, arial, sans-serif;\">Porteros: Alisson (Liverpool-ING), Ederson (Manchester City-ING) y Bento (Athletico Paranaense).<\/span><\/p>\n<p style=\"font-weight: 400; text-align: justify;\"><span style=\"font-weight: 400; font-family: helvetica, arial, sans-serif;\">Defensas: Danilo (Juventus-ITA), Wanderson (M\u00f3naco-FRA), Caio Henrique (M\u00f3naco-FRA), Renan Lodi (Olympique de Marsella-FRA), Gabriel Magalh\u00e3es (Arsenal-ING), Iba\u00f1ez (Al-Ahli-ARA), Marquinhos (PSG-FRA) y Nino (Fluminense).<\/span><\/p>\n<p style=\"font-weight: 400; text-align: justify;\"><span style=\"font-weight: 400; font-family: helvetica, arial, sans-serif;\">Volantes: Andr\u00e9 (Fluminense), Bruno Guimar\u00e3es (Newcastle-ING), Casemiro (M\u00e1nchester United-ING), Joelinton (Newcastle-ING) y Raphael Veiga (Palmeiras).<\/span><\/p>\n<p style=\"font-weight: 400; text-align: justify;\"><span style=\"font-family: helvetica, arial, sans-serif;\"><span style=\"font-weight: 400;\">Delanteros: <\/span><b>Neymar<\/b><span style=\"font-weight: 400;\"> (Al-Hilal-ARA), Richarlison (Tottenham-GBR), Rodrygo (Real Madrid-ESP), Vin\u00edcius J\u00fanior (Real Madrid-ESP), Matheus Cunha (Wolverhampton-ING), Antony (Manchester United-ING) y Gabriel Martinelli (Arsenal-ING).<\/span><\/span><\/p>\n","protected":false},"excerpt":{"rendered":"<p>Este viernes el t\u00e9cnico de Brasil, Fernando Diniz, anunci\u00f3 la lista de 23 jugadores convocados a la Selecci\u00f3n para el debut en las Eliminatorias al Mundial de 2026, con el regreso de Neymar y la salida de Lucas Paquet\u00e1.\u00a0 En rueda de prensa, el seleccionador confirm\u00f3 que tuvo una charla con Neymar, recientemente anunciado como [&hellip;]<\/p>\n","protected":false},"author":4,"featured_media":98173,"comment_status":"open","ping_status":"closed","sticky":false,"template":"","format":"standard","meta":{"_acf_changed":false,"footnotes":""},"categories":[152],"tags":[],"class_list":{"0":"post-98172","1":"post","2":"type-post","3":"status-publish","4":"format-standard","5":"has-post-thumbnail","7":"category-mundo-futbol"},"acf":[],"_links":{"self":[{"href":"https:\/\/futbolhoy.co\/index.php\/wp-json\/wp\/v2\/posts\/98172","targetHints":{"allow":["GET"]}}],"collection":[{"href":"https:\/\/futbolhoy.co\/index.php\/wp-json\/wp\/v2\/posts"}],"about":[{"href":"https:\/\/futbolhoy.co\/index.php\/wp-json\/wp\/v2\/types\/post"}],"author":[{"embeddable":true,"href":"https:\/\/futbolhoy.co\/index.php\/wp-json\/wp\/v2\/users\/4"}],"replies":[{"embeddable":true,"href":"https:\/\/futbolhoy.co\/index.php\/wp-json\/wp\/v2\/comments?post=98172"}],"version-history":[{"count":1,"href":"https:\/\/futbolhoy.co\/index.php\/wp-json\/wp\/v2\/posts\/98172\/revisions"}],"predecessor-version":[{"id":98174,"href":"https:\/\/futbolhoy.co\/index.php\/wp-json\/wp\/v2\/posts\/98172\/revisions\/98174"}],"wp:featuredmedia":[{"embeddable":true,"href":"https:\/\/futbolhoy.co\/index.php\/wp-json\/wp\/v2\/media\/98173"}],"wp:attachment":[{"href":"https:\/\/futbolhoy.co\/index.php\/wp-json\/wp\/v2\/media?parent=98172"}],"wp:term":[{"taxonomy":"category","embeddable":true,"href":"https:\/\/futbolhoy.co\/index.php\/wp-json\/wp\/v2\/categories?post=98172"},{"taxonomy":"post_tag","embeddable":true,"href":"https:\/\/futbolhoy.co\/index.php\/wp-json\/wp\/v2\/tags?post=98172"}],"curies":[{"name":"wp","href":"https:\/\/api.w.org\/{rel}","templated":true}]}}