{"id":98214,"date":"2023-08-19T12:58:43","date_gmt":"2023-08-19T17:58:43","guid":{"rendered":"https:\/\/futbolhoy.co\/?p=98214"},"modified":"2023-08-19T21:15:25","modified_gmt":"2023-08-20T02:15:25","slug":"pereira-a-levantar-cabeza-y-dejar-de-ser-colero-de-la-tabla","status":"publish","type":"post","link":"https:\/\/futbolhoy.co\/index.php\/2023\/08\/19\/pereira-a-levantar-cabeza-y-dejar-de-ser-colero-de-la-tabla\/","title":{"rendered":"Pereira, a levantar cabeza y dejar de ser colero de la tabla"},"content":{"rendered":"<p style=\"font-weight: 400; text-align: justify;\"><span style=\"font-family: helvetica, arial, sans-serif;\"><span style=\"font-weight: 400;\">Deportivo Pereira vive un presente de dos caras, por un lado est\u00e1 motivado por seguir con vida en la Copa Libertadores, pero por el otro no ha logrado levantar cabeza en la Liga Colombiana, donde actualmente <\/span><b>ocupa la \u00faltima posici\u00f3n de la tabla.\u00a0<\/b><\/span><\/p>\n<p style=\"font-weight: 400; text-align: justify;\"><span style=\"font-family: helvetica, arial, sans-serif;\"><span style=\"font-weight: 400;\">El <\/span><b>grande mateca\u00f1a recibe este s\u00e1bado a Jaguares de C\u00f3rdoba <\/b><span style=\"font-weight: 400;\">en la apertura de la fecha 6 del campeonato, cuando el equipo de Monter\u00eda se quiere meter a los ocho primeros.\u00a0<\/span><\/span><\/p>\n<p style=\"font-weight: 400; text-align: justify;\"><span style=\"font-family: helvetica, arial, sans-serif;\"><span style=\"font-weight: 400;\">Pereira no ha conseguido su primera victoria en esta Liga, acumula <\/span><b>tres derrotas y dos empates<\/b><span style=\"font-weight: 400;\">, lo que lo tiene en la \u00faltima casilla con apenas 2 puntos, frente a las 6 unidades de Jaguares, que acumula <\/span><b>2 victorias y 3 derrotas<\/b><span style=\"font-weight: 400;\"> en este inicio de torneo.\u00a0<\/span><\/span><\/p>\n<p style=\"font-weight: 400; text-align: justify;\"><span style=\"font-family: helvetica, arial, sans-serif;\"><span style=\"font-weight: 400;\">El partido por la fecha 6 del campeonato dar\u00e1 inicio a partir de las<\/span><b> 4:00 de la tarde<\/b><span style=\"font-weight: 400;\"> en el estadio Hern\u00e1n Ram\u00edrez Villegas de Pereira y usted podr\u00eda seguir el minuto a minuto por las redes sociales de <\/span><b>FutbolHoy.co<\/b><\/span><\/p>\n","protected":false},"excerpt":{"rendered":"<p>Deportivo Pereira vive un presente de dos caras, por un lado est\u00e1 motivado por seguir con vida en la Copa Libertadores, pero por el otro no ha logrado levantar cabeza en la Liga Colombiana, donde actualmente ocupa la \u00faltima posici\u00f3n de la tabla.\u00a0 El grande mateca\u00f1a recibe este s\u00e1bado a Jaguares de C\u00f3rdoba en la [&hellip;]<\/p>\n","protected":false},"author":4,"featured_media":97961,"comment_status":"open","ping_status":"closed","sticky":false,"template":"","format":"standard","meta":{"_acf_changed":false,"footnotes":""},"categories":[1],"tags":[],"class_list":{"0":"post-98214","1":"post","2":"type-post","3":"status-publish","4":"format-standard","5":"has-post-thumbnail","7":"category-sin-categoria"},"acf":[],"_links":{"self":[{"href":"https:\/\/futbolhoy.co\/index.php\/wp-json\/wp\/v2\/posts\/98214","targetHints":{"allow":["GET"]}}],"collection":[{"href":"https:\/\/futbolhoy.co\/index.php\/wp-json\/wp\/v2\/posts"}],"about":[{"href":"https:\/\/futbolhoy.co\/index.php\/wp-json\/wp\/v2\/types\/post"}],"author":[{"embeddable":true,"href":"https:\/\/futbolhoy.co\/index.php\/wp-json\/wp\/v2\/users\/4"}],"replies":[{"embeddable":true,"href":"https:\/\/futbolhoy.co\/index.php\/wp-json\/wp\/v2\/comments?post=98214"}],"version-history":[{"count":1,"href":"https:\/\/futbolhoy.co\/index.php\/wp-json\/wp\/v2\/posts\/98214\/revisions"}],"predecessor-version":[{"id":98215,"href":"https:\/\/futbolhoy.co\/index.php\/wp-json\/wp\/v2\/posts\/98214\/revisions\/98215"}],"wp:featuredmedia":[{"embeddable":true,"href":"https:\/\/futbolhoy.co\/index.php\/wp-json\/wp\/v2\/media\/97961"}],"wp:attachment":[{"href":"https:\/\/futbolhoy.co\/index.php\/wp-json\/wp\/v2\/media?parent=98214"}],"wp:term":[{"taxonomy":"category","embeddable":true,"href":"https:\/\/futbolhoy.co\/index.php\/wp-json\/wp\/v2\/categories?post=98214"},{"taxonomy":"post_tag","embeddable":true,"href":"https:\/\/futbolhoy.co\/index.php\/wp-json\/wp\/v2\/tags?post=98214"}],"curies":[{"name":"wp","href":"https:\/\/api.w.org\/{rel}","templated":true}]}}