{"id":98221,"date":"2023-08-19T20:12:18","date_gmt":"2023-08-20T01:12:18","guid":{"rendered":"https:\/\/futbolhoy.co\/?p=98221"},"modified":"2023-08-19T21:41:25","modified_gmt":"2023-08-20T02:41:25","slug":"por-fin-gano-pereira-goleo-a-jaguares-y-salio-del-fondo","status":"publish","type":"post","link":"https:\/\/futbolhoy.co\/index.php\/2023\/08\/19\/por-fin-gano-pereira-goleo-a-jaguares-y-salio-del-fondo\/","title":{"rendered":"Por fin gan\u00f3 Pereira: gole\u00f3 a Jaguares y sali\u00f3 del fondo"},"content":{"rendered":"<p style=\"font-weight: 400; text-align: justify;\"><span style=\"font-family: helvetica, arial, sans-serif;\"><span style=\"font-weight: 400;\">Deportivo Pereira logr\u00f3 su primera victoria en esta Liga Colombiana este s\u00e1bado al <\/span><b>recibir a Jaguares <\/b><span style=\"font-weight: 400;\">en el estadio Hern\u00e1n Ram\u00edrez Villegas, por la fecha 6 del torneo.\u00a0<\/span><\/span><\/p>\n<p style=\"font-weight: 400; text-align: justify;\"><span style=\"font-family: helvetica, arial, sans-serif;\"><span style=\"font-weight: 400;\">El equipo de <\/span><b>Alejandro Restrepo consigui\u00f3 un triunfo <\/b><span style=\"font-weight: 400;\">que sabe a gloria, el primero en este semestre en el campeonato, con lo que dej\u00f3 de ser el colero del certamen.\u00a0<\/span><\/span><\/p>\n<p style=\"font-weight: 400; text-align: justify;\"><span style=\"font-family: helvetica, arial, sans-serif;\"><span style=\"font-weight: 400;\">Pereira consigui\u00f3 el triunfo con goles de <\/span><b>Adrian Balboa (31\u2019, 83\u2019) y Larry Angulo (74\u2019).\u00a0<\/b><\/span><\/p>\n<p style=\"font-weight: 400; text-align: justify;\"><span style=\"font-family: helvetica, arial, sans-serif;\"><span style=\"font-weight: 400;\">Con goleada a Jaguares, <\/span><b>Pereira ahora suma 5 puntos <\/b><span style=\"font-weight: 400;\">en la tabla y se ubica en la casilla 14 parcialmente. Los de C\u00f3rdoba, por su parte, est\u00e1n en la posici\u00f3n 12 con 6 unidades.\u00a0<\/span><\/span><\/p>\n<p style=\"font-weight: 400; text-align: justify;\"><span style=\"font-family: helvetica, arial, sans-serif;\"><span style=\"font-weight: 400;\">Pereira consigui\u00f3 una victoria importante de cara al pr\u00f3ximo enfrentamiento que tendr\u00e1 en la Copa Libertadores, frente a Palmeiras por la ida de los <\/span><b>cuartos de final <\/b><span style=\"font-weight: 400;\">el pr\u00f3ximo mi\u00e9rcoles 23 de agosto a las 7:30PM.\u00a0<\/span><\/span><\/p>\n","protected":false},"excerpt":{"rendered":"<p>Deportivo Pereira logr\u00f3 su primera victoria en esta Liga Colombiana este s\u00e1bado al recibir a Jaguares en el estadio Hern\u00e1n Ram\u00edrez Villegas, por la fecha 6 del torneo.\u00a0 El equipo de Alejandro Restrepo consigui\u00f3 un triunfo que sabe a gloria, el primero en este semestre en el campeonato, con lo que dej\u00f3 de ser el [&hellip;]<\/p>\n","protected":false},"author":4,"featured_media":98222,"comment_status":"open","ping_status":"closed","sticky":false,"template":"","format":"standard","meta":{"_acf_changed":false,"footnotes":""},"categories":[7],"tags":[],"class_list":{"0":"post-98221","1":"post","2":"type-post","3":"status-publish","4":"format-standard","5":"has-post-thumbnail","7":"category-liga-betplay"},"acf":[],"_links":{"self":[{"href":"https:\/\/futbolhoy.co\/index.php\/wp-json\/wp\/v2\/posts\/98221","targetHints":{"allow":["GET"]}}],"collection":[{"href":"https:\/\/futbolhoy.co\/index.php\/wp-json\/wp\/v2\/posts"}],"about":[{"href":"https:\/\/futbolhoy.co\/index.php\/wp-json\/wp\/v2\/types\/post"}],"author":[{"embeddable":true,"href":"https:\/\/futbolhoy.co\/index.php\/wp-json\/wp\/v2\/users\/4"}],"replies":[{"embeddable":true,"href":"https:\/\/futbolhoy.co\/index.php\/wp-json\/wp\/v2\/comments?post=98221"}],"version-history":[{"count":1,"href":"https:\/\/futbolhoy.co\/index.php\/wp-json\/wp\/v2\/posts\/98221\/revisions"}],"predecessor-version":[{"id":98223,"href":"https:\/\/futbolhoy.co\/index.php\/wp-json\/wp\/v2\/posts\/98221\/revisions\/98223"}],"wp:featuredmedia":[{"embeddable":true,"href":"https:\/\/futbolhoy.co\/index.php\/wp-json\/wp\/v2\/media\/98222"}],"wp:attachment":[{"href":"https:\/\/futbolhoy.co\/index.php\/wp-json\/wp\/v2\/media?parent=98221"}],"wp:term":[{"taxonomy":"category","embeddable":true,"href":"https:\/\/futbolhoy.co\/index.php\/wp-json\/wp\/v2\/categories?post=98221"},{"taxonomy":"post_tag","embeddable":true,"href":"https:\/\/futbolhoy.co\/index.php\/wp-json\/wp\/v2\/tags?post=98221"}],"curies":[{"name":"wp","href":"https:\/\/api.w.org\/{rel}","templated":true}]}}