{"id":98231,"date":"2023-08-19T21:11:21","date_gmt":"2023-08-20T02:11:21","guid":{"rendered":"https:\/\/futbolhoy.co\/?p=98231"},"modified":"2023-08-20T11:12:42","modified_gmt":"2023-08-20T16:12:42","slug":"video-hugo-rodallega-salio-entre-lagrimas-por-lesion-con-santa-fe","status":"publish","type":"post","link":"https:\/\/futbolhoy.co\/index.php\/2023\/08\/19\/video-hugo-rodallega-salio-entre-lagrimas-por-lesion-con-santa-fe\/","title":{"rendered":"Video: Hugo Rodallega sali\u00f3 entre l\u00e1grimas por lesi\u00f3n con Santa Fe"},"content":{"rendered":"<p style=\"text-align: justify;\"><span style=\"font-family: helvetica, arial, sans-serif;\"><span style=\"font-weight: 400;\">Se encendieron las alarmas en Independiente Santa Fe. Hugo Rodallega, que marc\u00f3 el gol del empate 2-2 este s\u00e1bado frente a Uni\u00f3n Magdalena,<\/span><b> sali\u00f3 entre l\u00e1grimas y con evidente dolor.<\/b><\/span><\/p>\n<p style=\"text-align: justify;\"><span style=\"font-family: helvetica, arial, sans-serif;\"><b>Santa Fe visit\u00f3 a Uni\u00f3n Magdalena en el estadio Sierra Nevada<\/b><span style=\"font-weight: 400;\"> y en un partido complicado consigui\u00f3 salvar un empate valioso, que tuvo sabor a victoria. El Le\u00f3n comenz\u00f3 perdiendo 2-0 y termin\u00f3 empatando 2-2, con protagonismo de Rodallega.<\/span><\/span><\/p>\n<p style=\"text-align: justify;\"><span style=\"font-family: helvetica, arial, sans-serif;\"><span style=\"font-weight: 400;\">Pero la noche no termin\u00f3 feliz para el cuadro bogotano ni para su goleador, pues en im\u00e1genes qued\u00f3 registrado el momento en el que<\/span><b> sale entre l\u00e1grimas<\/b><span style=\"font-weight: 400;\"> por una lesi\u00f3n que todav\u00eda se desconoce la gravedad.\u00a0<\/span><\/span><\/p>\n<p style=\"text-align: justify;\"><span style=\"font-family: helvetica, arial, sans-serif;\"><span style=\"font-weight: 400;\">Rodallega pas\u00f3 de la alegr\u00eda al llanto y todo apunta a que la lesi\u00f3n ser\u00eda de consideraci\u00f3n por la forma en la que el <\/span><b>delantero sali\u00f3 de la cancha.<\/b><\/span><\/p>\n<blockquote class=\"twitter-tweet\">\n<p dir=\"ltr\" lang=\"zxx\"><a href=\"https:\/\/t.co\/K9ZjOtc6wh\">pic.twitter.com\/K9ZjOtc6wh<\/a><\/p>\n<p>\u2014 Mart\u00edn Arias (@martianarias4) <a href=\"https:\/\/twitter.com\/martianarias4\/status\/1693071553011879973?ref_src=twsrc%5Etfw\">August 20, 2023<\/a><\/p><\/blockquote>\n<p><script async src=\"https:\/\/platform.twitter.com\/widgets.js\" charset=\"utf-8\"><\/script><\/p>\n","protected":false},"excerpt":{"rendered":"<p>Se encendieron las alarmas en Independiente Santa Fe. Hugo Rodallega, que marc\u00f3 el gol del empate 2-2 este s\u00e1bado frente a Uni\u00f3n Magdalena, sali\u00f3 entre l\u00e1grimas y con evidente dolor. Santa Fe visit\u00f3 a Uni\u00f3n Magdalena en el estadio Sierra Nevada y en un partido complicado consigui\u00f3 salvar un empate valioso, que tuvo sabor a [&hellip;]<\/p>\n","protected":false},"author":4,"featured_media":98232,"comment_status":"open","ping_status":"closed","sticky":false,"template":"","format":"standard","meta":{"_acf_changed":false,"footnotes":""},"categories":[7],"tags":[],"class_list":{"0":"post-98231","1":"post","2":"type-post","3":"status-publish","4":"format-standard","5":"has-post-thumbnail","7":"category-liga-betplay"},"acf":[],"_links":{"self":[{"href":"https:\/\/futbolhoy.co\/index.php\/wp-json\/wp\/v2\/posts\/98231","targetHints":{"allow":["GET"]}}],"collection":[{"href":"https:\/\/futbolhoy.co\/index.php\/wp-json\/wp\/v2\/posts"}],"about":[{"href":"https:\/\/futbolhoy.co\/index.php\/wp-json\/wp\/v2\/types\/post"}],"author":[{"embeddable":true,"href":"https:\/\/futbolhoy.co\/index.php\/wp-json\/wp\/v2\/users\/4"}],"replies":[{"embeddable":true,"href":"https:\/\/futbolhoy.co\/index.php\/wp-json\/wp\/v2\/comments?post=98231"}],"version-history":[{"count":1,"href":"https:\/\/futbolhoy.co\/index.php\/wp-json\/wp\/v2\/posts\/98231\/revisions"}],"predecessor-version":[{"id":98233,"href":"https:\/\/futbolhoy.co\/index.php\/wp-json\/wp\/v2\/posts\/98231\/revisions\/98233"}],"wp:featuredmedia":[{"embeddable":true,"href":"https:\/\/futbolhoy.co\/index.php\/wp-json\/wp\/v2\/media\/98232"}],"wp:attachment":[{"href":"https:\/\/futbolhoy.co\/index.php\/wp-json\/wp\/v2\/media?parent=98231"}],"wp:term":[{"taxonomy":"category","embeddable":true,"href":"https:\/\/futbolhoy.co\/index.php\/wp-json\/wp\/v2\/categories?post=98231"},{"taxonomy":"post_tag","embeddable":true,"href":"https:\/\/futbolhoy.co\/index.php\/wp-json\/wp\/v2\/tags?post=98231"}],"curies":[{"name":"wp","href":"https:\/\/api.w.org\/{rel}","templated":true}]}}