{"id":98241,"date":"2023-08-19T22:40:40","date_gmt":"2023-08-20T03:40:40","guid":{"rendered":"https:\/\/futbolhoy.co\/?p=98241"},"modified":"2023-08-20T10:33:04","modified_gmt":"2023-08-20T15:33:04","slug":"junior-sigue-sin-ganar-en-un-nuevo-estreno-de-arturo-reyes","status":"publish","type":"post","link":"https:\/\/futbolhoy.co\/index.php\/2023\/08\/19\/junior-sigue-sin-ganar-en-un-nuevo-estreno-de-arturo-reyes\/","title":{"rendered":"Junior sigue sin ganar, en un nuevo estreno de Arturo Reyes"},"content":{"rendered":"<p style=\"text-align: justify;\"><span style=\"font-family: helvetica, arial, sans-serif;\"><span style=\"font-weight: 400;\">Arturo Reyes no debut\u00f3 <\/span><b>como quer\u00eda en su tercera etapa en Junior<\/b><span style=\"font-weight: 400;\">. El equipo tibur\u00f3n empat\u00f3 sin goles frente a La Equidad en el estadio Metropolitano de Techo, en el juego v\u00e1lido por la fecha 6 de la Liga Colombiana.<\/span><\/span><\/p>\n<p style=\"text-align: justify;\"><span style=\"font-family: helvetica, arial, sans-serif;\"><span style=\"font-weight: 400;\">Junior lleg\u00f3 a Bogot\u00e1 con<\/span><b> la ilusi\u00f3n de darle vuelta al tim\u00f3n, <\/b><span style=\"font-weight: 400;\">pues no ha conseguido sumar un triunfo en este campeonato, pero no consigui\u00f3 romper la red de La Equidad, que adem\u00e1s se mantiene invicto.\u00a0<\/span><\/span><\/p>\n<p style=\"text-align: justify;\"><span style=\"font-family: helvetica, arial, sans-serif;\"><span style=\"font-weight: 400;\">Ambos equipos terminaron con 10 jugadores en la cancha. Joan Castro vio la cartulina roja al minuto 77 para La Equidad y <\/span><b>Jos\u00e9 Enamorado fue expulsado al 81\u2019.<\/b><\/span><\/p>\n<p style=\"text-align: justify;\"><span style=\"font-family: helvetica, arial, sans-serif;\"><span style=\"font-weight: 400;\">El susto para Junior por la posible derrota lleg\u00f3 en los \u00faltimos minutos. Al 90+5 La Equidad marc\u00f3 gol, pero estuvo en duda por varios minutos por una mano dentro del \u00e1rea de Bryan Fern\u00e1ndez. Tras la revisi\u00f3n del VAR<\/span><b>, finalmente se anul\u00f3 la jugada de gol.<\/b><\/span><\/p>\n<p style=\"text-align: justify;\"><span style=\"font-family: helvetica, arial, sans-serif;\"><span style=\"font-weight: 400;\">Ya son seis las fechas del Junior sin ganar, con lo que acumula cuatro empates y dos derrotas en la Liga, ubic\u00e1ndose en la <\/span><b>casilla 17 de la tabla con 4 puntos<\/b><span style=\"font-weight: 400;\">.<\/span><\/span><\/p>\n<p style=\"text-align: justify;\"><span style=\"font-weight: 400; font-family: helvetica, arial, sans-serif;\">En la pr\u00f3xima jornada, Junior recibir\u00e1 en el Metropolitano de Barranquilla al Am\u00e9rica de Cali, mientras que La Equidad visitar\u00e1 a Alianza Petrolera en Barrancabermeja.<\/span><\/p>\n","protected":false},"excerpt":{"rendered":"<p>Arturo Reyes no debut\u00f3 como quer\u00eda en su tercera etapa en Junior. El equipo tibur\u00f3n empat\u00f3 sin goles frente a La Equidad en el estadio Metropolitano de Techo, en el juego v\u00e1lido por la fecha 6 de la Liga Colombiana. Junior lleg\u00f3 a Bogot\u00e1 con la ilusi\u00f3n de darle vuelta al tim\u00f3n, pues no ha [&hellip;]<\/p>\n","protected":false},"author":4,"featured_media":98243,"comment_status":"open","ping_status":"closed","sticky":false,"template":"","format":"standard","meta":{"_acf_changed":false,"footnotes":""},"categories":[7],"tags":[],"class_list":{"0":"post-98241","1":"post","2":"type-post","3":"status-publish","4":"format-standard","5":"has-post-thumbnail","7":"category-liga-betplay"},"acf":[],"_links":{"self":[{"href":"https:\/\/futbolhoy.co\/index.php\/wp-json\/wp\/v2\/posts\/98241","targetHints":{"allow":["GET"]}}],"collection":[{"href":"https:\/\/futbolhoy.co\/index.php\/wp-json\/wp\/v2\/posts"}],"about":[{"href":"https:\/\/futbolhoy.co\/index.php\/wp-json\/wp\/v2\/types\/post"}],"author":[{"embeddable":true,"href":"https:\/\/futbolhoy.co\/index.php\/wp-json\/wp\/v2\/users\/4"}],"replies":[{"embeddable":true,"href":"https:\/\/futbolhoy.co\/index.php\/wp-json\/wp\/v2\/comments?post=98241"}],"version-history":[{"count":1,"href":"https:\/\/futbolhoy.co\/index.php\/wp-json\/wp\/v2\/posts\/98241\/revisions"}],"predecessor-version":[{"id":98244,"href":"https:\/\/futbolhoy.co\/index.php\/wp-json\/wp\/v2\/posts\/98241\/revisions\/98244"}],"wp:featuredmedia":[{"embeddable":true,"href":"https:\/\/futbolhoy.co\/index.php\/wp-json\/wp\/v2\/media\/98243"}],"wp:attachment":[{"href":"https:\/\/futbolhoy.co\/index.php\/wp-json\/wp\/v2\/media?parent=98241"}],"wp:term":[{"taxonomy":"category","embeddable":true,"href":"https:\/\/futbolhoy.co\/index.php\/wp-json\/wp\/v2\/categories?post=98241"},{"taxonomy":"post_tag","embeddable":true,"href":"https:\/\/futbolhoy.co\/index.php\/wp-json\/wp\/v2\/tags?post=98241"}],"curies":[{"name":"wp","href":"https:\/\/api.w.org\/{rel}","templated":true}]}}