{"id":98251,"date":"2023-08-20T10:28:49","date_gmt":"2023-08-20T15:28:49","guid":{"rendered":"https:\/\/futbolhoy.co\/?p=98251"},"modified":"2023-08-20T18:19:06","modified_gmt":"2023-08-20T23:19:06","slug":"espana-se-corono-campeona-del-mundial-femenino","status":"publish","type":"post","link":"https:\/\/futbolhoy.co\/index.php\/2023\/08\/20\/espana-se-corono-campeona-del-mundial-femenino\/","title":{"rendered":"Espa\u00f1a se coron\u00f3 campeona del Mundial Femenino"},"content":{"rendered":"<p style=\"font-weight: 400; text-align: justify;\"><span style=\"font-family: helvetica, arial, sans-serif;\"><b>La Selecci\u00f3n de Espa\u00f1a<\/b><span style=\"font-weight: 400;\"> conquist\u00f3 este domingo el <\/span><b>Mundial Femenino de Australia y Nueva Zelanda<\/b><span style=\"font-weight: 400;\"> tras vencer 1-0 a Inglaterra en Sidney.\u00a0<\/span><\/span><\/p>\n<p style=\"font-weight: 400; text-align: justify;\"><span style=\"font-family: helvetica, arial, sans-serif;\"><span style=\"font-weight: 400;\">Olga Carmona marc\u00f3 el gol de la victoria a los 29 minutos. <\/span><b>Espa\u00f1a pudo irse m\u00e1s adelante en el marcador <\/b><span style=\"font-weight: 400;\">al minuto 69 con un penal por una mano de Keira Walsh, pero Jenni Hermoso cobr\u00f3 y la portera Mary Earps ataj\u00f3 para mantener el 1-0.\u00a0<\/span><\/span><\/p>\n<p style=\"font-weight: 400; text-align: justify;\"><span style=\"font-family: helvetica, arial, sans-serif;\"><span style=\"font-weight: 400;\">\"Ha sido un partido muy disputado, <\/span><b>sab\u00edamos que iba a ser complicado,<\/b><span style=\"font-weight: 400;\"> Inglaterra tiene un equipazo\", dijo Carmona, autora del gol de la victoria frente a Inglaterra en la final.<\/span><\/span><\/p>\n<p style=\"font-weight: 400; text-align: justify;\"><span style=\"font-family: helvetica, arial, sans-serif;\"><span style=\"font-weight: 400;\">\"Pero esto <\/span><b>estaba para nosotras,<\/b><span style=\"font-weight: 400;\"> ten\u00edamos la vibra de que \u00edbamos a conseguir. Estoy sin palabras\", a\u00f1adi\u00f3.\u00a0<\/span><\/span><\/p>\n<p style=\"font-weight: 400; text-align: justify;\"><span style=\"font-family: helvetica, arial, sans-serif;\"><span style=\"font-weight: 400;\">La jugadora espa\u00f1ola <\/span><b>le dedic\u00f3 su gol y la victoria<\/b><span style=\"font-weight: 400;\"> a la madre de una de sus mejores amigas, quien recientemente falleci\u00f3.\u00a0<\/span><\/span><\/p>\n<p style=\"font-weight: 400; text-align: justify;\"><span style=\"font-family: helvetica, arial, sans-serif;\"><span style=\"font-weight: 400;\">\"Llev\u00e1bamos d\u00edas imaginando, pero creo que todav\u00eda no somos conscientes de que <\/span><b>somos campeonas del puto mundo\", a<\/b><span style=\"font-weight: 400;\">firm\u00f3 Jenni Hermoso.<\/span><\/span><\/p>\n<p style=\"font-weight: 400; text-align: justify;\"><span style=\"font-weight: 400; font-family: helvetica, arial, sans-serif;\">\"Es la mejor sensaci\u00f3n que he vivido\", agreg\u00f3.\u00a0<\/span><\/p>\n<p style=\"font-weight: 400; text-align: justify;\"><span style=\"font-family: helvetica, arial, sans-serif;\"><span style=\"font-weight: 400;\">As\u00ed qued\u00f3 el palmar\u00e9s del<\/span><b> Mundial Femenino<\/b><span style=\"font-weight: 400;\">:<\/span><\/span><\/p>\n<p style=\"font-weight: 400; text-align: justify;\"><span style=\"font-weight: 400; font-family: helvetica, arial, sans-serif;\">(4) Estados Unidos<\/span><\/p>\n<p style=\"font-weight: 400; text-align: justify;\"><span style=\"font-weight: 400; font-family: helvetica, arial, sans-serif;\">(2) Alemania<\/span><\/p>\n<p style=\"font-weight: 400; text-align: justify;\"><span style=\"font-weight: 400; font-family: helvetica, arial, sans-serif;\">(1) Noruega, Jap\u00f3n y Espa\u00f1a<\/span><\/p>\n","protected":false},"excerpt":{"rendered":"<p>La Selecci\u00f3n de Espa\u00f1a conquist\u00f3 este domingo el Mundial Femenino de Australia y Nueva Zelanda tras vencer 1-0 a Inglaterra en Sidney.\u00a0 Olga Carmona marc\u00f3 el gol de la victoria a los 29 minutos. Espa\u00f1a pudo irse m\u00e1s adelante en el marcador al minuto 69 con un penal por una mano de Keira Walsh, pero [&hellip;]<\/p>\n","protected":false},"author":4,"featured_media":98252,"comment_status":"open","ping_status":"open","sticky":false,"template":"","format":"standard","meta":{"_acf_changed":false,"footnotes":""},"categories":[6],"tags":[],"class_list":{"0":"post-98251","1":"post","2":"type-post","3":"status-publish","4":"format-standard","5":"has-post-thumbnail","7":"category-mundial"},"acf":[],"yoast_head":"<!-- This site is optimized with the Yoast SEO plugin v26.8 - https:\/\/yoast.com\/product\/yoast-seo-wordpress\/ -->\n<title>Espa\u00f1a se coron\u00f3 campeona del Mundial Femenino -<\/title>\n<meta name=\"robots\" content=\"index, follow, max-snippet:-1, max-image-preview:large, max-video-preview:-1\" \/>\n<link rel=\"canonical\" href=\"https:\/\/futbolhoy.co\/index.php\/2023\/08\/20\/espana-se-corono-campeona-del-mundial-femenino\/\" \/>\n<meta property=\"og:locale\" content=\"es_ES\" \/>\n<meta property=\"og:type\" content=\"article\" \/>\n<meta property=\"og:title\" content=\"Espa\u00f1a se coron\u00f3 campeona del Mundial Femenino -\" \/>\n<meta property=\"og:description\" content=\"La Selecci\u00f3n de Espa\u00f1a conquist\u00f3 este domingo el Mundial Femenino de Australia y Nueva Zelanda tras vencer 1-0 a Inglaterra en Sidney.\u00a0 Olga Carmona marc\u00f3 el gol de la victoria a los 29 minutos. Espa\u00f1a pudo irse m\u00e1s adelante en el marcador al minuto 69 con un penal por una mano de Keira Walsh, pero [&hellip;]\" \/>\n<meta property=\"og:url\" content=\"https:\/\/futbolhoy.co\/index.php\/2023\/08\/20\/espana-se-corono-campeona-del-mundial-femenino\/\" \/>\n<meta property=\"article:publisher\" content=\"https:\/\/www.facebook.com\/FutbolHoyCol\/\" \/>\n<meta property=\"article:published_time\" content=\"2023-08-20T15:28:49+00:00\" \/>\n<meta property=\"article:modified_time\" content=\"2023-08-20T23:19:06+00:00\" \/>\n<meta property=\"og:image\" content=\"https:\/\/futbolhoy.co\/wp-content\/uploads\/2023\/08\/IMG_6278.jpeg\" \/>\n\t<meta property=\"og:image:width\" content=\"1600\" \/>\n\t<meta property=\"og:image:height\" content=\"1017\" \/>\n\t<meta property=\"og:image:type\" content=\"image\/jpeg\" \/>\n<meta name=\"author\" content=\"contenido\" \/>\n<meta name=\"twitter:card\" content=\"summary_large_image\" \/>\n<meta name=\"twitter:creator\" content=\"@FutbolHoyCol\" \/>\n<meta name=\"twitter:site\" content=\"@FutbolHoyCol\" \/>\n<meta name=\"twitter:label1\" content=\"Escrito por\" \/>\n\t<meta name=\"twitter:data1\" content=\"contenido\" \/>\n\t<meta name=\"twitter:label2\" content=\"Tiempo de lectura\" \/>\n\t<meta name=\"twitter:data2\" content=\"1 minuto\" \/>\n<script type=\"application\/ld+json\" class=\"yoast-schema-graph\">{\"@context\":\"https:\/\/schema.org\",\"@graph\":[{\"@type\":\"Article\",\"@id\":\"https:\/\/futbolhoy.co\/index.php\/2023\/08\/20\/espana-se-corono-campeona-del-mundial-femenino\/#article\",\"isPartOf\":{\"@id\":\"https:\/\/futbolhoy.co\/index.php\/2023\/08\/20\/espana-se-corono-campeona-del-mundial-femenino\/\"},\"author\":{\"name\":\"contenido\",\"@id\":\"https:\/\/futbolhoy.co\/#\/schema\/person\/1721b69355b6623eaff15ac7b92d4cc3\"},\"headline\":\"Espa\u00f1a se coron\u00f3 campeona del Mundial Femenino\",\"datePublished\":\"2023-08-20T15:28:49+00:00\",\"dateModified\":\"2023-08-20T23:19:06+00:00\",\"mainEntityOfPage\":{\"@id\":\"https:\/\/futbolhoy.co\/index.php\/2023\/08\/20\/espana-se-corono-campeona-del-mundial-femenino\/\"},\"wordCount\":201,\"commentCount\":0,\"publisher\":{\"@id\":\"https:\/\/futbolhoy.co\/#organization\"},\"image\":{\"@id\":\"https:\/\/futbolhoy.co\/index.php\/2023\/08\/20\/espana-se-corono-campeona-del-mundial-femenino\/#primaryimage\"},\"thumbnailUrl\":\"https:\/\/futbolhoy.co\/wp-content\/uploads\/2023\/08\/IMG_6278.jpeg\",\"articleSection\":[\"Mundial\"],\"inLanguage\":\"es\",\"potentialAction\":[{\"@type\":\"CommentAction\",\"name\":\"Comment\",\"target\":[\"https:\/\/futbolhoy.co\/index.php\/2023\/08\/20\/espana-se-corono-campeona-del-mundial-femenino\/#respond\"]}]},{\"@type\":\"WebPage\",\"@id\":\"https:\/\/futbolhoy.co\/index.php\/2023\/08\/20\/espana-se-corono-campeona-del-mundial-femenino\/\",\"url\":\"https:\/\/futbolhoy.co\/index.php\/2023\/08\/20\/espana-se-corono-campeona-del-mundial-femenino\/\",\"name\":\"Espa\u00f1a se coron\u00f3 campeona del Mundial Femenino -\",\"isPartOf\":{\"@id\":\"https:\/\/futbolhoy.co\/#website\"},\"primaryImageOfPage\":{\"@id\":\"https:\/\/futbolhoy.co\/index.php\/2023\/08\/20\/espana-se-corono-campeona-del-mundial-femenino\/#primaryimage\"},\"image\":{\"@id\":\"https:\/\/futbolhoy.co\/index.php\/2023\/08\/20\/espana-se-corono-campeona-del-mundial-femenino\/#primaryimage\"},\"thumbnailUrl\":\"https:\/\/futbolhoy.co\/wp-content\/uploads\/2023\/08\/IMG_6278.jpeg\",\"datePublished\":\"2023-08-20T15:28:49+00:00\",\"dateModified\":\"2023-08-20T23:19:06+00:00\",\"breadcrumb\":{\"@id\":\"https:\/\/futbolhoy.co\/index.php\/2023\/08\/20\/espana-se-corono-campeona-del-mundial-femenino\/#breadcrumb\"},\"inLanguage\":\"es\",\"potentialAction\":[{\"@type\":\"ReadAction\",\"target\":[\"https:\/\/futbolhoy.co\/index.php\/2023\/08\/20\/espana-se-corono-campeona-del-mundial-femenino\/\"]}]},{\"@type\":\"ImageObject\",\"inLanguage\":\"es\",\"@id\":\"https:\/\/futbolhoy.co\/index.php\/2023\/08\/20\/espana-se-corono-campeona-del-mundial-femenino\/#primaryimage\",\"url\":\"https:\/\/futbolhoy.co\/wp-content\/uploads\/2023\/08\/IMG_6278.jpeg\",\"contentUrl\":\"https:\/\/futbolhoy.co\/wp-content\/uploads\/2023\/08\/IMG_6278.jpeg\",\"width\":1600,\"height\":1017},{\"@type\":\"BreadcrumbList\",\"@id\":\"https:\/\/futbolhoy.co\/index.php\/2023\/08\/20\/espana-se-corono-campeona-del-mundial-femenino\/#breadcrumb\",\"itemListElement\":[{\"@type\":\"ListItem\",\"position\":1,\"name\":\"Portada\",\"item\":\"https:\/\/futbolhoy.co\/\"},{\"@type\":\"ListItem\",\"position\":2,\"name\":\"Espa\u00f1a se coron\u00f3 campeona del Mundial Femenino\"}]},{\"@type\":\"WebSite\",\"@id\":\"https:\/\/futbolhoy.co\/#website\",\"url\":\"https:\/\/futbolhoy.co\/\",\"name\":\"FutbolHoy\",\"description\":\"\",\"publisher\":{\"@id\":\"https:\/\/futbolhoy.co\/#organization\"},\"potentialAction\":[{\"@type\":\"SearchAction\",\"target\":{\"@type\":\"EntryPoint\",\"urlTemplate\":\"https:\/\/futbolhoy.co\/?s={search_term_string}\"},\"query-input\":{\"@type\":\"PropertyValueSpecification\",\"valueRequired\":true,\"valueName\":\"search_term_string\"}}],\"inLanguage\":\"es\"},{\"@type\":\"Organization\",\"@id\":\"https:\/\/futbolhoy.co\/#organization\",\"name\":\"Futbolhoy.co\",\"url\":\"https:\/\/futbolhoy.co\/\",\"logo\":{\"@type\":\"ImageObject\",\"inLanguage\":\"es\",\"@id\":\"https:\/\/futbolhoy.co\/#\/schema\/logo\/image\/\",\"url\":\"https:\/\/futbolhoy.co\/wp-content\/uploads\/2018\/08\/17426380_1906371736249227_6326180412931521141_n.jpg\",\"contentUrl\":\"https:\/\/futbolhoy.co\/wp-content\/uploads\/2018\/08\/17426380_1906371736249227_6326180412931521141_n.jpg\",\"width\":960,\"height\":960,\"caption\":\"Futbolhoy.co\"},\"image\":{\"@id\":\"https:\/\/futbolhoy.co\/#\/schema\/logo\/image\/\"},\"sameAs\":[\"https:\/\/www.facebook.com\/FutbolHoyCol\/\",\"https:\/\/x.com\/FutbolHoyCol\",\"https:\/\/www.instagram.com\/futbolhoycol\/\"]},{\"@type\":\"Person\",\"@id\":\"https:\/\/futbolhoy.co\/#\/schema\/person\/1721b69355b6623eaff15ac7b92d4cc3\",\"name\":\"contenido\",\"image\":{\"@type\":\"ImageObject\",\"inLanguage\":\"es\",\"@id\":\"https:\/\/futbolhoy.co\/#\/schema\/person\/image\/\",\"url\":\"https:\/\/secure.gravatar.com\/avatar\/4f656d3256f5134f466206e7c3941518?s=96&d=mm&r=g\",\"contentUrl\":\"https:\/\/secure.gravatar.com\/avatar\/4f656d3256f5134f466206e7c3941518?s=96&d=mm&r=g\",\"caption\":\"contenido\"}}]}<\/script>\n<!-- \/ Yoast SEO plugin. -->","yoast_head_json":{"title":"Espa\u00f1a se coron\u00f3 campeona del Mundial Femenino -","robots":{"index":"index","follow":"follow","max-snippet":"max-snippet:-1","max-image-preview":"max-image-preview:large","max-video-preview":"max-video-preview:-1"},"canonical":"https:\/\/futbolhoy.co\/index.php\/2023\/08\/20\/espana-se-corono-campeona-del-mundial-femenino\/","og_locale":"es_ES","og_type":"article","og_title":"Espa\u00f1a se coron\u00f3 campeona del Mundial Femenino -","og_description":"La Selecci\u00f3n de Espa\u00f1a conquist\u00f3 este domingo el Mundial Femenino de Australia y Nueva Zelanda tras vencer 1-0 a Inglaterra en Sidney.\u00a0 Olga Carmona marc\u00f3 el gol de la victoria a los 29 minutos. Espa\u00f1a pudo irse m\u00e1s adelante en el marcador al minuto 69 con un penal por una mano de Keira Walsh, pero [&hellip;]","og_url":"https:\/\/futbolhoy.co\/index.php\/2023\/08\/20\/espana-se-corono-campeona-del-mundial-femenino\/","article_publisher":"https:\/\/www.facebook.com\/FutbolHoyCol\/","article_published_time":"2023-08-20T15:28:49+00:00","article_modified_time":"2023-08-20T23:19:06+00:00","og_image":[{"width":1600,"height":1017,"url":"https:\/\/futbolhoy.co\/wp-content\/uploads\/2023\/08\/IMG_6278.jpeg","type":"image\/jpeg"}],"author":"contenido","twitter_card":"summary_large_image","twitter_creator":"@FutbolHoyCol","twitter_site":"@FutbolHoyCol","twitter_misc":{"Escrito por":"contenido","Tiempo de lectura":"1 minuto"},"schema":{"@context":"https:\/\/schema.org","@graph":[{"@type":"Article","@id":"https:\/\/futbolhoy.co\/index.php\/2023\/08\/20\/espana-se-corono-campeona-del-mundial-femenino\/#article","isPartOf":{"@id":"https:\/\/futbolhoy.co\/index.php\/2023\/08\/20\/espana-se-corono-campeona-del-mundial-femenino\/"},"author":{"name":"contenido","@id":"https:\/\/futbolhoy.co\/#\/schema\/person\/1721b69355b6623eaff15ac7b92d4cc3"},"headline":"Espa\u00f1a se coron\u00f3 campeona del Mundial Femenino","datePublished":"2023-08-20T15:28:49+00:00","dateModified":"2023-08-20T23:19:06+00:00","mainEntityOfPage":{"@id":"https:\/\/futbolhoy.co\/index.php\/2023\/08\/20\/espana-se-corono-campeona-del-mundial-femenino\/"},"wordCount":201,"commentCount":0,"publisher":{"@id":"https:\/\/futbolhoy.co\/#organization"},"image":{"@id":"https:\/\/futbolhoy.co\/index.php\/2023\/08\/20\/espana-se-corono-campeona-del-mundial-femenino\/#primaryimage"},"thumbnailUrl":"https:\/\/futbolhoy.co\/wp-content\/uploads\/2023\/08\/IMG_6278.jpeg","articleSection":["Mundial"],"inLanguage":"es","potentialAction":[{"@type":"CommentAction","name":"Comment","target":["https:\/\/futbolhoy.co\/index.php\/2023\/08\/20\/espana-se-corono-campeona-del-mundial-femenino\/#respond"]}]},{"@type":"WebPage","@id":"https:\/\/futbolhoy.co\/index.php\/2023\/08\/20\/espana-se-corono-campeona-del-mundial-femenino\/","url":"https:\/\/futbolhoy.co\/index.php\/2023\/08\/20\/espana-se-corono-campeona-del-mundial-femenino\/","name":"Espa\u00f1a se coron\u00f3 campeona del Mundial Femenino -","isPartOf":{"@id":"https:\/\/futbolhoy.co\/#website"},"primaryImageOfPage":{"@id":"https:\/\/futbolhoy.co\/index.php\/2023\/08\/20\/espana-se-corono-campeona-del-mundial-femenino\/#primaryimage"},"image":{"@id":"https:\/\/futbolhoy.co\/index.php\/2023\/08\/20\/espana-se-corono-campeona-del-mundial-femenino\/#primaryimage"},"thumbnailUrl":"https:\/\/futbolhoy.co\/wp-content\/uploads\/2023\/08\/IMG_6278.jpeg","datePublished":"2023-08-20T15:28:49+00:00","dateModified":"2023-08-20T23:19:06+00:00","breadcrumb":{"@id":"https:\/\/futbolhoy.co\/index.php\/2023\/08\/20\/espana-se-corono-campeona-del-mundial-femenino\/#breadcrumb"},"inLanguage":"es","potentialAction":[{"@type":"ReadAction","target":["https:\/\/futbolhoy.co\/index.php\/2023\/08\/20\/espana-se-corono-campeona-del-mundial-femenino\/"]}]},{"@type":"ImageObject","inLanguage":"es","@id":"https:\/\/futbolhoy.co\/index.php\/2023\/08\/20\/espana-se-corono-campeona-del-mundial-femenino\/#primaryimage","url":"https:\/\/futbolhoy.co\/wp-content\/uploads\/2023\/08\/IMG_6278.jpeg","contentUrl":"https:\/\/futbolhoy.co\/wp-content\/uploads\/2023\/08\/IMG_6278.jpeg","width":1600,"height":1017},{"@type":"BreadcrumbList","@id":"https:\/\/futbolhoy.co\/index.php\/2023\/08\/20\/espana-se-corono-campeona-del-mundial-femenino\/#breadcrumb","itemListElement":[{"@type":"ListItem","position":1,"name":"Portada","item":"https:\/\/futbolhoy.co\/"},{"@type":"ListItem","position":2,"name":"Espa\u00f1a se coron\u00f3 campeona del Mundial Femenino"}]},{"@type":"WebSite","@id":"https:\/\/futbolhoy.co\/#website","url":"https:\/\/futbolhoy.co\/","name":"FutbolHoy","description":"","publisher":{"@id":"https:\/\/futbolhoy.co\/#organization"},"potentialAction":[{"@type":"SearchAction","target":{"@type":"EntryPoint","urlTemplate":"https:\/\/futbolhoy.co\/?s={search_term_string}"},"query-input":{"@type":"PropertyValueSpecification","valueRequired":true,"valueName":"search_term_string"}}],"inLanguage":"es"},{"@type":"Organization","@id":"https:\/\/futbolhoy.co\/#organization","name":"Futbolhoy.co","url":"https:\/\/futbolhoy.co\/","logo":{"@type":"ImageObject","inLanguage":"es","@id":"https:\/\/futbolhoy.co\/#\/schema\/logo\/image\/","url":"https:\/\/futbolhoy.co\/wp-content\/uploads\/2018\/08\/17426380_1906371736249227_6326180412931521141_n.jpg","contentUrl":"https:\/\/futbolhoy.co\/wp-content\/uploads\/2018\/08\/17426380_1906371736249227_6326180412931521141_n.jpg","width":960,"height":960,"caption":"Futbolhoy.co"},"image":{"@id":"https:\/\/futbolhoy.co\/#\/schema\/logo\/image\/"},"sameAs":["https:\/\/www.facebook.com\/FutbolHoyCol\/","https:\/\/x.com\/FutbolHoyCol","https:\/\/www.instagram.com\/futbolhoycol\/"]},{"@type":"Person","@id":"https:\/\/futbolhoy.co\/#\/schema\/person\/1721b69355b6623eaff15ac7b92d4cc3","name":"contenido","image":{"@type":"ImageObject","inLanguage":"es","@id":"https:\/\/futbolhoy.co\/#\/schema\/person\/image\/","url":"https:\/\/secure.gravatar.com\/avatar\/4f656d3256f5134f466206e7c3941518?s=96&d=mm&r=g","contentUrl":"https:\/\/secure.gravatar.com\/avatar\/4f656d3256f5134f466206e7c3941518?s=96&d=mm&r=g","caption":"contenido"}}]}},"publishpress_future_action":{"enabled":false,"date":"2026-05-06 15:25:06","action":"change-status","newStatus":"draft","terms":[],"taxonomy":"category","extraData":[]},"publishpress_future_workflow_manual_trigger":{"enabledWorkflows":[]},"_links":{"self":[{"href":"https:\/\/futbolhoy.co\/index.php\/wp-json\/wp\/v2\/posts\/98251","targetHints":{"allow":["GET"]}}],"collection":[{"href":"https:\/\/futbolhoy.co\/index.php\/wp-json\/wp\/v2\/posts"}],"about":[{"href":"https:\/\/futbolhoy.co\/index.php\/wp-json\/wp\/v2\/types\/post"}],"author":[{"embeddable":true,"href":"https:\/\/futbolhoy.co\/index.php\/wp-json\/wp\/v2\/users\/4"}],"replies":[{"embeddable":true,"href":"https:\/\/futbolhoy.co\/index.php\/wp-json\/wp\/v2\/comments?post=98251"}],"version-history":[{"count":1,"href":"https:\/\/futbolhoy.co\/index.php\/wp-json\/wp\/v2\/posts\/98251\/revisions"}],"predecessor-version":[{"id":98253,"href":"https:\/\/futbolhoy.co\/index.php\/wp-json\/wp\/v2\/posts\/98251\/revisions\/98253"}],"wp:featuredmedia":[{"embeddable":true,"href":"https:\/\/futbolhoy.co\/index.php\/wp-json\/wp\/v2\/media\/98252"}],"wp:attachment":[{"href":"https:\/\/futbolhoy.co\/index.php\/wp-json\/wp\/v2\/media?parent=98251"}],"wp:term":[{"taxonomy":"category","embeddable":true,"href":"https:\/\/futbolhoy.co\/index.php\/wp-json\/wp\/v2\/categories?post=98251"},{"taxonomy":"post_tag","embeddable":true,"href":"https:\/\/futbolhoy.co\/index.php\/wp-json\/wp\/v2\/tags?post=98251"}],"curies":[{"name":"wp","href":"https:\/\/api.w.org\/{rel}","templated":true}]}}