{"id":98254,"date":"2023-08-20T10:51:29","date_gmt":"2023-08-20T15:51:29","guid":{"rendered":"https:\/\/futbolhoy.co\/?p=98254"},"modified":"2023-08-20T18:38:17","modified_gmt":"2023-08-20T23:38:17","slug":"jhon-jader-duran-anoto-su-primer-gol-con-aston-villa-vealo-aqui","status":"publish","type":"post","link":"https:\/\/futbolhoy.co\/index.php\/2023\/08\/20\/jhon-jader-duran-anoto-su-primer-gol-con-aston-villa-vealo-aqui\/","title":{"rendered":"Jhon Jader Dur\u00e1n anot\u00f3 su primer gol con Aston Villa: v\u00e9alo aqu\u00ed"},"content":{"rendered":"<p style=\"font-weight: 400; text-align: justify;\"><span style=\"font-family: helvetica, arial, sans-serif;\"><span style=\"font-weight: 400;\">El colombiano <\/span><b>Jhon Jader Dur\u00e1n marc\u00f3 su primer gol<\/b><span style=\"font-weight: 400;\"> con el <\/span><b>Aston Villa <\/b><span style=\"font-weight: 400;\">este domingo en la goleada de su equipo 4-0 frente al Everton, en la segunda jornada de la Premier League.\u00a0<\/span><\/span><\/p>\n<p style=\"font-weight: 400; text-align: justify;\"><span style=\"font-family: helvetica, arial, sans-serif;\"><span style=\"font-weight: 400;\">Pasaron siete meses para que Jhon Jader Dur\u00e1n consiguiera marcar<\/span><b> su primer gol con Aston Villa<\/b><span style=\"font-weight: 400;\">. El colombiano fue suplente este domingo, ingres\u00f3 al minuto 74 en lugar de Ollie Watkins y marc\u00f3 el 4-0 al minuto 75.<br \/>\n<\/span><\/span><\/p>\n<blockquote class=\"twitter-tweet\">\n<p dir=\"ltr\" lang=\"es\">\u00a1\u00a1ARRIBA COLOMBIA!! Jhon Dur\u00e1n anota su PRIMER GOL con la camiseta de Aston Villa para el 4-0 ante Everton en la <a href=\"https:\/\/twitter.com\/hashtag\/PREMIERxESPN?src=hash&amp;ref_src=twsrc%5Etfw\">#PREMIERxESPN<\/a>. \u00bfEl detalle? La jugada viene de un lateral a favor del equipo visitante...<\/p>\n<p>\ud83d\udcfa Mir\u00e1 la Premier por <a href=\"https:\/\/twitter.com\/hashtag\/ESPNenStarPlus?src=hash&amp;ref_src=twsrc%5Etfw\">#ESPNenStarPlus<\/a> <a href=\"https:\/\/t.co\/dmgByuk98S\">pic.twitter.com\/dmgByuk98S<\/a><\/p>\n<p>\u2014 SportsCenter (@SC_ESPN) <a href=\"https:\/\/twitter.com\/SC_ESPN\/status\/1693273998237335613?ref_src=twsrc%5Etfw\">August 20, 2023<\/a><\/p><\/blockquote>\n<p><script async src=\"https:\/\/platform.twitter.com\/widgets.js\" charset=\"utf-8\"><\/script><\/p>\n<p style=\"font-weight: 400; text-align: justify;\"><span style=\"font-family: helvetica, arial, sans-serif;\"><span style=\"font-weight: 400;\">Aston Villa consigui\u00f3 su primera victoria este domingo en la Premier League tras <\/span><b>haber ca\u00eddo en la jornada 1 pasada.\u00a0<\/b><\/span><\/p>\n","protected":false},"excerpt":{"rendered":"<p>El colombiano Jhon Jader Dur\u00e1n marc\u00f3 su primer gol con el Aston Villa este domingo en la goleada de su equipo 4-0 frente al Everton, en la segunda jornada de la Premier League.\u00a0 Pasaron siete meses para que Jhon Jader Dur\u00e1n consiguiera marcar su primer gol con Aston Villa. El colombiano fue suplente este domingo, [&hellip;]<\/p>\n","protected":false},"author":4,"featured_media":98255,"comment_status":"open","ping_status":"open","sticky":false,"template":"","format":"standard","meta":{"_acf_changed":false,"footnotes":""},"categories":[418],"tags":[],"class_list":{"0":"post-98254","1":"post","2":"type-post","3":"status-publish","4":"format-standard","5":"has-post-thumbnail","7":"category-colombia"},"acf":[],"yoast_head":"<!-- This site is optimized with the Yoast SEO plugin v26.8 - https:\/\/yoast.com\/product\/yoast-seo-wordpress\/ -->\n<title>Jhon Jader Dur\u00e1n anot\u00f3 su primer gol con Aston Villa: v\u00e9alo aqu\u00ed -<\/title>\n<meta name=\"robots\" content=\"index, follow, max-snippet:-1, max-image-preview:large, max-video-preview:-1\" \/>\n<link rel=\"canonical\" href=\"https:\/\/futbolhoy.co\/index.php\/2023\/08\/20\/jhon-jader-duran-anoto-su-primer-gol-con-aston-villa-vealo-aqui\/\" \/>\n<meta property=\"og:locale\" content=\"es_ES\" \/>\n<meta property=\"og:type\" content=\"article\" \/>\n<meta property=\"og:title\" content=\"Jhon Jader Dur\u00e1n anot\u00f3 su primer gol con Aston Villa: v\u00e9alo aqu\u00ed -\" \/>\n<meta property=\"og:description\" content=\"El colombiano Jhon Jader Dur\u00e1n marc\u00f3 su primer gol con el Aston Villa este domingo en la goleada de su equipo 4-0 frente al Everton, en la segunda jornada de la Premier League.\u00a0 Pasaron siete meses para que Jhon Jader Dur\u00e1n consiguiera marcar su primer gol con Aston Villa. El colombiano fue suplente este domingo, [&hellip;]\" \/>\n<meta property=\"og:url\" content=\"https:\/\/futbolhoy.co\/index.php\/2023\/08\/20\/jhon-jader-duran-anoto-su-primer-gol-con-aston-villa-vealo-aqui\/\" \/>\n<meta property=\"article:publisher\" content=\"https:\/\/www.facebook.com\/FutbolHoyCol\/\" \/>\n<meta property=\"article:published_time\" content=\"2023-08-20T15:51:29+00:00\" \/>\n<meta property=\"article:modified_time\" content=\"2023-08-20T23:38:17+00:00\" \/>\n<meta property=\"og:image\" content=\"https:\/\/futbolhoy.co\/wp-content\/uploads\/2023\/08\/IMG_6279.jpeg\" \/>\n\t<meta property=\"og:image:width\" content=\"1170\" \/>\n\t<meta property=\"og:image:height\" content=\"795\" \/>\n\t<meta property=\"og:image:type\" content=\"image\/jpeg\" \/>\n<meta name=\"author\" content=\"contenido\" \/>\n<meta name=\"twitter:card\" content=\"summary_large_image\" \/>\n<meta name=\"twitter:creator\" content=\"@FutbolHoyCol\" \/>\n<meta name=\"twitter:site\" content=\"@FutbolHoyCol\" \/>\n<meta name=\"twitter:label1\" content=\"Escrito por\" \/>\n\t<meta name=\"twitter:data1\" content=\"contenido\" \/>\n\t<meta name=\"twitter:label2\" content=\"Tiempo de lectura\" \/>\n\t<meta name=\"twitter:data2\" content=\"1 minuto\" \/>\n<script type=\"application\/ld+json\" class=\"yoast-schema-graph\">{\"@context\":\"https:\/\/schema.org\",\"@graph\":[{\"@type\":\"Article\",\"@id\":\"https:\/\/futbolhoy.co\/index.php\/2023\/08\/20\/jhon-jader-duran-anoto-su-primer-gol-con-aston-villa-vealo-aqui\/#article\",\"isPartOf\":{\"@id\":\"https:\/\/futbolhoy.co\/index.php\/2023\/08\/20\/jhon-jader-duran-anoto-su-primer-gol-con-aston-villa-vealo-aqui\/\"},\"author\":{\"name\":\"contenido\",\"@id\":\"https:\/\/futbolhoy.co\/#\/schema\/person\/1721b69355b6623eaff15ac7b92d4cc3\"},\"headline\":\"Jhon Jader Dur\u00e1n anot\u00f3 su primer gol con Aston Villa: v\u00e9alo aqu\u00ed\",\"datePublished\":\"2023-08-20T15:51:29+00:00\",\"dateModified\":\"2023-08-20T23:38:17+00:00\",\"mainEntityOfPage\":{\"@id\":\"https:\/\/futbolhoy.co\/index.php\/2023\/08\/20\/jhon-jader-duran-anoto-su-primer-gol-con-aston-villa-vealo-aqui\/\"},\"wordCount\":155,\"commentCount\":0,\"publisher\":{\"@id\":\"https:\/\/futbolhoy.co\/#organization\"},\"image\":{\"@id\":\"https:\/\/futbolhoy.co\/index.php\/2023\/08\/20\/jhon-jader-duran-anoto-su-primer-gol-con-aston-villa-vealo-aqui\/#primaryimage\"},\"thumbnailUrl\":\"https:\/\/futbolhoy.co\/wp-content\/uploads\/2023\/08\/IMG_6279.jpeg\",\"articleSection\":[\"Colombia\"],\"inLanguage\":\"es\",\"potentialAction\":[{\"@type\":\"CommentAction\",\"name\":\"Comment\",\"target\":[\"https:\/\/futbolhoy.co\/index.php\/2023\/08\/20\/jhon-jader-duran-anoto-su-primer-gol-con-aston-villa-vealo-aqui\/#respond\"]}]},{\"@type\":\"WebPage\",\"@id\":\"https:\/\/futbolhoy.co\/index.php\/2023\/08\/20\/jhon-jader-duran-anoto-su-primer-gol-con-aston-villa-vealo-aqui\/\",\"url\":\"https:\/\/futbolhoy.co\/index.php\/2023\/08\/20\/jhon-jader-duran-anoto-su-primer-gol-con-aston-villa-vealo-aqui\/\",\"name\":\"Jhon Jader Dur\u00e1n anot\u00f3 su primer gol con Aston Villa: v\u00e9alo aqu\u00ed -\",\"isPartOf\":{\"@id\":\"https:\/\/futbolhoy.co\/#website\"},\"primaryImageOfPage\":{\"@id\":\"https:\/\/futbolhoy.co\/index.php\/2023\/08\/20\/jhon-jader-duran-anoto-su-primer-gol-con-aston-villa-vealo-aqui\/#primaryimage\"},\"image\":{\"@id\":\"https:\/\/futbolhoy.co\/index.php\/2023\/08\/20\/jhon-jader-duran-anoto-su-primer-gol-con-aston-villa-vealo-aqui\/#primaryimage\"},\"thumbnailUrl\":\"https:\/\/futbolhoy.co\/wp-content\/uploads\/2023\/08\/IMG_6279.jpeg\",\"datePublished\":\"2023-08-20T15:51:29+00:00\",\"dateModified\":\"2023-08-20T23:38:17+00:00\",\"breadcrumb\":{\"@id\":\"https:\/\/futbolhoy.co\/index.php\/2023\/08\/20\/jhon-jader-duran-anoto-su-primer-gol-con-aston-villa-vealo-aqui\/#breadcrumb\"},\"inLanguage\":\"es\",\"potentialAction\":[{\"@type\":\"ReadAction\",\"target\":[\"https:\/\/futbolhoy.co\/index.php\/2023\/08\/20\/jhon-jader-duran-anoto-su-primer-gol-con-aston-villa-vealo-aqui\/\"]}]},{\"@type\":\"ImageObject\",\"inLanguage\":\"es\",\"@id\":\"https:\/\/futbolhoy.co\/index.php\/2023\/08\/20\/jhon-jader-duran-anoto-su-primer-gol-con-aston-villa-vealo-aqui\/#primaryimage\",\"url\":\"https:\/\/futbolhoy.co\/wp-content\/uploads\/2023\/08\/IMG_6279.jpeg\",\"contentUrl\":\"https:\/\/futbolhoy.co\/wp-content\/uploads\/2023\/08\/IMG_6279.jpeg\",\"width\":1170,\"height\":795},{\"@type\":\"BreadcrumbList\",\"@id\":\"https:\/\/futbolhoy.co\/index.php\/2023\/08\/20\/jhon-jader-duran-anoto-su-primer-gol-con-aston-villa-vealo-aqui\/#breadcrumb\",\"itemListElement\":[{\"@type\":\"ListItem\",\"position\":1,\"name\":\"Portada\",\"item\":\"https:\/\/futbolhoy.co\/\"},{\"@type\":\"ListItem\",\"position\":2,\"name\":\"Jhon Jader Dur\u00e1n anot\u00f3 su primer gol con Aston Villa: v\u00e9alo aqu\u00ed\"}]},{\"@type\":\"WebSite\",\"@id\":\"https:\/\/futbolhoy.co\/#website\",\"url\":\"https:\/\/futbolhoy.co\/\",\"name\":\"FutbolHoy\",\"description\":\"\",\"publisher\":{\"@id\":\"https:\/\/futbolhoy.co\/#organization\"},\"potentialAction\":[{\"@type\":\"SearchAction\",\"target\":{\"@type\":\"EntryPoint\",\"urlTemplate\":\"https:\/\/futbolhoy.co\/?s={search_term_string}\"},\"query-input\":{\"@type\":\"PropertyValueSpecification\",\"valueRequired\":true,\"valueName\":\"search_term_string\"}}],\"inLanguage\":\"es\"},{\"@type\":\"Organization\",\"@id\":\"https:\/\/futbolhoy.co\/#organization\",\"name\":\"Futbolhoy.co\",\"url\":\"https:\/\/futbolhoy.co\/\",\"logo\":{\"@type\":\"ImageObject\",\"inLanguage\":\"es\",\"@id\":\"https:\/\/futbolhoy.co\/#\/schema\/logo\/image\/\",\"url\":\"https:\/\/futbolhoy.co\/wp-content\/uploads\/2018\/08\/17426380_1906371736249227_6326180412931521141_n.jpg\",\"contentUrl\":\"https:\/\/futbolhoy.co\/wp-content\/uploads\/2018\/08\/17426380_1906371736249227_6326180412931521141_n.jpg\",\"width\":960,\"height\":960,\"caption\":\"Futbolhoy.co\"},\"image\":{\"@id\":\"https:\/\/futbolhoy.co\/#\/schema\/logo\/image\/\"},\"sameAs\":[\"https:\/\/www.facebook.com\/FutbolHoyCol\/\",\"https:\/\/x.com\/FutbolHoyCol\",\"https:\/\/www.instagram.com\/futbolhoycol\/\"]},{\"@type\":\"Person\",\"@id\":\"https:\/\/futbolhoy.co\/#\/schema\/person\/1721b69355b6623eaff15ac7b92d4cc3\",\"name\":\"contenido\",\"image\":{\"@type\":\"ImageObject\",\"inLanguage\":\"es\",\"@id\":\"https:\/\/futbolhoy.co\/#\/schema\/person\/image\/\",\"url\":\"https:\/\/secure.gravatar.com\/avatar\/4f656d3256f5134f466206e7c3941518?s=96&d=mm&r=g\",\"contentUrl\":\"https:\/\/secure.gravatar.com\/avatar\/4f656d3256f5134f466206e7c3941518?s=96&d=mm&r=g\",\"caption\":\"contenido\"}}]}<\/script>\n<!-- \/ Yoast SEO plugin. -->","yoast_head_json":{"title":"Jhon Jader Dur\u00e1n anot\u00f3 su primer gol con Aston Villa: v\u00e9alo aqu\u00ed -","robots":{"index":"index","follow":"follow","max-snippet":"max-snippet:-1","max-image-preview":"max-image-preview:large","max-video-preview":"max-video-preview:-1"},"canonical":"https:\/\/futbolhoy.co\/index.php\/2023\/08\/20\/jhon-jader-duran-anoto-su-primer-gol-con-aston-villa-vealo-aqui\/","og_locale":"es_ES","og_type":"article","og_title":"Jhon Jader Dur\u00e1n anot\u00f3 su primer gol con Aston Villa: v\u00e9alo aqu\u00ed -","og_description":"El colombiano Jhon Jader Dur\u00e1n marc\u00f3 su primer gol con el Aston Villa este domingo en la goleada de su equipo 4-0 frente al Everton, en la segunda jornada de la Premier League.\u00a0 Pasaron siete meses para que Jhon Jader Dur\u00e1n consiguiera marcar su primer gol con Aston Villa. El colombiano fue suplente este domingo, [&hellip;]","og_url":"https:\/\/futbolhoy.co\/index.php\/2023\/08\/20\/jhon-jader-duran-anoto-su-primer-gol-con-aston-villa-vealo-aqui\/","article_publisher":"https:\/\/www.facebook.com\/FutbolHoyCol\/","article_published_time":"2023-08-20T15:51:29+00:00","article_modified_time":"2023-08-20T23:38:17+00:00","og_image":[{"width":1170,"height":795,"url":"https:\/\/futbolhoy.co\/wp-content\/uploads\/2023\/08\/IMG_6279.jpeg","type":"image\/jpeg"}],"author":"contenido","twitter_card":"summary_large_image","twitter_creator":"@FutbolHoyCol","twitter_site":"@FutbolHoyCol","twitter_misc":{"Escrito por":"contenido","Tiempo de lectura":"1 minuto"},"schema":{"@context":"https:\/\/schema.org","@graph":[{"@type":"Article","@id":"https:\/\/futbolhoy.co\/index.php\/2023\/08\/20\/jhon-jader-duran-anoto-su-primer-gol-con-aston-villa-vealo-aqui\/#article","isPartOf":{"@id":"https:\/\/futbolhoy.co\/index.php\/2023\/08\/20\/jhon-jader-duran-anoto-su-primer-gol-con-aston-villa-vealo-aqui\/"},"author":{"name":"contenido","@id":"https:\/\/futbolhoy.co\/#\/schema\/person\/1721b69355b6623eaff15ac7b92d4cc3"},"headline":"Jhon Jader Dur\u00e1n anot\u00f3 su primer gol con Aston Villa: v\u00e9alo aqu\u00ed","datePublished":"2023-08-20T15:51:29+00:00","dateModified":"2023-08-20T23:38:17+00:00","mainEntityOfPage":{"@id":"https:\/\/futbolhoy.co\/index.php\/2023\/08\/20\/jhon-jader-duran-anoto-su-primer-gol-con-aston-villa-vealo-aqui\/"},"wordCount":155,"commentCount":0,"publisher":{"@id":"https:\/\/futbolhoy.co\/#organization"},"image":{"@id":"https:\/\/futbolhoy.co\/index.php\/2023\/08\/20\/jhon-jader-duran-anoto-su-primer-gol-con-aston-villa-vealo-aqui\/#primaryimage"},"thumbnailUrl":"https:\/\/futbolhoy.co\/wp-content\/uploads\/2023\/08\/IMG_6279.jpeg","articleSection":["Colombia"],"inLanguage":"es","potentialAction":[{"@type":"CommentAction","name":"Comment","target":["https:\/\/futbolhoy.co\/index.php\/2023\/08\/20\/jhon-jader-duran-anoto-su-primer-gol-con-aston-villa-vealo-aqui\/#respond"]}]},{"@type":"WebPage","@id":"https:\/\/futbolhoy.co\/index.php\/2023\/08\/20\/jhon-jader-duran-anoto-su-primer-gol-con-aston-villa-vealo-aqui\/","url":"https:\/\/futbolhoy.co\/index.php\/2023\/08\/20\/jhon-jader-duran-anoto-su-primer-gol-con-aston-villa-vealo-aqui\/","name":"Jhon Jader Dur\u00e1n anot\u00f3 su primer gol con Aston Villa: v\u00e9alo aqu\u00ed -","isPartOf":{"@id":"https:\/\/futbolhoy.co\/#website"},"primaryImageOfPage":{"@id":"https:\/\/futbolhoy.co\/index.php\/2023\/08\/20\/jhon-jader-duran-anoto-su-primer-gol-con-aston-villa-vealo-aqui\/#primaryimage"},"image":{"@id":"https:\/\/futbolhoy.co\/index.php\/2023\/08\/20\/jhon-jader-duran-anoto-su-primer-gol-con-aston-villa-vealo-aqui\/#primaryimage"},"thumbnailUrl":"https:\/\/futbolhoy.co\/wp-content\/uploads\/2023\/08\/IMG_6279.jpeg","datePublished":"2023-08-20T15:51:29+00:00","dateModified":"2023-08-20T23:38:17+00:00","breadcrumb":{"@id":"https:\/\/futbolhoy.co\/index.php\/2023\/08\/20\/jhon-jader-duran-anoto-su-primer-gol-con-aston-villa-vealo-aqui\/#breadcrumb"},"inLanguage":"es","potentialAction":[{"@type":"ReadAction","target":["https:\/\/futbolhoy.co\/index.php\/2023\/08\/20\/jhon-jader-duran-anoto-su-primer-gol-con-aston-villa-vealo-aqui\/"]}]},{"@type":"ImageObject","inLanguage":"es","@id":"https:\/\/futbolhoy.co\/index.php\/2023\/08\/20\/jhon-jader-duran-anoto-su-primer-gol-con-aston-villa-vealo-aqui\/#primaryimage","url":"https:\/\/futbolhoy.co\/wp-content\/uploads\/2023\/08\/IMG_6279.jpeg","contentUrl":"https:\/\/futbolhoy.co\/wp-content\/uploads\/2023\/08\/IMG_6279.jpeg","width":1170,"height":795},{"@type":"BreadcrumbList","@id":"https:\/\/futbolhoy.co\/index.php\/2023\/08\/20\/jhon-jader-duran-anoto-su-primer-gol-con-aston-villa-vealo-aqui\/#breadcrumb","itemListElement":[{"@type":"ListItem","position":1,"name":"Portada","item":"https:\/\/futbolhoy.co\/"},{"@type":"ListItem","position":2,"name":"Jhon Jader Dur\u00e1n anot\u00f3 su primer gol con Aston Villa: v\u00e9alo aqu\u00ed"}]},{"@type":"WebSite","@id":"https:\/\/futbolhoy.co\/#website","url":"https:\/\/futbolhoy.co\/","name":"FutbolHoy","description":"","publisher":{"@id":"https:\/\/futbolhoy.co\/#organization"},"potentialAction":[{"@type":"SearchAction","target":{"@type":"EntryPoint","urlTemplate":"https:\/\/futbolhoy.co\/?s={search_term_string}"},"query-input":{"@type":"PropertyValueSpecification","valueRequired":true,"valueName":"search_term_string"}}],"inLanguage":"es"},{"@type":"Organization","@id":"https:\/\/futbolhoy.co\/#organization","name":"Futbolhoy.co","url":"https:\/\/futbolhoy.co\/","logo":{"@type":"ImageObject","inLanguage":"es","@id":"https:\/\/futbolhoy.co\/#\/schema\/logo\/image\/","url":"https:\/\/futbolhoy.co\/wp-content\/uploads\/2018\/08\/17426380_1906371736249227_6326180412931521141_n.jpg","contentUrl":"https:\/\/futbolhoy.co\/wp-content\/uploads\/2018\/08\/17426380_1906371736249227_6326180412931521141_n.jpg","width":960,"height":960,"caption":"Futbolhoy.co"},"image":{"@id":"https:\/\/futbolhoy.co\/#\/schema\/logo\/image\/"},"sameAs":["https:\/\/www.facebook.com\/FutbolHoyCol\/","https:\/\/x.com\/FutbolHoyCol","https:\/\/www.instagram.com\/futbolhoycol\/"]},{"@type":"Person","@id":"https:\/\/futbolhoy.co\/#\/schema\/person\/1721b69355b6623eaff15ac7b92d4cc3","name":"contenido","image":{"@type":"ImageObject","inLanguage":"es","@id":"https:\/\/futbolhoy.co\/#\/schema\/person\/image\/","url":"https:\/\/secure.gravatar.com\/avatar\/4f656d3256f5134f466206e7c3941518?s=96&d=mm&r=g","contentUrl":"https:\/\/secure.gravatar.com\/avatar\/4f656d3256f5134f466206e7c3941518?s=96&d=mm&r=g","caption":"contenido"}}]}},"publishpress_future_action":{"enabled":false,"date":"2026-05-06 14:21:24","action":"change-status","newStatus":"draft","terms":[],"taxonomy":"category","extraData":[]},"publishpress_future_workflow_manual_trigger":{"enabledWorkflows":[]},"_links":{"self":[{"href":"https:\/\/futbolhoy.co\/index.php\/wp-json\/wp\/v2\/posts\/98254","targetHints":{"allow":["GET"]}}],"collection":[{"href":"https:\/\/futbolhoy.co\/index.php\/wp-json\/wp\/v2\/posts"}],"about":[{"href":"https:\/\/futbolhoy.co\/index.php\/wp-json\/wp\/v2\/types\/post"}],"author":[{"embeddable":true,"href":"https:\/\/futbolhoy.co\/index.php\/wp-json\/wp\/v2\/users\/4"}],"replies":[{"embeddable":true,"href":"https:\/\/futbolhoy.co\/index.php\/wp-json\/wp\/v2\/comments?post=98254"}],"version-history":[{"count":2,"href":"https:\/\/futbolhoy.co\/index.php\/wp-json\/wp\/v2\/posts\/98254\/revisions"}],"predecessor-version":[{"id":98267,"href":"https:\/\/futbolhoy.co\/index.php\/wp-json\/wp\/v2\/posts\/98254\/revisions\/98267"}],"wp:featuredmedia":[{"embeddable":true,"href":"https:\/\/futbolhoy.co\/index.php\/wp-json\/wp\/v2\/media\/98255"}],"wp:attachment":[{"href":"https:\/\/futbolhoy.co\/index.php\/wp-json\/wp\/v2\/media?parent=98254"}],"wp:term":[{"taxonomy":"category","embeddable":true,"href":"https:\/\/futbolhoy.co\/index.php\/wp-json\/wp\/v2\/categories?post=98254"},{"taxonomy":"post_tag","embeddable":true,"href":"https:\/\/futbolhoy.co\/index.php\/wp-json\/wp\/v2\/tags?post=98254"}],"curies":[{"name":"wp","href":"https:\/\/api.w.org\/{rel}","templated":true}]}}