{"id":98257,"date":"2023-08-20T11:09:54","date_gmt":"2023-08-20T16:09:54","guid":{"rendered":"https:\/\/futbolhoy.co\/?p=98257"},"modified":"2023-08-20T20:18:27","modified_gmt":"2023-08-21T01:18:27","slug":"inesperada-sorpresa-neymar-no-podra-jugar-con-al-hilal-y-es-duda-para-la-seleccion","status":"publish","type":"post","link":"https:\/\/futbolhoy.co\/index.php\/2023\/08\/20\/inesperada-sorpresa-neymar-no-podra-jugar-con-al-hilal-y-es-duda-para-la-seleccion\/","title":{"rendered":"Inesperada sorpresa: Neymar no podr\u00e1 jugar con Al-Hilal y es duda para la Selecci\u00f3n"},"content":{"rendered":"<p style=\"font-weight: 400; text-align: justify;\"><span style=\"font-family: helvetica, arial, sans-serif;\"><b>Neymar<\/b><span style=\"font-weight: 400;\"> protagoniz\u00f3 una gran presentaci\u00f3n por todo lo alto con el Al-Hilal de Arabia Saudita recientemente, pero este domingo se conoci\u00f3 la tremenda sorpresa de que el delantero no podr\u00e1 jugar con su nuevo club por ahora, debido a una lesi\u00f3n.\u00a0<\/span><\/span><\/p>\n<p style=\"font-weight: 400; text-align: justify;\"><span style=\"font-family: helvetica, arial, sans-serif;\"><span style=\"font-weight: 400;\">El t\u00e9cnico Jorge Jes\u00fas confes\u00f3 que estaba sorprendido por la convocatoria de <\/span><b>Neymar a la Selecci\u00f3n de Brasil,<\/b><span style=\"font-weight: 400;\"> pues el delantero lleg\u00f3 con una \u201cpeque\u00f1a lesi\u00f3n\u201d que le impide entrenar con Al-Hilal por ahora.\u00a0<\/span><\/span><\/p>\n<p style=\"font-weight: 400; text-align: justify;\"><span style=\"font-family: helvetica, arial, sans-serif;\"><span style=\"font-weight: 400;\">\"Ha llegado con una peque\u00f1a lesi\u00f3n y no podr\u00e1 entrenar todav\u00eda con el equipo. <\/span><b>No s\u00e9 cu\u00e1ndo estar\u00e1 suficientemente <\/b><span style=\"font-weight: 400;\">en forma para jugar\", declar\u00f3 el portugu\u00e9s durante una rueda de prensa despu\u00e9s del empate 1-1 de su equipo contra el Al-Feiha.<\/span><\/span><\/p>\n<p style=\"font-weight: 400; text-align: justify;\"><span style=\"font-weight: 400; font-family: helvetica, arial, sans-serif;\">Neymar fue uno de los asistentes al empate desde las tribunas en el estadio internacional Rey Fahd.\u00a0<\/span><\/p>\n<p style=\"font-weight: 400; text-align: justify;\"><span style=\"font-family: helvetica, arial, sans-serif;\"><span style=\"font-weight: 400;\">Las palabras del nuevo t\u00e9cnico de Neymar llegan un d\u00eda despu\u00e9s de que la Selecci\u00f3n de Brasil <\/span><b>confirmara la lista de 23 jugadores <\/b><span style=\"font-weight: 400;\">convocados para el debut en las Eliminatorias al Mundial de 2026.\u00a0<\/span><\/span><\/p>\n<p style=\"font-weight: 400; text-align: justify;\"><span style=\"font-family: helvetica, arial, sans-serif;\"><span style=\"font-weight: 400;\">Brasil arranca las Eliminatorias contra <\/span><b>Bolivia<\/b><span style=\"font-weight: 400;\"> el 8 de septiembre de local y posteriormente se medir\u00e1 a <\/span><b>Per\u00fa<\/b><span style=\"font-weight: 400;\"> en Lima el 12 del mismo mes.\u00a0<\/span><\/span><\/p>\n<p style=\"font-weight: 400; text-align: justify;\"><span style=\"font-family: helvetica, arial, sans-serif;\"><span style=\"font-weight: 400;\">\"No puede jugar para la Sele\u00e7ao. <\/span><b>Est\u00e1 lesionado.<\/b><span style=\"font-weight: 400;\"> Pienso incluso que no deber\u00eda ir a Brasil. Debe recuperarse de un problema muscular para comenzar a jugar, y es lo que le hace falta\", dijo Jorge Jesus.<\/span><\/span><\/p>\n<p style=\"font-weight: 400; text-align: justify;\"><span style=\"font-family: helvetica, arial, sans-serif;\"><span style=\"font-weight: 400;\">\"El departamento <\/span><b>m\u00e9dico de la selecci\u00f3n brasile\u00f1a<\/b><span style=\"font-weight: 400;\"> masculina de f\u00fatbol vigila el estado de salud de Neymar desde hace varios d\u00edas\", respondi\u00f3 la Confederaci\u00f3n Brasile\u00f1a de F\u00fatbol (CBF) en un comunicado.\u00a0<\/span><\/span><\/p>\n<p style=\"font-weight: 400; text-align: justify;\"><span style=\"font-family: helvetica, arial, sans-serif;\"><span style=\"font-weight: 400;\">\"La comisi\u00f3n t\u00e9cnica es consciente de la situaci\u00f3n y est\u00e1 en contacto permanente con el jugador para <\/span><b>seguir la evoluci\u00f3n de su estado\",<\/b><span style=\"font-weight: 400;\"> a\u00f1ade la CBF.\u00a0<\/span><\/span><\/p>\n<p style=\"font-weight: 400; text-align: justify;\"><span style=\"font-family: helvetica, arial, sans-serif;\"><span style=\"font-weight: 400;\">Neymar disput\u00f3 su \u00faltimo partido con PSG el pasado 3 de agosto, anotando un <\/span><b>doblete y dando una asistencia <\/b><span style=\"font-weight: 400;\">contra el Jeonbuk Motors, en un <\/span><b>amistoso<\/b><span style=\"font-weight: 400;\">.<\/span><\/span><\/p>\n","protected":false},"excerpt":{"rendered":"<p>Neymar protagoniz\u00f3 una gran presentaci\u00f3n por todo lo alto con el Al-Hilal de Arabia Saudita recientemente, pero este domingo se conoci\u00f3 la tremenda sorpresa de que el delantero no podr\u00e1 jugar con su nuevo club por ahora, debido a una lesi\u00f3n.\u00a0 El t\u00e9cnico Jorge Jes\u00fas confes\u00f3 que estaba sorprendido por la convocatoria de Neymar a [&hellip;]<\/p>\n","protected":false},"author":4,"featured_media":98258,"comment_status":"open","ping_status":"open","sticky":false,"template":"","format":"standard","meta":{"_acf_changed":false,"footnotes":""},"categories":[152],"tags":[],"class_list":{"0":"post-98257","1":"post","2":"type-post","3":"status-publish","4":"format-standard","5":"has-post-thumbnail","7":"category-mundo-futbol"},"acf":[],"yoast_head":"<!-- This site is optimized with the Yoast SEO plugin v26.8 - https:\/\/yoast.com\/product\/yoast-seo-wordpress\/ -->\n<title>Inesperada sorpresa: Neymar no podr\u00e1 jugar con Al-Hilal y es duda para la Selecci\u00f3n -<\/title>\n<meta name=\"robots\" content=\"index, follow, max-snippet:-1, max-image-preview:large, max-video-preview:-1\" \/>\n<link rel=\"canonical\" href=\"https:\/\/futbolhoy.co\/index.php\/2023\/08\/20\/inesperada-sorpresa-neymar-no-podra-jugar-con-al-hilal-y-es-duda-para-la-seleccion\/\" \/>\n<meta property=\"og:locale\" content=\"es_ES\" \/>\n<meta property=\"og:type\" content=\"article\" \/>\n<meta property=\"og:title\" content=\"Inesperada sorpresa: Neymar no podr\u00e1 jugar con Al-Hilal y es duda para la Selecci\u00f3n -\" \/>\n<meta property=\"og:description\" content=\"Neymar protagoniz\u00f3 una gran presentaci\u00f3n por todo lo alto con el Al-Hilal de Arabia Saudita recientemente, pero este domingo se conoci\u00f3 la tremenda sorpresa de que el delantero no podr\u00e1 jugar con su nuevo club por ahora, debido a una lesi\u00f3n.\u00a0 El t\u00e9cnico Jorge Jes\u00fas confes\u00f3 que estaba sorprendido por la convocatoria de Neymar a [&hellip;]\" \/>\n<meta property=\"og:url\" content=\"https:\/\/futbolhoy.co\/index.php\/2023\/08\/20\/inesperada-sorpresa-neymar-no-podra-jugar-con-al-hilal-y-es-duda-para-la-seleccion\/\" \/>\n<meta property=\"article:publisher\" content=\"https:\/\/www.facebook.com\/FutbolHoyCol\/\" \/>\n<meta property=\"article:published_time\" content=\"2023-08-20T16:09:54+00:00\" \/>\n<meta property=\"article:modified_time\" content=\"2023-08-21T01:18:27+00:00\" \/>\n<meta property=\"og:image\" content=\"https:\/\/futbolhoy.co\/wp-content\/uploads\/2023\/08\/IMG_6280.jpeg\" \/>\n\t<meta property=\"og:image:width\" content=\"2048\" \/>\n\t<meta property=\"og:image:height\" content=\"1385\" \/>\n\t<meta property=\"og:image:type\" content=\"image\/jpeg\" \/>\n<meta name=\"author\" content=\"contenido\" \/>\n<meta name=\"twitter:card\" content=\"summary_large_image\" \/>\n<meta name=\"twitter:creator\" content=\"@FutbolHoyCol\" \/>\n<meta name=\"twitter:site\" content=\"@FutbolHoyCol\" \/>\n<meta name=\"twitter:label1\" content=\"Escrito por\" \/>\n\t<meta name=\"twitter:data1\" content=\"contenido\" \/>\n\t<meta name=\"twitter:label2\" content=\"Tiempo de lectura\" \/>\n\t<meta name=\"twitter:data2\" content=\"2 minutos\" \/>\n<script type=\"application\/ld+json\" class=\"yoast-schema-graph\">{\"@context\":\"https:\/\/schema.org\",\"@graph\":[{\"@type\":\"Article\",\"@id\":\"https:\/\/futbolhoy.co\/index.php\/2023\/08\/20\/inesperada-sorpresa-neymar-no-podra-jugar-con-al-hilal-y-es-duda-para-la-seleccion\/#article\",\"isPartOf\":{\"@id\":\"https:\/\/futbolhoy.co\/index.php\/2023\/08\/20\/inesperada-sorpresa-neymar-no-podra-jugar-con-al-hilal-y-es-duda-para-la-seleccion\/\"},\"author\":{\"name\":\"contenido\",\"@id\":\"https:\/\/futbolhoy.co\/#\/schema\/person\/1721b69355b6623eaff15ac7b92d4cc3\"},\"headline\":\"Inesperada sorpresa: Neymar no podr\u00e1 jugar con Al-Hilal y es duda para la Selecci\u00f3n\",\"datePublished\":\"2023-08-20T16:09:54+00:00\",\"dateModified\":\"2023-08-21T01:18:27+00:00\",\"mainEntityOfPage\":{\"@id\":\"https:\/\/futbolhoy.co\/index.php\/2023\/08\/20\/inesperada-sorpresa-neymar-no-podra-jugar-con-al-hilal-y-es-duda-para-la-seleccion\/\"},\"wordCount\":353,\"commentCount\":0,\"publisher\":{\"@id\":\"https:\/\/futbolhoy.co\/#organization\"},\"image\":{\"@id\":\"https:\/\/futbolhoy.co\/index.php\/2023\/08\/20\/inesperada-sorpresa-neymar-no-podra-jugar-con-al-hilal-y-es-duda-para-la-seleccion\/#primaryimage\"},\"thumbnailUrl\":\"https:\/\/futbolhoy.co\/wp-content\/uploads\/2023\/08\/IMG_6280.jpeg\",\"articleSection\":[\"Mundo Futbol\"],\"inLanguage\":\"es\",\"potentialAction\":[{\"@type\":\"CommentAction\",\"name\":\"Comment\",\"target\":[\"https:\/\/futbolhoy.co\/index.php\/2023\/08\/20\/inesperada-sorpresa-neymar-no-podra-jugar-con-al-hilal-y-es-duda-para-la-seleccion\/#respond\"]}]},{\"@type\":\"WebPage\",\"@id\":\"https:\/\/futbolhoy.co\/index.php\/2023\/08\/20\/inesperada-sorpresa-neymar-no-podra-jugar-con-al-hilal-y-es-duda-para-la-seleccion\/\",\"url\":\"https:\/\/futbolhoy.co\/index.php\/2023\/08\/20\/inesperada-sorpresa-neymar-no-podra-jugar-con-al-hilal-y-es-duda-para-la-seleccion\/\",\"name\":\"Inesperada sorpresa: Neymar no podr\u00e1 jugar con Al-Hilal y es duda para la Selecci\u00f3n -\",\"isPartOf\":{\"@id\":\"https:\/\/futbolhoy.co\/#website\"},\"primaryImageOfPage\":{\"@id\":\"https:\/\/futbolhoy.co\/index.php\/2023\/08\/20\/inesperada-sorpresa-neymar-no-podra-jugar-con-al-hilal-y-es-duda-para-la-seleccion\/#primaryimage\"},\"image\":{\"@id\":\"https:\/\/futbolhoy.co\/index.php\/2023\/08\/20\/inesperada-sorpresa-neymar-no-podra-jugar-con-al-hilal-y-es-duda-para-la-seleccion\/#primaryimage\"},\"thumbnailUrl\":\"https:\/\/futbolhoy.co\/wp-content\/uploads\/2023\/08\/IMG_6280.jpeg\",\"datePublished\":\"2023-08-20T16:09:54+00:00\",\"dateModified\":\"2023-08-21T01:18:27+00:00\",\"breadcrumb\":{\"@id\":\"https:\/\/futbolhoy.co\/index.php\/2023\/08\/20\/inesperada-sorpresa-neymar-no-podra-jugar-con-al-hilal-y-es-duda-para-la-seleccion\/#breadcrumb\"},\"inLanguage\":\"es\",\"potentialAction\":[{\"@type\":\"ReadAction\",\"target\":[\"https:\/\/futbolhoy.co\/index.php\/2023\/08\/20\/inesperada-sorpresa-neymar-no-podra-jugar-con-al-hilal-y-es-duda-para-la-seleccion\/\"]}]},{\"@type\":\"ImageObject\",\"inLanguage\":\"es\",\"@id\":\"https:\/\/futbolhoy.co\/index.php\/2023\/08\/20\/inesperada-sorpresa-neymar-no-podra-jugar-con-al-hilal-y-es-duda-para-la-seleccion\/#primaryimage\",\"url\":\"https:\/\/futbolhoy.co\/wp-content\/uploads\/2023\/08\/IMG_6280.jpeg\",\"contentUrl\":\"https:\/\/futbolhoy.co\/wp-content\/uploads\/2023\/08\/IMG_6280.jpeg\",\"width\":2048,\"height\":1385},{\"@type\":\"BreadcrumbList\",\"@id\":\"https:\/\/futbolhoy.co\/index.php\/2023\/08\/20\/inesperada-sorpresa-neymar-no-podra-jugar-con-al-hilal-y-es-duda-para-la-seleccion\/#breadcrumb\",\"itemListElement\":[{\"@type\":\"ListItem\",\"position\":1,\"name\":\"Portada\",\"item\":\"https:\/\/futbolhoy.co\/\"},{\"@type\":\"ListItem\",\"position\":2,\"name\":\"Inesperada sorpresa: Neymar no podr\u00e1 jugar con Al-Hilal y es duda para la Selecci\u00f3n\"}]},{\"@type\":\"WebSite\",\"@id\":\"https:\/\/futbolhoy.co\/#website\",\"url\":\"https:\/\/futbolhoy.co\/\",\"name\":\"FutbolHoy\",\"description\":\"\",\"publisher\":{\"@id\":\"https:\/\/futbolhoy.co\/#organization\"},\"potentialAction\":[{\"@type\":\"SearchAction\",\"target\":{\"@type\":\"EntryPoint\",\"urlTemplate\":\"https:\/\/futbolhoy.co\/?s={search_term_string}\"},\"query-input\":{\"@type\":\"PropertyValueSpecification\",\"valueRequired\":true,\"valueName\":\"search_term_string\"}}],\"inLanguage\":\"es\"},{\"@type\":\"Organization\",\"@id\":\"https:\/\/futbolhoy.co\/#organization\",\"name\":\"Futbolhoy.co\",\"url\":\"https:\/\/futbolhoy.co\/\",\"logo\":{\"@type\":\"ImageObject\",\"inLanguage\":\"es\",\"@id\":\"https:\/\/futbolhoy.co\/#\/schema\/logo\/image\/\",\"url\":\"https:\/\/futbolhoy.co\/wp-content\/uploads\/2018\/08\/17426380_1906371736249227_6326180412931521141_n.jpg\",\"contentUrl\":\"https:\/\/futbolhoy.co\/wp-content\/uploads\/2018\/08\/17426380_1906371736249227_6326180412931521141_n.jpg\",\"width\":960,\"height\":960,\"caption\":\"Futbolhoy.co\"},\"image\":{\"@id\":\"https:\/\/futbolhoy.co\/#\/schema\/logo\/image\/\"},\"sameAs\":[\"https:\/\/www.facebook.com\/FutbolHoyCol\/\",\"https:\/\/x.com\/FutbolHoyCol\",\"https:\/\/www.instagram.com\/futbolhoycol\/\"]},{\"@type\":\"Person\",\"@id\":\"https:\/\/futbolhoy.co\/#\/schema\/person\/1721b69355b6623eaff15ac7b92d4cc3\",\"name\":\"contenido\",\"image\":{\"@type\":\"ImageObject\",\"inLanguage\":\"es\",\"@id\":\"https:\/\/futbolhoy.co\/#\/schema\/person\/image\/\",\"url\":\"https:\/\/secure.gravatar.com\/avatar\/4f656d3256f5134f466206e7c3941518?s=96&d=mm&r=g\",\"contentUrl\":\"https:\/\/secure.gravatar.com\/avatar\/4f656d3256f5134f466206e7c3941518?s=96&d=mm&r=g\",\"caption\":\"contenido\"}}]}<\/script>\n<!-- \/ Yoast SEO plugin. -->","yoast_head_json":{"title":"Inesperada sorpresa: Neymar no podr\u00e1 jugar con Al-Hilal y es duda para la Selecci\u00f3n -","robots":{"index":"index","follow":"follow","max-snippet":"max-snippet:-1","max-image-preview":"max-image-preview:large","max-video-preview":"max-video-preview:-1"},"canonical":"https:\/\/futbolhoy.co\/index.php\/2023\/08\/20\/inesperada-sorpresa-neymar-no-podra-jugar-con-al-hilal-y-es-duda-para-la-seleccion\/","og_locale":"es_ES","og_type":"article","og_title":"Inesperada sorpresa: Neymar no podr\u00e1 jugar con Al-Hilal y es duda para la Selecci\u00f3n -","og_description":"Neymar protagoniz\u00f3 una gran presentaci\u00f3n por todo lo alto con el Al-Hilal de Arabia Saudita recientemente, pero este domingo se conoci\u00f3 la tremenda sorpresa de que el delantero no podr\u00e1 jugar con su nuevo club por ahora, debido a una lesi\u00f3n.\u00a0 El t\u00e9cnico Jorge Jes\u00fas confes\u00f3 que estaba sorprendido por la convocatoria de Neymar a [&hellip;]","og_url":"https:\/\/futbolhoy.co\/index.php\/2023\/08\/20\/inesperada-sorpresa-neymar-no-podra-jugar-con-al-hilal-y-es-duda-para-la-seleccion\/","article_publisher":"https:\/\/www.facebook.com\/FutbolHoyCol\/","article_published_time":"2023-08-20T16:09:54+00:00","article_modified_time":"2023-08-21T01:18:27+00:00","og_image":[{"width":2048,"height":1385,"url":"https:\/\/futbolhoy.co\/wp-content\/uploads\/2023\/08\/IMG_6280.jpeg","type":"image\/jpeg"}],"author":"contenido","twitter_card":"summary_large_image","twitter_creator":"@FutbolHoyCol","twitter_site":"@FutbolHoyCol","twitter_misc":{"Escrito por":"contenido","Tiempo de lectura":"2 minutos"},"schema":{"@context":"https:\/\/schema.org","@graph":[{"@type":"Article","@id":"https:\/\/futbolhoy.co\/index.php\/2023\/08\/20\/inesperada-sorpresa-neymar-no-podra-jugar-con-al-hilal-y-es-duda-para-la-seleccion\/#article","isPartOf":{"@id":"https:\/\/futbolhoy.co\/index.php\/2023\/08\/20\/inesperada-sorpresa-neymar-no-podra-jugar-con-al-hilal-y-es-duda-para-la-seleccion\/"},"author":{"name":"contenido","@id":"https:\/\/futbolhoy.co\/#\/schema\/person\/1721b69355b6623eaff15ac7b92d4cc3"},"headline":"Inesperada sorpresa: Neymar no podr\u00e1 jugar con Al-Hilal y es duda para la Selecci\u00f3n","datePublished":"2023-08-20T16:09:54+00:00","dateModified":"2023-08-21T01:18:27+00:00","mainEntityOfPage":{"@id":"https:\/\/futbolhoy.co\/index.php\/2023\/08\/20\/inesperada-sorpresa-neymar-no-podra-jugar-con-al-hilal-y-es-duda-para-la-seleccion\/"},"wordCount":353,"commentCount":0,"publisher":{"@id":"https:\/\/futbolhoy.co\/#organization"},"image":{"@id":"https:\/\/futbolhoy.co\/index.php\/2023\/08\/20\/inesperada-sorpresa-neymar-no-podra-jugar-con-al-hilal-y-es-duda-para-la-seleccion\/#primaryimage"},"thumbnailUrl":"https:\/\/futbolhoy.co\/wp-content\/uploads\/2023\/08\/IMG_6280.jpeg","articleSection":["Mundo Futbol"],"inLanguage":"es","potentialAction":[{"@type":"CommentAction","name":"Comment","target":["https:\/\/futbolhoy.co\/index.php\/2023\/08\/20\/inesperada-sorpresa-neymar-no-podra-jugar-con-al-hilal-y-es-duda-para-la-seleccion\/#respond"]}]},{"@type":"WebPage","@id":"https:\/\/futbolhoy.co\/index.php\/2023\/08\/20\/inesperada-sorpresa-neymar-no-podra-jugar-con-al-hilal-y-es-duda-para-la-seleccion\/","url":"https:\/\/futbolhoy.co\/index.php\/2023\/08\/20\/inesperada-sorpresa-neymar-no-podra-jugar-con-al-hilal-y-es-duda-para-la-seleccion\/","name":"Inesperada sorpresa: Neymar no podr\u00e1 jugar con Al-Hilal y es duda para la Selecci\u00f3n -","isPartOf":{"@id":"https:\/\/futbolhoy.co\/#website"},"primaryImageOfPage":{"@id":"https:\/\/futbolhoy.co\/index.php\/2023\/08\/20\/inesperada-sorpresa-neymar-no-podra-jugar-con-al-hilal-y-es-duda-para-la-seleccion\/#primaryimage"},"image":{"@id":"https:\/\/futbolhoy.co\/index.php\/2023\/08\/20\/inesperada-sorpresa-neymar-no-podra-jugar-con-al-hilal-y-es-duda-para-la-seleccion\/#primaryimage"},"thumbnailUrl":"https:\/\/futbolhoy.co\/wp-content\/uploads\/2023\/08\/IMG_6280.jpeg","datePublished":"2023-08-20T16:09:54+00:00","dateModified":"2023-08-21T01:18:27+00:00","breadcrumb":{"@id":"https:\/\/futbolhoy.co\/index.php\/2023\/08\/20\/inesperada-sorpresa-neymar-no-podra-jugar-con-al-hilal-y-es-duda-para-la-seleccion\/#breadcrumb"},"inLanguage":"es","potentialAction":[{"@type":"ReadAction","target":["https:\/\/futbolhoy.co\/index.php\/2023\/08\/20\/inesperada-sorpresa-neymar-no-podra-jugar-con-al-hilal-y-es-duda-para-la-seleccion\/"]}]},{"@type":"ImageObject","inLanguage":"es","@id":"https:\/\/futbolhoy.co\/index.php\/2023\/08\/20\/inesperada-sorpresa-neymar-no-podra-jugar-con-al-hilal-y-es-duda-para-la-seleccion\/#primaryimage","url":"https:\/\/futbolhoy.co\/wp-content\/uploads\/2023\/08\/IMG_6280.jpeg","contentUrl":"https:\/\/futbolhoy.co\/wp-content\/uploads\/2023\/08\/IMG_6280.jpeg","width":2048,"height":1385},{"@type":"BreadcrumbList","@id":"https:\/\/futbolhoy.co\/index.php\/2023\/08\/20\/inesperada-sorpresa-neymar-no-podra-jugar-con-al-hilal-y-es-duda-para-la-seleccion\/#breadcrumb","itemListElement":[{"@type":"ListItem","position":1,"name":"Portada","item":"https:\/\/futbolhoy.co\/"},{"@type":"ListItem","position":2,"name":"Inesperada sorpresa: Neymar no podr\u00e1 jugar con Al-Hilal y es duda para la Selecci\u00f3n"}]},{"@type":"WebSite","@id":"https:\/\/futbolhoy.co\/#website","url":"https:\/\/futbolhoy.co\/","name":"FutbolHoy","description":"","publisher":{"@id":"https:\/\/futbolhoy.co\/#organization"},"potentialAction":[{"@type":"SearchAction","target":{"@type":"EntryPoint","urlTemplate":"https:\/\/futbolhoy.co\/?s={search_term_string}"},"query-input":{"@type":"PropertyValueSpecification","valueRequired":true,"valueName":"search_term_string"}}],"inLanguage":"es"},{"@type":"Organization","@id":"https:\/\/futbolhoy.co\/#organization","name":"Futbolhoy.co","url":"https:\/\/futbolhoy.co\/","logo":{"@type":"ImageObject","inLanguage":"es","@id":"https:\/\/futbolhoy.co\/#\/schema\/logo\/image\/","url":"https:\/\/futbolhoy.co\/wp-content\/uploads\/2018\/08\/17426380_1906371736249227_6326180412931521141_n.jpg","contentUrl":"https:\/\/futbolhoy.co\/wp-content\/uploads\/2018\/08\/17426380_1906371736249227_6326180412931521141_n.jpg","width":960,"height":960,"caption":"Futbolhoy.co"},"image":{"@id":"https:\/\/futbolhoy.co\/#\/schema\/logo\/image\/"},"sameAs":["https:\/\/www.facebook.com\/FutbolHoyCol\/","https:\/\/x.com\/FutbolHoyCol","https:\/\/www.instagram.com\/futbolhoycol\/"]},{"@type":"Person","@id":"https:\/\/futbolhoy.co\/#\/schema\/person\/1721b69355b6623eaff15ac7b92d4cc3","name":"contenido","image":{"@type":"ImageObject","inLanguage":"es","@id":"https:\/\/futbolhoy.co\/#\/schema\/person\/image\/","url":"https:\/\/secure.gravatar.com\/avatar\/4f656d3256f5134f466206e7c3941518?s=96&d=mm&r=g","contentUrl":"https:\/\/secure.gravatar.com\/avatar\/4f656d3256f5134f466206e7c3941518?s=96&d=mm&r=g","caption":"contenido"}}]}},"publishpress_future_action":{"enabled":false,"date":"2026-05-06 14:00:15","action":"change-status","newStatus":"draft","terms":[],"taxonomy":"category","extraData":[]},"publishpress_future_workflow_manual_trigger":{"enabledWorkflows":[]},"_links":{"self":[{"href":"https:\/\/futbolhoy.co\/index.php\/wp-json\/wp\/v2\/posts\/98257","targetHints":{"allow":["GET"]}}],"collection":[{"href":"https:\/\/futbolhoy.co\/index.php\/wp-json\/wp\/v2\/posts"}],"about":[{"href":"https:\/\/futbolhoy.co\/index.php\/wp-json\/wp\/v2\/types\/post"}],"author":[{"embeddable":true,"href":"https:\/\/futbolhoy.co\/index.php\/wp-json\/wp\/v2\/users\/4"}],"replies":[{"embeddable":true,"href":"https:\/\/futbolhoy.co\/index.php\/wp-json\/wp\/v2\/comments?post=98257"}],"version-history":[{"count":1,"href":"https:\/\/futbolhoy.co\/index.php\/wp-json\/wp\/v2\/posts\/98257\/revisions"}],"predecessor-version":[{"id":98259,"href":"https:\/\/futbolhoy.co\/index.php\/wp-json\/wp\/v2\/posts\/98257\/revisions\/98259"}],"wp:featuredmedia":[{"embeddable":true,"href":"https:\/\/futbolhoy.co\/index.php\/wp-json\/wp\/v2\/media\/98258"}],"wp:attachment":[{"href":"https:\/\/futbolhoy.co\/index.php\/wp-json\/wp\/v2\/media?parent=98257"}],"wp:term":[{"taxonomy":"category","embeddable":true,"href":"https:\/\/futbolhoy.co\/index.php\/wp-json\/wp\/v2\/categories?post=98257"},{"taxonomy":"post_tag","embeddable":true,"href":"https:\/\/futbolhoy.co\/index.php\/wp-json\/wp\/v2\/tags?post=98257"}],"curies":[{"name":"wp","href":"https:\/\/api.w.org\/{rel}","templated":true}]}}