{"id":98266,"date":"2023-08-20T14:32:53","date_gmt":"2023-08-20T19:32:53","guid":{"rendered":"https:\/\/futbolhoy.co\/?p=98266"},"modified":"2023-08-21T18:00:27","modified_gmt":"2023-08-21T23:00:27","slug":"la-equidad-reclamara-los-puntos-del-partido-contra-junior","status":"publish","type":"post","link":"https:\/\/futbolhoy.co\/index.php\/2023\/08\/20\/la-equidad-reclamara-los-puntos-del-partido-contra-junior\/","title":{"rendered":"La Equidad reclamar\u00e1 los puntos del partido contra Junior"},"content":{"rendered":"<p class=\"x_ydpaeb9d139MsoNormal\" style=\"text-align: justify;\"><span style=\"font-family: helvetica, arial, sans-serif;\"><b><span lang=\"ES-MX\">El presidente de La Equidad, Carlos Mario Zuluaga,\u00a0<\/span><\/b><span lang=\"ES-MX\">asegur\u00f3 que exigir\u00e1 ante\u00a0<b>Dimayor los tres puntos<\/b>\u00a0del partido que igualaron 0-0 este s\u00e1bado en el\u00a0<b>estadio de Techo ante el Junior;<\/b>\u00a0y el cual fue suspendido por falta de garant\u00edas.<\/span><\/span><\/p>\n<p class=\"x_ydpaeb9d139MsoNormal\" style=\"text-align: justify;\"><span lang=\"ES-MX\" style=\"font-family: helvetica, arial, sans-serif;\">El dirigente manifest\u00f3 que el \u00e1rbitro\u00a0<b>Diego Ulloa<\/b>\u00a0\u201ctermin\u00f3 de manera irregular el partido, como si hubiera cumplido el tiempo; lo hizo de una forma irregular, porque los jueces de l\u00ednea hab\u00edan abandonado su puesto de trabajo y estaban a su lado en el centro de la cancha\u201d.<\/span><\/p>\n<p class=\"x_ydpaeb9d139MsoNormal\" style=\"text-align: justify;\"><span lang=\"ES-MX\" style=\"font-family: helvetica, arial, sans-serif;\">Seg\u00fan Zuluaga, esperar\u00e1n a leer el informe arbitral para recurrir ante la instancia correspondiente, ya que seg\u00fan informaciones que \u00e9l tiene, los\u00a0<b>\u2018tiburones\u2019<\/b>\u00a0tambi\u00e9n buscar\u00edan los puntos en disputa.<\/span><\/p>\n<p class=\"x_ydpaeb9d139MsoNormal\" style=\"text-align: justify;\"><span lang=\"ES-MX\" style=\"font-family: helvetica, arial, sans-serif;\">En\u00a0<i>Caracol Radio<\/i>, el presidente\u00a0<b>\u2018asegurador\u2019<\/b>, dej\u00f3 en claro que la rectora del f\u00fatbol de clubes en el pa\u00eds debe tomar decisiones para situaciones como la presentada en los \u00faltimos minutos de este partido.<\/span><\/p>\n<p class=\"x_ydpaeb9d139MsoNormal\" style=\"text-align: justify;\"><span lang=\"ES-MX\" style=\"font-family: helvetica, arial, sans-serif;\">En el cierre del juego el asistente de l\u00ednea dos,\u00a0<b>Elkin Echavarr\u00eda<\/b>, fue agredido desde la tribuna ocupada por la hinchada visitante, Ulloa consider\u00f3 que no hab\u00eda garant\u00edas para cumplir con los minutos finales, pero se\u00f1al\u00f3 el centro del campo al tiempo que pitaba el final de las acciones, en un procedimiento extra\u00f1o.<\/span><\/p>\n<p class=\"x_ydpaeb9d139MsoNormal\" style=\"text-align: justify;\"><span lang=\"ES-MX\" style=\"font-family: helvetica, arial, sans-serif;\">Adem\u00e1s, los aficionados del Junior protagonizaron desmanes luego de concluido el compromiso.<\/span><\/p>\n","protected":false},"excerpt":{"rendered":"<p>El presidente de La Equidad, Carlos Mario Zuluaga,\u00a0asegur\u00f3 que exigir\u00e1 ante\u00a0Dimayor los tres puntos\u00a0del partido que igualaron 0-0 este s\u00e1bado en el\u00a0estadio de Techo ante el Junior;\u00a0y el cual fue suspendido por falta de garant\u00edas. El dirigente manifest\u00f3 que el \u00e1rbitro\u00a0Diego Ulloa\u00a0\u201ctermin\u00f3 de manera irregular el partido, como si hubiera cumplido el tiempo; lo hizo [&hellip;]<\/p>\n","protected":false},"author":4,"featured_media":98268,"comment_status":"open","ping_status":"open","sticky":false,"template":"","format":"standard","meta":{"_acf_changed":false,"footnotes":""},"categories":[7],"tags":[],"class_list":{"0":"post-98266","1":"post","2":"type-post","3":"status-publish","4":"format-standard","5":"has-post-thumbnail","7":"category-liga-betplay"},"acf":[],"yoast_head":"<!-- This site is optimized with the Yoast SEO plugin v26.8 - https:\/\/yoast.com\/product\/yoast-seo-wordpress\/ -->\n<title>La Equidad reclamar\u00e1 los puntos del partido contra Junior -<\/title>\n<meta name=\"robots\" content=\"index, follow, max-snippet:-1, max-image-preview:large, max-video-preview:-1\" \/>\n<link rel=\"canonical\" href=\"https:\/\/futbolhoy.co\/index.php\/2023\/08\/20\/la-equidad-reclamara-los-puntos-del-partido-contra-junior\/\" \/>\n<meta property=\"og:locale\" content=\"es_ES\" \/>\n<meta property=\"og:type\" content=\"article\" \/>\n<meta property=\"og:title\" content=\"La Equidad reclamar\u00e1 los puntos del partido contra Junior -\" \/>\n<meta property=\"og:description\" content=\"El presidente de La Equidad, Carlos Mario Zuluaga,\u00a0asegur\u00f3 que exigir\u00e1 ante\u00a0Dimayor los tres puntos\u00a0del partido que igualaron 0-0 este s\u00e1bado en el\u00a0estadio de Techo ante el Junior;\u00a0y el cual fue suspendido por falta de garant\u00edas. El dirigente manifest\u00f3 que el \u00e1rbitro\u00a0Diego Ulloa\u00a0\u201ctermin\u00f3 de manera irregular el partido, como si hubiera cumplido el tiempo; lo hizo [&hellip;]\" \/>\n<meta property=\"og:url\" content=\"https:\/\/futbolhoy.co\/index.php\/2023\/08\/20\/la-equidad-reclamara-los-puntos-del-partido-contra-junior\/\" \/>\n<meta property=\"article:publisher\" content=\"https:\/\/www.facebook.com\/FutbolHoyCol\/\" \/>\n<meta property=\"article:published_time\" content=\"2023-08-20T19:32:53+00:00\" \/>\n<meta property=\"article:modified_time\" content=\"2023-08-21T23:00:27+00:00\" \/>\n<meta property=\"og:image\" content=\"https:\/\/futbolhoy.co\/wp-content\/uploads\/2023\/08\/Mesa-de-trabajo-9-80-1.jpg\" \/>\n\t<meta property=\"og:image:width\" content=\"800\" \/>\n\t<meta property=\"og:image:height\" content=\"600\" \/>\n\t<meta property=\"og:image:type\" content=\"image\/jpeg\" \/>\n<meta name=\"author\" content=\"contenido\" \/>\n<meta name=\"twitter:card\" content=\"summary_large_image\" \/>\n<meta name=\"twitter:creator\" content=\"@FutbolHoyCol\" \/>\n<meta name=\"twitter:site\" content=\"@FutbolHoyCol\" \/>\n<meta name=\"twitter:label1\" content=\"Escrito por\" \/>\n\t<meta name=\"twitter:data1\" content=\"contenido\" \/>\n\t<meta name=\"twitter:label2\" content=\"Tiempo de lectura\" \/>\n\t<meta name=\"twitter:data2\" content=\"1 minuto\" \/>\n<script type=\"application\/ld+json\" class=\"yoast-schema-graph\">{\"@context\":\"https:\/\/schema.org\",\"@graph\":[{\"@type\":\"Article\",\"@id\":\"https:\/\/futbolhoy.co\/index.php\/2023\/08\/20\/la-equidad-reclamara-los-puntos-del-partido-contra-junior\/#article\",\"isPartOf\":{\"@id\":\"https:\/\/futbolhoy.co\/index.php\/2023\/08\/20\/la-equidad-reclamara-los-puntos-del-partido-contra-junior\/\"},\"author\":{\"name\":\"contenido\",\"@id\":\"https:\/\/futbolhoy.co\/#\/schema\/person\/1721b69355b6623eaff15ac7b92d4cc3\"},\"headline\":\"La Equidad reclamar\u00e1 los puntos del partido contra Junior\",\"datePublished\":\"2023-08-20T19:32:53+00:00\",\"dateModified\":\"2023-08-21T23:00:27+00:00\",\"mainEntityOfPage\":{\"@id\":\"https:\/\/futbolhoy.co\/index.php\/2023\/08\/20\/la-equidad-reclamara-los-puntos-del-partido-contra-junior\/\"},\"wordCount\":243,\"commentCount\":0,\"publisher\":{\"@id\":\"https:\/\/futbolhoy.co\/#organization\"},\"image\":{\"@id\":\"https:\/\/futbolhoy.co\/index.php\/2023\/08\/20\/la-equidad-reclamara-los-puntos-del-partido-contra-junior\/#primaryimage\"},\"thumbnailUrl\":\"https:\/\/futbolhoy.co\/wp-content\/uploads\/2023\/08\/Mesa-de-trabajo-9-80-1.jpg\",\"articleSection\":[\"Liga BetPlay\"],\"inLanguage\":\"es\",\"potentialAction\":[{\"@type\":\"CommentAction\",\"name\":\"Comment\",\"target\":[\"https:\/\/futbolhoy.co\/index.php\/2023\/08\/20\/la-equidad-reclamara-los-puntos-del-partido-contra-junior\/#respond\"]}]},{\"@type\":\"WebPage\",\"@id\":\"https:\/\/futbolhoy.co\/index.php\/2023\/08\/20\/la-equidad-reclamara-los-puntos-del-partido-contra-junior\/\",\"url\":\"https:\/\/futbolhoy.co\/index.php\/2023\/08\/20\/la-equidad-reclamara-los-puntos-del-partido-contra-junior\/\",\"name\":\"La Equidad reclamar\u00e1 los puntos del partido contra Junior -\",\"isPartOf\":{\"@id\":\"https:\/\/futbolhoy.co\/#website\"},\"primaryImageOfPage\":{\"@id\":\"https:\/\/futbolhoy.co\/index.php\/2023\/08\/20\/la-equidad-reclamara-los-puntos-del-partido-contra-junior\/#primaryimage\"},\"image\":{\"@id\":\"https:\/\/futbolhoy.co\/index.php\/2023\/08\/20\/la-equidad-reclamara-los-puntos-del-partido-contra-junior\/#primaryimage\"},\"thumbnailUrl\":\"https:\/\/futbolhoy.co\/wp-content\/uploads\/2023\/08\/Mesa-de-trabajo-9-80-1.jpg\",\"datePublished\":\"2023-08-20T19:32:53+00:00\",\"dateModified\":\"2023-08-21T23:00:27+00:00\",\"breadcrumb\":{\"@id\":\"https:\/\/futbolhoy.co\/index.php\/2023\/08\/20\/la-equidad-reclamara-los-puntos-del-partido-contra-junior\/#breadcrumb\"},\"inLanguage\":\"es\",\"potentialAction\":[{\"@type\":\"ReadAction\",\"target\":[\"https:\/\/futbolhoy.co\/index.php\/2023\/08\/20\/la-equidad-reclamara-los-puntos-del-partido-contra-junior\/\"]}]},{\"@type\":\"ImageObject\",\"inLanguage\":\"es\",\"@id\":\"https:\/\/futbolhoy.co\/index.php\/2023\/08\/20\/la-equidad-reclamara-los-puntos-del-partido-contra-junior\/#primaryimage\",\"url\":\"https:\/\/futbolhoy.co\/wp-content\/uploads\/2023\/08\/Mesa-de-trabajo-9-80-1.jpg\",\"contentUrl\":\"https:\/\/futbolhoy.co\/wp-content\/uploads\/2023\/08\/Mesa-de-trabajo-9-80-1.jpg\",\"width\":800,\"height\":600},{\"@type\":\"BreadcrumbList\",\"@id\":\"https:\/\/futbolhoy.co\/index.php\/2023\/08\/20\/la-equidad-reclamara-los-puntos-del-partido-contra-junior\/#breadcrumb\",\"itemListElement\":[{\"@type\":\"ListItem\",\"position\":1,\"name\":\"Portada\",\"item\":\"https:\/\/futbolhoy.co\/\"},{\"@type\":\"ListItem\",\"position\":2,\"name\":\"La Equidad reclamar\u00e1 los puntos del partido contra Junior\"}]},{\"@type\":\"WebSite\",\"@id\":\"https:\/\/futbolhoy.co\/#website\",\"url\":\"https:\/\/futbolhoy.co\/\",\"name\":\"FutbolHoy\",\"description\":\"\",\"publisher\":{\"@id\":\"https:\/\/futbolhoy.co\/#organization\"},\"potentialAction\":[{\"@type\":\"SearchAction\",\"target\":{\"@type\":\"EntryPoint\",\"urlTemplate\":\"https:\/\/futbolhoy.co\/?s={search_term_string}\"},\"query-input\":{\"@type\":\"PropertyValueSpecification\",\"valueRequired\":true,\"valueName\":\"search_term_string\"}}],\"inLanguage\":\"es\"},{\"@type\":\"Organization\",\"@id\":\"https:\/\/futbolhoy.co\/#organization\",\"name\":\"Futbolhoy.co\",\"url\":\"https:\/\/futbolhoy.co\/\",\"logo\":{\"@type\":\"ImageObject\",\"inLanguage\":\"es\",\"@id\":\"https:\/\/futbolhoy.co\/#\/schema\/logo\/image\/\",\"url\":\"https:\/\/futbolhoy.co\/wp-content\/uploads\/2018\/08\/17426380_1906371736249227_6326180412931521141_n.jpg\",\"contentUrl\":\"https:\/\/futbolhoy.co\/wp-content\/uploads\/2018\/08\/17426380_1906371736249227_6326180412931521141_n.jpg\",\"width\":960,\"height\":960,\"caption\":\"Futbolhoy.co\"},\"image\":{\"@id\":\"https:\/\/futbolhoy.co\/#\/schema\/logo\/image\/\"},\"sameAs\":[\"https:\/\/www.facebook.com\/FutbolHoyCol\/\",\"https:\/\/x.com\/FutbolHoyCol\",\"https:\/\/www.instagram.com\/futbolhoycol\/\"]},{\"@type\":\"Person\",\"@id\":\"https:\/\/futbolhoy.co\/#\/schema\/person\/1721b69355b6623eaff15ac7b92d4cc3\",\"name\":\"contenido\",\"image\":{\"@type\":\"ImageObject\",\"inLanguage\":\"es\",\"@id\":\"https:\/\/futbolhoy.co\/#\/schema\/person\/image\/\",\"url\":\"https:\/\/secure.gravatar.com\/avatar\/4f656d3256f5134f466206e7c3941518?s=96&d=mm&r=g\",\"contentUrl\":\"https:\/\/secure.gravatar.com\/avatar\/4f656d3256f5134f466206e7c3941518?s=96&d=mm&r=g\",\"caption\":\"contenido\"}}]}<\/script>\n<!-- \/ Yoast SEO plugin. -->","yoast_head_json":{"title":"La Equidad reclamar\u00e1 los puntos del partido contra Junior -","robots":{"index":"index","follow":"follow","max-snippet":"max-snippet:-1","max-image-preview":"max-image-preview:large","max-video-preview":"max-video-preview:-1"},"canonical":"https:\/\/futbolhoy.co\/index.php\/2023\/08\/20\/la-equidad-reclamara-los-puntos-del-partido-contra-junior\/","og_locale":"es_ES","og_type":"article","og_title":"La Equidad reclamar\u00e1 los puntos del partido contra Junior -","og_description":"El presidente de La Equidad, Carlos Mario Zuluaga,\u00a0asegur\u00f3 que exigir\u00e1 ante\u00a0Dimayor los tres puntos\u00a0del partido que igualaron 0-0 este s\u00e1bado en el\u00a0estadio de Techo ante el Junior;\u00a0y el cual fue suspendido por falta de garant\u00edas. El dirigente manifest\u00f3 que el \u00e1rbitro\u00a0Diego Ulloa\u00a0\u201ctermin\u00f3 de manera irregular el partido, como si hubiera cumplido el tiempo; lo hizo [&hellip;]","og_url":"https:\/\/futbolhoy.co\/index.php\/2023\/08\/20\/la-equidad-reclamara-los-puntos-del-partido-contra-junior\/","article_publisher":"https:\/\/www.facebook.com\/FutbolHoyCol\/","article_published_time":"2023-08-20T19:32:53+00:00","article_modified_time":"2023-08-21T23:00:27+00:00","og_image":[{"width":800,"height":600,"url":"https:\/\/futbolhoy.co\/wp-content\/uploads\/2023\/08\/Mesa-de-trabajo-9-80-1.jpg","type":"image\/jpeg"}],"author":"contenido","twitter_card":"summary_large_image","twitter_creator":"@FutbolHoyCol","twitter_site":"@FutbolHoyCol","twitter_misc":{"Escrito por":"contenido","Tiempo de lectura":"1 minuto"},"schema":{"@context":"https:\/\/schema.org","@graph":[{"@type":"Article","@id":"https:\/\/futbolhoy.co\/index.php\/2023\/08\/20\/la-equidad-reclamara-los-puntos-del-partido-contra-junior\/#article","isPartOf":{"@id":"https:\/\/futbolhoy.co\/index.php\/2023\/08\/20\/la-equidad-reclamara-los-puntos-del-partido-contra-junior\/"},"author":{"name":"contenido","@id":"https:\/\/futbolhoy.co\/#\/schema\/person\/1721b69355b6623eaff15ac7b92d4cc3"},"headline":"La Equidad reclamar\u00e1 los puntos del partido contra Junior","datePublished":"2023-08-20T19:32:53+00:00","dateModified":"2023-08-21T23:00:27+00:00","mainEntityOfPage":{"@id":"https:\/\/futbolhoy.co\/index.php\/2023\/08\/20\/la-equidad-reclamara-los-puntos-del-partido-contra-junior\/"},"wordCount":243,"commentCount":0,"publisher":{"@id":"https:\/\/futbolhoy.co\/#organization"},"image":{"@id":"https:\/\/futbolhoy.co\/index.php\/2023\/08\/20\/la-equidad-reclamara-los-puntos-del-partido-contra-junior\/#primaryimage"},"thumbnailUrl":"https:\/\/futbolhoy.co\/wp-content\/uploads\/2023\/08\/Mesa-de-trabajo-9-80-1.jpg","articleSection":["Liga BetPlay"],"inLanguage":"es","potentialAction":[{"@type":"CommentAction","name":"Comment","target":["https:\/\/futbolhoy.co\/index.php\/2023\/08\/20\/la-equidad-reclamara-los-puntos-del-partido-contra-junior\/#respond"]}]},{"@type":"WebPage","@id":"https:\/\/futbolhoy.co\/index.php\/2023\/08\/20\/la-equidad-reclamara-los-puntos-del-partido-contra-junior\/","url":"https:\/\/futbolhoy.co\/index.php\/2023\/08\/20\/la-equidad-reclamara-los-puntos-del-partido-contra-junior\/","name":"La Equidad reclamar\u00e1 los puntos del partido contra Junior -","isPartOf":{"@id":"https:\/\/futbolhoy.co\/#website"},"primaryImageOfPage":{"@id":"https:\/\/futbolhoy.co\/index.php\/2023\/08\/20\/la-equidad-reclamara-los-puntos-del-partido-contra-junior\/#primaryimage"},"image":{"@id":"https:\/\/futbolhoy.co\/index.php\/2023\/08\/20\/la-equidad-reclamara-los-puntos-del-partido-contra-junior\/#primaryimage"},"thumbnailUrl":"https:\/\/futbolhoy.co\/wp-content\/uploads\/2023\/08\/Mesa-de-trabajo-9-80-1.jpg","datePublished":"2023-08-20T19:32:53+00:00","dateModified":"2023-08-21T23:00:27+00:00","breadcrumb":{"@id":"https:\/\/futbolhoy.co\/index.php\/2023\/08\/20\/la-equidad-reclamara-los-puntos-del-partido-contra-junior\/#breadcrumb"},"inLanguage":"es","potentialAction":[{"@type":"ReadAction","target":["https:\/\/futbolhoy.co\/index.php\/2023\/08\/20\/la-equidad-reclamara-los-puntos-del-partido-contra-junior\/"]}]},{"@type":"ImageObject","inLanguage":"es","@id":"https:\/\/futbolhoy.co\/index.php\/2023\/08\/20\/la-equidad-reclamara-los-puntos-del-partido-contra-junior\/#primaryimage","url":"https:\/\/futbolhoy.co\/wp-content\/uploads\/2023\/08\/Mesa-de-trabajo-9-80-1.jpg","contentUrl":"https:\/\/futbolhoy.co\/wp-content\/uploads\/2023\/08\/Mesa-de-trabajo-9-80-1.jpg","width":800,"height":600},{"@type":"BreadcrumbList","@id":"https:\/\/futbolhoy.co\/index.php\/2023\/08\/20\/la-equidad-reclamara-los-puntos-del-partido-contra-junior\/#breadcrumb","itemListElement":[{"@type":"ListItem","position":1,"name":"Portada","item":"https:\/\/futbolhoy.co\/"},{"@type":"ListItem","position":2,"name":"La Equidad reclamar\u00e1 los puntos del partido contra Junior"}]},{"@type":"WebSite","@id":"https:\/\/futbolhoy.co\/#website","url":"https:\/\/futbolhoy.co\/","name":"FutbolHoy","description":"","publisher":{"@id":"https:\/\/futbolhoy.co\/#organization"},"potentialAction":[{"@type":"SearchAction","target":{"@type":"EntryPoint","urlTemplate":"https:\/\/futbolhoy.co\/?s={search_term_string}"},"query-input":{"@type":"PropertyValueSpecification","valueRequired":true,"valueName":"search_term_string"}}],"inLanguage":"es"},{"@type":"Organization","@id":"https:\/\/futbolhoy.co\/#organization","name":"Futbolhoy.co","url":"https:\/\/futbolhoy.co\/","logo":{"@type":"ImageObject","inLanguage":"es","@id":"https:\/\/futbolhoy.co\/#\/schema\/logo\/image\/","url":"https:\/\/futbolhoy.co\/wp-content\/uploads\/2018\/08\/17426380_1906371736249227_6326180412931521141_n.jpg","contentUrl":"https:\/\/futbolhoy.co\/wp-content\/uploads\/2018\/08\/17426380_1906371736249227_6326180412931521141_n.jpg","width":960,"height":960,"caption":"Futbolhoy.co"},"image":{"@id":"https:\/\/futbolhoy.co\/#\/schema\/logo\/image\/"},"sameAs":["https:\/\/www.facebook.com\/FutbolHoyCol\/","https:\/\/x.com\/FutbolHoyCol","https:\/\/www.instagram.com\/futbolhoycol\/"]},{"@type":"Person","@id":"https:\/\/futbolhoy.co\/#\/schema\/person\/1721b69355b6623eaff15ac7b92d4cc3","name":"contenido","image":{"@type":"ImageObject","inLanguage":"es","@id":"https:\/\/futbolhoy.co\/#\/schema\/person\/image\/","url":"https:\/\/secure.gravatar.com\/avatar\/4f656d3256f5134f466206e7c3941518?s=96&d=mm&r=g","contentUrl":"https:\/\/secure.gravatar.com\/avatar\/4f656d3256f5134f466206e7c3941518?s=96&d=mm&r=g","caption":"contenido"}}]}},"publishpress_future_action":{"enabled":false,"date":"2026-05-06 11:28:29","action":"change-status","newStatus":"draft","terms":[],"taxonomy":"category","extraData":[]},"publishpress_future_workflow_manual_trigger":{"enabledWorkflows":[]},"_links":{"self":[{"href":"https:\/\/futbolhoy.co\/index.php\/wp-json\/wp\/v2\/posts\/98266","targetHints":{"allow":["GET"]}}],"collection":[{"href":"https:\/\/futbolhoy.co\/index.php\/wp-json\/wp\/v2\/posts"}],"about":[{"href":"https:\/\/futbolhoy.co\/index.php\/wp-json\/wp\/v2\/types\/post"}],"author":[{"embeddable":true,"href":"https:\/\/futbolhoy.co\/index.php\/wp-json\/wp\/v2\/users\/4"}],"replies":[{"embeddable":true,"href":"https:\/\/futbolhoy.co\/index.php\/wp-json\/wp\/v2\/comments?post=98266"}],"version-history":[{"count":1,"href":"https:\/\/futbolhoy.co\/index.php\/wp-json\/wp\/v2\/posts\/98266\/revisions"}],"predecessor-version":[{"id":98269,"href":"https:\/\/futbolhoy.co\/index.php\/wp-json\/wp\/v2\/posts\/98266\/revisions\/98269"}],"wp:featuredmedia":[{"embeddable":true,"href":"https:\/\/futbolhoy.co\/index.php\/wp-json\/wp\/v2\/media\/98268"}],"wp:attachment":[{"href":"https:\/\/futbolhoy.co\/index.php\/wp-json\/wp\/v2\/media?parent=98266"}],"wp:term":[{"taxonomy":"category","embeddable":true,"href":"https:\/\/futbolhoy.co\/index.php\/wp-json\/wp\/v2\/categories?post=98266"},{"taxonomy":"post_tag","embeddable":true,"href":"https:\/\/futbolhoy.co\/index.php\/wp-json\/wp\/v2\/tags?post=98266"}],"curies":[{"name":"wp","href":"https:\/\/api.w.org\/{rel}","templated":true}]}}