{"id":98274,"date":"2023-08-20T22:30:59","date_gmt":"2023-08-21T03:30:59","guid":{"rendered":"https:\/\/futbolhoy.co\/?p=98274"},"modified":"2023-08-21T18:54:35","modified_gmt":"2023-08-21T23:54:35","slug":"atletico-nacional-gano-en-neiva-y-sigue-invicto-en-liga","status":"publish","type":"post","link":"https:\/\/futbolhoy.co\/index.php\/2023\/08\/20\/atletico-nacional-gano-en-neiva-y-sigue-invicto-en-liga\/","title":{"rendered":"Atl\u00e9tico Nacional gan\u00f3 en Neiva y sigue invicto en Liga"},"content":{"rendered":"<p class=\"x_ydpa898eb1aMsoNormal\" style=\"text-align: justify;\"><span lang=\"ES-MX\" style=\"font-family: helvetica, arial, sans-serif;\">La sexta fecha de la Liga colombiana en el cierre de la jornada dominical dej\u00f3 a\u00a0<b>Nacional en el segundo lugar<\/b>\u00a0de la tabla de posiciones, gracias a su\u00a0<b>victoria como visitante 0-1 sobre Atl\u00e9tico Huila.<\/b><\/span><\/p>\n<p class=\"x_ydpa898eb1aMsoNormal\" style=\"text-align: justify;\"><span lang=\"ES-MX\" style=\"font-family: helvetica, arial, sans-serif;\">El gol del\u00a0<b>\u2018verde antioque\u00f1o\u2019<\/b>\u00a0fue marcado por\u00a0<b>Nelson Deossa a los 77 minutos,<\/b>\u00a0de rastrero remate fuera del \u00e1rea, luego de una asistencia de\u00a0<b>Tom\u00e1s \u00c1ngel.<\/b><\/span><\/p>\n<p class=\"x_ydpa898eb1aMsoNormal\" style=\"text-align: justify;\"><span lang=\"ES-MX\" style=\"font-family: helvetica, arial, sans-serif;\">Nacional domin\u00f3 el partido, m\u00e1s en los segundos 45 minutos, donde los ingresos de \u00c1ngel,\u00a0<b>Jhon Sol\u00eds y Edier Ocampo<\/b>, le dieron m\u00e1s profundidad, generaci\u00f3n de f\u00fatbol y creaci\u00f3n de opciones de gol.<\/span><\/p>\n<p class=\"x_ydpa898eb1aMsoNormal\" style=\"text-align: justify;\"><span lang=\"ES-MX\" style=\"font-family: helvetica, arial, sans-serif;\">A\u00a0<b>Brandon Caicedo<\/b>\u00a0del Huila, le anularon una acci\u00f3n de gol por fuera de lugar detectado por el\u00a0<b>VAR<\/b>\u00a0en el minuto 89.<\/span><\/p>\n<p class=\"x_ydpa898eb1aMsoNormal\" style=\"text-align: justify;\"><span lang=\"ES-MX\" style=\"font-family: helvetica, arial, sans-serif;\">Los\u00a0<b>\u2018paisas\u2019<\/b>\u00a0siguen sin perder en el campeonato y registran dos triunfos al hilo; mientras que los\u00a0<b>\u2018opitas\u2019<\/b>\u00a0sumaron su segunda ca\u00edda en fila.<\/span><\/p>\n<p class=\"x_ydpa898eb1aMsoNormal\" style=\"text-align: justify;\"><span lang=\"ES-MX\" style=\"font-family: helvetica, arial, sans-serif;\">La visita lleg\u00f3 a 11 puntos y es escolta parcial del\u00a0<b>Medell\u00edn<\/b>. Huila sigue en zona de descenso junto al\u00a0<b>Uni\u00f3n Magdalena<\/b>.<\/span><\/p>\n<p class=\"x_ydpa898eb1aMsoNormal\" style=\"text-align: justify;\"><span lang=\"ES-MX\" style=\"font-family: helvetica, arial, sans-serif;\">Nacional ser\u00e1 local contra\u00a0<b>Pasto<\/b>\u00a0y los huilenses ir\u00e1n a campo del\u00a0<b>Chic\u00f3<\/b>\u00a0en la pr\u00f3xima fecha.<\/span><\/p>\n","protected":false},"excerpt":{"rendered":"<p>La sexta fecha de la Liga colombiana en el cierre de la jornada dominical dej\u00f3 a\u00a0Nacional en el segundo lugar\u00a0de la tabla de posiciones, gracias a su\u00a0victoria como visitante 0-1 sobre Atl\u00e9tico Huila. El gol del\u00a0\u2018verde antioque\u00f1o\u2019\u00a0fue marcado por\u00a0Nelson Deossa a los 77 minutos,\u00a0de rastrero remate fuera del \u00e1rea, luego de una asistencia de\u00a0Tom\u00e1s \u00c1ngel. [&hellip;]<\/p>\n","protected":false},"author":4,"featured_media":98275,"comment_status":"open","ping_status":"open","sticky":false,"template":"","format":"standard","meta":{"_acf_changed":false,"footnotes":""},"categories":[7],"tags":[],"class_list":{"0":"post-98274","1":"post","2":"type-post","3":"status-publish","4":"format-standard","5":"has-post-thumbnail","7":"category-liga-betplay"},"acf":[],"yoast_head":"<!-- This site is optimized with the Yoast SEO plugin v26.8 - https:\/\/yoast.com\/product\/yoast-seo-wordpress\/ -->\n<title>Atl\u00e9tico Nacional gan\u00f3 en Neiva y sigue invicto en Liga -<\/title>\n<meta name=\"robots\" content=\"index, follow, max-snippet:-1, max-image-preview:large, max-video-preview:-1\" \/>\n<link rel=\"canonical\" href=\"https:\/\/futbolhoy.co\/index.php\/2023\/08\/20\/atletico-nacional-gano-en-neiva-y-sigue-invicto-en-liga\/\" \/>\n<meta property=\"og:locale\" content=\"es_ES\" \/>\n<meta property=\"og:type\" content=\"article\" \/>\n<meta property=\"og:title\" content=\"Atl\u00e9tico Nacional gan\u00f3 en Neiva y sigue invicto en Liga -\" \/>\n<meta property=\"og:description\" content=\"La sexta fecha de la Liga colombiana en el cierre de la jornada dominical dej\u00f3 a\u00a0Nacional en el segundo lugar\u00a0de la tabla de posiciones, gracias a su\u00a0victoria como visitante 0-1 sobre Atl\u00e9tico Huila. El gol del\u00a0\u2018verde antioque\u00f1o\u2019\u00a0fue marcado por\u00a0Nelson Deossa a los 77 minutos,\u00a0de rastrero remate fuera del \u00e1rea, luego de una asistencia de\u00a0Tom\u00e1s \u00c1ngel. [&hellip;]\" \/>\n<meta property=\"og:url\" content=\"https:\/\/futbolhoy.co\/index.php\/2023\/08\/20\/atletico-nacional-gano-en-neiva-y-sigue-invicto-en-liga\/\" \/>\n<meta property=\"article:publisher\" content=\"https:\/\/www.facebook.com\/FutbolHoyCol\/\" \/>\n<meta property=\"article:published_time\" content=\"2023-08-21T03:30:59+00:00\" \/>\n<meta property=\"article:modified_time\" content=\"2023-08-21T23:54:35+00:00\" \/>\n<meta property=\"og:image\" content=\"https:\/\/futbolhoy.co\/wp-content\/uploads\/2023\/08\/Nal-Huila.png\" \/>\n\t<meta property=\"og:image:width\" content=\"566\" \/>\n\t<meta property=\"og:image:height\" content=\"540\" \/>\n\t<meta property=\"og:image:type\" content=\"image\/png\" \/>\n<meta name=\"author\" content=\"contenido\" \/>\n<meta name=\"twitter:card\" content=\"summary_large_image\" \/>\n<meta name=\"twitter:creator\" content=\"@FutbolHoyCol\" \/>\n<meta name=\"twitter:site\" content=\"@FutbolHoyCol\" \/>\n<meta name=\"twitter:label1\" content=\"Escrito por\" \/>\n\t<meta name=\"twitter:data1\" content=\"contenido\" \/>\n\t<meta name=\"twitter:label2\" content=\"Tiempo de lectura\" \/>\n\t<meta name=\"twitter:data2\" content=\"1 minuto\" \/>\n<script type=\"application\/ld+json\" class=\"yoast-schema-graph\">{\"@context\":\"https:\/\/schema.org\",\"@graph\":[{\"@type\":\"Article\",\"@id\":\"https:\/\/futbolhoy.co\/index.php\/2023\/08\/20\/atletico-nacional-gano-en-neiva-y-sigue-invicto-en-liga\/#article\",\"isPartOf\":{\"@id\":\"https:\/\/futbolhoy.co\/index.php\/2023\/08\/20\/atletico-nacional-gano-en-neiva-y-sigue-invicto-en-liga\/\"},\"author\":{\"name\":\"contenido\",\"@id\":\"https:\/\/futbolhoy.co\/#\/schema\/person\/1721b69355b6623eaff15ac7b92d4cc3\"},\"headline\":\"Atl\u00e9tico Nacional gan\u00f3 en Neiva y sigue invicto en Liga\",\"datePublished\":\"2023-08-21T03:30:59+00:00\",\"dateModified\":\"2023-08-21T23:54:35+00:00\",\"mainEntityOfPage\":{\"@id\":\"https:\/\/futbolhoy.co\/index.php\/2023\/08\/20\/atletico-nacional-gano-en-neiva-y-sigue-invicto-en-liga\/\"},\"wordCount\":204,\"commentCount\":0,\"publisher\":{\"@id\":\"https:\/\/futbolhoy.co\/#organization\"},\"image\":{\"@id\":\"https:\/\/futbolhoy.co\/index.php\/2023\/08\/20\/atletico-nacional-gano-en-neiva-y-sigue-invicto-en-liga\/#primaryimage\"},\"thumbnailUrl\":\"https:\/\/futbolhoy.co\/wp-content\/uploads\/2023\/08\/Nal-Huila.png\",\"articleSection\":[\"Liga BetPlay\"],\"inLanguage\":\"es\",\"potentialAction\":[{\"@type\":\"CommentAction\",\"name\":\"Comment\",\"target\":[\"https:\/\/futbolhoy.co\/index.php\/2023\/08\/20\/atletico-nacional-gano-en-neiva-y-sigue-invicto-en-liga\/#respond\"]}]},{\"@type\":\"WebPage\",\"@id\":\"https:\/\/futbolhoy.co\/index.php\/2023\/08\/20\/atletico-nacional-gano-en-neiva-y-sigue-invicto-en-liga\/\",\"url\":\"https:\/\/futbolhoy.co\/index.php\/2023\/08\/20\/atletico-nacional-gano-en-neiva-y-sigue-invicto-en-liga\/\",\"name\":\"Atl\u00e9tico Nacional gan\u00f3 en Neiva y sigue invicto en Liga -\",\"isPartOf\":{\"@id\":\"https:\/\/futbolhoy.co\/#website\"},\"primaryImageOfPage\":{\"@id\":\"https:\/\/futbolhoy.co\/index.php\/2023\/08\/20\/atletico-nacional-gano-en-neiva-y-sigue-invicto-en-liga\/#primaryimage\"},\"image\":{\"@id\":\"https:\/\/futbolhoy.co\/index.php\/2023\/08\/20\/atletico-nacional-gano-en-neiva-y-sigue-invicto-en-liga\/#primaryimage\"},\"thumbnailUrl\":\"https:\/\/futbolhoy.co\/wp-content\/uploads\/2023\/08\/Nal-Huila.png\",\"datePublished\":\"2023-08-21T03:30:59+00:00\",\"dateModified\":\"2023-08-21T23:54:35+00:00\",\"breadcrumb\":{\"@id\":\"https:\/\/futbolhoy.co\/index.php\/2023\/08\/20\/atletico-nacional-gano-en-neiva-y-sigue-invicto-en-liga\/#breadcrumb\"},\"inLanguage\":\"es\",\"potentialAction\":[{\"@type\":\"ReadAction\",\"target\":[\"https:\/\/futbolhoy.co\/index.php\/2023\/08\/20\/atletico-nacional-gano-en-neiva-y-sigue-invicto-en-liga\/\"]}]},{\"@type\":\"ImageObject\",\"inLanguage\":\"es\",\"@id\":\"https:\/\/futbolhoy.co\/index.php\/2023\/08\/20\/atletico-nacional-gano-en-neiva-y-sigue-invicto-en-liga\/#primaryimage\",\"url\":\"https:\/\/futbolhoy.co\/wp-content\/uploads\/2023\/08\/Nal-Huila.png\",\"contentUrl\":\"https:\/\/futbolhoy.co\/wp-content\/uploads\/2023\/08\/Nal-Huila.png\",\"width\":566,\"height\":540},{\"@type\":\"BreadcrumbList\",\"@id\":\"https:\/\/futbolhoy.co\/index.php\/2023\/08\/20\/atletico-nacional-gano-en-neiva-y-sigue-invicto-en-liga\/#breadcrumb\",\"itemListElement\":[{\"@type\":\"ListItem\",\"position\":1,\"name\":\"Portada\",\"item\":\"https:\/\/futbolhoy.co\/\"},{\"@type\":\"ListItem\",\"position\":2,\"name\":\"Atl\u00e9tico Nacional gan\u00f3 en Neiva y sigue invicto en Liga\"}]},{\"@type\":\"WebSite\",\"@id\":\"https:\/\/futbolhoy.co\/#website\",\"url\":\"https:\/\/futbolhoy.co\/\",\"name\":\"FutbolHoy\",\"description\":\"\",\"publisher\":{\"@id\":\"https:\/\/futbolhoy.co\/#organization\"},\"potentialAction\":[{\"@type\":\"SearchAction\",\"target\":{\"@type\":\"EntryPoint\",\"urlTemplate\":\"https:\/\/futbolhoy.co\/?s={search_term_string}\"},\"query-input\":{\"@type\":\"PropertyValueSpecification\",\"valueRequired\":true,\"valueName\":\"search_term_string\"}}],\"inLanguage\":\"es\"},{\"@type\":\"Organization\",\"@id\":\"https:\/\/futbolhoy.co\/#organization\",\"name\":\"Futbolhoy.co\",\"url\":\"https:\/\/futbolhoy.co\/\",\"logo\":{\"@type\":\"ImageObject\",\"inLanguage\":\"es\",\"@id\":\"https:\/\/futbolhoy.co\/#\/schema\/logo\/image\/\",\"url\":\"https:\/\/futbolhoy.co\/wp-content\/uploads\/2018\/08\/17426380_1906371736249227_6326180412931521141_n.jpg\",\"contentUrl\":\"https:\/\/futbolhoy.co\/wp-content\/uploads\/2018\/08\/17426380_1906371736249227_6326180412931521141_n.jpg\",\"width\":960,\"height\":960,\"caption\":\"Futbolhoy.co\"},\"image\":{\"@id\":\"https:\/\/futbolhoy.co\/#\/schema\/logo\/image\/\"},\"sameAs\":[\"https:\/\/www.facebook.com\/FutbolHoyCol\/\",\"https:\/\/x.com\/FutbolHoyCol\",\"https:\/\/www.instagram.com\/futbolhoycol\/\"]},{\"@type\":\"Person\",\"@id\":\"https:\/\/futbolhoy.co\/#\/schema\/person\/1721b69355b6623eaff15ac7b92d4cc3\",\"name\":\"contenido\",\"image\":{\"@type\":\"ImageObject\",\"inLanguage\":\"es\",\"@id\":\"https:\/\/futbolhoy.co\/#\/schema\/person\/image\/\",\"url\":\"https:\/\/secure.gravatar.com\/avatar\/4f656d3256f5134f466206e7c3941518?s=96&d=mm&r=g\",\"contentUrl\":\"https:\/\/secure.gravatar.com\/avatar\/4f656d3256f5134f466206e7c3941518?s=96&d=mm&r=g\",\"caption\":\"contenido\"}}]}<\/script>\n<!-- \/ Yoast SEO plugin. -->","yoast_head_json":{"title":"Atl\u00e9tico Nacional gan\u00f3 en Neiva y sigue invicto en Liga -","robots":{"index":"index","follow":"follow","max-snippet":"max-snippet:-1","max-image-preview":"max-image-preview:large","max-video-preview":"max-video-preview:-1"},"canonical":"https:\/\/futbolhoy.co\/index.php\/2023\/08\/20\/atletico-nacional-gano-en-neiva-y-sigue-invicto-en-liga\/","og_locale":"es_ES","og_type":"article","og_title":"Atl\u00e9tico Nacional gan\u00f3 en Neiva y sigue invicto en Liga -","og_description":"La sexta fecha de la Liga colombiana en el cierre de la jornada dominical dej\u00f3 a\u00a0Nacional en el segundo lugar\u00a0de la tabla de posiciones, gracias a su\u00a0victoria como visitante 0-1 sobre Atl\u00e9tico Huila. El gol del\u00a0\u2018verde antioque\u00f1o\u2019\u00a0fue marcado por\u00a0Nelson Deossa a los 77 minutos,\u00a0de rastrero remate fuera del \u00e1rea, luego de una asistencia de\u00a0Tom\u00e1s \u00c1ngel. [&hellip;]","og_url":"https:\/\/futbolhoy.co\/index.php\/2023\/08\/20\/atletico-nacional-gano-en-neiva-y-sigue-invicto-en-liga\/","article_publisher":"https:\/\/www.facebook.com\/FutbolHoyCol\/","article_published_time":"2023-08-21T03:30:59+00:00","article_modified_time":"2023-08-21T23:54:35+00:00","og_image":[{"width":566,"height":540,"url":"https:\/\/futbolhoy.co\/wp-content\/uploads\/2023\/08\/Nal-Huila.png","type":"image\/png"}],"author":"contenido","twitter_card":"summary_large_image","twitter_creator":"@FutbolHoyCol","twitter_site":"@FutbolHoyCol","twitter_misc":{"Escrito por":"contenido","Tiempo de lectura":"1 minuto"},"schema":{"@context":"https:\/\/schema.org","@graph":[{"@type":"Article","@id":"https:\/\/futbolhoy.co\/index.php\/2023\/08\/20\/atletico-nacional-gano-en-neiva-y-sigue-invicto-en-liga\/#article","isPartOf":{"@id":"https:\/\/futbolhoy.co\/index.php\/2023\/08\/20\/atletico-nacional-gano-en-neiva-y-sigue-invicto-en-liga\/"},"author":{"name":"contenido","@id":"https:\/\/futbolhoy.co\/#\/schema\/person\/1721b69355b6623eaff15ac7b92d4cc3"},"headline":"Atl\u00e9tico Nacional gan\u00f3 en Neiva y sigue invicto en Liga","datePublished":"2023-08-21T03:30:59+00:00","dateModified":"2023-08-21T23:54:35+00:00","mainEntityOfPage":{"@id":"https:\/\/futbolhoy.co\/index.php\/2023\/08\/20\/atletico-nacional-gano-en-neiva-y-sigue-invicto-en-liga\/"},"wordCount":204,"commentCount":0,"publisher":{"@id":"https:\/\/futbolhoy.co\/#organization"},"image":{"@id":"https:\/\/futbolhoy.co\/index.php\/2023\/08\/20\/atletico-nacional-gano-en-neiva-y-sigue-invicto-en-liga\/#primaryimage"},"thumbnailUrl":"https:\/\/futbolhoy.co\/wp-content\/uploads\/2023\/08\/Nal-Huila.png","articleSection":["Liga BetPlay"],"inLanguage":"es","potentialAction":[{"@type":"CommentAction","name":"Comment","target":["https:\/\/futbolhoy.co\/index.php\/2023\/08\/20\/atletico-nacional-gano-en-neiva-y-sigue-invicto-en-liga\/#respond"]}]},{"@type":"WebPage","@id":"https:\/\/futbolhoy.co\/index.php\/2023\/08\/20\/atletico-nacional-gano-en-neiva-y-sigue-invicto-en-liga\/","url":"https:\/\/futbolhoy.co\/index.php\/2023\/08\/20\/atletico-nacional-gano-en-neiva-y-sigue-invicto-en-liga\/","name":"Atl\u00e9tico Nacional gan\u00f3 en Neiva y sigue invicto en Liga -","isPartOf":{"@id":"https:\/\/futbolhoy.co\/#website"},"primaryImageOfPage":{"@id":"https:\/\/futbolhoy.co\/index.php\/2023\/08\/20\/atletico-nacional-gano-en-neiva-y-sigue-invicto-en-liga\/#primaryimage"},"image":{"@id":"https:\/\/futbolhoy.co\/index.php\/2023\/08\/20\/atletico-nacional-gano-en-neiva-y-sigue-invicto-en-liga\/#primaryimage"},"thumbnailUrl":"https:\/\/futbolhoy.co\/wp-content\/uploads\/2023\/08\/Nal-Huila.png","datePublished":"2023-08-21T03:30:59+00:00","dateModified":"2023-08-21T23:54:35+00:00","breadcrumb":{"@id":"https:\/\/futbolhoy.co\/index.php\/2023\/08\/20\/atletico-nacional-gano-en-neiva-y-sigue-invicto-en-liga\/#breadcrumb"},"inLanguage":"es","potentialAction":[{"@type":"ReadAction","target":["https:\/\/futbolhoy.co\/index.php\/2023\/08\/20\/atletico-nacional-gano-en-neiva-y-sigue-invicto-en-liga\/"]}]},{"@type":"ImageObject","inLanguage":"es","@id":"https:\/\/futbolhoy.co\/index.php\/2023\/08\/20\/atletico-nacional-gano-en-neiva-y-sigue-invicto-en-liga\/#primaryimage","url":"https:\/\/futbolhoy.co\/wp-content\/uploads\/2023\/08\/Nal-Huila.png","contentUrl":"https:\/\/futbolhoy.co\/wp-content\/uploads\/2023\/08\/Nal-Huila.png","width":566,"height":540},{"@type":"BreadcrumbList","@id":"https:\/\/futbolhoy.co\/index.php\/2023\/08\/20\/atletico-nacional-gano-en-neiva-y-sigue-invicto-en-liga\/#breadcrumb","itemListElement":[{"@type":"ListItem","position":1,"name":"Portada","item":"https:\/\/futbolhoy.co\/"},{"@type":"ListItem","position":2,"name":"Atl\u00e9tico Nacional gan\u00f3 en Neiva y sigue invicto en Liga"}]},{"@type":"WebSite","@id":"https:\/\/futbolhoy.co\/#website","url":"https:\/\/futbolhoy.co\/","name":"FutbolHoy","description":"","publisher":{"@id":"https:\/\/futbolhoy.co\/#organization"},"potentialAction":[{"@type":"SearchAction","target":{"@type":"EntryPoint","urlTemplate":"https:\/\/futbolhoy.co\/?s={search_term_string}"},"query-input":{"@type":"PropertyValueSpecification","valueRequired":true,"valueName":"search_term_string"}}],"inLanguage":"es"},{"@type":"Organization","@id":"https:\/\/futbolhoy.co\/#organization","name":"Futbolhoy.co","url":"https:\/\/futbolhoy.co\/","logo":{"@type":"ImageObject","inLanguage":"es","@id":"https:\/\/futbolhoy.co\/#\/schema\/logo\/image\/","url":"https:\/\/futbolhoy.co\/wp-content\/uploads\/2018\/08\/17426380_1906371736249227_6326180412931521141_n.jpg","contentUrl":"https:\/\/futbolhoy.co\/wp-content\/uploads\/2018\/08\/17426380_1906371736249227_6326180412931521141_n.jpg","width":960,"height":960,"caption":"Futbolhoy.co"},"image":{"@id":"https:\/\/futbolhoy.co\/#\/schema\/logo\/image\/"},"sameAs":["https:\/\/www.facebook.com\/FutbolHoyCol\/","https:\/\/x.com\/FutbolHoyCol","https:\/\/www.instagram.com\/futbolhoycol\/"]},{"@type":"Person","@id":"https:\/\/futbolhoy.co\/#\/schema\/person\/1721b69355b6623eaff15ac7b92d4cc3","name":"contenido","image":{"@type":"ImageObject","inLanguage":"es","@id":"https:\/\/futbolhoy.co\/#\/schema\/person\/image\/","url":"https:\/\/secure.gravatar.com\/avatar\/4f656d3256f5134f466206e7c3941518?s=96&d=mm&r=g","contentUrl":"https:\/\/secure.gravatar.com\/avatar\/4f656d3256f5134f466206e7c3941518?s=96&d=mm&r=g","caption":"contenido"}}]}},"publishpress_future_action":{"enabled":false,"date":"2026-05-06 13:27:11","action":"change-status","newStatus":"draft","terms":[],"taxonomy":"category","extraData":[]},"publishpress_future_workflow_manual_trigger":{"enabledWorkflows":[]},"_links":{"self":[{"href":"https:\/\/futbolhoy.co\/index.php\/wp-json\/wp\/v2\/posts\/98274","targetHints":{"allow":["GET"]}}],"collection":[{"href":"https:\/\/futbolhoy.co\/index.php\/wp-json\/wp\/v2\/posts"}],"about":[{"href":"https:\/\/futbolhoy.co\/index.php\/wp-json\/wp\/v2\/types\/post"}],"author":[{"embeddable":true,"href":"https:\/\/futbolhoy.co\/index.php\/wp-json\/wp\/v2\/users\/4"}],"replies":[{"embeddable":true,"href":"https:\/\/futbolhoy.co\/index.php\/wp-json\/wp\/v2\/comments?post=98274"}],"version-history":[{"count":1,"href":"https:\/\/futbolhoy.co\/index.php\/wp-json\/wp\/v2\/posts\/98274\/revisions"}],"predecessor-version":[{"id":98276,"href":"https:\/\/futbolhoy.co\/index.php\/wp-json\/wp\/v2\/posts\/98274\/revisions\/98276"}],"wp:featuredmedia":[{"embeddable":true,"href":"https:\/\/futbolhoy.co\/index.php\/wp-json\/wp\/v2\/media\/98275"}],"wp:attachment":[{"href":"https:\/\/futbolhoy.co\/index.php\/wp-json\/wp\/v2\/media?parent=98274"}],"wp:term":[{"taxonomy":"category","embeddable":true,"href":"https:\/\/futbolhoy.co\/index.php\/wp-json\/wp\/v2\/categories?post=98274"},{"taxonomy":"post_tag","embeddable":true,"href":"https:\/\/futbolhoy.co\/index.php\/wp-json\/wp\/v2\/tags?post=98274"}],"curies":[{"name":"wp","href":"https:\/\/api.w.org\/{rel}","templated":true}]}}