{"id":98289,"date":"2023-08-21T09:35:57","date_gmt":"2023-08-21T14:35:57","guid":{"rendered":"https:\/\/futbolhoy.co\/?p=98289"},"modified":"2023-08-21T21:15:20","modified_gmt":"2023-08-22T02:15:20","slug":"luis-diaz-jhon-jader-cucho-y-los-colombianos-que-marcaron-goles-en-el-exterior","status":"publish","type":"post","link":"https:\/\/futbolhoy.co\/index.php\/2023\/08\/21\/luis-diaz-jhon-jader-cucho-y-los-colombianos-que-marcaron-goles-en-el-exterior\/","title":{"rendered":"Luis D\u00edaz, Jhon Jader, Cucho y los colombianos que marcaron goles en el exterior"},"content":{"rendered":"<p style=\"text-align: justify;\"><span style=\"font-family: helvetica, arial, sans-serif;\"><span style=\"font-weight: 400;\">Este fin de semana estuvo lleno de goles colombianos en las ligas internacionales. <\/span><b>Luis D\u00edaz con Liverpool, Jhon Jader Dur\u00e1n con Aston Villa,<\/b><span style=\"font-weight: 400;\"> entre otros, fueron protagonistas con sus equipos y en FutbolHoy hacemos un repaso por las anotaciones de los nuestros por el mundo.<\/span><\/span><\/p>\n<p style=\"text-align: justify;\"><span style=\"font-weight: 400; font-family: helvetica, arial, sans-serif;\">Luis D\u00edaz marc\u00f3 el primer gol del Liverpool en su triunfo 3-1 sobre el Bournemouth en la Liga Premier, segundo de la temporada para el guajiro y el d\u00e9cimo en el campeonato desde su llegada hace un a\u00f1o y medio.<\/span><\/p>\n<blockquote class=\"twitter-tweet\">\n<p dir=\"ltr\" lang=\"es\">\"El gol lo hizo Luchito... Y fue del Liverpool \ud83c\udfb6\"<\/p>\n<p>Fant\u00e1stica pirueta de Luis <a href=\"https:\/\/twitter.com\/hashtag\/D%C3%ADaz?src=hash&amp;ref_src=twsrc%5Etfw\">#D\u00edaz<\/a>, tras el centro de Diogo Jota, para el 1-1 ante Bournemouth en la <a href=\"https:\/\/twitter.com\/hashtag\/PREMIERxESPN?src=hash&amp;ref_src=twsrc%5Etfw\">#PREMIERxESPN<\/a> \ud83c\udff4\udb40\udc67\udb40\udc62\udb40\udc65\udb40\udc6e\udb40\udc67\udb40\udc7f. \u00a1Golazo!<\/p>\n<p>\ud83d\udcfa <a href=\"https:\/\/twitter.com\/hashtag\/MiraloEnStarPlus?src=hash&amp;ref_src=twsrc%5Etfw\">#MiraloEnStarPlus<\/a> <a href=\"https:\/\/t.co\/KenzLKELsv\">pic.twitter.com\/KenzLKELsv<\/a><\/p>\n<p>\u2014 ESPN F\u00fatbol Argentina (@ESPNFutbolArg) <a href=\"https:\/\/twitter.com\/ESPNFutbolArg\/status\/1692907909091320168?ref_src=twsrc%5Etfw\">August 19, 2023<\/a><\/p><\/blockquote>\n<p><script async src=\"https:\/\/platform.twitter.com\/widgets.js\" charset=\"utf-8\"><\/script><\/p>\n<p style=\"text-align: justify;\"><span style=\"font-weight: 400; font-family: helvetica, arial, sans-serif;\">Doblete de Harold Preciado con Santos Laguna en su empate a domicilio 2-2 con Ceruz Azul, lleva cuatro en la Liga MX y es el m\u00e1ximo artillero. Por su parte, Diber Cambindo abri\u00f3 la cuenta para el 'cementero' en M\u00e9xico.<\/span><\/p>\n<blockquote class=\"twitter-tweet\">\n<p dir=\"ltr\" lang=\"es\">\u00a1\u00a1\u00a1G\u26bd\u26bd\u26bdL!!!<\/p>\n<p>Muy temprano en el partido, Harold Preciado anot\u00f3 el primer gol de los Guerreros.<a href=\"https:\/\/twitter.com\/hashtag\/LigaBBVAMX?src=hash&amp;ref_src=twsrc%5Etfw\">#LigaBBVAMX<\/a> | <a href=\"https:\/\/twitter.com\/hashtag\/Apertura2023?src=hash&amp;ref_src=twsrc%5Etfw\">#Apertura2023<\/a> | \ud83d\udcf9<a href=\"https:\/\/twitter.com\/hashtag\/NoTeLoPierdas?src=hash&amp;ref_src=twsrc%5Etfw\">#NoTeLoPierdas<\/a> <a href=\"https:\/\/t.co\/JueqqMXdAA\">pic.twitter.com\/JueqqMXdAA<\/a><\/p>\n<p>\u2014 Liga BBVA MX (@LigaBBVAMX) <a href=\"https:\/\/twitter.com\/LigaBBVAMX\/status\/1693401920801509601?ref_src=twsrc%5Etfw\">August 20, 2023<\/a><\/p><\/blockquote>\n<p><script async src=\"https:\/\/platform.twitter.com\/widgets.js\" charset=\"utf-8\"><\/script><\/p>\n<p style=\"text-align: justify;\"><span style=\"font-weight: 400; font-family: helvetica, arial, sans-serif;\">Luis Qui\u00f1ones el tercero de Tigres, que gole\u00f3 0-3 al Necaxa en la cuarta fecha del torneo mexicano. Segundo del campeonato.<\/span><\/p>\n<blockquote class=\"twitter-tweet\">\n<p dir=\"ltr\" lang=\"es\">\u00a1\u00a1\u00a1G\u26bd\u26bd\u26bdLAZO!!!<\/p>\n<p>\u00a1\u00a1Gran jugada de Luis Qui\u00f1ones para aumentar la ventaja Incomparable!!<a href=\"https:\/\/twitter.com\/hashtag\/LigaBBVAMX?src=hash&amp;ref_src=twsrc%5Etfw\">#LigaBBVAMX<\/a> | <a href=\"https:\/\/twitter.com\/hashtag\/Apertura2023?src=hash&amp;ref_src=twsrc%5Etfw\">#Apertura2023<\/a> | \ud83d\udcf9<a href=\"https:\/\/twitter.com\/hashtag\/NoTeLoPierdas?src=hash&amp;ref_src=twsrc%5Etfw\">#NoTeLoPierdas<\/a> <a href=\"https:\/\/t.co\/I8A2PpL55K\">pic.twitter.com\/I8A2PpL55K<\/a><\/p>\n<p>\u2014 Liga BBVA MX (@LigaBBVAMX) <a href=\"https:\/\/twitter.com\/LigaBBVAMX\/status\/1693487670440120329?ref_src=twsrc%5Etfw\">August 21, 2023<\/a><\/p><\/blockquote>\n<p><script async src=\"https:\/\/platform.twitter.com\/widgets.js\" charset=\"utf-8\"><\/script><\/p>\n<p style=\"text-align: justify;\"><span style=\"font-weight: 400; font-family: helvetica, arial, sans-serif;\">Juan Camilo 'Cucho' Hern\u00e1ndez, de penalti, contribuy\u00f3 en la victoria 3-0 de Columbus Crew sobre Cincinnati en la MLS. Su sexto gol este a\u00f1o.<\/span><\/p>\n<blockquote class=\"twitter-tweet\">\n<p dir=\"ltr\" lang=\"en\">You can always count on Cucho \ud83e\udd76<a href=\"https:\/\/twitter.com\/hashtag\/Crew96?src=hash&amp;ref_src=twsrc%5Etfw\">#Crew96<\/a> \u2718 <a href=\"https:\/\/twitter.com\/CuchoHernandez?ref_src=twsrc%5Etfw\">@CuchoHernandez<\/a> <a href=\"https:\/\/t.co\/Qw2fgIusR4\">pic.twitter.com\/Qw2fgIusR4<\/a><\/p>\n<p>\u2014 The Crew (@ColumbusCrew) <a href=\"https:\/\/twitter.com\/ColumbusCrew\/status\/1693414829665513741?ref_src=twsrc%5Etfw\">August 21, 2023<\/a><\/p><\/blockquote>\n<p><script async src=\"https:\/\/platform.twitter.com\/widgets.js\" charset=\"utf-8\"><\/script><\/p>\n<p style=\"text-align: justify;\"><span style=\"font-weight: 400; font-family: helvetica, arial, sans-serif;\">Mender Garc\u00eda logr\u00f3 el segundo de Minnesota United, que derrot\u00f3 0-2 a New York City en Estados Unidos. Tercero en la temporada.<\/span><\/p>\n<blockquote class=\"twitter-tweet\">\n<p dir=\"ltr\" lang=\"es\">Do that dance, M\u00e9nder Garc\u00eda!<\/p>\n<p>Garc\u00eda scores in extra time for <a href=\"https:\/\/twitter.com\/hashtag\/MNUFC?src=hash&amp;ref_src=twsrc%5Etfw\">#MNUFC<\/a> now, 0-2! <a href=\"https:\/\/t.co\/l7oa4OiONU\">pic.twitter.com\/l7oa4OiONU<\/a><\/p>\n<p>\u2014 Major League Soccer (@MLS) <a href=\"https:\/\/twitter.com\/MLS\/status\/1693438392598487400?ref_src=twsrc%5Etfw\">August 21, 2023<\/a><\/p><\/blockquote>\n<p><script async src=\"https:\/\/platform.twitter.com\/widgets.js\" charset=\"utf-8\"><\/script><\/p>\n<p style=\"text-align: justify;\"><span style=\"font-weight: 400; font-family: helvetica, arial, sans-serif;\">Iv\u00e1n Angulo hizo el segundo de Orlando City en su victoria 1-3 sobre Chicago Fire y lleg\u00f3 a cuatro en la Liga norteamericana.<\/span><\/p>\n<blockquote class=\"twitter-tweet\">\n<p dir=\"ltr\" lang=\"en\">Just like that, it's 2-1 <a href=\"https:\/\/twitter.com\/hashtag\/OrlandoCity?src=hash&amp;ref_src=twsrc%5Etfw\">#OrlandoCity<\/a>.<\/p>\n<p>Iv\u00e1n Angulo finishes the header to complete the quick turn-around. <a href=\"https:\/\/t.co\/9byfvuZcs6\">pic.twitter.com\/9byfvuZcs6<\/a><\/p>\n<p>\u2014 Major League Soccer (@MLS) <a href=\"https:\/\/twitter.com\/MLS\/status\/1693443165217284474?ref_src=twsrc%5Etfw\">August 21, 2023<\/a><\/p><\/blockquote>\n<p><script async src=\"https:\/\/platform.twitter.com\/widgets.js\" charset=\"utf-8\"><\/script><\/p>\n<p style=\"text-align: justify;\"><span style=\"font-weight: 400; font-family: helvetica, arial, sans-serif;\">Houston Dynamo gole\u00f3 5-0 a Portland Timbers y uno de los goles fue obra de Nelson Qui\u00f1ones.<\/span><\/p>\n<blockquote class=\"twitter-tweet\">\n<p dir=\"ltr\" lang=\"en\">The perfect birthday gift. \ud83c\udf81<\/p>\n<p>Nelson Qui\u00f1\u00f3nes doubles the lead for <a href=\"https:\/\/twitter.com\/HoustonDynamo?ref_src=twsrc%5Etfw\">@HoustonDynamo<\/a>! <a href=\"https:\/\/t.co\/y9YL0z9OAr\">pic.twitter.com\/y9YL0z9OAr<\/a><\/p>\n<p>\u2014 Major League Soccer (@MLS) <a href=\"https:\/\/twitter.com\/MLS\/status\/1693427650625167535?ref_src=twsrc%5Etfw\">August 21, 2023<\/a><\/p><\/blockquote>\n<p><script async src=\"https:\/\/platform.twitter.com\/widgets.js\" charset=\"utf-8\"><\/script><\/p>\n<p style=\"text-align: justify;\"><span style=\"font-weight: 400; font-family: helvetica, arial, sans-serif;\">Jhon Jader Dur\u00e1n cerr\u00f3 la goleada 4-0 del Aston Villa sobre el Everton en la Liga Premier, el primero del torneo.<\/span><\/p>\n<blockquote class=\"twitter-tweet\">\n<p dir=\"ltr\" lang=\"es\">\u00a1\u00a1ARRIBA COLOMBIA!! Jhon Dur\u00e1n anota su PRIMER GOL con la camiseta de Aston Villa para el 4-0 ante Everton en la <a href=\"https:\/\/twitter.com\/hashtag\/PREMIERxESPN?src=hash&amp;ref_src=twsrc%5Etfw\">#PREMIERxESPN<\/a>. \u00bfEl detalle? La jugada viene de un lateral a favor del equipo visitante...<\/p>\n<p>\ud83d\udcfa Mir\u00e1 la Premier por <a href=\"https:\/\/twitter.com\/hashtag\/ESPNenStarPlus?src=hash&amp;ref_src=twsrc%5Etfw\">#ESPNenStarPlus<\/a> <a href=\"https:\/\/t.co\/dmgByuk98S\">pic.twitter.com\/dmgByuk98S<\/a><\/p>\n<p>\u2014 SportsCenter (@SC_ESPN) <a href=\"https:\/\/twitter.com\/SC_ESPN\/status\/1693273998237335613?ref_src=twsrc%5Etfw\">August 20, 2023<\/a><\/p><\/blockquote>\n<p><script async src=\"https:\/\/platform.twitter.com\/widgets.js\" charset=\"utf-8\"><\/script><\/p>\n<p style=\"text-align: justify;\"><span style=\"font-weight: 400; font-family: helvetica, arial, sans-serif;\">Jhon Arias hizo el \u00faltimo en el triunfo de Fluminense 3-1 sobre Am\u00e9rica MG en el Brasileirao, el segundo de la temporada para el colombiano.<\/span><\/p>\n<blockquote class=\"twitter-tweet\">\n<p dir=\"ltr\" lang=\"pt\">\u00c9 DO COLOMBIANO MAIS AMADO DO BRASIL \ud83e\udd18\ud83c\udffe\ud83e\udd18\ud83c\udffe\ud83e\udd18\ud83c\udffe\ud83e\udd18\ud83c\udffe\ud83e\udd18\ud83c\udffe\ud83e\udd18\ud83c\udffe\ud83e\udd18\ud83c\udffe\ud83e\udd18\ud83c\udffe\ud83e\udd18\ud83c\udffe\ud83e\udd18\ud83c\udffe\ud83e\udd18\ud83c\udffe\ud83e\udd18\ud83c\udffe\ud83e\udd18\ud83c\udffe\ud83e\udd18\ud83c\udffe\ud83e\udd18\ud83c\udffe\ud83e\udd18\ud83c\udffe\ud83e\udd18\ud83c\udffe <a href=\"https:\/\/t.co\/9abOSfEqtE\">pic.twitter.com\/9abOSfEqtE<\/a><\/p>\n<p>\u2014 Fluminense F.C. (@FluminenseFC) <a href=\"https:\/\/twitter.com\/FluminenseFC\/status\/1693043849185091688?ref_src=twsrc%5Etfw\">August 19, 2023<\/a><\/p><\/blockquote>\n<p><script async src=\"https:\/\/platform.twitter.com\/widgets.js\" charset=\"utf-8\"><\/script><\/p>\n<p style=\"text-align: justify;\"><span style=\"font-weight: 400; font-family: helvetica, arial, sans-serif;\">Richard R\u00edos sell\u00f3 la victoria de Palmeiras 0-2 en campo del Cuiab\u00e1 en Brasil, golazo. Segundo del a\u00f1o.<\/span><\/p>\n<blockquote class=\"twitter-tweet\">\n<p dir=\"ltr\" lang=\"pt\">QUE GOLA\u00c7OOOOOO! \ud83c\udfaf Eu fiquei com pena da coruja!<a href=\"https:\/\/twitter.com\/hashtag\/BrasileiraoNoSportv?src=hash&amp;ref_src=twsrc%5Etfw\">#BrasileiraoNoSportv<\/a> <a href=\"https:\/\/twitter.com\/hashtag\/Palmeiras?src=hash&amp;ref_src=twsrc%5Etfw\">#Palmeiras<\/a> <a href=\"https:\/\/twitter.com\/hashtag\/Cuiaba?src=hash&amp;ref_src=twsrc%5Etfw\">#Cuiaba<\/a> <a href=\"https:\/\/twitter.com\/hashtag\/RichardRios?src=hash&amp;ref_src=twsrc%5Etfw\">#RichardRios<\/a> <a href=\"https:\/\/t.co\/LxxOVnc4pP\">pic.twitter.com\/LxxOVnc4pP<\/a><\/p>\n<p>\u2014 sportv (@sportv) <a href=\"https:\/\/twitter.com\/sportv\/status\/1693045930587726251?ref_src=twsrc%5Etfw\">August 19, 2023<\/a><\/p><\/blockquote>\n<p><script async src=\"https:\/\/platform.twitter.com\/widgets.js\" charset=\"utf-8\"><\/script><\/p>\n<p style=\"text-align: justify;\"><span style=\"font-weight: 400; font-family: helvetica, arial, sans-serif;\">Mateo Cassierra, el \u00faltimo del Zenit de Rusia, que le gan\u00f3 3-1 al Spartak de Mosc\u00fa. Cuarto para el colombiano en la temporada.<\/span><\/p>\n<blockquote class=\"twitter-tweet\">\n<p dir=\"ltr\" lang=\"es\">MATEO CASSIERRA QUE GOLAZO \ud83e\udee8<a href=\"https:\/\/twitter.com\/hashtag\/SpartakZenit?src=hash&amp;ref_src=twsrc%5Etfw\">#SpartakZenit<\/a> 1-3 <a href=\"https:\/\/t.co\/6jDFrk5j4q\">pic.twitter.com\/6jDFrk5j4q<\/a><\/p>\n<p>\u2014 FC Zenit Espa\u00f1ol\u2728 (@es_fczenit) <a href=\"https:\/\/twitter.com\/es_fczenit\/status\/1693329789606580292?ref_src=twsrc%5Etfw\">August 20, 2023<\/a><\/p><\/blockquote>\n<p><script async src=\"https:\/\/platform.twitter.com\/widgets.js\" charset=\"utf-8\"><\/script><\/p>\n<p style=\"text-align: justify;\"><span style=\"font-weight: 400; font-family: helvetica, arial, sans-serif;\">Deiver Machado el del Lens, que empat\u00f3 1-1 con Rennes. Segundo gol en igual n\u00famero de fechas en Francia.\u00a0<\/span><\/p>\n<blockquote class=\"twitter-tweet\">\n<p dir=\"ltr\" lang=\"es\">La zurda de Deiver Machado solo sabe de golazos \ud83d\ude80\u26bd\ud83c\udde8\ud83c\uddf4 <a href=\"https:\/\/t.co\/h3Hs5DUqAW\">pic.twitter.com\/h3Hs5DUqAW<\/a><\/p>\n<p>\u2014 Ligue 1 Espa\u00f1ol (@Ligue1_ESP) <a href=\"https:\/\/twitter.com\/Ligue1_ESP\/status\/1693382651380396473?ref_src=twsrc%5Etfw\">August 20, 2023<\/a><\/p><\/blockquote>\n<p><script async src=\"https:\/\/platform.twitter.com\/widgets.js\" charset=\"utf-8\"><\/script><\/p>\n","protected":false},"excerpt":{"rendered":"<p>Este fin de semana estuvo lleno de goles colombianos en las ligas internacionales. Luis D\u00edaz con Liverpool, Jhon Jader Dur\u00e1n con Aston Villa, entre otros, fueron protagonistas con sus equipos y en FutbolHoy hacemos un repaso por las anotaciones de los nuestros por el mundo. Luis D\u00edaz marc\u00f3 el primer gol del Liverpool en su [&hellip;]<\/p>\n","protected":false},"author":4,"featured_media":98290,"comment_status":"open","ping_status":"open","sticky":false,"template":"","format":"standard","meta":{"_acf_changed":false,"footnotes":""},"categories":[418],"tags":[],"class_list":{"0":"post-98289","1":"post","2":"type-post","3":"status-publish","4":"format-standard","5":"has-post-thumbnail","7":"category-colombia"},"acf":[],"yoast_head":"<!-- This site is optimized with the Yoast SEO plugin v26.8 - https:\/\/yoast.com\/product\/yoast-seo-wordpress\/ -->\n<title>Luis D\u00edaz, Jhon Jader, Cucho y los colombianos que marcaron goles en el exterior -<\/title>\n<meta name=\"robots\" content=\"index, follow, max-snippet:-1, max-image-preview:large, max-video-preview:-1\" \/>\n<link rel=\"canonical\" href=\"https:\/\/futbolhoy.co\/index.php\/2023\/08\/21\/luis-diaz-jhon-jader-cucho-y-los-colombianos-que-marcaron-goles-en-el-exterior\/\" \/>\n<meta property=\"og:locale\" content=\"es_ES\" \/>\n<meta property=\"og:type\" content=\"article\" \/>\n<meta property=\"og:title\" content=\"Luis D\u00edaz, Jhon Jader, Cucho y los colombianos que marcaron goles en el exterior -\" \/>\n<meta property=\"og:description\" content=\"Este fin de semana estuvo lleno de goles colombianos en las ligas internacionales. Luis D\u00edaz con Liverpool, Jhon Jader Dur\u00e1n con Aston Villa, entre otros, fueron protagonistas con sus equipos y en FutbolHoy hacemos un repaso por las anotaciones de los nuestros por el mundo. Luis D\u00edaz marc\u00f3 el primer gol del Liverpool en su [&hellip;]\" \/>\n<meta property=\"og:url\" content=\"https:\/\/futbolhoy.co\/index.php\/2023\/08\/21\/luis-diaz-jhon-jader-cucho-y-los-colombianos-que-marcaron-goles-en-el-exterior\/\" \/>\n<meta property=\"article:publisher\" content=\"https:\/\/www.facebook.com\/FutbolHoyCol\/\" \/>\n<meta property=\"article:published_time\" content=\"2023-08-21T14:35:57+00:00\" \/>\n<meta property=\"article:modified_time\" content=\"2023-08-22T02:15:20+00:00\" \/>\n<meta property=\"og:image\" content=\"https:\/\/futbolhoy.co\/wp-content\/uploads\/2023\/08\/WhatsApp-Image-2023-08-21-at-09.35.28.jpeg\" \/>\n\t<meta property=\"og:image:width\" content=\"1440\" \/>\n\t<meta property=\"og:image:height\" content=\"887\" \/>\n\t<meta property=\"og:image:type\" content=\"image\/jpeg\" \/>\n<meta name=\"author\" content=\"contenido\" \/>\n<meta name=\"twitter:card\" content=\"summary_large_image\" \/>\n<meta name=\"twitter:creator\" content=\"@FutbolHoyCol\" \/>\n<meta name=\"twitter:site\" content=\"@FutbolHoyCol\" \/>\n<meta name=\"twitter:label1\" content=\"Escrito por\" \/>\n\t<meta name=\"twitter:data1\" content=\"contenido\" \/>\n\t<meta name=\"twitter:label2\" content=\"Tiempo de lectura\" \/>\n\t<meta name=\"twitter:data2\" content=\"3 minutos\" \/>\n<script type=\"application\/ld+json\" class=\"yoast-schema-graph\">{\"@context\":\"https:\/\/schema.org\",\"@graph\":[{\"@type\":\"Article\",\"@id\":\"https:\/\/futbolhoy.co\/index.php\/2023\/08\/21\/luis-diaz-jhon-jader-cucho-y-los-colombianos-que-marcaron-goles-en-el-exterior\/#article\",\"isPartOf\":{\"@id\":\"https:\/\/futbolhoy.co\/index.php\/2023\/08\/21\/luis-diaz-jhon-jader-cucho-y-los-colombianos-que-marcaron-goles-en-el-exterior\/\"},\"author\":{\"name\":\"contenido\",\"@id\":\"https:\/\/futbolhoy.co\/#\/schema\/person\/1721b69355b6623eaff15ac7b92d4cc3\"},\"headline\":\"Luis D\u00edaz, Jhon Jader, Cucho y los colombianos que marcaron goles en el exterior\",\"datePublished\":\"2023-08-21T14:35:57+00:00\",\"dateModified\":\"2023-08-22T02:15:20+00:00\",\"mainEntityOfPage\":{\"@id\":\"https:\/\/futbolhoy.co\/index.php\/2023\/08\/21\/luis-diaz-jhon-jader-cucho-y-los-colombianos-que-marcaron-goles-en-el-exterior\/\"},\"wordCount\":690,\"commentCount\":0,\"publisher\":{\"@id\":\"https:\/\/futbolhoy.co\/#organization\"},\"image\":{\"@id\":\"https:\/\/futbolhoy.co\/index.php\/2023\/08\/21\/luis-diaz-jhon-jader-cucho-y-los-colombianos-que-marcaron-goles-en-el-exterior\/#primaryimage\"},\"thumbnailUrl\":\"https:\/\/futbolhoy.co\/wp-content\/uploads\/2023\/08\/WhatsApp-Image-2023-08-21-at-09.35.28.jpeg\",\"articleSection\":[\"Colombia\"],\"inLanguage\":\"es\",\"potentialAction\":[{\"@type\":\"CommentAction\",\"name\":\"Comment\",\"target\":[\"https:\/\/futbolhoy.co\/index.php\/2023\/08\/21\/luis-diaz-jhon-jader-cucho-y-los-colombianos-que-marcaron-goles-en-el-exterior\/#respond\"]}]},{\"@type\":\"WebPage\",\"@id\":\"https:\/\/futbolhoy.co\/index.php\/2023\/08\/21\/luis-diaz-jhon-jader-cucho-y-los-colombianos-que-marcaron-goles-en-el-exterior\/\",\"url\":\"https:\/\/futbolhoy.co\/index.php\/2023\/08\/21\/luis-diaz-jhon-jader-cucho-y-los-colombianos-que-marcaron-goles-en-el-exterior\/\",\"name\":\"Luis D\u00edaz, Jhon Jader, Cucho y los colombianos que marcaron goles en el exterior -\",\"isPartOf\":{\"@id\":\"https:\/\/futbolhoy.co\/#website\"},\"primaryImageOfPage\":{\"@id\":\"https:\/\/futbolhoy.co\/index.php\/2023\/08\/21\/luis-diaz-jhon-jader-cucho-y-los-colombianos-que-marcaron-goles-en-el-exterior\/#primaryimage\"},\"image\":{\"@id\":\"https:\/\/futbolhoy.co\/index.php\/2023\/08\/21\/luis-diaz-jhon-jader-cucho-y-los-colombianos-que-marcaron-goles-en-el-exterior\/#primaryimage\"},\"thumbnailUrl\":\"https:\/\/futbolhoy.co\/wp-content\/uploads\/2023\/08\/WhatsApp-Image-2023-08-21-at-09.35.28.jpeg\",\"datePublished\":\"2023-08-21T14:35:57+00:00\",\"dateModified\":\"2023-08-22T02:15:20+00:00\",\"breadcrumb\":{\"@id\":\"https:\/\/futbolhoy.co\/index.php\/2023\/08\/21\/luis-diaz-jhon-jader-cucho-y-los-colombianos-que-marcaron-goles-en-el-exterior\/#breadcrumb\"},\"inLanguage\":\"es\",\"potentialAction\":[{\"@type\":\"ReadAction\",\"target\":[\"https:\/\/futbolhoy.co\/index.php\/2023\/08\/21\/luis-diaz-jhon-jader-cucho-y-los-colombianos-que-marcaron-goles-en-el-exterior\/\"]}]},{\"@type\":\"ImageObject\",\"inLanguage\":\"es\",\"@id\":\"https:\/\/futbolhoy.co\/index.php\/2023\/08\/21\/luis-diaz-jhon-jader-cucho-y-los-colombianos-que-marcaron-goles-en-el-exterior\/#primaryimage\",\"url\":\"https:\/\/futbolhoy.co\/wp-content\/uploads\/2023\/08\/WhatsApp-Image-2023-08-21-at-09.35.28.jpeg\",\"contentUrl\":\"https:\/\/futbolhoy.co\/wp-content\/uploads\/2023\/08\/WhatsApp-Image-2023-08-21-at-09.35.28.jpeg\",\"width\":1440,\"height\":887},{\"@type\":\"BreadcrumbList\",\"@id\":\"https:\/\/futbolhoy.co\/index.php\/2023\/08\/21\/luis-diaz-jhon-jader-cucho-y-los-colombianos-que-marcaron-goles-en-el-exterior\/#breadcrumb\",\"itemListElement\":[{\"@type\":\"ListItem\",\"position\":1,\"name\":\"Portada\",\"item\":\"https:\/\/futbolhoy.co\/\"},{\"@type\":\"ListItem\",\"position\":2,\"name\":\"Luis D\u00edaz, Jhon Jader, Cucho y los colombianos que marcaron goles en el exterior\"}]},{\"@type\":\"WebSite\",\"@id\":\"https:\/\/futbolhoy.co\/#website\",\"url\":\"https:\/\/futbolhoy.co\/\",\"name\":\"FutbolHoy\",\"description\":\"\",\"publisher\":{\"@id\":\"https:\/\/futbolhoy.co\/#organization\"},\"potentialAction\":[{\"@type\":\"SearchAction\",\"target\":{\"@type\":\"EntryPoint\",\"urlTemplate\":\"https:\/\/futbolhoy.co\/?s={search_term_string}\"},\"query-input\":{\"@type\":\"PropertyValueSpecification\",\"valueRequired\":true,\"valueName\":\"search_term_string\"}}],\"inLanguage\":\"es\"},{\"@type\":\"Organization\",\"@id\":\"https:\/\/futbolhoy.co\/#organization\",\"name\":\"Futbolhoy.co\",\"url\":\"https:\/\/futbolhoy.co\/\",\"logo\":{\"@type\":\"ImageObject\",\"inLanguage\":\"es\",\"@id\":\"https:\/\/futbolhoy.co\/#\/schema\/logo\/image\/\",\"url\":\"https:\/\/futbolhoy.co\/wp-content\/uploads\/2018\/08\/17426380_1906371736249227_6326180412931521141_n.jpg\",\"contentUrl\":\"https:\/\/futbolhoy.co\/wp-content\/uploads\/2018\/08\/17426380_1906371736249227_6326180412931521141_n.jpg\",\"width\":960,\"height\":960,\"caption\":\"Futbolhoy.co\"},\"image\":{\"@id\":\"https:\/\/futbolhoy.co\/#\/schema\/logo\/image\/\"},\"sameAs\":[\"https:\/\/www.facebook.com\/FutbolHoyCol\/\",\"https:\/\/x.com\/FutbolHoyCol\",\"https:\/\/www.instagram.com\/futbolhoycol\/\"]},{\"@type\":\"Person\",\"@id\":\"https:\/\/futbolhoy.co\/#\/schema\/person\/1721b69355b6623eaff15ac7b92d4cc3\",\"name\":\"contenido\",\"image\":{\"@type\":\"ImageObject\",\"inLanguage\":\"es\",\"@id\":\"https:\/\/futbolhoy.co\/#\/schema\/person\/image\/\",\"url\":\"https:\/\/secure.gravatar.com\/avatar\/4f656d3256f5134f466206e7c3941518?s=96&d=mm&r=g\",\"contentUrl\":\"https:\/\/secure.gravatar.com\/avatar\/4f656d3256f5134f466206e7c3941518?s=96&d=mm&r=g\",\"caption\":\"contenido\"}}]}<\/script>\n<!-- \/ Yoast SEO plugin. -->","yoast_head_json":{"title":"Luis D\u00edaz, Jhon Jader, Cucho y los colombianos que marcaron goles en el exterior -","robots":{"index":"index","follow":"follow","max-snippet":"max-snippet:-1","max-image-preview":"max-image-preview:large","max-video-preview":"max-video-preview:-1"},"canonical":"https:\/\/futbolhoy.co\/index.php\/2023\/08\/21\/luis-diaz-jhon-jader-cucho-y-los-colombianos-que-marcaron-goles-en-el-exterior\/","og_locale":"es_ES","og_type":"article","og_title":"Luis D\u00edaz, Jhon Jader, Cucho y los colombianos que marcaron goles en el exterior -","og_description":"Este fin de semana estuvo lleno de goles colombianos en las ligas internacionales. Luis D\u00edaz con Liverpool, Jhon Jader Dur\u00e1n con Aston Villa, entre otros, fueron protagonistas con sus equipos y en FutbolHoy hacemos un repaso por las anotaciones de los nuestros por el mundo. Luis D\u00edaz marc\u00f3 el primer gol del Liverpool en su [&hellip;]","og_url":"https:\/\/futbolhoy.co\/index.php\/2023\/08\/21\/luis-diaz-jhon-jader-cucho-y-los-colombianos-que-marcaron-goles-en-el-exterior\/","article_publisher":"https:\/\/www.facebook.com\/FutbolHoyCol\/","article_published_time":"2023-08-21T14:35:57+00:00","article_modified_time":"2023-08-22T02:15:20+00:00","og_image":[{"width":1440,"height":887,"url":"https:\/\/futbolhoy.co\/wp-content\/uploads\/2023\/08\/WhatsApp-Image-2023-08-21-at-09.35.28.jpeg","type":"image\/jpeg"}],"author":"contenido","twitter_card":"summary_large_image","twitter_creator":"@FutbolHoyCol","twitter_site":"@FutbolHoyCol","twitter_misc":{"Escrito por":"contenido","Tiempo de lectura":"3 minutos"},"schema":{"@context":"https:\/\/schema.org","@graph":[{"@type":"Article","@id":"https:\/\/futbolhoy.co\/index.php\/2023\/08\/21\/luis-diaz-jhon-jader-cucho-y-los-colombianos-que-marcaron-goles-en-el-exterior\/#article","isPartOf":{"@id":"https:\/\/futbolhoy.co\/index.php\/2023\/08\/21\/luis-diaz-jhon-jader-cucho-y-los-colombianos-que-marcaron-goles-en-el-exterior\/"},"author":{"name":"contenido","@id":"https:\/\/futbolhoy.co\/#\/schema\/person\/1721b69355b6623eaff15ac7b92d4cc3"},"headline":"Luis D\u00edaz, Jhon Jader, Cucho y los colombianos que marcaron goles en el exterior","datePublished":"2023-08-21T14:35:57+00:00","dateModified":"2023-08-22T02:15:20+00:00","mainEntityOfPage":{"@id":"https:\/\/futbolhoy.co\/index.php\/2023\/08\/21\/luis-diaz-jhon-jader-cucho-y-los-colombianos-que-marcaron-goles-en-el-exterior\/"},"wordCount":690,"commentCount":0,"publisher":{"@id":"https:\/\/futbolhoy.co\/#organization"},"image":{"@id":"https:\/\/futbolhoy.co\/index.php\/2023\/08\/21\/luis-diaz-jhon-jader-cucho-y-los-colombianos-que-marcaron-goles-en-el-exterior\/#primaryimage"},"thumbnailUrl":"https:\/\/futbolhoy.co\/wp-content\/uploads\/2023\/08\/WhatsApp-Image-2023-08-21-at-09.35.28.jpeg","articleSection":["Colombia"],"inLanguage":"es","potentialAction":[{"@type":"CommentAction","name":"Comment","target":["https:\/\/futbolhoy.co\/index.php\/2023\/08\/21\/luis-diaz-jhon-jader-cucho-y-los-colombianos-que-marcaron-goles-en-el-exterior\/#respond"]}]},{"@type":"WebPage","@id":"https:\/\/futbolhoy.co\/index.php\/2023\/08\/21\/luis-diaz-jhon-jader-cucho-y-los-colombianos-que-marcaron-goles-en-el-exterior\/","url":"https:\/\/futbolhoy.co\/index.php\/2023\/08\/21\/luis-diaz-jhon-jader-cucho-y-los-colombianos-que-marcaron-goles-en-el-exterior\/","name":"Luis D\u00edaz, Jhon Jader, Cucho y los colombianos que marcaron goles en el exterior -","isPartOf":{"@id":"https:\/\/futbolhoy.co\/#website"},"primaryImageOfPage":{"@id":"https:\/\/futbolhoy.co\/index.php\/2023\/08\/21\/luis-diaz-jhon-jader-cucho-y-los-colombianos-que-marcaron-goles-en-el-exterior\/#primaryimage"},"image":{"@id":"https:\/\/futbolhoy.co\/index.php\/2023\/08\/21\/luis-diaz-jhon-jader-cucho-y-los-colombianos-que-marcaron-goles-en-el-exterior\/#primaryimage"},"thumbnailUrl":"https:\/\/futbolhoy.co\/wp-content\/uploads\/2023\/08\/WhatsApp-Image-2023-08-21-at-09.35.28.jpeg","datePublished":"2023-08-21T14:35:57+00:00","dateModified":"2023-08-22T02:15:20+00:00","breadcrumb":{"@id":"https:\/\/futbolhoy.co\/index.php\/2023\/08\/21\/luis-diaz-jhon-jader-cucho-y-los-colombianos-que-marcaron-goles-en-el-exterior\/#breadcrumb"},"inLanguage":"es","potentialAction":[{"@type":"ReadAction","target":["https:\/\/futbolhoy.co\/index.php\/2023\/08\/21\/luis-diaz-jhon-jader-cucho-y-los-colombianos-que-marcaron-goles-en-el-exterior\/"]}]},{"@type":"ImageObject","inLanguage":"es","@id":"https:\/\/futbolhoy.co\/index.php\/2023\/08\/21\/luis-diaz-jhon-jader-cucho-y-los-colombianos-que-marcaron-goles-en-el-exterior\/#primaryimage","url":"https:\/\/futbolhoy.co\/wp-content\/uploads\/2023\/08\/WhatsApp-Image-2023-08-21-at-09.35.28.jpeg","contentUrl":"https:\/\/futbolhoy.co\/wp-content\/uploads\/2023\/08\/WhatsApp-Image-2023-08-21-at-09.35.28.jpeg","width":1440,"height":887},{"@type":"BreadcrumbList","@id":"https:\/\/futbolhoy.co\/index.php\/2023\/08\/21\/luis-diaz-jhon-jader-cucho-y-los-colombianos-que-marcaron-goles-en-el-exterior\/#breadcrumb","itemListElement":[{"@type":"ListItem","position":1,"name":"Portada","item":"https:\/\/futbolhoy.co\/"},{"@type":"ListItem","position":2,"name":"Luis D\u00edaz, Jhon Jader, Cucho y los colombianos que marcaron goles en el exterior"}]},{"@type":"WebSite","@id":"https:\/\/futbolhoy.co\/#website","url":"https:\/\/futbolhoy.co\/","name":"FutbolHoy","description":"","publisher":{"@id":"https:\/\/futbolhoy.co\/#organization"},"potentialAction":[{"@type":"SearchAction","target":{"@type":"EntryPoint","urlTemplate":"https:\/\/futbolhoy.co\/?s={search_term_string}"},"query-input":{"@type":"PropertyValueSpecification","valueRequired":true,"valueName":"search_term_string"}}],"inLanguage":"es"},{"@type":"Organization","@id":"https:\/\/futbolhoy.co\/#organization","name":"Futbolhoy.co","url":"https:\/\/futbolhoy.co\/","logo":{"@type":"ImageObject","inLanguage":"es","@id":"https:\/\/futbolhoy.co\/#\/schema\/logo\/image\/","url":"https:\/\/futbolhoy.co\/wp-content\/uploads\/2018\/08\/17426380_1906371736249227_6326180412931521141_n.jpg","contentUrl":"https:\/\/futbolhoy.co\/wp-content\/uploads\/2018\/08\/17426380_1906371736249227_6326180412931521141_n.jpg","width":960,"height":960,"caption":"Futbolhoy.co"},"image":{"@id":"https:\/\/futbolhoy.co\/#\/schema\/logo\/image\/"},"sameAs":["https:\/\/www.facebook.com\/FutbolHoyCol\/","https:\/\/x.com\/FutbolHoyCol","https:\/\/www.instagram.com\/futbolhoycol\/"]},{"@type":"Person","@id":"https:\/\/futbolhoy.co\/#\/schema\/person\/1721b69355b6623eaff15ac7b92d4cc3","name":"contenido","image":{"@type":"ImageObject","inLanguage":"es","@id":"https:\/\/futbolhoy.co\/#\/schema\/person\/image\/","url":"https:\/\/secure.gravatar.com\/avatar\/4f656d3256f5134f466206e7c3941518?s=96&d=mm&r=g","contentUrl":"https:\/\/secure.gravatar.com\/avatar\/4f656d3256f5134f466206e7c3941518?s=96&d=mm&r=g","caption":"contenido"}}]}},"publishpress_future_action":{"enabled":false,"date":"2026-05-06 16:10:17","action":"change-status","newStatus":"draft","terms":[],"taxonomy":"category","extraData":[]},"publishpress_future_workflow_manual_trigger":{"enabledWorkflows":[]},"_links":{"self":[{"href":"https:\/\/futbolhoy.co\/index.php\/wp-json\/wp\/v2\/posts\/98289","targetHints":{"allow":["GET"]}}],"collection":[{"href":"https:\/\/futbolhoy.co\/index.php\/wp-json\/wp\/v2\/posts"}],"about":[{"href":"https:\/\/futbolhoy.co\/index.php\/wp-json\/wp\/v2\/types\/post"}],"author":[{"embeddable":true,"href":"https:\/\/futbolhoy.co\/index.php\/wp-json\/wp\/v2\/users\/4"}],"replies":[{"embeddable":true,"href":"https:\/\/futbolhoy.co\/index.php\/wp-json\/wp\/v2\/comments?post=98289"}],"version-history":[{"count":2,"href":"https:\/\/futbolhoy.co\/index.php\/wp-json\/wp\/v2\/posts\/98289\/revisions"}],"predecessor-version":[{"id":98329,"href":"https:\/\/futbolhoy.co\/index.php\/wp-json\/wp\/v2\/posts\/98289\/revisions\/98329"}],"wp:featuredmedia":[{"embeddable":true,"href":"https:\/\/futbolhoy.co\/index.php\/wp-json\/wp\/v2\/media\/98290"}],"wp:attachment":[{"href":"https:\/\/futbolhoy.co\/index.php\/wp-json\/wp\/v2\/media?parent=98289"}],"wp:term":[{"taxonomy":"category","embeddable":true,"href":"https:\/\/futbolhoy.co\/index.php\/wp-json\/wp\/v2\/categories?post=98289"},{"taxonomy":"post_tag","embeddable":true,"href":"https:\/\/futbolhoy.co\/index.php\/wp-json\/wp\/v2\/tags?post=98289"}],"curies":[{"name":"wp","href":"https:\/\/api.w.org\/{rel}","templated":true}]}}