{"id":98292,"date":"2023-08-21T09:00:36","date_gmt":"2023-08-21T14:00:36","guid":{"rendered":"https:\/\/futbolhoy.co\/?p=98292"},"modified":"2023-08-21T19:33:55","modified_gmt":"2023-08-22T00:33:55","slug":"los-datos-y-records-que-dejo-el-mundial-femenino","status":"publish","type":"post","link":"https:\/\/futbolhoy.co\/index.php\/2023\/08\/21\/los-datos-y-records-que-dejo-el-mundial-femenino\/","title":{"rendered":"Los datos y r\u00e9cords que dej\u00f3 el Mundial Femenino"},"content":{"rendered":"<p style=\"font-weight: 400; text-align: justify;\"><span style=\"font-family: helvetica, arial, sans-serif;\"><span style=\"font-weight: 400;\">La <\/span><b>Selecci\u00f3n Colombia<\/b><span style=\"font-weight: 400;\"> termin\u00f3 en los cuartos de final del <\/span><b>Mundial Femenino de Australia y Nueva Zelanda<\/b><span style=\"font-weight: 400;\">, una instancia a la que nunca hab\u00eda llegado la Tricolor, pero adem\u00e1s de esto, otros hechos relevantes y r\u00e9cords se marcaron en la <\/span><b>Copa del Mundo que dej\u00f3 a Espa\u00f1a como campeona.<\/b><\/span><\/p>\n<p style=\"font-weight: 400; text-align: justify;\"><span style=\"font-weight: 400; font-family: helvetica, arial, sans-serif;\">- Espa\u00f1a es el quinto pa\u00eds que gana el Mundial femenino tras Estados Unidos, Alemania, Noruega y Jap\u00f3n.<\/span><\/p>\n<p style=\"font-weight: 400; text-align: justify;\"><span style=\"font-weight: 400; font-family: helvetica, arial, sans-serif;\">- Espa\u00f1a es el segundo pa\u00eds, tras Alemania, en lograr los t\u00edtulos mundiales absolutos masculino y femenino.<\/span><\/p>\n<p style=\"font-weight: 400; text-align: justify;\"><span style=\"font-weight: 400; font-family: helvetica, arial, sans-serif;\">- Espa\u00f1a es el primer pa\u00eds en reunir a la vez los t\u00edtulos femeninos absoluto, sub'20 y sub'17. Jap\u00f3n es el otro que lo ha conseguido, pero sin tener los tres a la vez (campeona absoluta en 2011, sub'20 en 2018 y sub'17 en 2014)<\/span><\/p>\n<p style=\"font-weight: 400; text-align: justify;\"><span style=\"font-weight: 400; font-family: helvetica, arial, sans-serif;\">- Salma Paralluelo es la primera jugadora en ganar el mundial absoluto, el sub'20 (en 2022) y el sub'17 (en 2018)<\/span><\/p>\n<p style=\"font-weight: 400; text-align: justify;\"><span style=\"font-weight: 400; font-family: helvetica, arial, sans-serif;\">- Espa\u00f1a es el segundo equipo que gana el t\u00edtulo tras perder un partido durante el torneo (cay\u00f3 ante Jap\u00f3n por 4-0). El cuadro nip\u00f3n se proclam\u00f3 campe\u00f3n en 2011 tras ceder ante la fase de grupos ante Inglaterra por 2-0.<\/span><\/p>\n<p style=\"font-weight: 400; text-align: justify;\"><span style=\"font-weight: 400; font-family: helvetica, arial, sans-serif;\">- En la final Espa\u00f1a dej\u00f3 a cero su porter\u00eda por primera vez en la fase de eliminatorias directas.<\/span><\/p>\n<p style=\"font-weight: 400; text-align: justify;\"><span style=\"font-weight: 400; font-family: helvetica, arial, sans-serif;\">- Jenni Hermoso fue la segunda jugadora en fallar una pena m\u00e1xima durante una final (excluidas las tandas de penaltis). La primera fue la brasile\u00f1a Marta en 2007 contra Alemania, cuando su tiro lo salv\u00f3 Nadine Angerer.<\/span><\/p>\n<p style=\"font-weight: 400; text-align: justify;\"><span style=\"font-weight: 400; font-family: helvetica, arial, sans-serif;\">- Durante el Mundial se han pitado 27 penaltis, de los que se han convertido 20, m\u00e1s que en ninguna otra fase final. El r\u00e9cord anterior estaba fijado en 26 en la edici\u00f3n de Francia 2019 (18 convertidos y ocho fallados).<\/span><\/p>\n<p style=\"font-weight: 400; text-align: justify;\"><span style=\"font-weight: 400; font-family: helvetica, arial, sans-serif;\">- Hinata Miyazawa (5 tantos) es la segunda jugadora japonesa en ganar la bota de oro a la m\u00e1xima goleadora tras Homare Sawa, que consigui\u00f3 cinco en 2011.<\/span><\/p>\n<p style=\"font-weight: 400; text-align: justify;\"><span style=\"font-weight: 400; font-family: helvetica, arial, sans-serif;\">- La espa\u00f1ola Aitana Bonmat\u00ed es la tercera jugadora europea en recibir el Bal\u00f3n de Oro tras Brigit Prinz (Alemania, 2003) y Hege Riise (Noruega, 1995).<\/span><\/p>\n<p style=\"font-weight: 400; text-align: justify;\"><span style=\"font-weight: 400; font-family: helvetica, arial, sans-serif;\">- Se han conseguido 164 goles, lo que eleva a 1.081 tantos en la historia de competici\u00f3n. La marca previa era 146 conseguidos en Canad\u00e1 2015 y Francia 2019.<\/span><\/p>\n<p style=\"font-weight: 400; text-align: justify;\"><span style=\"font-weight: 400; font-family: helvetica, arial, sans-serif;\">- Los tramos entre los minutos 16-30, con 28, y 61-75, con 27, son las <strong>fases de los partidos<\/strong> en las que se han conseguido m\u00e1s goles.<\/span><\/p>\n<p style=\"font-weight: 400; text-align: justify;\"><span style=\"font-weight: 400; font-family: helvetica, arial, sans-serif;\">- La asistencia de p\u00fablico a los estadios de Australia y Nueva Zelanda ha sido de 1.978.274 espectadores, <strong>una media de 30.911.<\/strong><\/span><\/p>\n<p style=\"font-weight: 400; text-align: justify;\"><span style=\"font-weight: 400; font-family: helvetica, arial, sans-serif;\">- Espa\u00f1a es la selecci\u00f3n que ha ganado m\u00e1s partidos, con seis, por tan solo una derrota, por los cinco de Inglaterra y Suecia. Irlanda, Argentina, Corea del Sur, Hait\u00ed, Costa Rica, Panam\u00e1 y Vietnam se marcharon sin conocer la victoria. <strong>Francia, Estados Unidos y Nigeria<\/strong> se marcharon sin perder partido alguno.<\/span><\/p>\n<p style=\"font-weight: 400; text-align: justify;\"><span style=\"font-weight: 400; font-family: helvetica, arial, sans-serif;\">- <strong>Espa\u00f1a es la selecci\u00f3n m\u00e1s anotadora del Mundial,<\/strong> con 18 goles, tres m\u00e1s que Jap\u00f3n. Suecia es tercera con 14. Vietnam y Hait\u00ed son las \u00fanicas que no consiguieron marcar.<\/span><\/p>\n<p style=\"font-weight: 400; text-align: justify;\"><span style=\"font-weight: 400; font-family: helvetica, arial, sans-serif;\">- Estados Unidos tan solo encaj\u00f3 un tanto en los cuatro partidos disputados, al caer en los octavos de final, al igual que Jamaica, que se despidi\u00f3 en la misma ronda. <strong>Portugal y Nueva Zelanda<\/strong>, que se quedaron fuera en la fase de grupos, tambi\u00e9n vieron batida su porter\u00eda solamente una vez. En el lado contrario, Vietnam encaj\u00f3 doce.<\/span><\/p>\n<p style=\"font-weight: 400; text-align: justify;\"><span style=\"font-weight: 400; font-family: helvetica, arial, sans-serif;\">- Espa\u00f1a, equipo que m\u00e1s dispar\u00f3, 134 veces, 48 de ellas a puerta, tabla que tambi\u00e9n lidera. As\u00ed mismo, comanda la lista de <strong>pases con 4.426<\/strong> y de pases completados con 3.723, en ambos casos por delante de Inglaterra (3.783-3.194)<\/span><\/p>\n<p style=\"font-weight: 400; text-align: justify;\"><span style=\"font-weight: 400; font-family: helvetica, arial, sans-serif;\">- Australia dej\u00f3 la porter\u00eda a cero en cuatro encuentros.<\/span><\/p>\n<p style=\"font-weight: 400; text-align: justify;\"><span style=\"font-weight: 400; font-family: helvetica, arial, sans-serif;\">- En total hubo <strong>ocho autogoles<\/strong>. Marruecos, con dos ante Alemania, es la que m\u00e1s se marc\u00f3 en propia porter\u00eda.<\/span><\/p>\n<p style=\"font-weight: 400; text-align: justify;\"><span style=\"font-weight: 400; font-family: helvetica, arial, sans-serif;\">- La brasile\u00f1a Ary Borges, la noruega Sophie Roman Haug y la francesa Kadidiatou Diani fueron las \u00fanicas en <strong>marcar tripletes<\/strong> durante el torneo.<\/span><\/p>\n<p style=\"font-weight: 400; text-align: justify;\"><span style=\"font-weight: 400; font-family: helvetica, arial, sans-serif;\">- La japonesa Mina Tanaka, la inglesa Lauren James y la francesa Kadidiatou Diani lideraron la tabla de <strong>asistencias con tres.<\/strong><\/span><\/p>\n","protected":false},"excerpt":{"rendered":"<p>La Selecci\u00f3n Colombia termin\u00f3 en los cuartos de final del Mundial Femenino de Australia y Nueva Zelanda, una instancia a la que nunca hab\u00eda llegado la Tricolor, pero adem\u00e1s de esto, otros hechos relevantes y r\u00e9cords se marcaron en la Copa del Mundo que dej\u00f3 a Espa\u00f1a como campeona. - Espa\u00f1a es el quinto pa\u00eds [&hellip;]<\/p>\n","protected":false},"author":4,"featured_media":97566,"comment_status":"open","ping_status":"open","sticky":false,"template":"","format":"standard","meta":{"_acf_changed":false,"footnotes":""},"categories":[6],"tags":[],"class_list":{"0":"post-98292","1":"post","2":"type-post","3":"status-publish","4":"format-standard","5":"has-post-thumbnail","7":"category-mundial"},"acf":[],"yoast_head":"<!-- This site is optimized with the Yoast SEO plugin v26.8 - https:\/\/yoast.com\/product\/yoast-seo-wordpress\/ -->\n<title>Los datos y r\u00e9cords que dej\u00f3 el Mundial Femenino -<\/title>\n<meta name=\"robots\" content=\"index, follow, max-snippet:-1, max-image-preview:large, max-video-preview:-1\" \/>\n<link rel=\"canonical\" href=\"https:\/\/futbolhoy.co\/index.php\/2023\/08\/21\/los-datos-y-records-que-dejo-el-mundial-femenino\/\" \/>\n<meta property=\"og:locale\" content=\"es_ES\" \/>\n<meta property=\"og:type\" content=\"article\" \/>\n<meta property=\"og:title\" content=\"Los datos y r\u00e9cords que dej\u00f3 el Mundial Femenino -\" \/>\n<meta property=\"og:description\" content=\"La Selecci\u00f3n Colombia termin\u00f3 en los cuartos de final del Mundial Femenino de Australia y Nueva Zelanda, una instancia a la que nunca hab\u00eda llegado la Tricolor, pero adem\u00e1s de esto, otros hechos relevantes y r\u00e9cords se marcaron en la Copa del Mundo que dej\u00f3 a Espa\u00f1a como campeona. - Espa\u00f1a es el quinto pa\u00eds [&hellip;]\" \/>\n<meta property=\"og:url\" content=\"https:\/\/futbolhoy.co\/index.php\/2023\/08\/21\/los-datos-y-records-que-dejo-el-mundial-femenino\/\" \/>\n<meta property=\"article:publisher\" content=\"https:\/\/www.facebook.com\/FutbolHoyCol\/\" \/>\n<meta property=\"article:published_time\" content=\"2023-08-21T14:00:36+00:00\" \/>\n<meta property=\"article:modified_time\" content=\"2023-08-22T00:33:55+00:00\" \/>\n<meta property=\"og:image\" content=\"https:\/\/futbolhoy.co\/wp-content\/uploads\/2023\/07\/F2SJyZ9WMAEITCI.jpg\" \/>\n\t<meta property=\"og:image:width\" content=\"1080\" \/>\n\t<meta property=\"og:image:height\" content=\"1080\" \/>\n\t<meta property=\"og:image:type\" content=\"image\/jpeg\" \/>\n<meta name=\"author\" content=\"contenido\" \/>\n<meta name=\"twitter:card\" content=\"summary_large_image\" \/>\n<meta name=\"twitter:creator\" content=\"@FutbolHoyCol\" \/>\n<meta name=\"twitter:site\" content=\"@FutbolHoyCol\" \/>\n<meta name=\"twitter:label1\" content=\"Escrito por\" \/>\n\t<meta name=\"twitter:data1\" content=\"contenido\" \/>\n\t<meta name=\"twitter:label2\" content=\"Tiempo de lectura\" \/>\n\t<meta name=\"twitter:data2\" content=\"3 minutos\" \/>\n<script type=\"application\/ld+json\" class=\"yoast-schema-graph\">{\"@context\":\"https:\/\/schema.org\",\"@graph\":[{\"@type\":\"Article\",\"@id\":\"https:\/\/futbolhoy.co\/index.php\/2023\/08\/21\/los-datos-y-records-que-dejo-el-mundial-femenino\/#article\",\"isPartOf\":{\"@id\":\"https:\/\/futbolhoy.co\/index.php\/2023\/08\/21\/los-datos-y-records-que-dejo-el-mundial-femenino\/\"},\"author\":{\"name\":\"contenido\",\"@id\":\"https:\/\/futbolhoy.co\/#\/schema\/person\/1721b69355b6623eaff15ac7b92d4cc3\"},\"headline\":\"Los datos y r\u00e9cords que dej\u00f3 el Mundial Femenino\",\"datePublished\":\"2023-08-21T14:00:36+00:00\",\"dateModified\":\"2023-08-22T00:33:55+00:00\",\"mainEntityOfPage\":{\"@id\":\"https:\/\/futbolhoy.co\/index.php\/2023\/08\/21\/los-datos-y-records-que-dejo-el-mundial-femenino\/\"},\"wordCount\":706,\"commentCount\":0,\"publisher\":{\"@id\":\"https:\/\/futbolhoy.co\/#organization\"},\"image\":{\"@id\":\"https:\/\/futbolhoy.co\/index.php\/2023\/08\/21\/los-datos-y-records-que-dejo-el-mundial-femenino\/#primaryimage\"},\"thumbnailUrl\":\"https:\/\/futbolhoy.co\/wp-content\/uploads\/2023\/07\/F2SJyZ9WMAEITCI.jpg\",\"articleSection\":[\"Mundial\"],\"inLanguage\":\"es\",\"potentialAction\":[{\"@type\":\"CommentAction\",\"name\":\"Comment\",\"target\":[\"https:\/\/futbolhoy.co\/index.php\/2023\/08\/21\/los-datos-y-records-que-dejo-el-mundial-femenino\/#respond\"]}]},{\"@type\":\"WebPage\",\"@id\":\"https:\/\/futbolhoy.co\/index.php\/2023\/08\/21\/los-datos-y-records-que-dejo-el-mundial-femenino\/\",\"url\":\"https:\/\/futbolhoy.co\/index.php\/2023\/08\/21\/los-datos-y-records-que-dejo-el-mundial-femenino\/\",\"name\":\"Los datos y r\u00e9cords que dej\u00f3 el Mundial Femenino -\",\"isPartOf\":{\"@id\":\"https:\/\/futbolhoy.co\/#website\"},\"primaryImageOfPage\":{\"@id\":\"https:\/\/futbolhoy.co\/index.php\/2023\/08\/21\/los-datos-y-records-que-dejo-el-mundial-femenino\/#primaryimage\"},\"image\":{\"@id\":\"https:\/\/futbolhoy.co\/index.php\/2023\/08\/21\/los-datos-y-records-que-dejo-el-mundial-femenino\/#primaryimage\"},\"thumbnailUrl\":\"https:\/\/futbolhoy.co\/wp-content\/uploads\/2023\/07\/F2SJyZ9WMAEITCI.jpg\",\"datePublished\":\"2023-08-21T14:00:36+00:00\",\"dateModified\":\"2023-08-22T00:33:55+00:00\",\"breadcrumb\":{\"@id\":\"https:\/\/futbolhoy.co\/index.php\/2023\/08\/21\/los-datos-y-records-que-dejo-el-mundial-femenino\/#breadcrumb\"},\"inLanguage\":\"es\",\"potentialAction\":[{\"@type\":\"ReadAction\",\"target\":[\"https:\/\/futbolhoy.co\/index.php\/2023\/08\/21\/los-datos-y-records-que-dejo-el-mundial-femenino\/\"]}]},{\"@type\":\"ImageObject\",\"inLanguage\":\"es\",\"@id\":\"https:\/\/futbolhoy.co\/index.php\/2023\/08\/21\/los-datos-y-records-que-dejo-el-mundial-femenino\/#primaryimage\",\"url\":\"https:\/\/futbolhoy.co\/wp-content\/uploads\/2023\/07\/F2SJyZ9WMAEITCI.jpg\",\"contentUrl\":\"https:\/\/futbolhoy.co\/wp-content\/uploads\/2023\/07\/F2SJyZ9WMAEITCI.jpg\",\"width\":1080,\"height\":1080},{\"@type\":\"BreadcrumbList\",\"@id\":\"https:\/\/futbolhoy.co\/index.php\/2023\/08\/21\/los-datos-y-records-que-dejo-el-mundial-femenino\/#breadcrumb\",\"itemListElement\":[{\"@type\":\"ListItem\",\"position\":1,\"name\":\"Portada\",\"item\":\"https:\/\/futbolhoy.co\/\"},{\"@type\":\"ListItem\",\"position\":2,\"name\":\"Los datos y r\u00e9cords que dej\u00f3 el Mundial Femenino\"}]},{\"@type\":\"WebSite\",\"@id\":\"https:\/\/futbolhoy.co\/#website\",\"url\":\"https:\/\/futbolhoy.co\/\",\"name\":\"FutbolHoy\",\"description\":\"\",\"publisher\":{\"@id\":\"https:\/\/futbolhoy.co\/#organization\"},\"potentialAction\":[{\"@type\":\"SearchAction\",\"target\":{\"@type\":\"EntryPoint\",\"urlTemplate\":\"https:\/\/futbolhoy.co\/?s={search_term_string}\"},\"query-input\":{\"@type\":\"PropertyValueSpecification\",\"valueRequired\":true,\"valueName\":\"search_term_string\"}}],\"inLanguage\":\"es\"},{\"@type\":\"Organization\",\"@id\":\"https:\/\/futbolhoy.co\/#organization\",\"name\":\"Futbolhoy.co\",\"url\":\"https:\/\/futbolhoy.co\/\",\"logo\":{\"@type\":\"ImageObject\",\"inLanguage\":\"es\",\"@id\":\"https:\/\/futbolhoy.co\/#\/schema\/logo\/image\/\",\"url\":\"https:\/\/futbolhoy.co\/wp-content\/uploads\/2018\/08\/17426380_1906371736249227_6326180412931521141_n.jpg\",\"contentUrl\":\"https:\/\/futbolhoy.co\/wp-content\/uploads\/2018\/08\/17426380_1906371736249227_6326180412931521141_n.jpg\",\"width\":960,\"height\":960,\"caption\":\"Futbolhoy.co\"},\"image\":{\"@id\":\"https:\/\/futbolhoy.co\/#\/schema\/logo\/image\/\"},\"sameAs\":[\"https:\/\/www.facebook.com\/FutbolHoyCol\/\",\"https:\/\/x.com\/FutbolHoyCol\",\"https:\/\/www.instagram.com\/futbolhoycol\/\"]},{\"@type\":\"Person\",\"@id\":\"https:\/\/futbolhoy.co\/#\/schema\/person\/1721b69355b6623eaff15ac7b92d4cc3\",\"name\":\"contenido\",\"image\":{\"@type\":\"ImageObject\",\"inLanguage\":\"es\",\"@id\":\"https:\/\/futbolhoy.co\/#\/schema\/person\/image\/\",\"url\":\"https:\/\/secure.gravatar.com\/avatar\/4f656d3256f5134f466206e7c3941518?s=96&d=mm&r=g\",\"contentUrl\":\"https:\/\/secure.gravatar.com\/avatar\/4f656d3256f5134f466206e7c3941518?s=96&d=mm&r=g\",\"caption\":\"contenido\"}}]}<\/script>\n<!-- \/ Yoast SEO plugin. -->","yoast_head_json":{"title":"Los datos y r\u00e9cords que dej\u00f3 el Mundial Femenino -","robots":{"index":"index","follow":"follow","max-snippet":"max-snippet:-1","max-image-preview":"max-image-preview:large","max-video-preview":"max-video-preview:-1"},"canonical":"https:\/\/futbolhoy.co\/index.php\/2023\/08\/21\/los-datos-y-records-que-dejo-el-mundial-femenino\/","og_locale":"es_ES","og_type":"article","og_title":"Los datos y r\u00e9cords que dej\u00f3 el Mundial Femenino -","og_description":"La Selecci\u00f3n Colombia termin\u00f3 en los cuartos de final del Mundial Femenino de Australia y Nueva Zelanda, una instancia a la que nunca hab\u00eda llegado la Tricolor, pero adem\u00e1s de esto, otros hechos relevantes y r\u00e9cords se marcaron en la Copa del Mundo que dej\u00f3 a Espa\u00f1a como campeona. - Espa\u00f1a es el quinto pa\u00eds [&hellip;]","og_url":"https:\/\/futbolhoy.co\/index.php\/2023\/08\/21\/los-datos-y-records-que-dejo-el-mundial-femenino\/","article_publisher":"https:\/\/www.facebook.com\/FutbolHoyCol\/","article_published_time":"2023-08-21T14:00:36+00:00","article_modified_time":"2023-08-22T00:33:55+00:00","og_image":[{"width":1080,"height":1080,"url":"https:\/\/futbolhoy.co\/wp-content\/uploads\/2023\/07\/F2SJyZ9WMAEITCI.jpg","type":"image\/jpeg"}],"author":"contenido","twitter_card":"summary_large_image","twitter_creator":"@FutbolHoyCol","twitter_site":"@FutbolHoyCol","twitter_misc":{"Escrito por":"contenido","Tiempo de lectura":"3 minutos"},"schema":{"@context":"https:\/\/schema.org","@graph":[{"@type":"Article","@id":"https:\/\/futbolhoy.co\/index.php\/2023\/08\/21\/los-datos-y-records-que-dejo-el-mundial-femenino\/#article","isPartOf":{"@id":"https:\/\/futbolhoy.co\/index.php\/2023\/08\/21\/los-datos-y-records-que-dejo-el-mundial-femenino\/"},"author":{"name":"contenido","@id":"https:\/\/futbolhoy.co\/#\/schema\/person\/1721b69355b6623eaff15ac7b92d4cc3"},"headline":"Los datos y r\u00e9cords que dej\u00f3 el Mundial Femenino","datePublished":"2023-08-21T14:00:36+00:00","dateModified":"2023-08-22T00:33:55+00:00","mainEntityOfPage":{"@id":"https:\/\/futbolhoy.co\/index.php\/2023\/08\/21\/los-datos-y-records-que-dejo-el-mundial-femenino\/"},"wordCount":706,"commentCount":0,"publisher":{"@id":"https:\/\/futbolhoy.co\/#organization"},"image":{"@id":"https:\/\/futbolhoy.co\/index.php\/2023\/08\/21\/los-datos-y-records-que-dejo-el-mundial-femenino\/#primaryimage"},"thumbnailUrl":"https:\/\/futbolhoy.co\/wp-content\/uploads\/2023\/07\/F2SJyZ9WMAEITCI.jpg","articleSection":["Mundial"],"inLanguage":"es","potentialAction":[{"@type":"CommentAction","name":"Comment","target":["https:\/\/futbolhoy.co\/index.php\/2023\/08\/21\/los-datos-y-records-que-dejo-el-mundial-femenino\/#respond"]}]},{"@type":"WebPage","@id":"https:\/\/futbolhoy.co\/index.php\/2023\/08\/21\/los-datos-y-records-que-dejo-el-mundial-femenino\/","url":"https:\/\/futbolhoy.co\/index.php\/2023\/08\/21\/los-datos-y-records-que-dejo-el-mundial-femenino\/","name":"Los datos y r\u00e9cords que dej\u00f3 el Mundial Femenino -","isPartOf":{"@id":"https:\/\/futbolhoy.co\/#website"},"primaryImageOfPage":{"@id":"https:\/\/futbolhoy.co\/index.php\/2023\/08\/21\/los-datos-y-records-que-dejo-el-mundial-femenino\/#primaryimage"},"image":{"@id":"https:\/\/futbolhoy.co\/index.php\/2023\/08\/21\/los-datos-y-records-que-dejo-el-mundial-femenino\/#primaryimage"},"thumbnailUrl":"https:\/\/futbolhoy.co\/wp-content\/uploads\/2023\/07\/F2SJyZ9WMAEITCI.jpg","datePublished":"2023-08-21T14:00:36+00:00","dateModified":"2023-08-22T00:33:55+00:00","breadcrumb":{"@id":"https:\/\/futbolhoy.co\/index.php\/2023\/08\/21\/los-datos-y-records-que-dejo-el-mundial-femenino\/#breadcrumb"},"inLanguage":"es","potentialAction":[{"@type":"ReadAction","target":["https:\/\/futbolhoy.co\/index.php\/2023\/08\/21\/los-datos-y-records-que-dejo-el-mundial-femenino\/"]}]},{"@type":"ImageObject","inLanguage":"es","@id":"https:\/\/futbolhoy.co\/index.php\/2023\/08\/21\/los-datos-y-records-que-dejo-el-mundial-femenino\/#primaryimage","url":"https:\/\/futbolhoy.co\/wp-content\/uploads\/2023\/07\/F2SJyZ9WMAEITCI.jpg","contentUrl":"https:\/\/futbolhoy.co\/wp-content\/uploads\/2023\/07\/F2SJyZ9WMAEITCI.jpg","width":1080,"height":1080},{"@type":"BreadcrumbList","@id":"https:\/\/futbolhoy.co\/index.php\/2023\/08\/21\/los-datos-y-records-que-dejo-el-mundial-femenino\/#breadcrumb","itemListElement":[{"@type":"ListItem","position":1,"name":"Portada","item":"https:\/\/futbolhoy.co\/"},{"@type":"ListItem","position":2,"name":"Los datos y r\u00e9cords que dej\u00f3 el Mundial Femenino"}]},{"@type":"WebSite","@id":"https:\/\/futbolhoy.co\/#website","url":"https:\/\/futbolhoy.co\/","name":"FutbolHoy","description":"","publisher":{"@id":"https:\/\/futbolhoy.co\/#organization"},"potentialAction":[{"@type":"SearchAction","target":{"@type":"EntryPoint","urlTemplate":"https:\/\/futbolhoy.co\/?s={search_term_string}"},"query-input":{"@type":"PropertyValueSpecification","valueRequired":true,"valueName":"search_term_string"}}],"inLanguage":"es"},{"@type":"Organization","@id":"https:\/\/futbolhoy.co\/#organization","name":"Futbolhoy.co","url":"https:\/\/futbolhoy.co\/","logo":{"@type":"ImageObject","inLanguage":"es","@id":"https:\/\/futbolhoy.co\/#\/schema\/logo\/image\/","url":"https:\/\/futbolhoy.co\/wp-content\/uploads\/2018\/08\/17426380_1906371736249227_6326180412931521141_n.jpg","contentUrl":"https:\/\/futbolhoy.co\/wp-content\/uploads\/2018\/08\/17426380_1906371736249227_6326180412931521141_n.jpg","width":960,"height":960,"caption":"Futbolhoy.co"},"image":{"@id":"https:\/\/futbolhoy.co\/#\/schema\/logo\/image\/"},"sameAs":["https:\/\/www.facebook.com\/FutbolHoyCol\/","https:\/\/x.com\/FutbolHoyCol","https:\/\/www.instagram.com\/futbolhoycol\/"]},{"@type":"Person","@id":"https:\/\/futbolhoy.co\/#\/schema\/person\/1721b69355b6623eaff15ac7b92d4cc3","name":"contenido","image":{"@type":"ImageObject","inLanguage":"es","@id":"https:\/\/futbolhoy.co\/#\/schema\/person\/image\/","url":"https:\/\/secure.gravatar.com\/avatar\/4f656d3256f5134f466206e7c3941518?s=96&d=mm&r=g","contentUrl":"https:\/\/secure.gravatar.com\/avatar\/4f656d3256f5134f466206e7c3941518?s=96&d=mm&r=g","caption":"contenido"}}]}},"publishpress_future_action":{"enabled":false,"date":"2026-05-06 15:03:41","action":"change-status","newStatus":"draft","terms":[],"taxonomy":"category","extraData":[]},"publishpress_future_workflow_manual_trigger":{"enabledWorkflows":[]},"_links":{"self":[{"href":"https:\/\/futbolhoy.co\/index.php\/wp-json\/wp\/v2\/posts\/98292","targetHints":{"allow":["GET"]}}],"collection":[{"href":"https:\/\/futbolhoy.co\/index.php\/wp-json\/wp\/v2\/posts"}],"about":[{"href":"https:\/\/futbolhoy.co\/index.php\/wp-json\/wp\/v2\/types\/post"}],"author":[{"embeddable":true,"href":"https:\/\/futbolhoy.co\/index.php\/wp-json\/wp\/v2\/users\/4"}],"replies":[{"embeddable":true,"href":"https:\/\/futbolhoy.co\/index.php\/wp-json\/wp\/v2\/comments?post=98292"}],"version-history":[{"count":1,"href":"https:\/\/futbolhoy.co\/index.php\/wp-json\/wp\/v2\/posts\/98292\/revisions"}],"predecessor-version":[{"id":98293,"href":"https:\/\/futbolhoy.co\/index.php\/wp-json\/wp\/v2\/posts\/98292\/revisions\/98293"}],"wp:featuredmedia":[{"embeddable":true,"href":"https:\/\/futbolhoy.co\/index.php\/wp-json\/wp\/v2\/media\/97566"}],"wp:attachment":[{"href":"https:\/\/futbolhoy.co\/index.php\/wp-json\/wp\/v2\/media?parent=98292"}],"wp:term":[{"taxonomy":"category","embeddable":true,"href":"https:\/\/futbolhoy.co\/index.php\/wp-json\/wp\/v2\/categories?post=98292"},{"taxonomy":"post_tag","embeddable":true,"href":"https:\/\/futbolhoy.co\/index.php\/wp-json\/wp\/v2\/tags?post=98292"}],"curies":[{"name":"wp","href":"https:\/\/api.w.org\/{rel}","templated":true}]}}