{"id":98314,"date":"2023-08-21T11:26:07","date_gmt":"2023-08-21T16:26:07","guid":{"rendered":"https:\/\/futbolhoy.co\/?p=98314"},"modified":"2023-08-22T11:18:11","modified_gmt":"2023-08-22T16:18:11","slug":"video-linda-caicedo-regreso-al-real-madrid-y-asi-fue-recibida","status":"publish","type":"post","link":"https:\/\/futbolhoy.co\/index.php\/2023\/08\/21\/video-linda-caicedo-regreso-al-real-madrid-y-asi-fue-recibida\/","title":{"rendered":"Video: Linda Caicedo regres\u00f3 al Real Madrid y as\u00ed fue recibida"},"content":{"rendered":"<p style=\"font-weight: 400; text-align: justify;\"><span style=\"font-family: helvetica, arial, sans-serif;\"><span style=\"font-weight: 400;\">Este lunes volvi\u00f3 <\/span><b>Linda Caicedo<\/b><span style=\"font-weight: 400;\"> a los entrenamientos con el Real Madrid tras su gran participaci\u00f3n por la Copa del Mundo Femenina con la <\/span><b>Selecci\u00f3n Colombia,<\/b><span style=\"font-weight: 400;\"> en la que alcanz\u00f3 los cuartos de final por primera vez en la historia del equipo nacional.\u00a0<\/span><\/span><\/p>\n<p style=\"font-weight: 400; text-align: justify;\"><span style=\"font-family: helvetica, arial, sans-serif;\"><span style=\"font-weight: 400;\">Real Madrid celebr\u00f3 la llegada de <\/span><b>Linda Caicedo <\/b><span style=\"font-weight: 400;\">y public\u00f3 un video del recibimiento que le hicieron sus compa\u00f1eras en la pr\u00e1ctica de este lunes.\u00a0<\/span><\/span><\/p>\n<blockquote class=\"twitter-tweet\">\n<p dir=\"ltr\" lang=\"no\">\ud83e\udd29\ud83d\udc4b \u00a1DE VUELTA!<br \/>\n\ud83c\udde8\ud83c\uddf4 <a href=\"https:\/\/twitter.com\/Linda__caicedo?ref_src=twsrc%5Etfw\">@Linda__caicedo<\/a><br \/>\n\ud83c\uddeb\ud83c\uddf7 Feller<br \/>\n\ud83c\uddeb\ud83c\uddf7 Toletti <a href=\"https:\/\/t.co\/5OYtYlQEEq\">pic.twitter.com\/5OYtYlQEEq<\/a><\/p>\n<p>\u2014 Real Madrid C.F. (@realmadridfem) <a href=\"https:\/\/twitter.com\/realmadridfem\/status\/1693631625068720591?ref_src=twsrc%5Etfw\">August 21, 2023<\/a><\/p><\/blockquote>\n<p><script async src=\"https:\/\/platform.twitter.com\/widgets.js\" charset=\"utf-8\"><\/script><\/p>\n<p style=\"font-weight: 400; text-align: justify;\"><span style=\"font-family: helvetica, arial, sans-serif;\"><span style=\"font-weight: 400;\">Linda fue una de las figuras de la <\/span><b>Selecci\u00f3n Colombia <\/b><span style=\"font-weight: 400;\">en el <\/span><b>Mundial de Australia y Nueva Zelanda<\/b><span style=\"font-weight: 400;\">, en el que marc\u00f3 dos goles, frente a <\/span><b>Corea del Sur y Alemania, <\/b><span style=\"font-weight: 400;\">adem\u00e1s fue titular en todos los partidos que disput\u00f3.\u00a0\u00a0<\/span><\/span><\/p>\n<p style=\"font-weight: 400; text-align: justify;\"><span style=\"font-family: helvetica, arial, sans-serif;\"><span style=\"font-weight: 400;\">La delantera colombiana ya inici\u00f3 su preparaci\u00f3n para el primer duelo de la temporada con Real Madrid, el pr\u00f3ximo 9 de septiembre ante el Betis. A su vez, Linda Caicedo har\u00e1 parte de las viajeras para disputar dos juegos amistosos frente a <\/span><b>Tigres y Am\u00e9rica en M\u00e9xico.\u00a0<\/b><\/span><\/p>\n","protected":false},"excerpt":{"rendered":"<p>Este lunes volvi\u00f3 Linda Caicedo a los entrenamientos con el Real Madrid tras su gran participaci\u00f3n por la Copa del Mundo Femenina con la Selecci\u00f3n Colombia, en la que alcanz\u00f3 los cuartos de final por primera vez en la historia del equipo nacional.\u00a0 Real Madrid celebr\u00f3 la llegada de Linda Caicedo y public\u00f3 un video [&hellip;]<\/p>\n","protected":false},"author":4,"featured_media":98315,"comment_status":"open","ping_status":"open","sticky":false,"template":"","format":"standard","meta":{"_acf_changed":false,"footnotes":""},"categories":[418],"tags":[],"class_list":{"0":"post-98314","1":"post","2":"type-post","3":"status-publish","4":"format-standard","5":"has-post-thumbnail","7":"category-colombia"},"acf":[],"yoast_head":"<!-- This site is optimized with the Yoast SEO plugin v26.8 - https:\/\/yoast.com\/product\/yoast-seo-wordpress\/ -->\n<title>Video: Linda Caicedo regres\u00f3 al Real Madrid y as\u00ed fue recibida -<\/title>\n<meta name=\"robots\" content=\"index, follow, max-snippet:-1, max-image-preview:large, max-video-preview:-1\" \/>\n<link rel=\"canonical\" href=\"https:\/\/futbolhoy.co\/index.php\/2023\/08\/21\/video-linda-caicedo-regreso-al-real-madrid-y-asi-fue-recibida\/\" \/>\n<meta property=\"og:locale\" content=\"es_ES\" \/>\n<meta property=\"og:type\" content=\"article\" \/>\n<meta property=\"og:title\" content=\"Video: Linda Caicedo regres\u00f3 al Real Madrid y as\u00ed fue recibida -\" \/>\n<meta property=\"og:description\" content=\"Este lunes volvi\u00f3 Linda Caicedo a los entrenamientos con el Real Madrid tras su gran participaci\u00f3n por la Copa del Mundo Femenina con la Selecci\u00f3n Colombia, en la que alcanz\u00f3 los cuartos de final por primera vez en la historia del equipo nacional.\u00a0 Real Madrid celebr\u00f3 la llegada de Linda Caicedo y public\u00f3 un video [&hellip;]\" \/>\n<meta property=\"og:url\" content=\"https:\/\/futbolhoy.co\/index.php\/2023\/08\/21\/video-linda-caicedo-regreso-al-real-madrid-y-asi-fue-recibida\/\" \/>\n<meta property=\"article:publisher\" content=\"https:\/\/www.facebook.com\/FutbolHoyCol\/\" \/>\n<meta property=\"article:published_time\" content=\"2023-08-21T16:26:07+00:00\" \/>\n<meta property=\"article:modified_time\" content=\"2023-08-22T16:18:11+00:00\" \/>\n<meta property=\"og:image\" content=\"https:\/\/futbolhoy.co\/wp-content\/uploads\/2023\/08\/IMG_6287.jpeg\" \/>\n\t<meta property=\"og:image:width\" content=\"1170\" \/>\n\t<meta property=\"og:image:height\" content=\"804\" \/>\n\t<meta property=\"og:image:type\" content=\"image\/jpeg\" \/>\n<meta name=\"author\" content=\"contenido\" \/>\n<meta name=\"twitter:card\" content=\"summary_large_image\" \/>\n<meta name=\"twitter:creator\" content=\"@FutbolHoyCol\" \/>\n<meta name=\"twitter:site\" content=\"@FutbolHoyCol\" \/>\n<meta name=\"twitter:label1\" content=\"Escrito por\" \/>\n\t<meta name=\"twitter:data1\" content=\"contenido\" \/>\n\t<meta name=\"twitter:label2\" content=\"Tiempo de lectura\" \/>\n\t<meta name=\"twitter:data2\" content=\"1 minuto\" \/>\n<script type=\"application\/ld+json\" class=\"yoast-schema-graph\">{\"@context\":\"https:\/\/schema.org\",\"@graph\":[{\"@type\":\"Article\",\"@id\":\"https:\/\/futbolhoy.co\/index.php\/2023\/08\/21\/video-linda-caicedo-regreso-al-real-madrid-y-asi-fue-recibida\/#article\",\"isPartOf\":{\"@id\":\"https:\/\/futbolhoy.co\/index.php\/2023\/08\/21\/video-linda-caicedo-regreso-al-real-madrid-y-asi-fue-recibida\/\"},\"author\":{\"name\":\"contenido\",\"@id\":\"https:\/\/futbolhoy.co\/#\/schema\/person\/1721b69355b6623eaff15ac7b92d4cc3\"},\"headline\":\"Video: Linda Caicedo regres\u00f3 al Real Madrid y as\u00ed fue recibida\",\"datePublished\":\"2023-08-21T16:26:07+00:00\",\"dateModified\":\"2023-08-22T16:18:11+00:00\",\"mainEntityOfPage\":{\"@id\":\"https:\/\/futbolhoy.co\/index.php\/2023\/08\/21\/video-linda-caicedo-regreso-al-real-madrid-y-asi-fue-recibida\/\"},\"wordCount\":191,\"commentCount\":0,\"publisher\":{\"@id\":\"https:\/\/futbolhoy.co\/#organization\"},\"image\":{\"@id\":\"https:\/\/futbolhoy.co\/index.php\/2023\/08\/21\/video-linda-caicedo-regreso-al-real-madrid-y-asi-fue-recibida\/#primaryimage\"},\"thumbnailUrl\":\"https:\/\/futbolhoy.co\/wp-content\/uploads\/2023\/08\/IMG_6287.jpeg\",\"articleSection\":[\"Colombia\"],\"inLanguage\":\"es\",\"potentialAction\":[{\"@type\":\"CommentAction\",\"name\":\"Comment\",\"target\":[\"https:\/\/futbolhoy.co\/index.php\/2023\/08\/21\/video-linda-caicedo-regreso-al-real-madrid-y-asi-fue-recibida\/#respond\"]}]},{\"@type\":\"WebPage\",\"@id\":\"https:\/\/futbolhoy.co\/index.php\/2023\/08\/21\/video-linda-caicedo-regreso-al-real-madrid-y-asi-fue-recibida\/\",\"url\":\"https:\/\/futbolhoy.co\/index.php\/2023\/08\/21\/video-linda-caicedo-regreso-al-real-madrid-y-asi-fue-recibida\/\",\"name\":\"Video: Linda Caicedo regres\u00f3 al Real Madrid y as\u00ed fue recibida -\",\"isPartOf\":{\"@id\":\"https:\/\/futbolhoy.co\/#website\"},\"primaryImageOfPage\":{\"@id\":\"https:\/\/futbolhoy.co\/index.php\/2023\/08\/21\/video-linda-caicedo-regreso-al-real-madrid-y-asi-fue-recibida\/#primaryimage\"},\"image\":{\"@id\":\"https:\/\/futbolhoy.co\/index.php\/2023\/08\/21\/video-linda-caicedo-regreso-al-real-madrid-y-asi-fue-recibida\/#primaryimage\"},\"thumbnailUrl\":\"https:\/\/futbolhoy.co\/wp-content\/uploads\/2023\/08\/IMG_6287.jpeg\",\"datePublished\":\"2023-08-21T16:26:07+00:00\",\"dateModified\":\"2023-08-22T16:18:11+00:00\",\"breadcrumb\":{\"@id\":\"https:\/\/futbolhoy.co\/index.php\/2023\/08\/21\/video-linda-caicedo-regreso-al-real-madrid-y-asi-fue-recibida\/#breadcrumb\"},\"inLanguage\":\"es\",\"potentialAction\":[{\"@type\":\"ReadAction\",\"target\":[\"https:\/\/futbolhoy.co\/index.php\/2023\/08\/21\/video-linda-caicedo-regreso-al-real-madrid-y-asi-fue-recibida\/\"]}]},{\"@type\":\"ImageObject\",\"inLanguage\":\"es\",\"@id\":\"https:\/\/futbolhoy.co\/index.php\/2023\/08\/21\/video-linda-caicedo-regreso-al-real-madrid-y-asi-fue-recibida\/#primaryimage\",\"url\":\"https:\/\/futbolhoy.co\/wp-content\/uploads\/2023\/08\/IMG_6287.jpeg\",\"contentUrl\":\"https:\/\/futbolhoy.co\/wp-content\/uploads\/2023\/08\/IMG_6287.jpeg\",\"width\":1170,\"height\":804},{\"@type\":\"BreadcrumbList\",\"@id\":\"https:\/\/futbolhoy.co\/index.php\/2023\/08\/21\/video-linda-caicedo-regreso-al-real-madrid-y-asi-fue-recibida\/#breadcrumb\",\"itemListElement\":[{\"@type\":\"ListItem\",\"position\":1,\"name\":\"Portada\",\"item\":\"https:\/\/futbolhoy.co\/\"},{\"@type\":\"ListItem\",\"position\":2,\"name\":\"Video: Linda Caicedo regres\u00f3 al Real Madrid y as\u00ed fue recibida\"}]},{\"@type\":\"WebSite\",\"@id\":\"https:\/\/futbolhoy.co\/#website\",\"url\":\"https:\/\/futbolhoy.co\/\",\"name\":\"FutbolHoy\",\"description\":\"\",\"publisher\":{\"@id\":\"https:\/\/futbolhoy.co\/#organization\"},\"potentialAction\":[{\"@type\":\"SearchAction\",\"target\":{\"@type\":\"EntryPoint\",\"urlTemplate\":\"https:\/\/futbolhoy.co\/?s={search_term_string}\"},\"query-input\":{\"@type\":\"PropertyValueSpecification\",\"valueRequired\":true,\"valueName\":\"search_term_string\"}}],\"inLanguage\":\"es\"},{\"@type\":\"Organization\",\"@id\":\"https:\/\/futbolhoy.co\/#organization\",\"name\":\"Futbolhoy.co\",\"url\":\"https:\/\/futbolhoy.co\/\",\"logo\":{\"@type\":\"ImageObject\",\"inLanguage\":\"es\",\"@id\":\"https:\/\/futbolhoy.co\/#\/schema\/logo\/image\/\",\"url\":\"https:\/\/futbolhoy.co\/wp-content\/uploads\/2018\/08\/17426380_1906371736249227_6326180412931521141_n.jpg\",\"contentUrl\":\"https:\/\/futbolhoy.co\/wp-content\/uploads\/2018\/08\/17426380_1906371736249227_6326180412931521141_n.jpg\",\"width\":960,\"height\":960,\"caption\":\"Futbolhoy.co\"},\"image\":{\"@id\":\"https:\/\/futbolhoy.co\/#\/schema\/logo\/image\/\"},\"sameAs\":[\"https:\/\/www.facebook.com\/FutbolHoyCol\/\",\"https:\/\/x.com\/FutbolHoyCol\",\"https:\/\/www.instagram.com\/futbolhoycol\/\"]},{\"@type\":\"Person\",\"@id\":\"https:\/\/futbolhoy.co\/#\/schema\/person\/1721b69355b6623eaff15ac7b92d4cc3\",\"name\":\"contenido\",\"image\":{\"@type\":\"ImageObject\",\"inLanguage\":\"es\",\"@id\":\"https:\/\/futbolhoy.co\/#\/schema\/person\/image\/\",\"url\":\"https:\/\/secure.gravatar.com\/avatar\/4f656d3256f5134f466206e7c3941518?s=96&d=mm&r=g\",\"contentUrl\":\"https:\/\/secure.gravatar.com\/avatar\/4f656d3256f5134f466206e7c3941518?s=96&d=mm&r=g\",\"caption\":\"contenido\"}}]}<\/script>\n<!-- \/ Yoast SEO plugin. -->","yoast_head_json":{"title":"Video: Linda Caicedo regres\u00f3 al Real Madrid y as\u00ed fue recibida -","robots":{"index":"index","follow":"follow","max-snippet":"max-snippet:-1","max-image-preview":"max-image-preview:large","max-video-preview":"max-video-preview:-1"},"canonical":"https:\/\/futbolhoy.co\/index.php\/2023\/08\/21\/video-linda-caicedo-regreso-al-real-madrid-y-asi-fue-recibida\/","og_locale":"es_ES","og_type":"article","og_title":"Video: Linda Caicedo regres\u00f3 al Real Madrid y as\u00ed fue recibida -","og_description":"Este lunes volvi\u00f3 Linda Caicedo a los entrenamientos con el Real Madrid tras su gran participaci\u00f3n por la Copa del Mundo Femenina con la Selecci\u00f3n Colombia, en la que alcanz\u00f3 los cuartos de final por primera vez en la historia del equipo nacional.\u00a0 Real Madrid celebr\u00f3 la llegada de Linda Caicedo y public\u00f3 un video [&hellip;]","og_url":"https:\/\/futbolhoy.co\/index.php\/2023\/08\/21\/video-linda-caicedo-regreso-al-real-madrid-y-asi-fue-recibida\/","article_publisher":"https:\/\/www.facebook.com\/FutbolHoyCol\/","article_published_time":"2023-08-21T16:26:07+00:00","article_modified_time":"2023-08-22T16:18:11+00:00","og_image":[{"width":1170,"height":804,"url":"https:\/\/futbolhoy.co\/wp-content\/uploads\/2023\/08\/IMG_6287.jpeg","type":"image\/jpeg"}],"author":"contenido","twitter_card":"summary_large_image","twitter_creator":"@FutbolHoyCol","twitter_site":"@FutbolHoyCol","twitter_misc":{"Escrito por":"contenido","Tiempo de lectura":"1 minuto"},"schema":{"@context":"https:\/\/schema.org","@graph":[{"@type":"Article","@id":"https:\/\/futbolhoy.co\/index.php\/2023\/08\/21\/video-linda-caicedo-regreso-al-real-madrid-y-asi-fue-recibida\/#article","isPartOf":{"@id":"https:\/\/futbolhoy.co\/index.php\/2023\/08\/21\/video-linda-caicedo-regreso-al-real-madrid-y-asi-fue-recibida\/"},"author":{"name":"contenido","@id":"https:\/\/futbolhoy.co\/#\/schema\/person\/1721b69355b6623eaff15ac7b92d4cc3"},"headline":"Video: Linda Caicedo regres\u00f3 al Real Madrid y as\u00ed fue recibida","datePublished":"2023-08-21T16:26:07+00:00","dateModified":"2023-08-22T16:18:11+00:00","mainEntityOfPage":{"@id":"https:\/\/futbolhoy.co\/index.php\/2023\/08\/21\/video-linda-caicedo-regreso-al-real-madrid-y-asi-fue-recibida\/"},"wordCount":191,"commentCount":0,"publisher":{"@id":"https:\/\/futbolhoy.co\/#organization"},"image":{"@id":"https:\/\/futbolhoy.co\/index.php\/2023\/08\/21\/video-linda-caicedo-regreso-al-real-madrid-y-asi-fue-recibida\/#primaryimage"},"thumbnailUrl":"https:\/\/futbolhoy.co\/wp-content\/uploads\/2023\/08\/IMG_6287.jpeg","articleSection":["Colombia"],"inLanguage":"es","potentialAction":[{"@type":"CommentAction","name":"Comment","target":["https:\/\/futbolhoy.co\/index.php\/2023\/08\/21\/video-linda-caicedo-regreso-al-real-madrid-y-asi-fue-recibida\/#respond"]}]},{"@type":"WebPage","@id":"https:\/\/futbolhoy.co\/index.php\/2023\/08\/21\/video-linda-caicedo-regreso-al-real-madrid-y-asi-fue-recibida\/","url":"https:\/\/futbolhoy.co\/index.php\/2023\/08\/21\/video-linda-caicedo-regreso-al-real-madrid-y-asi-fue-recibida\/","name":"Video: Linda Caicedo regres\u00f3 al Real Madrid y as\u00ed fue recibida -","isPartOf":{"@id":"https:\/\/futbolhoy.co\/#website"},"primaryImageOfPage":{"@id":"https:\/\/futbolhoy.co\/index.php\/2023\/08\/21\/video-linda-caicedo-regreso-al-real-madrid-y-asi-fue-recibida\/#primaryimage"},"image":{"@id":"https:\/\/futbolhoy.co\/index.php\/2023\/08\/21\/video-linda-caicedo-regreso-al-real-madrid-y-asi-fue-recibida\/#primaryimage"},"thumbnailUrl":"https:\/\/futbolhoy.co\/wp-content\/uploads\/2023\/08\/IMG_6287.jpeg","datePublished":"2023-08-21T16:26:07+00:00","dateModified":"2023-08-22T16:18:11+00:00","breadcrumb":{"@id":"https:\/\/futbolhoy.co\/index.php\/2023\/08\/21\/video-linda-caicedo-regreso-al-real-madrid-y-asi-fue-recibida\/#breadcrumb"},"inLanguage":"es","potentialAction":[{"@type":"ReadAction","target":["https:\/\/futbolhoy.co\/index.php\/2023\/08\/21\/video-linda-caicedo-regreso-al-real-madrid-y-asi-fue-recibida\/"]}]},{"@type":"ImageObject","inLanguage":"es","@id":"https:\/\/futbolhoy.co\/index.php\/2023\/08\/21\/video-linda-caicedo-regreso-al-real-madrid-y-asi-fue-recibida\/#primaryimage","url":"https:\/\/futbolhoy.co\/wp-content\/uploads\/2023\/08\/IMG_6287.jpeg","contentUrl":"https:\/\/futbolhoy.co\/wp-content\/uploads\/2023\/08\/IMG_6287.jpeg","width":1170,"height":804},{"@type":"BreadcrumbList","@id":"https:\/\/futbolhoy.co\/index.php\/2023\/08\/21\/video-linda-caicedo-regreso-al-real-madrid-y-asi-fue-recibida\/#breadcrumb","itemListElement":[{"@type":"ListItem","position":1,"name":"Portada","item":"https:\/\/futbolhoy.co\/"},{"@type":"ListItem","position":2,"name":"Video: Linda Caicedo regres\u00f3 al Real Madrid y as\u00ed fue recibida"}]},{"@type":"WebSite","@id":"https:\/\/futbolhoy.co\/#website","url":"https:\/\/futbolhoy.co\/","name":"FutbolHoy","description":"","publisher":{"@id":"https:\/\/futbolhoy.co\/#organization"},"potentialAction":[{"@type":"SearchAction","target":{"@type":"EntryPoint","urlTemplate":"https:\/\/futbolhoy.co\/?s={search_term_string}"},"query-input":{"@type":"PropertyValueSpecification","valueRequired":true,"valueName":"search_term_string"}}],"inLanguage":"es"},{"@type":"Organization","@id":"https:\/\/futbolhoy.co\/#organization","name":"Futbolhoy.co","url":"https:\/\/futbolhoy.co\/","logo":{"@type":"ImageObject","inLanguage":"es","@id":"https:\/\/futbolhoy.co\/#\/schema\/logo\/image\/","url":"https:\/\/futbolhoy.co\/wp-content\/uploads\/2018\/08\/17426380_1906371736249227_6326180412931521141_n.jpg","contentUrl":"https:\/\/futbolhoy.co\/wp-content\/uploads\/2018\/08\/17426380_1906371736249227_6326180412931521141_n.jpg","width":960,"height":960,"caption":"Futbolhoy.co"},"image":{"@id":"https:\/\/futbolhoy.co\/#\/schema\/logo\/image\/"},"sameAs":["https:\/\/www.facebook.com\/FutbolHoyCol\/","https:\/\/x.com\/FutbolHoyCol","https:\/\/www.instagram.com\/futbolhoycol\/"]},{"@type":"Person","@id":"https:\/\/futbolhoy.co\/#\/schema\/person\/1721b69355b6623eaff15ac7b92d4cc3","name":"contenido","image":{"@type":"ImageObject","inLanguage":"es","@id":"https:\/\/futbolhoy.co\/#\/schema\/person\/image\/","url":"https:\/\/secure.gravatar.com\/avatar\/4f656d3256f5134f466206e7c3941518?s=96&d=mm&r=g","contentUrl":"https:\/\/secure.gravatar.com\/avatar\/4f656d3256f5134f466206e7c3941518?s=96&d=mm&r=g","caption":"contenido"}}]}},"publishpress_future_action":{"enabled":false,"date":"2026-05-06 16:09:29","action":"change-status","newStatus":"draft","terms":[],"taxonomy":"category","extraData":[]},"publishpress_future_workflow_manual_trigger":{"enabledWorkflows":[]},"_links":{"self":[{"href":"https:\/\/futbolhoy.co\/index.php\/wp-json\/wp\/v2\/posts\/98314","targetHints":{"allow":["GET"]}}],"collection":[{"href":"https:\/\/futbolhoy.co\/index.php\/wp-json\/wp\/v2\/posts"}],"about":[{"href":"https:\/\/futbolhoy.co\/index.php\/wp-json\/wp\/v2\/types\/post"}],"author":[{"embeddable":true,"href":"https:\/\/futbolhoy.co\/index.php\/wp-json\/wp\/v2\/users\/4"}],"replies":[{"embeddable":true,"href":"https:\/\/futbolhoy.co\/index.php\/wp-json\/wp\/v2\/comments?post=98314"}],"version-history":[{"count":2,"href":"https:\/\/futbolhoy.co\/index.php\/wp-json\/wp\/v2\/posts\/98314\/revisions"}],"predecessor-version":[{"id":98317,"href":"https:\/\/futbolhoy.co\/index.php\/wp-json\/wp\/v2\/posts\/98314\/revisions\/98317"}],"wp:featuredmedia":[{"embeddable":true,"href":"https:\/\/futbolhoy.co\/index.php\/wp-json\/wp\/v2\/media\/98315"}],"wp:attachment":[{"href":"https:\/\/futbolhoy.co\/index.php\/wp-json\/wp\/v2\/media?parent=98314"}],"wp:term":[{"taxonomy":"category","embeddable":true,"href":"https:\/\/futbolhoy.co\/index.php\/wp-json\/wp\/v2\/categories?post=98314"},{"taxonomy":"post_tag","embeddable":true,"href":"https:\/\/futbolhoy.co\/index.php\/wp-json\/wp\/v2\/tags?post=98314"}],"curies":[{"name":"wp","href":"https:\/\/api.w.org\/{rel}","templated":true}]}}