{"id":98324,"date":"2023-08-21T19:43:00","date_gmt":"2023-08-22T00:43:00","guid":{"rendered":"https:\/\/futbolhoy.co\/?p=98324"},"modified":"2023-08-23T12:38:27","modified_gmt":"2023-08-23T17:38:27","slug":"que-deje-de-inventar-tulio-gomez-sobre-lucas-gonzalez","status":"publish","type":"post","link":"https:\/\/futbolhoy.co\/index.php\/2023\/08\/21\/que-deje-de-inventar-tulio-gomez-sobre-lucas-gonzalez\/","title":{"rendered":"\u201cQue deje de inventar\u201d, Tulio G\u00f3mez sobre Lucas Gonz\u00e1lez"},"content":{"rendered":"<p class=\"x_MsoNormal\" style=\"text-align: justify;\"><span class=\"x_ContentPasted0\" lang=\"ES\" style=\"font-family: helvetica, arial, sans-serif;\"><strong>Lucas Gonz\u00e1lez<\/strong> no inici\u00f3 de buena manera su etapa por <strong>Am\u00e9rica de Cal<\/strong>i. Ha dirigido seis encuentros, de los cuales solo gan\u00f3 uno, empat\u00f3 dos y perdi\u00f3 tres, sumado a la eliminaci\u00f3n por <strong>Copa<\/strong> Colombia contra <strong>Nacional.<\/strong>\u00a0<\/span><\/p>\n<p class=\"x_MsoNormal\" style=\"text-align: justify;\"><span class=\"x_ContentPasted0\" lang=\"ES\" style=\"font-family: helvetica, arial, sans-serif;\">Parte de la hinchada ha comenzado a pedir la cabeza del bogotano, pero desde la directiva buscan respaldar un proceso que apenas est\u00e1 iniciando. <strong>Tulio G\u00f3mez,<\/strong> m\u00e1ximo accionista del Am\u00e9rica, en di\u00e1logo con <strong>Caracol Radio,<\/strong> dio a conocer que no est\u00e1 en los planes prescindir del entrenador, pero si le hizo una solicitud.\u00a0<\/span><\/p>\n<p class=\"x_MsoNormal\" style=\"text-align: justify;\"><span class=\"x_ContentPasted0\" lang=\"ES\" style=\"font-family: helvetica, arial, sans-serif;\">\u201cNo, apenas lleva pocos partidos. As\u00ed empez\u00f3 <strong>Guimar\u00e3es,<\/strong> lo aguantamos y qued\u00f3 campe\u00f3n, as\u00ed empez\u00f3 <strong>Juan Cruz,<\/strong> lo aguantamos y qued\u00f3 campe\u00f3n. Hay que darle margen de espera\u201d, inici\u00f3 respondiendo Tulio. \u201cEl hombre sabe, pero tiene que hacer la f\u00e1cil. No inventar\u201d, agreg\u00f3 al respecto.\u00a0<\/span><\/p>\n<p class=\"x_MsoNormal\" style=\"text-align: justify;\"><span class=\"x_ContentPasted0\" lang=\"ES\" style=\"font-family: helvetica, arial, sans-serif;\">Sin embargo, fue consciente que, ante la falta de jugadores en defensa por lesi\u00f3n, el entrenador ha tenido que recurrir a utilizar jugadores en otras posiciones. \u201cEl hombre sabe, pero tenemos ausencias importantes en defensa y toca improvisar, pero ya casi regresan jugadores y utilizar jugadores en la posici\u00f3n que es. Pero el hombre sabe y trabaja y cuando usted trabaja, tarde que temprano, llegan los resultados\u201d, indic\u00f3.\u00a0<\/span><\/p>\n<p class=\"x_MsoNormal\" style=\"text-align: justify;\"><span class=\"x_ContentPasted0\" lang=\"ES\" style=\"font-family: helvetica, arial, sans-serif;\">A Am\u00e9rica le depara un calendario complicado, ya que tendr\u00e1 que visitar al <strong>Junior<\/strong> y luego recibir a <strong>Santa Fe,<\/strong> encuentros complicados en los que el conjunto Escarlata deber\u00e1 sacar su casta para poder comenzar a cosechar resultados.\u00a0<\/span><\/p>\n","protected":false},"excerpt":{"rendered":"<p>Lucas Gonz\u00e1lez no inici\u00f3 de buena manera su etapa por Am\u00e9rica de Cali. Ha dirigido seis encuentros, de los cuales solo gan\u00f3 uno, empat\u00f3 dos y perdi\u00f3 tres, sumado a la eliminaci\u00f3n por Copa Colombia contra Nacional.\u00a0 Parte de la hinchada ha comenzado a pedir la cabeza del bogotano, pero desde la directiva buscan respaldar [&hellip;]<\/p>\n","protected":false},"author":4,"featured_media":98327,"comment_status":"open","ping_status":"closed","sticky":false,"template":"","format":"standard","meta":{"_acf_changed":false,"footnotes":""},"categories":[7],"tags":[],"class_list":{"0":"post-98324","1":"post","2":"type-post","3":"status-publish","4":"format-standard","5":"has-post-thumbnail","7":"category-liga-betplay"},"acf":[],"_links":{"self":[{"href":"https:\/\/futbolhoy.co\/index.php\/wp-json\/wp\/v2\/posts\/98324","targetHints":{"allow":["GET"]}}],"collection":[{"href":"https:\/\/futbolhoy.co\/index.php\/wp-json\/wp\/v2\/posts"}],"about":[{"href":"https:\/\/futbolhoy.co\/index.php\/wp-json\/wp\/v2\/types\/post"}],"author":[{"embeddable":true,"href":"https:\/\/futbolhoy.co\/index.php\/wp-json\/wp\/v2\/users\/4"}],"replies":[{"embeddable":true,"href":"https:\/\/futbolhoy.co\/index.php\/wp-json\/wp\/v2\/comments?post=98324"}],"version-history":[{"count":1,"href":"https:\/\/futbolhoy.co\/index.php\/wp-json\/wp\/v2\/posts\/98324\/revisions"}],"predecessor-version":[{"id":98326,"href":"https:\/\/futbolhoy.co\/index.php\/wp-json\/wp\/v2\/posts\/98324\/revisions\/98326"}],"wp:featuredmedia":[{"embeddable":true,"href":"https:\/\/futbolhoy.co\/index.php\/wp-json\/wp\/v2\/media\/98327"}],"wp:attachment":[{"href":"https:\/\/futbolhoy.co\/index.php\/wp-json\/wp\/v2\/media?parent=98324"}],"wp:term":[{"taxonomy":"category","embeddable":true,"href":"https:\/\/futbolhoy.co\/index.php\/wp-json\/wp\/v2\/categories?post=98324"},{"taxonomy":"post_tag","embeddable":true,"href":"https:\/\/futbolhoy.co\/index.php\/wp-json\/wp\/v2\/tags?post=98324"}],"curies":[{"name":"wp","href":"https:\/\/api.w.org\/{rel}","templated":true}]}}