{"id":98379,"date":"2023-08-23T17:56:37","date_gmt":"2023-08-23T22:56:37","guid":{"rendered":"https:\/\/futbolhoy.co\/?p=98379"},"modified":"2023-08-24T10:50:17","modified_gmt":"2023-08-24T15:50:17","slug":"santos-borre-es-pretendido-desde-el-futbol-mexicano","status":"publish","type":"post","link":"https:\/\/futbolhoy.co\/index.php\/2023\/08\/23\/santos-borre-es-pretendido-desde-el-futbol-mexicano\/","title":{"rendered":"Santos Borr\u00e9 es pretendido desde el f\u00fatbol mexicano"},"content":{"rendered":"<p style=\"text-align: justify;\"><span style=\"font-family: helvetica, arial, sans-serif;\"><strong>Rafael Santos Borr\u00e9<\/strong> no vive sus mejores d\u00edas en <strong>Eintracht Frankfurt.<\/strong> El delantero colombiano no ha tenido participaci\u00f3n con el equipo ni durante la pretemporada ni en el inicio de la competencia oficial en la Copa de Alemania y la Bundesliga, al parecer porque estar\u00eda buscando nuevo equipo.<\/span><\/p>\n<p style=\"text-align: justify;\"><span style=\"font-family: helvetica, arial, sans-serif;\">Desde <strong>M\u00e9xico<\/strong> se est\u00e1 presentando un posible destino para el delantero barranquillero. El <em>Diario AS Colombia<\/em> revel\u00f3 que <strong>Cruz Azul<\/strong> ya present\u00f3 una oferta por Borr\u00e9, aunque el jugador no est\u00e1 muy seguro de ir al f\u00fatbol de este pa\u00eds.<\/span><\/p>\n<p style=\"text-align: justify;\"><span style=\"font-family: helvetica, arial, sans-serif;\">La propuesta es de 10 millones de d\u00f3lares por el 100% de los derechos deportivos del delantero de 27 a\u00f1os, quien lleg\u00f3 al club alem\u00e1n libre en 2021 y en el que destac\u00f3 en su primera campa\u00f1a, pero fue perdiendo protagonismo en la \u00faltima temporada.<\/span><\/p>\n<p style=\"text-align: justify;\"><span style=\"font-family: helvetica, arial, sans-serif;\"><strong>Real Valladolid<\/strong> de <strong>Espa\u00f1a<\/strong> y <strong>Tigres<\/strong> de <strong>M\u00e9xico,<\/strong> tambi\u00e9n habr\u00edan sido equipos que mostraron inter\u00e9s en contratar al jugador de la <strong>Selecci\u00f3n Colombia,<\/strong> pero de momento no se ha alcanzado acuerdo y Borr\u00e9 sigue en Alemania a la espera de encontrar nuevo destino.<\/span><\/p>\n","protected":false},"excerpt":{"rendered":"<p>Rafael Santos Borr\u00e9 no vive sus mejores d\u00edas en Eintracht Frankfurt. El delantero colombiano no ha tenido participaci\u00f3n con el equipo ni durante la pretemporada ni en el inicio de la competencia oficial en la Copa de Alemania y la Bundesliga, al parecer porque estar\u00eda buscando nuevo equipo. Desde M\u00e9xico se est\u00e1 presentando un posible [&hellip;]<\/p>\n","protected":false},"author":4,"featured_media":80106,"comment_status":"open","ping_status":"closed","sticky":false,"template":"","format":"standard","meta":{"_acf_changed":false,"footnotes":""},"categories":[152],"tags":[],"class_list":{"0":"post-98379","1":"post","2":"type-post","3":"status-publish","4":"format-standard","5":"has-post-thumbnail","7":"category-mundo-futbol"},"acf":[],"_links":{"self":[{"href":"https:\/\/futbolhoy.co\/index.php\/wp-json\/wp\/v2\/posts\/98379","targetHints":{"allow":["GET"]}}],"collection":[{"href":"https:\/\/futbolhoy.co\/index.php\/wp-json\/wp\/v2\/posts"}],"about":[{"href":"https:\/\/futbolhoy.co\/index.php\/wp-json\/wp\/v2\/types\/post"}],"author":[{"embeddable":true,"href":"https:\/\/futbolhoy.co\/index.php\/wp-json\/wp\/v2\/users\/4"}],"replies":[{"embeddable":true,"href":"https:\/\/futbolhoy.co\/index.php\/wp-json\/wp\/v2\/comments?post=98379"}],"version-history":[{"count":1,"href":"https:\/\/futbolhoy.co\/index.php\/wp-json\/wp\/v2\/posts\/98379\/revisions"}],"predecessor-version":[{"id":98381,"href":"https:\/\/futbolhoy.co\/index.php\/wp-json\/wp\/v2\/posts\/98379\/revisions\/98381"}],"wp:featuredmedia":[{"embeddable":true,"href":"https:\/\/futbolhoy.co\/index.php\/wp-json\/wp\/v2\/media\/80106"}],"wp:attachment":[{"href":"https:\/\/futbolhoy.co\/index.php\/wp-json\/wp\/v2\/media?parent=98379"}],"wp:term":[{"taxonomy":"category","embeddable":true,"href":"https:\/\/futbolhoy.co\/index.php\/wp-json\/wp\/v2\/categories?post=98379"},{"taxonomy":"post_tag","embeddable":true,"href":"https:\/\/futbolhoy.co\/index.php\/wp-json\/wp\/v2\/tags?post=98379"}],"curies":[{"name":"wp","href":"https:\/\/api.w.org\/{rel}","templated":true}]}}