{"id":98387,"date":"2023-08-23T20:20:28","date_gmt":"2023-08-24T01:20:28","guid":{"rendered":"https:\/\/futbolhoy.co\/?p=98387"},"modified":"2023-08-24T11:22:06","modified_gmt":"2023-08-24T16:22:06","slug":"santa-fe-hizo-la-tarea-y-le-gano-al-colero","status":"publish","type":"post","link":"https:\/\/futbolhoy.co\/index.php\/2023\/08\/23\/santa-fe-hizo-la-tarea-y-le-gano-al-colero\/","title":{"rendered":"Santa Fe hizo la tarea y le gan\u00f3 al colero"},"content":{"rendered":"<p style=\"text-align: justify;\"><span style=\"font-family: helvetica, arial, sans-serif;\"><strong>Independiente Santa Fe<\/strong> volvi\u00f3 a la victoria en la Liga colombiana y se hace fuerte como local, <strong>derrotando 2-0 al Envigado<\/strong> en la s\u00e9ptima fecha.<\/span><\/p>\n<p style=\"text-align: justify;\"><span style=\"font-family: helvetica, arial, sans-serif;\">De la mano de <strong>Jersson Gonz\u00e1lez<\/strong> el equipo capitalino suma 11 puntos y se afianza en el grupo de los ocho. El atacante <strong>marc\u00f3 doblete a los 28 y 46 minutos,<\/strong> sumando tres tantos en Liga de manera consecutiva y cuatro teniendo en cuenta el que le convirti\u00f3 al <strong>Cali por Copa Colombia.<\/strong><\/span><\/p>\n<p style=\"text-align: justify;\"><span style=\"font-family: helvetica, arial, sans-serif;\">Sin ser brillante, <strong>el \u2018Le\u00f3n\u2019,<\/strong> cumpli\u00f3 e hizo la diferencia sobre el \u2018naranja\u2019, que sigue sin ganar y solo acumula dos puntos en el campeonato; mientras que los bogotanos est\u00e1n invictos en cuatro juegos en <strong>El<\/strong>\u00a0<strong>Camp\u00edn<\/strong> este semestre. En el tr\u00e1mite general el partido tuvo pocas emociones en las \u00e1reas.<\/span><\/p>\n<p style=\"text-align: justify;\"><span style=\"font-family: helvetica, arial, sans-serif;\">Asistieron 6.577 espectadores.<\/span><\/p>\n<p style=\"text-align: justify;\"><span style=\"font-family: helvetica, arial, sans-serif;\"><strong>Santa Fe visitar\u00e1 al Am\u00e9rica<\/strong> el s\u00e1bado en la octava jornada y<strong> Envigado recibir\u00e1 al Junior.<\/strong><\/span><\/p>\n","protected":false},"excerpt":{"rendered":"<p>Independiente Santa Fe volvi\u00f3 a la victoria en la Liga colombiana y se hace fuerte como local, derrotando 2-0 al Envigado en la s\u00e9ptima fecha. De la mano de Jersson Gonz\u00e1lez el equipo capitalino suma 11 puntos y se afianza en el grupo de los ocho. El atacante marc\u00f3 doblete a los 28 y 46 [&hellip;]<\/p>\n","protected":false},"author":4,"featured_media":98388,"comment_status":"open","ping_status":"closed","sticky":false,"template":"","format":"standard","meta":{"_acf_changed":false,"footnotes":""},"categories":[7],"tags":[],"class_list":{"0":"post-98387","1":"post","2":"type-post","3":"status-publish","4":"format-standard","5":"has-post-thumbnail","7":"category-liga-betplay"},"acf":[],"_links":{"self":[{"href":"https:\/\/futbolhoy.co\/index.php\/wp-json\/wp\/v2\/posts\/98387","targetHints":{"allow":["GET"]}}],"collection":[{"href":"https:\/\/futbolhoy.co\/index.php\/wp-json\/wp\/v2\/posts"}],"about":[{"href":"https:\/\/futbolhoy.co\/index.php\/wp-json\/wp\/v2\/types\/post"}],"author":[{"embeddable":true,"href":"https:\/\/futbolhoy.co\/index.php\/wp-json\/wp\/v2\/users\/4"}],"replies":[{"embeddable":true,"href":"https:\/\/futbolhoy.co\/index.php\/wp-json\/wp\/v2\/comments?post=98387"}],"version-history":[{"count":1,"href":"https:\/\/futbolhoy.co\/index.php\/wp-json\/wp\/v2\/posts\/98387\/revisions"}],"predecessor-version":[{"id":98389,"href":"https:\/\/futbolhoy.co\/index.php\/wp-json\/wp\/v2\/posts\/98387\/revisions\/98389"}],"wp:featuredmedia":[{"embeddable":true,"href":"https:\/\/futbolhoy.co\/index.php\/wp-json\/wp\/v2\/media\/98388"}],"wp:attachment":[{"href":"https:\/\/futbolhoy.co\/index.php\/wp-json\/wp\/v2\/media?parent=98387"}],"wp:term":[{"taxonomy":"category","embeddable":true,"href":"https:\/\/futbolhoy.co\/index.php\/wp-json\/wp\/v2\/categories?post=98387"},{"taxonomy":"post_tag","embeddable":true,"href":"https:\/\/futbolhoy.co\/index.php\/wp-json\/wp\/v2\/tags?post=98387"}],"curies":[{"name":"wp","href":"https:\/\/api.w.org\/{rel}","templated":true}]}}