{"id":98438,"date":"2023-08-25T11:37:14","date_gmt":"2023-08-25T16:37:14","guid":{"rendered":"https:\/\/futbolhoy.co\/?p=98438"},"modified":"2023-08-26T08:52:41","modified_gmt":"2023-08-26T13:52:41","slug":"dura-baja-para-santa-fe-jersson-gonzalez-rumbo-a-europa","status":"publish","type":"post","link":"https:\/\/futbolhoy.co\/index.php\/2023\/08\/25\/dura-baja-para-santa-fe-jersson-gonzalez-rumbo-a-europa\/","title":{"rendered":"Venta de Jersson Gonz\u00e1lez a Europa fue un \u2018fake\u2019"},"content":{"rendered":"<p style=\"text-align: justify;\"><span style=\"font-family: helvetica, arial, sans-serif;\"><strong>Pese a que Independiente Santa Fe<\/strong> comunic\u00f3 la venta del delantero<strong> Jersson Gonz\u00e1lez <\/strong><span style=\"font-family: helvetica, arial, sans-serif;\">al Racing de Estrasburgo, el club inform\u00f3 m\u00e1s tarde que este no se llevar\u00eda a cabo y explic\u00f3 los motivos.<\/span><\/span><\/p>\n<p style=\"text-align: justify;\"><span style=\"font-family: helvetica, arial, sans-serif;\">\u201cEl representante del jugador Jersson Gonz\u00e1lez recibi\u00f3 una oferta proveniente de un equipo franc\u00e9s la cual present\u00f3 a la instituci\u00f3n y se adelantaron conversaciones, pero <strong>al verificar y certificar dicha propuesta se estableci\u00f3 que personas inescrupulosas trataban de hacer maniobras delictivas para sacar provecho<\/strong>. Por tal raz\u00f3n, comunicamos que nuestro jugador en menci\u00f3n seguir\u00e1 defendiendo los colores del Primer Campe\u00f3n\u201d, inform\u00f3 el club en un comunicado.<\/span><\/p>\n<p style=\"text-align: justify;\"><span style=\"font-family: helvetica, arial, sans-serif;\">Gonz\u00e1lez, formado en la cantera del conjunto Le\u00f3n, debut\u00f3 en el equipo profesional en 2020. Desde entonces, disput\u00f3 un total de <strong>71 partidos<\/strong> con el equipo, en los que anot\u00f3 <strong>12 goles<\/strong> y reparti\u00f3 <strong>5 asistencias.<br \/>\n<\/strong><\/span><\/p>\n<p style=\"text-align: justify;\"><span style=\"font-family: helvetica, arial, sans-serif;\">El delantero de 21 a\u00f1os registra tres goles marcados con Santa Fe en el presente campeonato<\/span>.<\/p>\n<p style=\"text-align: justify;\">\n","protected":false},"excerpt":{"rendered":"<p>Pese a que Independiente Santa Fe comunic\u00f3 la venta del delantero Jersson Gonz\u00e1lez al Racing de Estrasburgo, el club inform\u00f3 m\u00e1s tarde que este no se llevar\u00eda a cabo y explic\u00f3 los motivos. \u201cEl representante del jugador Jersson Gonz\u00e1lez recibi\u00f3 una oferta proveniente de un equipo franc\u00e9s la cual present\u00f3 a la instituci\u00f3n y se [&hellip;]<\/p>\n","protected":false},"author":4,"featured_media":98439,"comment_status":"open","ping_status":"closed","sticky":false,"template":"","format":"standard","meta":{"_acf_changed":false,"footnotes":""},"categories":[7],"tags":[],"class_list":{"0":"post-98438","1":"post","2":"type-post","3":"status-publish","4":"format-standard","5":"has-post-thumbnail","7":"category-liga-betplay"},"acf":[],"_links":{"self":[{"href":"https:\/\/futbolhoy.co\/index.php\/wp-json\/wp\/v2\/posts\/98438","targetHints":{"allow":["GET"]}}],"collection":[{"href":"https:\/\/futbolhoy.co\/index.php\/wp-json\/wp\/v2\/posts"}],"about":[{"href":"https:\/\/futbolhoy.co\/index.php\/wp-json\/wp\/v2\/types\/post"}],"author":[{"embeddable":true,"href":"https:\/\/futbolhoy.co\/index.php\/wp-json\/wp\/v2\/users\/4"}],"replies":[{"embeddable":true,"href":"https:\/\/futbolhoy.co\/index.php\/wp-json\/wp\/v2\/comments?post=98438"}],"version-history":[{"count":4,"href":"https:\/\/futbolhoy.co\/index.php\/wp-json\/wp\/v2\/posts\/98438\/revisions"}],"predecessor-version":[{"id":98443,"href":"https:\/\/futbolhoy.co\/index.php\/wp-json\/wp\/v2\/posts\/98438\/revisions\/98443"}],"wp:featuredmedia":[{"embeddable":true,"href":"https:\/\/futbolhoy.co\/index.php\/wp-json\/wp\/v2\/media\/98439"}],"wp:attachment":[{"href":"https:\/\/futbolhoy.co\/index.php\/wp-json\/wp\/v2\/media?parent=98438"}],"wp:term":[{"taxonomy":"category","embeddable":true,"href":"https:\/\/futbolhoy.co\/index.php\/wp-json\/wp\/v2\/categories?post=98438"},{"taxonomy":"post_tag","embeddable":true,"href":"https:\/\/futbolhoy.co\/index.php\/wp-json\/wp\/v2\/tags?post=98438"}],"curies":[{"name":"wp","href":"https:\/\/api.w.org\/{rel}","templated":true}]}}