{"id":98523,"date":"2023-08-28T08:19:36","date_gmt":"2023-08-28T13:19:36","guid":{"rendered":"https:\/\/futbolhoy.co\/?p=98523"},"modified":"2023-08-28T13:23:52","modified_gmt":"2023-08-28T18:23:52","slug":"futbolistas-colombianos-se-reportan-con-goles-en-el-exterior","status":"publish","type":"post","link":"https:\/\/futbolhoy.co\/index.php\/2023\/08\/28\/futbolistas-colombianos-se-reportan-con-goles-en-el-exterior\/","title":{"rendered":"Futbolistas colombianos se reportan con goles en el exterior"},"content":{"rendered":"<div style=\"text-align: justify;\"><span style=\"font-family: helvetica, arial, sans-serif;\">En un nuevo fin de semana en el exterior, los futbolistas colombianos volvieron a dejar en alto el nombre del pa\u00eds con anotaciones destacadas y ad portas de conocer la convocatoria de la Selecci\u00f3n Colombia. Este fue el balance.<\/span><\/div>\n<div style=\"text-align: justify;\"><\/div>\n<p style=\"text-align: justify;\"><span style=\"font-family: helvetica, arial, sans-serif;\"><strong>- Mateo Casierra<\/strong> hizo doblete con el Zenit en Rusia, en la victoria 4-0 sobre el Ural. Complet\u00f3 seis en la temporada y es el m\u00e1ximo artillero de la Liga. Desde su llegada al f\u00fatbol ruso en 2021 ha marcado 26 anotaciones.<\/span><\/p>\n<p style=\"text-align: justify;\"><span style=\"font-family: helvetica, arial, sans-serif;\">- <strong>Duv\u00e1n Zapata<\/strong> volvi\u00f3 al gol en la Serie A de Italia y marc\u00f3 el descuento de su equipo Atalanta en la derrota 2-1 ante el Frosinone. Segundo tanto en 2023.<\/span><\/p>\n<p style=\"text-align: justify;\"><span style=\"font-family: helvetica, arial, sans-serif;\">- <strong>Luis Sinisterra,<\/strong> tras no jugar las dos fechas anteriores, marc\u00f3 el cuarto gol del Leeds que venci\u00f3 4-3 al Ipswich Town. Cuarta jornada de la segunda divisi\u00f3n de Inglaterra.<\/span><\/p>\n<p style=\"text-align: justify;\"><span style=\"font-family: helvetica, arial, sans-serif;\"><strong>- Juan Fernando Quintero<\/strong> volvi\u00f3 al gol en su regreso a Argentina y abri\u00f3 la cuenta en el triunfo visitante de Racing 1-2 sobre Tigre.<\/span><\/p>\n<p style=\"text-align: justify;\"><span style=\"font-family: helvetica, arial, sans-serif;\"><strong>- Alexis Castillo Manyoma<\/strong> debut\u00f3 con gol en Estudiantes de La Plata, desafortunadamente su equipo cay\u00f3 3-1 con Uni\u00f3n de Santa Fe.<\/span><\/p>\n<p style=\"text-align: justify;\"><span style=\"font-family: helvetica, arial, sans-serif;\">- <strong>Juli\u00e1n Qui\u00f1ones,<\/strong> de penalti, lleg\u00f3 a cinco anotaciones con las \u00c1guilas del Am\u00e9rica esta temporada en la Liga MX de M\u00e9xico, empataron 1-1 con Le\u00f3n.<\/span><\/p>\n<p style=\"text-align: justify;\"><span style=\"font-family: helvetica, arial, sans-serif;\">- <strong>Yeimar G\u00f3mez<\/strong> marc\u00f3 en el empate de su equipo Seattle Sounders 1-1 con Minnesota en la MLS.<\/span><\/p>\n<p style=\"text-align: justify;\"><span style=\"font-family: helvetica, arial, sans-serif;\">- <strong>Yustin Arboleda<\/strong> anot\u00f3 doblete que le dio a Olimpia el triunfo 2-0 sobre Motagua en el cl\u00e1sico hondure\u00f1o.<\/span><\/p>\n","protected":false},"excerpt":{"rendered":"<p>En un nuevo fin de semana en el exterior, los futbolistas colombianos volvieron a dejar en alto el nombre del pa\u00eds con anotaciones destacadas y ad portas de conocer la convocatoria de la Selecci\u00f3n Colombia. Este fue el balance. - Mateo Casierra hizo doblete con el Zenit en Rusia, en la victoria 4-0 sobre el [&hellip;]<\/p>\n","protected":false},"author":4,"featured_media":98524,"comment_status":"open","ping_status":"open","sticky":false,"template":"","format":"standard","meta":{"_acf_changed":false,"footnotes":""},"categories":[418],"tags":[],"class_list":{"0":"post-98523","1":"post","2":"type-post","3":"status-publish","4":"format-standard","5":"has-post-thumbnail","7":"category-colombia"},"acf":[],"yoast_head":"<!-- This site is optimized with the Yoast SEO plugin v26.8 - https:\/\/yoast.com\/product\/yoast-seo-wordpress\/ -->\n<title>Futbolistas colombianos se reportan con goles en el exterior -<\/title>\n<meta name=\"robots\" content=\"index, follow, max-snippet:-1, max-image-preview:large, max-video-preview:-1\" \/>\n<link rel=\"canonical\" href=\"https:\/\/futbolhoy.co\/index.php\/2023\/08\/28\/futbolistas-colombianos-se-reportan-con-goles-en-el-exterior\/\" \/>\n<meta property=\"og:locale\" content=\"es_ES\" \/>\n<meta property=\"og:type\" content=\"article\" \/>\n<meta property=\"og:title\" content=\"Futbolistas colombianos se reportan con goles en el exterior -\" \/>\n<meta property=\"og:description\" content=\"En un nuevo fin de semana en el exterior, los futbolistas colombianos volvieron a dejar en alto el nombre del pa\u00eds con anotaciones destacadas y ad portas de conocer la convocatoria de la Selecci\u00f3n Colombia. Este fue el balance. - Mateo Casierra hizo doblete con el Zenit en Rusia, en la victoria 4-0 sobre el [&hellip;]\" \/>\n<meta property=\"og:url\" content=\"https:\/\/futbolhoy.co\/index.php\/2023\/08\/28\/futbolistas-colombianos-se-reportan-con-goles-en-el-exterior\/\" \/>\n<meta property=\"article:publisher\" content=\"https:\/\/www.facebook.com\/FutbolHoyCol\/\" \/>\n<meta property=\"article:published_time\" content=\"2023-08-28T13:19:36+00:00\" \/>\n<meta property=\"article:modified_time\" content=\"2023-08-28T18:23:52+00:00\" \/>\n<meta property=\"og:image\" content=\"https:\/\/futbolhoy.co\/wp-content\/uploads\/2023\/08\/F4l1Pl8X0AARq_r-scaled.jpg\" \/>\n\t<meta property=\"og:image:width\" content=\"2560\" \/>\n\t<meta property=\"og:image:height\" content=\"1707\" \/>\n\t<meta property=\"og:image:type\" content=\"image\/jpeg\" \/>\n<meta name=\"author\" content=\"contenido\" \/>\n<meta name=\"twitter:card\" content=\"summary_large_image\" \/>\n<meta name=\"twitter:creator\" content=\"@FutbolHoyCol\" \/>\n<meta name=\"twitter:site\" content=\"@FutbolHoyCol\" \/>\n<meta name=\"twitter:label1\" content=\"Escrito por\" \/>\n\t<meta name=\"twitter:data1\" content=\"contenido\" \/>\n\t<meta name=\"twitter:label2\" content=\"Tiempo de lectura\" \/>\n\t<meta name=\"twitter:data2\" content=\"1 minuto\" \/>\n<script type=\"application\/ld+json\" class=\"yoast-schema-graph\">{\"@context\":\"https:\/\/schema.org\",\"@graph\":[{\"@type\":\"Article\",\"@id\":\"https:\/\/futbolhoy.co\/index.php\/2023\/08\/28\/futbolistas-colombianos-se-reportan-con-goles-en-el-exterior\/#article\",\"isPartOf\":{\"@id\":\"https:\/\/futbolhoy.co\/index.php\/2023\/08\/28\/futbolistas-colombianos-se-reportan-con-goles-en-el-exterior\/\"},\"author\":{\"name\":\"contenido\",\"@id\":\"https:\/\/futbolhoy.co\/#\/schema\/person\/1721b69355b6623eaff15ac7b92d4cc3\"},\"headline\":\"Futbolistas colombianos se reportan con goles en el exterior\",\"datePublished\":\"2023-08-28T13:19:36+00:00\",\"dateModified\":\"2023-08-28T18:23:52+00:00\",\"mainEntityOfPage\":{\"@id\":\"https:\/\/futbolhoy.co\/index.php\/2023\/08\/28\/futbolistas-colombianos-se-reportan-con-goles-en-el-exterior\/\"},\"wordCount\":273,\"commentCount\":0,\"publisher\":{\"@id\":\"https:\/\/futbolhoy.co\/#organization\"},\"image\":{\"@id\":\"https:\/\/futbolhoy.co\/index.php\/2023\/08\/28\/futbolistas-colombianos-se-reportan-con-goles-en-el-exterior\/#primaryimage\"},\"thumbnailUrl\":\"https:\/\/futbolhoy.co\/wp-content\/uploads\/2023\/08\/F4l1Pl8X0AARq_r-scaled.jpg\",\"articleSection\":[\"Colombia\"],\"inLanguage\":\"es\",\"potentialAction\":[{\"@type\":\"CommentAction\",\"name\":\"Comment\",\"target\":[\"https:\/\/futbolhoy.co\/index.php\/2023\/08\/28\/futbolistas-colombianos-se-reportan-con-goles-en-el-exterior\/#respond\"]}]},{\"@type\":\"WebPage\",\"@id\":\"https:\/\/futbolhoy.co\/index.php\/2023\/08\/28\/futbolistas-colombianos-se-reportan-con-goles-en-el-exterior\/\",\"url\":\"https:\/\/futbolhoy.co\/index.php\/2023\/08\/28\/futbolistas-colombianos-se-reportan-con-goles-en-el-exterior\/\",\"name\":\"Futbolistas colombianos se reportan con goles en el exterior -\",\"isPartOf\":{\"@id\":\"https:\/\/futbolhoy.co\/#website\"},\"primaryImageOfPage\":{\"@id\":\"https:\/\/futbolhoy.co\/index.php\/2023\/08\/28\/futbolistas-colombianos-se-reportan-con-goles-en-el-exterior\/#primaryimage\"},\"image\":{\"@id\":\"https:\/\/futbolhoy.co\/index.php\/2023\/08\/28\/futbolistas-colombianos-se-reportan-con-goles-en-el-exterior\/#primaryimage\"},\"thumbnailUrl\":\"https:\/\/futbolhoy.co\/wp-content\/uploads\/2023\/08\/F4l1Pl8X0AARq_r-scaled.jpg\",\"datePublished\":\"2023-08-28T13:19:36+00:00\",\"dateModified\":\"2023-08-28T18:23:52+00:00\",\"breadcrumb\":{\"@id\":\"https:\/\/futbolhoy.co\/index.php\/2023\/08\/28\/futbolistas-colombianos-se-reportan-con-goles-en-el-exterior\/#breadcrumb\"},\"inLanguage\":\"es\",\"potentialAction\":[{\"@type\":\"ReadAction\",\"target\":[\"https:\/\/futbolhoy.co\/index.php\/2023\/08\/28\/futbolistas-colombianos-se-reportan-con-goles-en-el-exterior\/\"]}]},{\"@type\":\"ImageObject\",\"inLanguage\":\"es\",\"@id\":\"https:\/\/futbolhoy.co\/index.php\/2023\/08\/28\/futbolistas-colombianos-se-reportan-con-goles-en-el-exterior\/#primaryimage\",\"url\":\"https:\/\/futbolhoy.co\/wp-content\/uploads\/2023\/08\/F4l1Pl8X0AARq_r-scaled.jpg\",\"contentUrl\":\"https:\/\/futbolhoy.co\/wp-content\/uploads\/2023\/08\/F4l1Pl8X0AARq_r-scaled.jpg\",\"width\":2560,\"height\":1707},{\"@type\":\"BreadcrumbList\",\"@id\":\"https:\/\/futbolhoy.co\/index.php\/2023\/08\/28\/futbolistas-colombianos-se-reportan-con-goles-en-el-exterior\/#breadcrumb\",\"itemListElement\":[{\"@type\":\"ListItem\",\"position\":1,\"name\":\"Portada\",\"item\":\"https:\/\/futbolhoy.co\/\"},{\"@type\":\"ListItem\",\"position\":2,\"name\":\"Futbolistas colombianos se reportan con goles en el exterior\"}]},{\"@type\":\"WebSite\",\"@id\":\"https:\/\/futbolhoy.co\/#website\",\"url\":\"https:\/\/futbolhoy.co\/\",\"name\":\"FutbolHoy\",\"description\":\"\",\"publisher\":{\"@id\":\"https:\/\/futbolhoy.co\/#organization\"},\"potentialAction\":[{\"@type\":\"SearchAction\",\"target\":{\"@type\":\"EntryPoint\",\"urlTemplate\":\"https:\/\/futbolhoy.co\/?s={search_term_string}\"},\"query-input\":{\"@type\":\"PropertyValueSpecification\",\"valueRequired\":true,\"valueName\":\"search_term_string\"}}],\"inLanguage\":\"es\"},{\"@type\":\"Organization\",\"@id\":\"https:\/\/futbolhoy.co\/#organization\",\"name\":\"Futbolhoy.co\",\"url\":\"https:\/\/futbolhoy.co\/\",\"logo\":{\"@type\":\"ImageObject\",\"inLanguage\":\"es\",\"@id\":\"https:\/\/futbolhoy.co\/#\/schema\/logo\/image\/\",\"url\":\"https:\/\/futbolhoy.co\/wp-content\/uploads\/2018\/08\/17426380_1906371736249227_6326180412931521141_n.jpg\",\"contentUrl\":\"https:\/\/futbolhoy.co\/wp-content\/uploads\/2018\/08\/17426380_1906371736249227_6326180412931521141_n.jpg\",\"width\":960,\"height\":960,\"caption\":\"Futbolhoy.co\"},\"image\":{\"@id\":\"https:\/\/futbolhoy.co\/#\/schema\/logo\/image\/\"},\"sameAs\":[\"https:\/\/www.facebook.com\/FutbolHoyCol\/\",\"https:\/\/x.com\/FutbolHoyCol\",\"https:\/\/www.instagram.com\/futbolhoycol\/\"]},{\"@type\":\"Person\",\"@id\":\"https:\/\/futbolhoy.co\/#\/schema\/person\/1721b69355b6623eaff15ac7b92d4cc3\",\"name\":\"contenido\",\"image\":{\"@type\":\"ImageObject\",\"inLanguage\":\"es\",\"@id\":\"https:\/\/futbolhoy.co\/#\/schema\/person\/image\/\",\"url\":\"https:\/\/secure.gravatar.com\/avatar\/4f656d3256f5134f466206e7c3941518?s=96&d=mm&r=g\",\"contentUrl\":\"https:\/\/secure.gravatar.com\/avatar\/4f656d3256f5134f466206e7c3941518?s=96&d=mm&r=g\",\"caption\":\"contenido\"}}]}<\/script>\n<!-- \/ Yoast SEO plugin. -->","yoast_head_json":{"title":"Futbolistas colombianos se reportan con goles en el exterior -","robots":{"index":"index","follow":"follow","max-snippet":"max-snippet:-1","max-image-preview":"max-image-preview:large","max-video-preview":"max-video-preview:-1"},"canonical":"https:\/\/futbolhoy.co\/index.php\/2023\/08\/28\/futbolistas-colombianos-se-reportan-con-goles-en-el-exterior\/","og_locale":"es_ES","og_type":"article","og_title":"Futbolistas colombianos se reportan con goles en el exterior -","og_description":"En un nuevo fin de semana en el exterior, los futbolistas colombianos volvieron a dejar en alto el nombre del pa\u00eds con anotaciones destacadas y ad portas de conocer la convocatoria de la Selecci\u00f3n Colombia. Este fue el balance. - Mateo Casierra hizo doblete con el Zenit en Rusia, en la victoria 4-0 sobre el [&hellip;]","og_url":"https:\/\/futbolhoy.co\/index.php\/2023\/08\/28\/futbolistas-colombianos-se-reportan-con-goles-en-el-exterior\/","article_publisher":"https:\/\/www.facebook.com\/FutbolHoyCol\/","article_published_time":"2023-08-28T13:19:36+00:00","article_modified_time":"2023-08-28T18:23:52+00:00","og_image":[{"width":2560,"height":1707,"url":"https:\/\/futbolhoy.co\/wp-content\/uploads\/2023\/08\/F4l1Pl8X0AARq_r-scaled.jpg","type":"image\/jpeg"}],"author":"contenido","twitter_card":"summary_large_image","twitter_creator":"@FutbolHoyCol","twitter_site":"@FutbolHoyCol","twitter_misc":{"Escrito por":"contenido","Tiempo de lectura":"1 minuto"},"schema":{"@context":"https:\/\/schema.org","@graph":[{"@type":"Article","@id":"https:\/\/futbolhoy.co\/index.php\/2023\/08\/28\/futbolistas-colombianos-se-reportan-con-goles-en-el-exterior\/#article","isPartOf":{"@id":"https:\/\/futbolhoy.co\/index.php\/2023\/08\/28\/futbolistas-colombianos-se-reportan-con-goles-en-el-exterior\/"},"author":{"name":"contenido","@id":"https:\/\/futbolhoy.co\/#\/schema\/person\/1721b69355b6623eaff15ac7b92d4cc3"},"headline":"Futbolistas colombianos se reportan con goles en el exterior","datePublished":"2023-08-28T13:19:36+00:00","dateModified":"2023-08-28T18:23:52+00:00","mainEntityOfPage":{"@id":"https:\/\/futbolhoy.co\/index.php\/2023\/08\/28\/futbolistas-colombianos-se-reportan-con-goles-en-el-exterior\/"},"wordCount":273,"commentCount":0,"publisher":{"@id":"https:\/\/futbolhoy.co\/#organization"},"image":{"@id":"https:\/\/futbolhoy.co\/index.php\/2023\/08\/28\/futbolistas-colombianos-se-reportan-con-goles-en-el-exterior\/#primaryimage"},"thumbnailUrl":"https:\/\/futbolhoy.co\/wp-content\/uploads\/2023\/08\/F4l1Pl8X0AARq_r-scaled.jpg","articleSection":["Colombia"],"inLanguage":"es","potentialAction":[{"@type":"CommentAction","name":"Comment","target":["https:\/\/futbolhoy.co\/index.php\/2023\/08\/28\/futbolistas-colombianos-se-reportan-con-goles-en-el-exterior\/#respond"]}]},{"@type":"WebPage","@id":"https:\/\/futbolhoy.co\/index.php\/2023\/08\/28\/futbolistas-colombianos-se-reportan-con-goles-en-el-exterior\/","url":"https:\/\/futbolhoy.co\/index.php\/2023\/08\/28\/futbolistas-colombianos-se-reportan-con-goles-en-el-exterior\/","name":"Futbolistas colombianos se reportan con goles en el exterior -","isPartOf":{"@id":"https:\/\/futbolhoy.co\/#website"},"primaryImageOfPage":{"@id":"https:\/\/futbolhoy.co\/index.php\/2023\/08\/28\/futbolistas-colombianos-se-reportan-con-goles-en-el-exterior\/#primaryimage"},"image":{"@id":"https:\/\/futbolhoy.co\/index.php\/2023\/08\/28\/futbolistas-colombianos-se-reportan-con-goles-en-el-exterior\/#primaryimage"},"thumbnailUrl":"https:\/\/futbolhoy.co\/wp-content\/uploads\/2023\/08\/F4l1Pl8X0AARq_r-scaled.jpg","datePublished":"2023-08-28T13:19:36+00:00","dateModified":"2023-08-28T18:23:52+00:00","breadcrumb":{"@id":"https:\/\/futbolhoy.co\/index.php\/2023\/08\/28\/futbolistas-colombianos-se-reportan-con-goles-en-el-exterior\/#breadcrumb"},"inLanguage":"es","potentialAction":[{"@type":"ReadAction","target":["https:\/\/futbolhoy.co\/index.php\/2023\/08\/28\/futbolistas-colombianos-se-reportan-con-goles-en-el-exterior\/"]}]},{"@type":"ImageObject","inLanguage":"es","@id":"https:\/\/futbolhoy.co\/index.php\/2023\/08\/28\/futbolistas-colombianos-se-reportan-con-goles-en-el-exterior\/#primaryimage","url":"https:\/\/futbolhoy.co\/wp-content\/uploads\/2023\/08\/F4l1Pl8X0AARq_r-scaled.jpg","contentUrl":"https:\/\/futbolhoy.co\/wp-content\/uploads\/2023\/08\/F4l1Pl8X0AARq_r-scaled.jpg","width":2560,"height":1707},{"@type":"BreadcrumbList","@id":"https:\/\/futbolhoy.co\/index.php\/2023\/08\/28\/futbolistas-colombianos-se-reportan-con-goles-en-el-exterior\/#breadcrumb","itemListElement":[{"@type":"ListItem","position":1,"name":"Portada","item":"https:\/\/futbolhoy.co\/"},{"@type":"ListItem","position":2,"name":"Futbolistas colombianos se reportan con goles en el exterior"}]},{"@type":"WebSite","@id":"https:\/\/futbolhoy.co\/#website","url":"https:\/\/futbolhoy.co\/","name":"FutbolHoy","description":"","publisher":{"@id":"https:\/\/futbolhoy.co\/#organization"},"potentialAction":[{"@type":"SearchAction","target":{"@type":"EntryPoint","urlTemplate":"https:\/\/futbolhoy.co\/?s={search_term_string}"},"query-input":{"@type":"PropertyValueSpecification","valueRequired":true,"valueName":"search_term_string"}}],"inLanguage":"es"},{"@type":"Organization","@id":"https:\/\/futbolhoy.co\/#organization","name":"Futbolhoy.co","url":"https:\/\/futbolhoy.co\/","logo":{"@type":"ImageObject","inLanguage":"es","@id":"https:\/\/futbolhoy.co\/#\/schema\/logo\/image\/","url":"https:\/\/futbolhoy.co\/wp-content\/uploads\/2018\/08\/17426380_1906371736249227_6326180412931521141_n.jpg","contentUrl":"https:\/\/futbolhoy.co\/wp-content\/uploads\/2018\/08\/17426380_1906371736249227_6326180412931521141_n.jpg","width":960,"height":960,"caption":"Futbolhoy.co"},"image":{"@id":"https:\/\/futbolhoy.co\/#\/schema\/logo\/image\/"},"sameAs":["https:\/\/www.facebook.com\/FutbolHoyCol\/","https:\/\/x.com\/FutbolHoyCol","https:\/\/www.instagram.com\/futbolhoycol\/"]},{"@type":"Person","@id":"https:\/\/futbolhoy.co\/#\/schema\/person\/1721b69355b6623eaff15ac7b92d4cc3","name":"contenido","image":{"@type":"ImageObject","inLanguage":"es","@id":"https:\/\/futbolhoy.co\/#\/schema\/person\/image\/","url":"https:\/\/secure.gravatar.com\/avatar\/4f656d3256f5134f466206e7c3941518?s=96&d=mm&r=g","contentUrl":"https:\/\/secure.gravatar.com\/avatar\/4f656d3256f5134f466206e7c3941518?s=96&d=mm&r=g","caption":"contenido"}}]}},"publishpress_future_action":{"enabled":false,"date":"2026-05-06 16:09:02","action":"change-status","newStatus":"draft","terms":[],"taxonomy":"category","extraData":[]},"publishpress_future_workflow_manual_trigger":{"enabledWorkflows":[]},"_links":{"self":[{"href":"https:\/\/futbolhoy.co\/index.php\/wp-json\/wp\/v2\/posts\/98523","targetHints":{"allow":["GET"]}}],"collection":[{"href":"https:\/\/futbolhoy.co\/index.php\/wp-json\/wp\/v2\/posts"}],"about":[{"href":"https:\/\/futbolhoy.co\/index.php\/wp-json\/wp\/v2\/types\/post"}],"author":[{"embeddable":true,"href":"https:\/\/futbolhoy.co\/index.php\/wp-json\/wp\/v2\/users\/4"}],"replies":[{"embeddable":true,"href":"https:\/\/futbolhoy.co\/index.php\/wp-json\/wp\/v2\/comments?post=98523"}],"version-history":[{"count":4,"href":"https:\/\/futbolhoy.co\/index.php\/wp-json\/wp\/v2\/posts\/98523\/revisions"}],"predecessor-version":[{"id":98530,"href":"https:\/\/futbolhoy.co\/index.php\/wp-json\/wp\/v2\/posts\/98523\/revisions\/98530"}],"wp:featuredmedia":[{"embeddable":true,"href":"https:\/\/futbolhoy.co\/index.php\/wp-json\/wp\/v2\/media\/98524"}],"wp:attachment":[{"href":"https:\/\/futbolhoy.co\/index.php\/wp-json\/wp\/v2\/media?parent=98523"}],"wp:term":[{"taxonomy":"category","embeddable":true,"href":"https:\/\/futbolhoy.co\/index.php\/wp-json\/wp\/v2\/categories?post=98523"},{"taxonomy":"post_tag","embeddable":true,"href":"https:\/\/futbolhoy.co\/index.php\/wp-json\/wp\/v2\/tags?post=98523"}],"curies":[{"name":"wp","href":"https:\/\/api.w.org\/{rel}","templated":true}]}}