{"id":98531,"date":"2023-08-28T10:41:42","date_gmt":"2023-08-28T15:41:42","guid":{"rendered":"https:\/\/futbolhoy.co\/?p=98531"},"modified":"2023-08-28T22:41:33","modified_gmt":"2023-08-29T03:41:33","slug":"de-brillar-en-el-mundial-al-bayern-munich-el-salto-de-ana-maria-guzman","status":"publish","type":"post","link":"https:\/\/futbolhoy.co\/index.php\/2023\/08\/28\/de-brillar-en-el-mundial-al-bayern-munich-el-salto-de-ana-maria-guzman\/","title":{"rendered":"De brillar en el Mundial, al Bayern M\u00fanich: el salto de Ana Mar\u00eda Guzm\u00e1n"},"content":{"rendered":"<p style=\"text-align: justify;\"><span style=\"font-family: helvetica, arial, sans-serif;\"><strong>Ana Mar\u00eda Guzm\u00e1n,<\/strong> recordada en el <strong>Mundial Femenino<\/strong> por la magistral asistencia que le dio a <strong>Catalina Usme,<\/strong> para el gol con el que <strong>Colombia<\/strong> le gan\u00f3 a <strong>Jamaica<\/strong> en octavos de final, est\u00e1 cerca de dar el salto al <strong>Bayern M\u00fanich<\/strong> de <strong>Alemania.<\/strong><\/span><\/p>\n<p style=\"text-align: justify;\"><span style=\"font-family: helvetica, arial, sans-serif;\">La joven lateral se despidi\u00f3 con un mensaje muy emotivo del <strong>Deportivo Pereira<\/strong> y viaj\u00f3 para cerrar la operaci\u00f3n con el Bayern M\u00fanich. Eso s\u00ed, la futbolista disputar\u00e1 la <strong>Copa Libertadores<\/strong> con <strong>Atl\u00e9tico Nacional<\/strong> y despu\u00e9s se unir\u00e1 al equipo b\u00e1varo en 2024.<\/span><\/p>\n<p style=\"text-align: justify;\"><span style=\"font-family: helvetica, arial, sans-serif;\">\"Es algo lindo poder jugar con el equipo que anhelabas y so\u00f1abas en tu infancia pero es mucho m\u00e1s lindo haber crecido en el y ahora encontrar nuevos rumbos a grandes cosas\u201d, public\u00f3 en su cuenta de Instagram la futbolista de 18 a\u00f1os.<\/span><\/p>\n<p style=\"text-align: justify;\"><span style=\"font-family: helvetica, arial, sans-serif;\">Guzm\u00e1n, tambi\u00e9n estaba siendo pretendida por equipos como el <strong>Manchester City<\/strong> y el <strong>Arsenal,<\/strong> pero se decant\u00f3 por el Bayern M\u00fanich, club al que llegar\u00e1 en condici\u00f3n de jugadora libre. La oficializaci\u00f3n se producir\u00e1 en los pr\u00f3ximos d\u00edas.<\/span><\/p>\n","protected":false},"excerpt":{"rendered":"<p>Ana Mar\u00eda Guzm\u00e1n, recordada en el Mundial Femenino por la magistral asistencia que le dio a Catalina Usme, para el gol con el que Colombia le gan\u00f3 a Jamaica en octavos de final, est\u00e1 cerca de dar el salto al Bayern M\u00fanich de Alemania. La joven lateral se despidi\u00f3 con un mensaje muy emotivo del [&hellip;]<\/p>\n","protected":false},"author":4,"featured_media":98533,"comment_status":"open","ping_status":"open","sticky":false,"template":"","format":"standard","meta":{"_acf_changed":false,"footnotes":""},"categories":[418],"tags":[],"class_list":{"0":"post-98531","1":"post","2":"type-post","3":"status-publish","4":"format-standard","5":"has-post-thumbnail","7":"category-colombia"},"acf":[],"yoast_head":"<!-- This site is optimized with the Yoast SEO plugin v26.8 - https:\/\/yoast.com\/product\/yoast-seo-wordpress\/ -->\n<title>De brillar en el Mundial, al Bayern M\u00fanich: el salto de Ana Mar\u00eda Guzm\u00e1n -<\/title>\n<meta name=\"robots\" content=\"index, follow, max-snippet:-1, max-image-preview:large, max-video-preview:-1\" \/>\n<link rel=\"canonical\" href=\"https:\/\/futbolhoy.co\/index.php\/2023\/08\/28\/de-brillar-en-el-mundial-al-bayern-munich-el-salto-de-ana-maria-guzman\/\" \/>\n<meta property=\"og:locale\" content=\"es_ES\" \/>\n<meta property=\"og:type\" content=\"article\" \/>\n<meta property=\"og:title\" content=\"De brillar en el Mundial, al Bayern M\u00fanich: el salto de Ana Mar\u00eda Guzm\u00e1n -\" \/>\n<meta property=\"og:description\" content=\"Ana Mar\u00eda Guzm\u00e1n, recordada en el Mundial Femenino por la magistral asistencia que le dio a Catalina Usme, para el gol con el que Colombia le gan\u00f3 a Jamaica en octavos de final, est\u00e1 cerca de dar el salto al Bayern M\u00fanich de Alemania. La joven lateral se despidi\u00f3 con un mensaje muy emotivo del [&hellip;]\" \/>\n<meta property=\"og:url\" content=\"https:\/\/futbolhoy.co\/index.php\/2023\/08\/28\/de-brillar-en-el-mundial-al-bayern-munich-el-salto-de-ana-maria-guzman\/\" \/>\n<meta property=\"article:publisher\" content=\"https:\/\/www.facebook.com\/FutbolHoyCol\/\" \/>\n<meta property=\"article:published_time\" content=\"2023-08-28T15:41:42+00:00\" \/>\n<meta property=\"article:modified_time\" content=\"2023-08-29T03:41:33+00:00\" \/>\n<meta property=\"og:image\" content=\"https:\/\/futbolhoy.co\/wp-content\/uploads\/2023\/08\/F4lMYtHXAAA3ieA.jpg\" \/>\n\t<meta property=\"og:image:width\" content=\"780\" \/>\n\t<meta property=\"og:image:height\" content=\"565\" \/>\n\t<meta property=\"og:image:type\" content=\"image\/jpeg\" \/>\n<meta name=\"author\" content=\"contenido\" \/>\n<meta name=\"twitter:card\" content=\"summary_large_image\" \/>\n<meta name=\"twitter:creator\" content=\"@FutbolHoyCol\" \/>\n<meta name=\"twitter:site\" content=\"@FutbolHoyCol\" \/>\n<meta name=\"twitter:label1\" content=\"Escrito por\" \/>\n\t<meta name=\"twitter:data1\" content=\"contenido\" \/>\n\t<meta name=\"twitter:label2\" content=\"Tiempo de lectura\" \/>\n\t<meta name=\"twitter:data2\" content=\"1 minuto\" \/>\n<script type=\"application\/ld+json\" class=\"yoast-schema-graph\">{\"@context\":\"https:\/\/schema.org\",\"@graph\":[{\"@type\":\"Article\",\"@id\":\"https:\/\/futbolhoy.co\/index.php\/2023\/08\/28\/de-brillar-en-el-mundial-al-bayern-munich-el-salto-de-ana-maria-guzman\/#article\",\"isPartOf\":{\"@id\":\"https:\/\/futbolhoy.co\/index.php\/2023\/08\/28\/de-brillar-en-el-mundial-al-bayern-munich-el-salto-de-ana-maria-guzman\/\"},\"author\":{\"name\":\"contenido\",\"@id\":\"https:\/\/futbolhoy.co\/#\/schema\/person\/1721b69355b6623eaff15ac7b92d4cc3\"},\"headline\":\"De brillar en el Mundial, al Bayern M\u00fanich: el salto de Ana Mar\u00eda Guzm\u00e1n\",\"datePublished\":\"2023-08-28T15:41:42+00:00\",\"dateModified\":\"2023-08-29T03:41:33+00:00\",\"mainEntityOfPage\":{\"@id\":\"https:\/\/futbolhoy.co\/index.php\/2023\/08\/28\/de-brillar-en-el-mundial-al-bayern-munich-el-salto-de-ana-maria-guzman\/\"},\"wordCount\":201,\"commentCount\":0,\"publisher\":{\"@id\":\"https:\/\/futbolhoy.co\/#organization\"},\"image\":{\"@id\":\"https:\/\/futbolhoy.co\/index.php\/2023\/08\/28\/de-brillar-en-el-mundial-al-bayern-munich-el-salto-de-ana-maria-guzman\/#primaryimage\"},\"thumbnailUrl\":\"https:\/\/futbolhoy.co\/wp-content\/uploads\/2023\/08\/F4lMYtHXAAA3ieA.jpg\",\"articleSection\":[\"Colombia\"],\"inLanguage\":\"es\",\"potentialAction\":[{\"@type\":\"CommentAction\",\"name\":\"Comment\",\"target\":[\"https:\/\/futbolhoy.co\/index.php\/2023\/08\/28\/de-brillar-en-el-mundial-al-bayern-munich-el-salto-de-ana-maria-guzman\/#respond\"]}]},{\"@type\":\"WebPage\",\"@id\":\"https:\/\/futbolhoy.co\/index.php\/2023\/08\/28\/de-brillar-en-el-mundial-al-bayern-munich-el-salto-de-ana-maria-guzman\/\",\"url\":\"https:\/\/futbolhoy.co\/index.php\/2023\/08\/28\/de-brillar-en-el-mundial-al-bayern-munich-el-salto-de-ana-maria-guzman\/\",\"name\":\"De brillar en el Mundial, al Bayern M\u00fanich: el salto de Ana Mar\u00eda Guzm\u00e1n -\",\"isPartOf\":{\"@id\":\"https:\/\/futbolhoy.co\/#website\"},\"primaryImageOfPage\":{\"@id\":\"https:\/\/futbolhoy.co\/index.php\/2023\/08\/28\/de-brillar-en-el-mundial-al-bayern-munich-el-salto-de-ana-maria-guzman\/#primaryimage\"},\"image\":{\"@id\":\"https:\/\/futbolhoy.co\/index.php\/2023\/08\/28\/de-brillar-en-el-mundial-al-bayern-munich-el-salto-de-ana-maria-guzman\/#primaryimage\"},\"thumbnailUrl\":\"https:\/\/futbolhoy.co\/wp-content\/uploads\/2023\/08\/F4lMYtHXAAA3ieA.jpg\",\"datePublished\":\"2023-08-28T15:41:42+00:00\",\"dateModified\":\"2023-08-29T03:41:33+00:00\",\"breadcrumb\":{\"@id\":\"https:\/\/futbolhoy.co\/index.php\/2023\/08\/28\/de-brillar-en-el-mundial-al-bayern-munich-el-salto-de-ana-maria-guzman\/#breadcrumb\"},\"inLanguage\":\"es\",\"potentialAction\":[{\"@type\":\"ReadAction\",\"target\":[\"https:\/\/futbolhoy.co\/index.php\/2023\/08\/28\/de-brillar-en-el-mundial-al-bayern-munich-el-salto-de-ana-maria-guzman\/\"]}]},{\"@type\":\"ImageObject\",\"inLanguage\":\"es\",\"@id\":\"https:\/\/futbolhoy.co\/index.php\/2023\/08\/28\/de-brillar-en-el-mundial-al-bayern-munich-el-salto-de-ana-maria-guzman\/#primaryimage\",\"url\":\"https:\/\/futbolhoy.co\/wp-content\/uploads\/2023\/08\/F4lMYtHXAAA3ieA.jpg\",\"contentUrl\":\"https:\/\/futbolhoy.co\/wp-content\/uploads\/2023\/08\/F4lMYtHXAAA3ieA.jpg\",\"width\":780,\"height\":565},{\"@type\":\"BreadcrumbList\",\"@id\":\"https:\/\/futbolhoy.co\/index.php\/2023\/08\/28\/de-brillar-en-el-mundial-al-bayern-munich-el-salto-de-ana-maria-guzman\/#breadcrumb\",\"itemListElement\":[{\"@type\":\"ListItem\",\"position\":1,\"name\":\"Portada\",\"item\":\"https:\/\/futbolhoy.co\/\"},{\"@type\":\"ListItem\",\"position\":2,\"name\":\"De brillar en el Mundial, al Bayern M\u00fanich: el salto de Ana Mar\u00eda Guzm\u00e1n\"}]},{\"@type\":\"WebSite\",\"@id\":\"https:\/\/futbolhoy.co\/#website\",\"url\":\"https:\/\/futbolhoy.co\/\",\"name\":\"FutbolHoy\",\"description\":\"\",\"publisher\":{\"@id\":\"https:\/\/futbolhoy.co\/#organization\"},\"potentialAction\":[{\"@type\":\"SearchAction\",\"target\":{\"@type\":\"EntryPoint\",\"urlTemplate\":\"https:\/\/futbolhoy.co\/?s={search_term_string}\"},\"query-input\":{\"@type\":\"PropertyValueSpecification\",\"valueRequired\":true,\"valueName\":\"search_term_string\"}}],\"inLanguage\":\"es\"},{\"@type\":\"Organization\",\"@id\":\"https:\/\/futbolhoy.co\/#organization\",\"name\":\"Futbolhoy.co\",\"url\":\"https:\/\/futbolhoy.co\/\",\"logo\":{\"@type\":\"ImageObject\",\"inLanguage\":\"es\",\"@id\":\"https:\/\/futbolhoy.co\/#\/schema\/logo\/image\/\",\"url\":\"https:\/\/futbolhoy.co\/wp-content\/uploads\/2018\/08\/17426380_1906371736249227_6326180412931521141_n.jpg\",\"contentUrl\":\"https:\/\/futbolhoy.co\/wp-content\/uploads\/2018\/08\/17426380_1906371736249227_6326180412931521141_n.jpg\",\"width\":960,\"height\":960,\"caption\":\"Futbolhoy.co\"},\"image\":{\"@id\":\"https:\/\/futbolhoy.co\/#\/schema\/logo\/image\/\"},\"sameAs\":[\"https:\/\/www.facebook.com\/FutbolHoyCol\/\",\"https:\/\/x.com\/FutbolHoyCol\",\"https:\/\/www.instagram.com\/futbolhoycol\/\"]},{\"@type\":\"Person\",\"@id\":\"https:\/\/futbolhoy.co\/#\/schema\/person\/1721b69355b6623eaff15ac7b92d4cc3\",\"name\":\"contenido\",\"image\":{\"@type\":\"ImageObject\",\"inLanguage\":\"es\",\"@id\":\"https:\/\/futbolhoy.co\/#\/schema\/person\/image\/\",\"url\":\"https:\/\/secure.gravatar.com\/avatar\/4f656d3256f5134f466206e7c3941518?s=96&d=mm&r=g\",\"contentUrl\":\"https:\/\/secure.gravatar.com\/avatar\/4f656d3256f5134f466206e7c3941518?s=96&d=mm&r=g\",\"caption\":\"contenido\"}}]}<\/script>\n<!-- \/ Yoast SEO plugin. -->","yoast_head_json":{"title":"De brillar en el Mundial, al Bayern M\u00fanich: el salto de Ana Mar\u00eda Guzm\u00e1n -","robots":{"index":"index","follow":"follow","max-snippet":"max-snippet:-1","max-image-preview":"max-image-preview:large","max-video-preview":"max-video-preview:-1"},"canonical":"https:\/\/futbolhoy.co\/index.php\/2023\/08\/28\/de-brillar-en-el-mundial-al-bayern-munich-el-salto-de-ana-maria-guzman\/","og_locale":"es_ES","og_type":"article","og_title":"De brillar en el Mundial, al Bayern M\u00fanich: el salto de Ana Mar\u00eda Guzm\u00e1n -","og_description":"Ana Mar\u00eda Guzm\u00e1n, recordada en el Mundial Femenino por la magistral asistencia que le dio a Catalina Usme, para el gol con el que Colombia le gan\u00f3 a Jamaica en octavos de final, est\u00e1 cerca de dar el salto al Bayern M\u00fanich de Alemania. La joven lateral se despidi\u00f3 con un mensaje muy emotivo del [&hellip;]","og_url":"https:\/\/futbolhoy.co\/index.php\/2023\/08\/28\/de-brillar-en-el-mundial-al-bayern-munich-el-salto-de-ana-maria-guzman\/","article_publisher":"https:\/\/www.facebook.com\/FutbolHoyCol\/","article_published_time":"2023-08-28T15:41:42+00:00","article_modified_time":"2023-08-29T03:41:33+00:00","og_image":[{"width":780,"height":565,"url":"https:\/\/futbolhoy.co\/wp-content\/uploads\/2023\/08\/F4lMYtHXAAA3ieA.jpg","type":"image\/jpeg"}],"author":"contenido","twitter_card":"summary_large_image","twitter_creator":"@FutbolHoyCol","twitter_site":"@FutbolHoyCol","twitter_misc":{"Escrito por":"contenido","Tiempo de lectura":"1 minuto"},"schema":{"@context":"https:\/\/schema.org","@graph":[{"@type":"Article","@id":"https:\/\/futbolhoy.co\/index.php\/2023\/08\/28\/de-brillar-en-el-mundial-al-bayern-munich-el-salto-de-ana-maria-guzman\/#article","isPartOf":{"@id":"https:\/\/futbolhoy.co\/index.php\/2023\/08\/28\/de-brillar-en-el-mundial-al-bayern-munich-el-salto-de-ana-maria-guzman\/"},"author":{"name":"contenido","@id":"https:\/\/futbolhoy.co\/#\/schema\/person\/1721b69355b6623eaff15ac7b92d4cc3"},"headline":"De brillar en el Mundial, al Bayern M\u00fanich: el salto de Ana Mar\u00eda Guzm\u00e1n","datePublished":"2023-08-28T15:41:42+00:00","dateModified":"2023-08-29T03:41:33+00:00","mainEntityOfPage":{"@id":"https:\/\/futbolhoy.co\/index.php\/2023\/08\/28\/de-brillar-en-el-mundial-al-bayern-munich-el-salto-de-ana-maria-guzman\/"},"wordCount":201,"commentCount":0,"publisher":{"@id":"https:\/\/futbolhoy.co\/#organization"},"image":{"@id":"https:\/\/futbolhoy.co\/index.php\/2023\/08\/28\/de-brillar-en-el-mundial-al-bayern-munich-el-salto-de-ana-maria-guzman\/#primaryimage"},"thumbnailUrl":"https:\/\/futbolhoy.co\/wp-content\/uploads\/2023\/08\/F4lMYtHXAAA3ieA.jpg","articleSection":["Colombia"],"inLanguage":"es","potentialAction":[{"@type":"CommentAction","name":"Comment","target":["https:\/\/futbolhoy.co\/index.php\/2023\/08\/28\/de-brillar-en-el-mundial-al-bayern-munich-el-salto-de-ana-maria-guzman\/#respond"]}]},{"@type":"WebPage","@id":"https:\/\/futbolhoy.co\/index.php\/2023\/08\/28\/de-brillar-en-el-mundial-al-bayern-munich-el-salto-de-ana-maria-guzman\/","url":"https:\/\/futbolhoy.co\/index.php\/2023\/08\/28\/de-brillar-en-el-mundial-al-bayern-munich-el-salto-de-ana-maria-guzman\/","name":"De brillar en el Mundial, al Bayern M\u00fanich: el salto de Ana Mar\u00eda Guzm\u00e1n -","isPartOf":{"@id":"https:\/\/futbolhoy.co\/#website"},"primaryImageOfPage":{"@id":"https:\/\/futbolhoy.co\/index.php\/2023\/08\/28\/de-brillar-en-el-mundial-al-bayern-munich-el-salto-de-ana-maria-guzman\/#primaryimage"},"image":{"@id":"https:\/\/futbolhoy.co\/index.php\/2023\/08\/28\/de-brillar-en-el-mundial-al-bayern-munich-el-salto-de-ana-maria-guzman\/#primaryimage"},"thumbnailUrl":"https:\/\/futbolhoy.co\/wp-content\/uploads\/2023\/08\/F4lMYtHXAAA3ieA.jpg","datePublished":"2023-08-28T15:41:42+00:00","dateModified":"2023-08-29T03:41:33+00:00","breadcrumb":{"@id":"https:\/\/futbolhoy.co\/index.php\/2023\/08\/28\/de-brillar-en-el-mundial-al-bayern-munich-el-salto-de-ana-maria-guzman\/#breadcrumb"},"inLanguage":"es","potentialAction":[{"@type":"ReadAction","target":["https:\/\/futbolhoy.co\/index.php\/2023\/08\/28\/de-brillar-en-el-mundial-al-bayern-munich-el-salto-de-ana-maria-guzman\/"]}]},{"@type":"ImageObject","inLanguage":"es","@id":"https:\/\/futbolhoy.co\/index.php\/2023\/08\/28\/de-brillar-en-el-mundial-al-bayern-munich-el-salto-de-ana-maria-guzman\/#primaryimage","url":"https:\/\/futbolhoy.co\/wp-content\/uploads\/2023\/08\/F4lMYtHXAAA3ieA.jpg","contentUrl":"https:\/\/futbolhoy.co\/wp-content\/uploads\/2023\/08\/F4lMYtHXAAA3ieA.jpg","width":780,"height":565},{"@type":"BreadcrumbList","@id":"https:\/\/futbolhoy.co\/index.php\/2023\/08\/28\/de-brillar-en-el-mundial-al-bayern-munich-el-salto-de-ana-maria-guzman\/#breadcrumb","itemListElement":[{"@type":"ListItem","position":1,"name":"Portada","item":"https:\/\/futbolhoy.co\/"},{"@type":"ListItem","position":2,"name":"De brillar en el Mundial, al Bayern M\u00fanich: el salto de Ana Mar\u00eda Guzm\u00e1n"}]},{"@type":"WebSite","@id":"https:\/\/futbolhoy.co\/#website","url":"https:\/\/futbolhoy.co\/","name":"FutbolHoy","description":"","publisher":{"@id":"https:\/\/futbolhoy.co\/#organization"},"potentialAction":[{"@type":"SearchAction","target":{"@type":"EntryPoint","urlTemplate":"https:\/\/futbolhoy.co\/?s={search_term_string}"},"query-input":{"@type":"PropertyValueSpecification","valueRequired":true,"valueName":"search_term_string"}}],"inLanguage":"es"},{"@type":"Organization","@id":"https:\/\/futbolhoy.co\/#organization","name":"Futbolhoy.co","url":"https:\/\/futbolhoy.co\/","logo":{"@type":"ImageObject","inLanguage":"es","@id":"https:\/\/futbolhoy.co\/#\/schema\/logo\/image\/","url":"https:\/\/futbolhoy.co\/wp-content\/uploads\/2018\/08\/17426380_1906371736249227_6326180412931521141_n.jpg","contentUrl":"https:\/\/futbolhoy.co\/wp-content\/uploads\/2018\/08\/17426380_1906371736249227_6326180412931521141_n.jpg","width":960,"height":960,"caption":"Futbolhoy.co"},"image":{"@id":"https:\/\/futbolhoy.co\/#\/schema\/logo\/image\/"},"sameAs":["https:\/\/www.facebook.com\/FutbolHoyCol\/","https:\/\/x.com\/FutbolHoyCol","https:\/\/www.instagram.com\/futbolhoycol\/"]},{"@type":"Person","@id":"https:\/\/futbolhoy.co\/#\/schema\/person\/1721b69355b6623eaff15ac7b92d4cc3","name":"contenido","image":{"@type":"ImageObject","inLanguage":"es","@id":"https:\/\/futbolhoy.co\/#\/schema\/person\/image\/","url":"https:\/\/secure.gravatar.com\/avatar\/4f656d3256f5134f466206e7c3941518?s=96&d=mm&r=g","contentUrl":"https:\/\/secure.gravatar.com\/avatar\/4f656d3256f5134f466206e7c3941518?s=96&d=mm&r=g","caption":"contenido"}}]}},"publishpress_future_action":{"enabled":false,"date":"2026-05-06 15:23:26","action":"change-status","newStatus":"draft","terms":[],"taxonomy":"category","extraData":[]},"publishpress_future_workflow_manual_trigger":{"enabledWorkflows":[]},"_links":{"self":[{"href":"https:\/\/futbolhoy.co\/index.php\/wp-json\/wp\/v2\/posts\/98531","targetHints":{"allow":["GET"]}}],"collection":[{"href":"https:\/\/futbolhoy.co\/index.php\/wp-json\/wp\/v2\/posts"}],"about":[{"href":"https:\/\/futbolhoy.co\/index.php\/wp-json\/wp\/v2\/types\/post"}],"author":[{"embeddable":true,"href":"https:\/\/futbolhoy.co\/index.php\/wp-json\/wp\/v2\/users\/4"}],"replies":[{"embeddable":true,"href":"https:\/\/futbolhoy.co\/index.php\/wp-json\/wp\/v2\/comments?post=98531"}],"version-history":[{"count":1,"href":"https:\/\/futbolhoy.co\/index.php\/wp-json\/wp\/v2\/posts\/98531\/revisions"}],"predecessor-version":[{"id":98534,"href":"https:\/\/futbolhoy.co\/index.php\/wp-json\/wp\/v2\/posts\/98531\/revisions\/98534"}],"wp:featuredmedia":[{"embeddable":true,"href":"https:\/\/futbolhoy.co\/index.php\/wp-json\/wp\/v2\/media\/98533"}],"wp:attachment":[{"href":"https:\/\/futbolhoy.co\/index.php\/wp-json\/wp\/v2\/media?parent=98531"}],"wp:term":[{"taxonomy":"category","embeddable":true,"href":"https:\/\/futbolhoy.co\/index.php\/wp-json\/wp\/v2\/categories?post=98531"},{"taxonomy":"post_tag","embeddable":true,"href":"https:\/\/futbolhoy.co\/index.php\/wp-json\/wp\/v2\/tags?post=98531"}],"curies":[{"name":"wp","href":"https:\/\/api.w.org\/{rel}","templated":true}]}}