{"id":98536,"date":"2023-08-28T11:54:20","date_gmt":"2023-08-28T16:54:20","guid":{"rendered":"https:\/\/futbolhoy.co\/?p=98536"},"modified":"2023-08-28T21:26:19","modified_gmt":"2023-08-29T02:26:19","slug":"palmeiras-tendra-sensible-baja-para-enfrentar-a-pereira-en-libertadores","status":"publish","type":"post","link":"https:\/\/futbolhoy.co\/index.php\/2023\/08\/28\/palmeiras-tendra-sensible-baja-para-enfrentar-a-pereira-en-libertadores\/","title":{"rendered":"Palmeiras tendr\u00e1 sensible baja para enfrentar a Pereira en Libertadores"},"content":{"rendered":"<p style=\"text-align: justify;\"><span style=\"font-family: helvetica, arial, sans-serif;\">Dura baja para <strong>Palmeiras.<\/strong> El extremo brasile\u00f1o <strong>Dudu<\/strong> se ha roto el ligamento cruzado anterior de la rodilla derecha y se perder\u00e1 lo que resta de temporada, inform\u00f3 este lunes el club de<strong> S\u00e3o Paulo.<\/strong><\/span><\/p>\n<p style=\"text-align: justify;\"><span style=\"font-family: helvetica, arial, sans-serif;\">La grave lesi\u00f3n del atacante se produce en v\u00edsperas del partido de vuelta de cuartos de final de la Copa Libertadores contra <strong>Deportivo Pereira,<\/strong> que buscar\u00e1 hacer la \u00e9pica y remontar el 0-4 de la ida para avanzar de fase.<\/span><\/p>\n<p style=\"text-align: justify;\"><span style=\"font-family: helvetica, arial, sans-serif;\">Dudu, de 31 a\u00f1os, se lesion\u00f3 el domingo tras hacer un mal gesto con la rodilla al filo del descanso del encuentro contra el Vasco da Gama (1-0), correspondiente a la jornada 21 del Campeonato Brasile\u00f1o.<\/span><\/p>\n<p style=\"text-align: justify;\"><span style=\"font-family: helvetica, arial, sans-serif;\">El 7 se someti\u00f3 a una bater\u00eda de ex\u00e1menes este lunes que constataron la rotura del ligamento cruzado anterior y una lesi\u00f3n en el menisco de la rodilla derecha, de acuerdo con el conjunto paulista.<\/span><\/p>\n<p style=\"text-align: justify;\"><span style=\"font-family: helvetica, arial, sans-serif;\">Seg\u00fan el club, el habilidoso extremo empezar\u00e1 el largo proceso de rehabilitaci\u00f3n con sesiones de fisioterapia y \"ser\u00e1 operado en las pr\u00f3ximas semanas\". <strong>Endrick,<\/strong> jugador que ya pertenece al Real Madrid, podr\u00eda ser su reemplazo.<\/span><\/p>\n","protected":false},"excerpt":{"rendered":"<p>Dura baja para Palmeiras. El extremo brasile\u00f1o Dudu se ha roto el ligamento cruzado anterior de la rodilla derecha y se perder\u00e1 lo que resta de temporada, inform\u00f3 este lunes el club de S\u00e3o Paulo. La grave lesi\u00f3n del atacante se produce en v\u00edsperas del partido de vuelta de cuartos de final de la Copa [&hellip;]<\/p>\n","protected":false},"author":4,"featured_media":98537,"comment_status":"open","ping_status":"open","sticky":false,"template":"","format":"standard","meta":{"_acf_changed":false,"footnotes":""},"categories":[152],"tags":[],"class_list":{"0":"post-98536","1":"post","2":"type-post","3":"status-publish","4":"format-standard","5":"has-post-thumbnail","7":"category-mundo-futbol"},"acf":[],"yoast_head":"<!-- This site is optimized with the Yoast SEO plugin v26.8 - https:\/\/yoast.com\/product\/yoast-seo-wordpress\/ -->\n<title>Palmeiras tendr\u00e1 sensible baja para enfrentar a Pereira en Libertadores -<\/title>\n<meta name=\"robots\" content=\"index, follow, max-snippet:-1, max-image-preview:large, max-video-preview:-1\" \/>\n<link rel=\"canonical\" href=\"https:\/\/futbolhoy.co\/index.php\/2023\/08\/28\/palmeiras-tendra-sensible-baja-para-enfrentar-a-pereira-en-libertadores\/\" \/>\n<meta property=\"og:locale\" content=\"es_ES\" \/>\n<meta property=\"og:type\" content=\"article\" \/>\n<meta property=\"og:title\" content=\"Palmeiras tendr\u00e1 sensible baja para enfrentar a Pereira en Libertadores -\" \/>\n<meta property=\"og:description\" content=\"Dura baja para Palmeiras. El extremo brasile\u00f1o Dudu se ha roto el ligamento cruzado anterior de la rodilla derecha y se perder\u00e1 lo que resta de temporada, inform\u00f3 este lunes el club de S\u00e3o Paulo. La grave lesi\u00f3n del atacante se produce en v\u00edsperas del partido de vuelta de cuartos de final de la Copa [&hellip;]\" \/>\n<meta property=\"og:url\" content=\"https:\/\/futbolhoy.co\/index.php\/2023\/08\/28\/palmeiras-tendra-sensible-baja-para-enfrentar-a-pereira-en-libertadores\/\" \/>\n<meta property=\"article:publisher\" content=\"https:\/\/www.facebook.com\/FutbolHoyCol\/\" \/>\n<meta property=\"article:published_time\" content=\"2023-08-28T16:54:20+00:00\" \/>\n<meta property=\"article:modified_time\" content=\"2023-08-29T02:26:19+00:00\" \/>\n<meta property=\"og:image\" content=\"https:\/\/futbolhoy.co\/wp-content\/uploads\/2023\/08\/F4oC-6qXgAAaWS-.jpg\" \/>\n\t<meta property=\"og:image:width\" content=\"1500\" \/>\n\t<meta property=\"og:image:height\" content=\"844\" \/>\n\t<meta property=\"og:image:type\" content=\"image\/jpeg\" \/>\n<meta name=\"author\" content=\"contenido\" \/>\n<meta name=\"twitter:card\" content=\"summary_large_image\" \/>\n<meta name=\"twitter:creator\" content=\"@FutbolHoyCol\" \/>\n<meta name=\"twitter:site\" content=\"@FutbolHoyCol\" \/>\n<meta name=\"twitter:label1\" content=\"Escrito por\" \/>\n\t<meta name=\"twitter:data1\" content=\"contenido\" \/>\n\t<meta name=\"twitter:label2\" content=\"Tiempo de lectura\" \/>\n\t<meta name=\"twitter:data2\" content=\"1 minuto\" \/>\n<script type=\"application\/ld+json\" class=\"yoast-schema-graph\">{\"@context\":\"https:\/\/schema.org\",\"@graph\":[{\"@type\":\"Article\",\"@id\":\"https:\/\/futbolhoy.co\/index.php\/2023\/08\/28\/palmeiras-tendra-sensible-baja-para-enfrentar-a-pereira-en-libertadores\/#article\",\"isPartOf\":{\"@id\":\"https:\/\/futbolhoy.co\/index.php\/2023\/08\/28\/palmeiras-tendra-sensible-baja-para-enfrentar-a-pereira-en-libertadores\/\"},\"author\":{\"name\":\"contenido\",\"@id\":\"https:\/\/futbolhoy.co\/#\/schema\/person\/1721b69355b6623eaff15ac7b92d4cc3\"},\"headline\":\"Palmeiras tendr\u00e1 sensible baja para enfrentar a Pereira en Libertadores\",\"datePublished\":\"2023-08-28T16:54:20+00:00\",\"dateModified\":\"2023-08-29T02:26:19+00:00\",\"mainEntityOfPage\":{\"@id\":\"https:\/\/futbolhoy.co\/index.php\/2023\/08\/28\/palmeiras-tendra-sensible-baja-para-enfrentar-a-pereira-en-libertadores\/\"},\"wordCount\":201,\"commentCount\":0,\"publisher\":{\"@id\":\"https:\/\/futbolhoy.co\/#organization\"},\"image\":{\"@id\":\"https:\/\/futbolhoy.co\/index.php\/2023\/08\/28\/palmeiras-tendra-sensible-baja-para-enfrentar-a-pereira-en-libertadores\/#primaryimage\"},\"thumbnailUrl\":\"https:\/\/futbolhoy.co\/wp-content\/uploads\/2023\/08\/F4oC-6qXgAAaWS-.jpg\",\"articleSection\":[\"Mundo Futbol\"],\"inLanguage\":\"es\",\"potentialAction\":[{\"@type\":\"CommentAction\",\"name\":\"Comment\",\"target\":[\"https:\/\/futbolhoy.co\/index.php\/2023\/08\/28\/palmeiras-tendra-sensible-baja-para-enfrentar-a-pereira-en-libertadores\/#respond\"]}]},{\"@type\":\"WebPage\",\"@id\":\"https:\/\/futbolhoy.co\/index.php\/2023\/08\/28\/palmeiras-tendra-sensible-baja-para-enfrentar-a-pereira-en-libertadores\/\",\"url\":\"https:\/\/futbolhoy.co\/index.php\/2023\/08\/28\/palmeiras-tendra-sensible-baja-para-enfrentar-a-pereira-en-libertadores\/\",\"name\":\"Palmeiras tendr\u00e1 sensible baja para enfrentar a Pereira en Libertadores -\",\"isPartOf\":{\"@id\":\"https:\/\/futbolhoy.co\/#website\"},\"primaryImageOfPage\":{\"@id\":\"https:\/\/futbolhoy.co\/index.php\/2023\/08\/28\/palmeiras-tendra-sensible-baja-para-enfrentar-a-pereira-en-libertadores\/#primaryimage\"},\"image\":{\"@id\":\"https:\/\/futbolhoy.co\/index.php\/2023\/08\/28\/palmeiras-tendra-sensible-baja-para-enfrentar-a-pereira-en-libertadores\/#primaryimage\"},\"thumbnailUrl\":\"https:\/\/futbolhoy.co\/wp-content\/uploads\/2023\/08\/F4oC-6qXgAAaWS-.jpg\",\"datePublished\":\"2023-08-28T16:54:20+00:00\",\"dateModified\":\"2023-08-29T02:26:19+00:00\",\"breadcrumb\":{\"@id\":\"https:\/\/futbolhoy.co\/index.php\/2023\/08\/28\/palmeiras-tendra-sensible-baja-para-enfrentar-a-pereira-en-libertadores\/#breadcrumb\"},\"inLanguage\":\"es\",\"potentialAction\":[{\"@type\":\"ReadAction\",\"target\":[\"https:\/\/futbolhoy.co\/index.php\/2023\/08\/28\/palmeiras-tendra-sensible-baja-para-enfrentar-a-pereira-en-libertadores\/\"]}]},{\"@type\":\"ImageObject\",\"inLanguage\":\"es\",\"@id\":\"https:\/\/futbolhoy.co\/index.php\/2023\/08\/28\/palmeiras-tendra-sensible-baja-para-enfrentar-a-pereira-en-libertadores\/#primaryimage\",\"url\":\"https:\/\/futbolhoy.co\/wp-content\/uploads\/2023\/08\/F4oC-6qXgAAaWS-.jpg\",\"contentUrl\":\"https:\/\/futbolhoy.co\/wp-content\/uploads\/2023\/08\/F4oC-6qXgAAaWS-.jpg\",\"width\":1500,\"height\":844},{\"@type\":\"BreadcrumbList\",\"@id\":\"https:\/\/futbolhoy.co\/index.php\/2023\/08\/28\/palmeiras-tendra-sensible-baja-para-enfrentar-a-pereira-en-libertadores\/#breadcrumb\",\"itemListElement\":[{\"@type\":\"ListItem\",\"position\":1,\"name\":\"Portada\",\"item\":\"https:\/\/futbolhoy.co\/\"},{\"@type\":\"ListItem\",\"position\":2,\"name\":\"Palmeiras tendr\u00e1 sensible baja para enfrentar a Pereira en Libertadores\"}]},{\"@type\":\"WebSite\",\"@id\":\"https:\/\/futbolhoy.co\/#website\",\"url\":\"https:\/\/futbolhoy.co\/\",\"name\":\"FutbolHoy\",\"description\":\"\",\"publisher\":{\"@id\":\"https:\/\/futbolhoy.co\/#organization\"},\"potentialAction\":[{\"@type\":\"SearchAction\",\"target\":{\"@type\":\"EntryPoint\",\"urlTemplate\":\"https:\/\/futbolhoy.co\/?s={search_term_string}\"},\"query-input\":{\"@type\":\"PropertyValueSpecification\",\"valueRequired\":true,\"valueName\":\"search_term_string\"}}],\"inLanguage\":\"es\"},{\"@type\":\"Organization\",\"@id\":\"https:\/\/futbolhoy.co\/#organization\",\"name\":\"Futbolhoy.co\",\"url\":\"https:\/\/futbolhoy.co\/\",\"logo\":{\"@type\":\"ImageObject\",\"inLanguage\":\"es\",\"@id\":\"https:\/\/futbolhoy.co\/#\/schema\/logo\/image\/\",\"url\":\"https:\/\/futbolhoy.co\/wp-content\/uploads\/2018\/08\/17426380_1906371736249227_6326180412931521141_n.jpg\",\"contentUrl\":\"https:\/\/futbolhoy.co\/wp-content\/uploads\/2018\/08\/17426380_1906371736249227_6326180412931521141_n.jpg\",\"width\":960,\"height\":960,\"caption\":\"Futbolhoy.co\"},\"image\":{\"@id\":\"https:\/\/futbolhoy.co\/#\/schema\/logo\/image\/\"},\"sameAs\":[\"https:\/\/www.facebook.com\/FutbolHoyCol\/\",\"https:\/\/x.com\/FutbolHoyCol\",\"https:\/\/www.instagram.com\/futbolhoycol\/\"]},{\"@type\":\"Person\",\"@id\":\"https:\/\/futbolhoy.co\/#\/schema\/person\/1721b69355b6623eaff15ac7b92d4cc3\",\"name\":\"contenido\",\"image\":{\"@type\":\"ImageObject\",\"inLanguage\":\"es\",\"@id\":\"https:\/\/futbolhoy.co\/#\/schema\/person\/image\/\",\"url\":\"https:\/\/secure.gravatar.com\/avatar\/4f656d3256f5134f466206e7c3941518?s=96&d=mm&r=g\",\"contentUrl\":\"https:\/\/secure.gravatar.com\/avatar\/4f656d3256f5134f466206e7c3941518?s=96&d=mm&r=g\",\"caption\":\"contenido\"}}]}<\/script>\n<!-- \/ Yoast SEO plugin. -->","yoast_head_json":{"title":"Palmeiras tendr\u00e1 sensible baja para enfrentar a Pereira en Libertadores -","robots":{"index":"index","follow":"follow","max-snippet":"max-snippet:-1","max-image-preview":"max-image-preview:large","max-video-preview":"max-video-preview:-1"},"canonical":"https:\/\/futbolhoy.co\/index.php\/2023\/08\/28\/palmeiras-tendra-sensible-baja-para-enfrentar-a-pereira-en-libertadores\/","og_locale":"es_ES","og_type":"article","og_title":"Palmeiras tendr\u00e1 sensible baja para enfrentar a Pereira en Libertadores -","og_description":"Dura baja para Palmeiras. El extremo brasile\u00f1o Dudu se ha roto el ligamento cruzado anterior de la rodilla derecha y se perder\u00e1 lo que resta de temporada, inform\u00f3 este lunes el club de S\u00e3o Paulo. La grave lesi\u00f3n del atacante se produce en v\u00edsperas del partido de vuelta de cuartos de final de la Copa [&hellip;]","og_url":"https:\/\/futbolhoy.co\/index.php\/2023\/08\/28\/palmeiras-tendra-sensible-baja-para-enfrentar-a-pereira-en-libertadores\/","article_publisher":"https:\/\/www.facebook.com\/FutbolHoyCol\/","article_published_time":"2023-08-28T16:54:20+00:00","article_modified_time":"2023-08-29T02:26:19+00:00","og_image":[{"width":1500,"height":844,"url":"https:\/\/futbolhoy.co\/wp-content\/uploads\/2023\/08\/F4oC-6qXgAAaWS-.jpg","type":"image\/jpeg"}],"author":"contenido","twitter_card":"summary_large_image","twitter_creator":"@FutbolHoyCol","twitter_site":"@FutbolHoyCol","twitter_misc":{"Escrito por":"contenido","Tiempo de lectura":"1 minuto"},"schema":{"@context":"https:\/\/schema.org","@graph":[{"@type":"Article","@id":"https:\/\/futbolhoy.co\/index.php\/2023\/08\/28\/palmeiras-tendra-sensible-baja-para-enfrentar-a-pereira-en-libertadores\/#article","isPartOf":{"@id":"https:\/\/futbolhoy.co\/index.php\/2023\/08\/28\/palmeiras-tendra-sensible-baja-para-enfrentar-a-pereira-en-libertadores\/"},"author":{"name":"contenido","@id":"https:\/\/futbolhoy.co\/#\/schema\/person\/1721b69355b6623eaff15ac7b92d4cc3"},"headline":"Palmeiras tendr\u00e1 sensible baja para enfrentar a Pereira en Libertadores","datePublished":"2023-08-28T16:54:20+00:00","dateModified":"2023-08-29T02:26:19+00:00","mainEntityOfPage":{"@id":"https:\/\/futbolhoy.co\/index.php\/2023\/08\/28\/palmeiras-tendra-sensible-baja-para-enfrentar-a-pereira-en-libertadores\/"},"wordCount":201,"commentCount":0,"publisher":{"@id":"https:\/\/futbolhoy.co\/#organization"},"image":{"@id":"https:\/\/futbolhoy.co\/index.php\/2023\/08\/28\/palmeiras-tendra-sensible-baja-para-enfrentar-a-pereira-en-libertadores\/#primaryimage"},"thumbnailUrl":"https:\/\/futbolhoy.co\/wp-content\/uploads\/2023\/08\/F4oC-6qXgAAaWS-.jpg","articleSection":["Mundo Futbol"],"inLanguage":"es","potentialAction":[{"@type":"CommentAction","name":"Comment","target":["https:\/\/futbolhoy.co\/index.php\/2023\/08\/28\/palmeiras-tendra-sensible-baja-para-enfrentar-a-pereira-en-libertadores\/#respond"]}]},{"@type":"WebPage","@id":"https:\/\/futbolhoy.co\/index.php\/2023\/08\/28\/palmeiras-tendra-sensible-baja-para-enfrentar-a-pereira-en-libertadores\/","url":"https:\/\/futbolhoy.co\/index.php\/2023\/08\/28\/palmeiras-tendra-sensible-baja-para-enfrentar-a-pereira-en-libertadores\/","name":"Palmeiras tendr\u00e1 sensible baja para enfrentar a Pereira en Libertadores -","isPartOf":{"@id":"https:\/\/futbolhoy.co\/#website"},"primaryImageOfPage":{"@id":"https:\/\/futbolhoy.co\/index.php\/2023\/08\/28\/palmeiras-tendra-sensible-baja-para-enfrentar-a-pereira-en-libertadores\/#primaryimage"},"image":{"@id":"https:\/\/futbolhoy.co\/index.php\/2023\/08\/28\/palmeiras-tendra-sensible-baja-para-enfrentar-a-pereira-en-libertadores\/#primaryimage"},"thumbnailUrl":"https:\/\/futbolhoy.co\/wp-content\/uploads\/2023\/08\/F4oC-6qXgAAaWS-.jpg","datePublished":"2023-08-28T16:54:20+00:00","dateModified":"2023-08-29T02:26:19+00:00","breadcrumb":{"@id":"https:\/\/futbolhoy.co\/index.php\/2023\/08\/28\/palmeiras-tendra-sensible-baja-para-enfrentar-a-pereira-en-libertadores\/#breadcrumb"},"inLanguage":"es","potentialAction":[{"@type":"ReadAction","target":["https:\/\/futbolhoy.co\/index.php\/2023\/08\/28\/palmeiras-tendra-sensible-baja-para-enfrentar-a-pereira-en-libertadores\/"]}]},{"@type":"ImageObject","inLanguage":"es","@id":"https:\/\/futbolhoy.co\/index.php\/2023\/08\/28\/palmeiras-tendra-sensible-baja-para-enfrentar-a-pereira-en-libertadores\/#primaryimage","url":"https:\/\/futbolhoy.co\/wp-content\/uploads\/2023\/08\/F4oC-6qXgAAaWS-.jpg","contentUrl":"https:\/\/futbolhoy.co\/wp-content\/uploads\/2023\/08\/F4oC-6qXgAAaWS-.jpg","width":1500,"height":844},{"@type":"BreadcrumbList","@id":"https:\/\/futbolhoy.co\/index.php\/2023\/08\/28\/palmeiras-tendra-sensible-baja-para-enfrentar-a-pereira-en-libertadores\/#breadcrumb","itemListElement":[{"@type":"ListItem","position":1,"name":"Portada","item":"https:\/\/futbolhoy.co\/"},{"@type":"ListItem","position":2,"name":"Palmeiras tendr\u00e1 sensible baja para enfrentar a Pereira en Libertadores"}]},{"@type":"WebSite","@id":"https:\/\/futbolhoy.co\/#website","url":"https:\/\/futbolhoy.co\/","name":"FutbolHoy","description":"","publisher":{"@id":"https:\/\/futbolhoy.co\/#organization"},"potentialAction":[{"@type":"SearchAction","target":{"@type":"EntryPoint","urlTemplate":"https:\/\/futbolhoy.co\/?s={search_term_string}"},"query-input":{"@type":"PropertyValueSpecification","valueRequired":true,"valueName":"search_term_string"}}],"inLanguage":"es"},{"@type":"Organization","@id":"https:\/\/futbolhoy.co\/#organization","name":"Futbolhoy.co","url":"https:\/\/futbolhoy.co\/","logo":{"@type":"ImageObject","inLanguage":"es","@id":"https:\/\/futbolhoy.co\/#\/schema\/logo\/image\/","url":"https:\/\/futbolhoy.co\/wp-content\/uploads\/2018\/08\/17426380_1906371736249227_6326180412931521141_n.jpg","contentUrl":"https:\/\/futbolhoy.co\/wp-content\/uploads\/2018\/08\/17426380_1906371736249227_6326180412931521141_n.jpg","width":960,"height":960,"caption":"Futbolhoy.co"},"image":{"@id":"https:\/\/futbolhoy.co\/#\/schema\/logo\/image\/"},"sameAs":["https:\/\/www.facebook.com\/FutbolHoyCol\/","https:\/\/x.com\/FutbolHoyCol","https:\/\/www.instagram.com\/futbolhoycol\/"]},{"@type":"Person","@id":"https:\/\/futbolhoy.co\/#\/schema\/person\/1721b69355b6623eaff15ac7b92d4cc3","name":"contenido","image":{"@type":"ImageObject","inLanguage":"es","@id":"https:\/\/futbolhoy.co\/#\/schema\/person\/image\/","url":"https:\/\/secure.gravatar.com\/avatar\/4f656d3256f5134f466206e7c3941518?s=96&d=mm&r=g","contentUrl":"https:\/\/secure.gravatar.com\/avatar\/4f656d3256f5134f466206e7c3941518?s=96&d=mm&r=g","caption":"contenido"}}]}},"publishpress_future_action":{"enabled":false,"date":"2026-05-06 16:37:13","action":"change-status","newStatus":"draft","terms":[],"taxonomy":"category","extraData":[]},"publishpress_future_workflow_manual_trigger":{"enabledWorkflows":[]},"_links":{"self":[{"href":"https:\/\/futbolhoy.co\/index.php\/wp-json\/wp\/v2\/posts\/98536","targetHints":{"allow":["GET"]}}],"collection":[{"href":"https:\/\/futbolhoy.co\/index.php\/wp-json\/wp\/v2\/posts"}],"about":[{"href":"https:\/\/futbolhoy.co\/index.php\/wp-json\/wp\/v2\/types\/post"}],"author":[{"embeddable":true,"href":"https:\/\/futbolhoy.co\/index.php\/wp-json\/wp\/v2\/users\/4"}],"replies":[{"embeddable":true,"href":"https:\/\/futbolhoy.co\/index.php\/wp-json\/wp\/v2\/comments?post=98536"}],"version-history":[{"count":1,"href":"https:\/\/futbolhoy.co\/index.php\/wp-json\/wp\/v2\/posts\/98536\/revisions"}],"predecessor-version":[{"id":98538,"href":"https:\/\/futbolhoy.co\/index.php\/wp-json\/wp\/v2\/posts\/98536\/revisions\/98538"}],"wp:featuredmedia":[{"embeddable":true,"href":"https:\/\/futbolhoy.co\/index.php\/wp-json\/wp\/v2\/media\/98537"}],"wp:attachment":[{"href":"https:\/\/futbolhoy.co\/index.php\/wp-json\/wp\/v2\/media?parent=98536"}],"wp:term":[{"taxonomy":"category","embeddable":true,"href":"https:\/\/futbolhoy.co\/index.php\/wp-json\/wp\/v2\/categories?post=98536"},{"taxonomy":"post_tag","embeddable":true,"href":"https:\/\/futbolhoy.co\/index.php\/wp-json\/wp\/v2\/tags?post=98536"}],"curies":[{"name":"wp","href":"https:\/\/api.w.org\/{rel}","templated":true}]}}