{"id":98539,"date":"2023-08-28T12:08:17","date_gmt":"2023-08-28T17:08:17","guid":{"rendered":"https:\/\/futbolhoy.co\/?p=98539"},"modified":"2023-08-28T22:03:58","modified_gmt":"2023-08-29T03:03:58","slug":"real-madrid-suma-a-vinicius-a-su-departamento-medico-tiempo-de-baja-estimado","status":"publish","type":"post","link":"https:\/\/futbolhoy.co\/index.php\/2023\/08\/28\/real-madrid-suma-a-vinicius-a-su-departamento-medico-tiempo-de-baja-estimado\/","title":{"rendered":"Real Madrid suma a Vinicius a su departamento m\u00e9dico: tiempo de baja estimado"},"content":{"rendered":"<p style=\"text-align: justify;\"><span style=\"font-family: helvetica, arial, sans-serif;\"><strong>Vinicius Junior<\/strong> tuvo que ser sustituido al minuto 18 del encuentro ante <strong>Celta de Vigo<\/strong> que fue victoria Merengue (0-1) por la fecha 3 de la<strong> Liga Espa\u00f1ola.<\/strong> El brasile\u00f1o sinti\u00f3 una molestia y el club preve\u00eda lo peor de cara al diagn\u00f3stico que se conoci\u00f3 este lunes.<\/span><\/p>\n<p style=\"text-align: justify;\"><span style=\"font-family: helvetica, arial, sans-serif;\">El habilidoso atacante sufre una rotura muscular en el b\u00edceps femoral de la pierna derecha, como confirm\u00f3 la resonancia magn\u00e9tica que los doctores del equipo le realizaron en la ciudad deportiva de <strong>Valdebebas.<\/strong><\/span><\/p>\n<p style=\"text-align: justify;\"><span style=\"font-family: helvetica, arial, sans-serif;\">\"Tras las pruebas realizadas a nuestro jugador<strong> Vini Jr.<\/strong> por los Servicios M\u00e9dicos del<strong> Real Madrid<\/strong> se le ha diagnosticado una lesi\u00f3n en el m\u00fasculo b\u00edceps femoral derecho. Pendiente de evoluci\u00f3n\", reza el parte publicado por el Real Madrid en su web.<\/span><\/p>\n<p style=\"text-align: justify;\"><span style=\"font-family: helvetica, arial, sans-serif;\">Dicha lesi\u00f3n, le har\u00e1 estar a Vinicius en torno a las seis semanas de baja, por lo que se perder\u00e1 el derbi ante el Atl\u00e9tico de Madrid y el estreno en la <strong>Champions League,<\/strong> entre otros encuentros.<\/span><\/p>\n","protected":false},"excerpt":{"rendered":"<p>Vinicius Junior tuvo que ser sustituido al minuto 18 del encuentro ante Celta de Vigo que fue victoria Merengue (0-1) por la fecha 3 de la Liga Espa\u00f1ola. El brasile\u00f1o sinti\u00f3 una molestia y el club preve\u00eda lo peor de cara al diagn\u00f3stico que se conoci\u00f3 este lunes. El habilidoso atacante sufre una rotura muscular [&hellip;]<\/p>\n","protected":false},"author":4,"featured_media":98540,"comment_status":"open","ping_status":"open","sticky":false,"template":"","format":"standard","meta":{"_acf_changed":false,"footnotes":""},"categories":[152],"tags":[],"class_list":{"0":"post-98539","1":"post","2":"type-post","3":"status-publish","4":"format-standard","5":"has-post-thumbnail","7":"category-mundo-futbol"},"acf":[],"yoast_head":"<!-- This site is optimized with the Yoast SEO plugin v26.8 - https:\/\/yoast.com\/product\/yoast-seo-wordpress\/ -->\n<title>Real Madrid suma a Vinicius a su departamento m\u00e9dico: tiempo de baja estimado -<\/title>\n<meta name=\"robots\" content=\"index, follow, max-snippet:-1, max-image-preview:large, max-video-preview:-1\" \/>\n<link rel=\"canonical\" href=\"https:\/\/futbolhoy.co\/index.php\/2023\/08\/28\/real-madrid-suma-a-vinicius-a-su-departamento-medico-tiempo-de-baja-estimado\/\" \/>\n<meta property=\"og:locale\" content=\"es_ES\" \/>\n<meta property=\"og:type\" content=\"article\" \/>\n<meta property=\"og:title\" content=\"Real Madrid suma a Vinicius a su departamento m\u00e9dico: tiempo de baja estimado -\" \/>\n<meta property=\"og:description\" content=\"Vinicius Junior tuvo que ser sustituido al minuto 18 del encuentro ante Celta de Vigo que fue victoria Merengue (0-1) por la fecha 3 de la Liga Espa\u00f1ola. El brasile\u00f1o sinti\u00f3 una molestia y el club preve\u00eda lo peor de cara al diagn\u00f3stico que se conoci\u00f3 este lunes. El habilidoso atacante sufre una rotura muscular [&hellip;]\" \/>\n<meta property=\"og:url\" content=\"https:\/\/futbolhoy.co\/index.php\/2023\/08\/28\/real-madrid-suma-a-vinicius-a-su-departamento-medico-tiempo-de-baja-estimado\/\" \/>\n<meta property=\"article:publisher\" content=\"https:\/\/www.facebook.com\/FutbolHoyCol\/\" \/>\n<meta property=\"article:published_time\" content=\"2023-08-28T17:08:17+00:00\" \/>\n<meta property=\"article:modified_time\" content=\"2023-08-29T03:03:58+00:00\" \/>\n<meta property=\"og:image\" content=\"https:\/\/futbolhoy.co\/wp-content\/uploads\/2023\/08\/F4oOA3pW4AAPQzr-scaled.jpg\" \/>\n\t<meta property=\"og:image:width\" content=\"2560\" \/>\n\t<meta property=\"og:image:height\" content=\"1706\" \/>\n\t<meta property=\"og:image:type\" content=\"image\/jpeg\" \/>\n<meta name=\"author\" content=\"contenido\" \/>\n<meta name=\"twitter:card\" content=\"summary_large_image\" \/>\n<meta name=\"twitter:creator\" content=\"@FutbolHoyCol\" \/>\n<meta name=\"twitter:site\" content=\"@FutbolHoyCol\" \/>\n<meta name=\"twitter:label1\" content=\"Escrito por\" \/>\n\t<meta name=\"twitter:data1\" content=\"contenido\" \/>\n\t<meta name=\"twitter:label2\" content=\"Tiempo de lectura\" \/>\n\t<meta name=\"twitter:data2\" content=\"1 minuto\" \/>\n<script type=\"application\/ld+json\" class=\"yoast-schema-graph\">{\"@context\":\"https:\/\/schema.org\",\"@graph\":[{\"@type\":\"Article\",\"@id\":\"https:\/\/futbolhoy.co\/index.php\/2023\/08\/28\/real-madrid-suma-a-vinicius-a-su-departamento-medico-tiempo-de-baja-estimado\/#article\",\"isPartOf\":{\"@id\":\"https:\/\/futbolhoy.co\/index.php\/2023\/08\/28\/real-madrid-suma-a-vinicius-a-su-departamento-medico-tiempo-de-baja-estimado\/\"},\"author\":{\"name\":\"contenido\",\"@id\":\"https:\/\/futbolhoy.co\/#\/schema\/person\/1721b69355b6623eaff15ac7b92d4cc3\"},\"headline\":\"Real Madrid suma a Vinicius a su departamento m\u00e9dico: tiempo de baja estimado\",\"datePublished\":\"2023-08-28T17:08:17+00:00\",\"dateModified\":\"2023-08-29T03:03:58+00:00\",\"mainEntityOfPage\":{\"@id\":\"https:\/\/futbolhoy.co\/index.php\/2023\/08\/28\/real-madrid-suma-a-vinicius-a-su-departamento-medico-tiempo-de-baja-estimado\/\"},\"wordCount\":185,\"commentCount\":0,\"publisher\":{\"@id\":\"https:\/\/futbolhoy.co\/#organization\"},\"image\":{\"@id\":\"https:\/\/futbolhoy.co\/index.php\/2023\/08\/28\/real-madrid-suma-a-vinicius-a-su-departamento-medico-tiempo-de-baja-estimado\/#primaryimage\"},\"thumbnailUrl\":\"https:\/\/futbolhoy.co\/wp-content\/uploads\/2023\/08\/F4oOA3pW4AAPQzr-scaled.jpg\",\"articleSection\":[\"Mundo Futbol\"],\"inLanguage\":\"es\",\"potentialAction\":[{\"@type\":\"CommentAction\",\"name\":\"Comment\",\"target\":[\"https:\/\/futbolhoy.co\/index.php\/2023\/08\/28\/real-madrid-suma-a-vinicius-a-su-departamento-medico-tiempo-de-baja-estimado\/#respond\"]}]},{\"@type\":\"WebPage\",\"@id\":\"https:\/\/futbolhoy.co\/index.php\/2023\/08\/28\/real-madrid-suma-a-vinicius-a-su-departamento-medico-tiempo-de-baja-estimado\/\",\"url\":\"https:\/\/futbolhoy.co\/index.php\/2023\/08\/28\/real-madrid-suma-a-vinicius-a-su-departamento-medico-tiempo-de-baja-estimado\/\",\"name\":\"Real Madrid suma a Vinicius a su departamento m\u00e9dico: tiempo de baja estimado -\",\"isPartOf\":{\"@id\":\"https:\/\/futbolhoy.co\/#website\"},\"primaryImageOfPage\":{\"@id\":\"https:\/\/futbolhoy.co\/index.php\/2023\/08\/28\/real-madrid-suma-a-vinicius-a-su-departamento-medico-tiempo-de-baja-estimado\/#primaryimage\"},\"image\":{\"@id\":\"https:\/\/futbolhoy.co\/index.php\/2023\/08\/28\/real-madrid-suma-a-vinicius-a-su-departamento-medico-tiempo-de-baja-estimado\/#primaryimage\"},\"thumbnailUrl\":\"https:\/\/futbolhoy.co\/wp-content\/uploads\/2023\/08\/F4oOA3pW4AAPQzr-scaled.jpg\",\"datePublished\":\"2023-08-28T17:08:17+00:00\",\"dateModified\":\"2023-08-29T03:03:58+00:00\",\"breadcrumb\":{\"@id\":\"https:\/\/futbolhoy.co\/index.php\/2023\/08\/28\/real-madrid-suma-a-vinicius-a-su-departamento-medico-tiempo-de-baja-estimado\/#breadcrumb\"},\"inLanguage\":\"es\",\"potentialAction\":[{\"@type\":\"ReadAction\",\"target\":[\"https:\/\/futbolhoy.co\/index.php\/2023\/08\/28\/real-madrid-suma-a-vinicius-a-su-departamento-medico-tiempo-de-baja-estimado\/\"]}]},{\"@type\":\"ImageObject\",\"inLanguage\":\"es\",\"@id\":\"https:\/\/futbolhoy.co\/index.php\/2023\/08\/28\/real-madrid-suma-a-vinicius-a-su-departamento-medico-tiempo-de-baja-estimado\/#primaryimage\",\"url\":\"https:\/\/futbolhoy.co\/wp-content\/uploads\/2023\/08\/F4oOA3pW4AAPQzr-scaled.jpg\",\"contentUrl\":\"https:\/\/futbolhoy.co\/wp-content\/uploads\/2023\/08\/F4oOA3pW4AAPQzr-scaled.jpg\",\"width\":2560,\"height\":1706},{\"@type\":\"BreadcrumbList\",\"@id\":\"https:\/\/futbolhoy.co\/index.php\/2023\/08\/28\/real-madrid-suma-a-vinicius-a-su-departamento-medico-tiempo-de-baja-estimado\/#breadcrumb\",\"itemListElement\":[{\"@type\":\"ListItem\",\"position\":1,\"name\":\"Portada\",\"item\":\"https:\/\/futbolhoy.co\/\"},{\"@type\":\"ListItem\",\"position\":2,\"name\":\"Real Madrid suma a Vinicius a su departamento m\u00e9dico: tiempo de baja estimado\"}]},{\"@type\":\"WebSite\",\"@id\":\"https:\/\/futbolhoy.co\/#website\",\"url\":\"https:\/\/futbolhoy.co\/\",\"name\":\"FutbolHoy\",\"description\":\"\",\"publisher\":{\"@id\":\"https:\/\/futbolhoy.co\/#organization\"},\"potentialAction\":[{\"@type\":\"SearchAction\",\"target\":{\"@type\":\"EntryPoint\",\"urlTemplate\":\"https:\/\/futbolhoy.co\/?s={search_term_string}\"},\"query-input\":{\"@type\":\"PropertyValueSpecification\",\"valueRequired\":true,\"valueName\":\"search_term_string\"}}],\"inLanguage\":\"es\"},{\"@type\":\"Organization\",\"@id\":\"https:\/\/futbolhoy.co\/#organization\",\"name\":\"Futbolhoy.co\",\"url\":\"https:\/\/futbolhoy.co\/\",\"logo\":{\"@type\":\"ImageObject\",\"inLanguage\":\"es\",\"@id\":\"https:\/\/futbolhoy.co\/#\/schema\/logo\/image\/\",\"url\":\"https:\/\/futbolhoy.co\/wp-content\/uploads\/2018\/08\/17426380_1906371736249227_6326180412931521141_n.jpg\",\"contentUrl\":\"https:\/\/futbolhoy.co\/wp-content\/uploads\/2018\/08\/17426380_1906371736249227_6326180412931521141_n.jpg\",\"width\":960,\"height\":960,\"caption\":\"Futbolhoy.co\"},\"image\":{\"@id\":\"https:\/\/futbolhoy.co\/#\/schema\/logo\/image\/\"},\"sameAs\":[\"https:\/\/www.facebook.com\/FutbolHoyCol\/\",\"https:\/\/x.com\/FutbolHoyCol\",\"https:\/\/www.instagram.com\/futbolhoycol\/\"]},{\"@type\":\"Person\",\"@id\":\"https:\/\/futbolhoy.co\/#\/schema\/person\/1721b69355b6623eaff15ac7b92d4cc3\",\"name\":\"contenido\",\"image\":{\"@type\":\"ImageObject\",\"inLanguage\":\"es\",\"@id\":\"https:\/\/futbolhoy.co\/#\/schema\/person\/image\/\",\"url\":\"https:\/\/secure.gravatar.com\/avatar\/4f656d3256f5134f466206e7c3941518?s=96&d=mm&r=g\",\"contentUrl\":\"https:\/\/secure.gravatar.com\/avatar\/4f656d3256f5134f466206e7c3941518?s=96&d=mm&r=g\",\"caption\":\"contenido\"}}]}<\/script>\n<!-- \/ Yoast SEO plugin. -->","yoast_head_json":{"title":"Real Madrid suma a Vinicius a su departamento m\u00e9dico: tiempo de baja estimado -","robots":{"index":"index","follow":"follow","max-snippet":"max-snippet:-1","max-image-preview":"max-image-preview:large","max-video-preview":"max-video-preview:-1"},"canonical":"https:\/\/futbolhoy.co\/index.php\/2023\/08\/28\/real-madrid-suma-a-vinicius-a-su-departamento-medico-tiempo-de-baja-estimado\/","og_locale":"es_ES","og_type":"article","og_title":"Real Madrid suma a Vinicius a su departamento m\u00e9dico: tiempo de baja estimado -","og_description":"Vinicius Junior tuvo que ser sustituido al minuto 18 del encuentro ante Celta de Vigo que fue victoria Merengue (0-1) por la fecha 3 de la Liga Espa\u00f1ola. El brasile\u00f1o sinti\u00f3 una molestia y el club preve\u00eda lo peor de cara al diagn\u00f3stico que se conoci\u00f3 este lunes. El habilidoso atacante sufre una rotura muscular [&hellip;]","og_url":"https:\/\/futbolhoy.co\/index.php\/2023\/08\/28\/real-madrid-suma-a-vinicius-a-su-departamento-medico-tiempo-de-baja-estimado\/","article_publisher":"https:\/\/www.facebook.com\/FutbolHoyCol\/","article_published_time":"2023-08-28T17:08:17+00:00","article_modified_time":"2023-08-29T03:03:58+00:00","og_image":[{"width":2560,"height":1706,"url":"https:\/\/futbolhoy.co\/wp-content\/uploads\/2023\/08\/F4oOA3pW4AAPQzr-scaled.jpg","type":"image\/jpeg"}],"author":"contenido","twitter_card":"summary_large_image","twitter_creator":"@FutbolHoyCol","twitter_site":"@FutbolHoyCol","twitter_misc":{"Escrito por":"contenido","Tiempo de lectura":"1 minuto"},"schema":{"@context":"https:\/\/schema.org","@graph":[{"@type":"Article","@id":"https:\/\/futbolhoy.co\/index.php\/2023\/08\/28\/real-madrid-suma-a-vinicius-a-su-departamento-medico-tiempo-de-baja-estimado\/#article","isPartOf":{"@id":"https:\/\/futbolhoy.co\/index.php\/2023\/08\/28\/real-madrid-suma-a-vinicius-a-su-departamento-medico-tiempo-de-baja-estimado\/"},"author":{"name":"contenido","@id":"https:\/\/futbolhoy.co\/#\/schema\/person\/1721b69355b6623eaff15ac7b92d4cc3"},"headline":"Real Madrid suma a Vinicius a su departamento m\u00e9dico: tiempo de baja estimado","datePublished":"2023-08-28T17:08:17+00:00","dateModified":"2023-08-29T03:03:58+00:00","mainEntityOfPage":{"@id":"https:\/\/futbolhoy.co\/index.php\/2023\/08\/28\/real-madrid-suma-a-vinicius-a-su-departamento-medico-tiempo-de-baja-estimado\/"},"wordCount":185,"commentCount":0,"publisher":{"@id":"https:\/\/futbolhoy.co\/#organization"},"image":{"@id":"https:\/\/futbolhoy.co\/index.php\/2023\/08\/28\/real-madrid-suma-a-vinicius-a-su-departamento-medico-tiempo-de-baja-estimado\/#primaryimage"},"thumbnailUrl":"https:\/\/futbolhoy.co\/wp-content\/uploads\/2023\/08\/F4oOA3pW4AAPQzr-scaled.jpg","articleSection":["Mundo Futbol"],"inLanguage":"es","potentialAction":[{"@type":"CommentAction","name":"Comment","target":["https:\/\/futbolhoy.co\/index.php\/2023\/08\/28\/real-madrid-suma-a-vinicius-a-su-departamento-medico-tiempo-de-baja-estimado\/#respond"]}]},{"@type":"WebPage","@id":"https:\/\/futbolhoy.co\/index.php\/2023\/08\/28\/real-madrid-suma-a-vinicius-a-su-departamento-medico-tiempo-de-baja-estimado\/","url":"https:\/\/futbolhoy.co\/index.php\/2023\/08\/28\/real-madrid-suma-a-vinicius-a-su-departamento-medico-tiempo-de-baja-estimado\/","name":"Real Madrid suma a Vinicius a su departamento m\u00e9dico: tiempo de baja estimado -","isPartOf":{"@id":"https:\/\/futbolhoy.co\/#website"},"primaryImageOfPage":{"@id":"https:\/\/futbolhoy.co\/index.php\/2023\/08\/28\/real-madrid-suma-a-vinicius-a-su-departamento-medico-tiempo-de-baja-estimado\/#primaryimage"},"image":{"@id":"https:\/\/futbolhoy.co\/index.php\/2023\/08\/28\/real-madrid-suma-a-vinicius-a-su-departamento-medico-tiempo-de-baja-estimado\/#primaryimage"},"thumbnailUrl":"https:\/\/futbolhoy.co\/wp-content\/uploads\/2023\/08\/F4oOA3pW4AAPQzr-scaled.jpg","datePublished":"2023-08-28T17:08:17+00:00","dateModified":"2023-08-29T03:03:58+00:00","breadcrumb":{"@id":"https:\/\/futbolhoy.co\/index.php\/2023\/08\/28\/real-madrid-suma-a-vinicius-a-su-departamento-medico-tiempo-de-baja-estimado\/#breadcrumb"},"inLanguage":"es","potentialAction":[{"@type":"ReadAction","target":["https:\/\/futbolhoy.co\/index.php\/2023\/08\/28\/real-madrid-suma-a-vinicius-a-su-departamento-medico-tiempo-de-baja-estimado\/"]}]},{"@type":"ImageObject","inLanguage":"es","@id":"https:\/\/futbolhoy.co\/index.php\/2023\/08\/28\/real-madrid-suma-a-vinicius-a-su-departamento-medico-tiempo-de-baja-estimado\/#primaryimage","url":"https:\/\/futbolhoy.co\/wp-content\/uploads\/2023\/08\/F4oOA3pW4AAPQzr-scaled.jpg","contentUrl":"https:\/\/futbolhoy.co\/wp-content\/uploads\/2023\/08\/F4oOA3pW4AAPQzr-scaled.jpg","width":2560,"height":1706},{"@type":"BreadcrumbList","@id":"https:\/\/futbolhoy.co\/index.php\/2023\/08\/28\/real-madrid-suma-a-vinicius-a-su-departamento-medico-tiempo-de-baja-estimado\/#breadcrumb","itemListElement":[{"@type":"ListItem","position":1,"name":"Portada","item":"https:\/\/futbolhoy.co\/"},{"@type":"ListItem","position":2,"name":"Real Madrid suma a Vinicius a su departamento m\u00e9dico: tiempo de baja estimado"}]},{"@type":"WebSite","@id":"https:\/\/futbolhoy.co\/#website","url":"https:\/\/futbolhoy.co\/","name":"FutbolHoy","description":"","publisher":{"@id":"https:\/\/futbolhoy.co\/#organization"},"potentialAction":[{"@type":"SearchAction","target":{"@type":"EntryPoint","urlTemplate":"https:\/\/futbolhoy.co\/?s={search_term_string}"},"query-input":{"@type":"PropertyValueSpecification","valueRequired":true,"valueName":"search_term_string"}}],"inLanguage":"es"},{"@type":"Organization","@id":"https:\/\/futbolhoy.co\/#organization","name":"Futbolhoy.co","url":"https:\/\/futbolhoy.co\/","logo":{"@type":"ImageObject","inLanguage":"es","@id":"https:\/\/futbolhoy.co\/#\/schema\/logo\/image\/","url":"https:\/\/futbolhoy.co\/wp-content\/uploads\/2018\/08\/17426380_1906371736249227_6326180412931521141_n.jpg","contentUrl":"https:\/\/futbolhoy.co\/wp-content\/uploads\/2018\/08\/17426380_1906371736249227_6326180412931521141_n.jpg","width":960,"height":960,"caption":"Futbolhoy.co"},"image":{"@id":"https:\/\/futbolhoy.co\/#\/schema\/logo\/image\/"},"sameAs":["https:\/\/www.facebook.com\/FutbolHoyCol\/","https:\/\/x.com\/FutbolHoyCol","https:\/\/www.instagram.com\/futbolhoycol\/"]},{"@type":"Person","@id":"https:\/\/futbolhoy.co\/#\/schema\/person\/1721b69355b6623eaff15ac7b92d4cc3","name":"contenido","image":{"@type":"ImageObject","inLanguage":"es","@id":"https:\/\/futbolhoy.co\/#\/schema\/person\/image\/","url":"https:\/\/secure.gravatar.com\/avatar\/4f656d3256f5134f466206e7c3941518?s=96&d=mm&r=g","contentUrl":"https:\/\/secure.gravatar.com\/avatar\/4f656d3256f5134f466206e7c3941518?s=96&d=mm&r=g","caption":"contenido"}}]}},"publishpress_future_action":{"enabled":false,"date":"2026-05-06 12:55:13","action":"change-status","newStatus":"draft","terms":[],"taxonomy":"category","extraData":[]},"publishpress_future_workflow_manual_trigger":{"enabledWorkflows":[]},"_links":{"self":[{"href":"https:\/\/futbolhoy.co\/index.php\/wp-json\/wp\/v2\/posts\/98539","targetHints":{"allow":["GET"]}}],"collection":[{"href":"https:\/\/futbolhoy.co\/index.php\/wp-json\/wp\/v2\/posts"}],"about":[{"href":"https:\/\/futbolhoy.co\/index.php\/wp-json\/wp\/v2\/types\/post"}],"author":[{"embeddable":true,"href":"https:\/\/futbolhoy.co\/index.php\/wp-json\/wp\/v2\/users\/4"}],"replies":[{"embeddable":true,"href":"https:\/\/futbolhoy.co\/index.php\/wp-json\/wp\/v2\/comments?post=98539"}],"version-history":[{"count":1,"href":"https:\/\/futbolhoy.co\/index.php\/wp-json\/wp\/v2\/posts\/98539\/revisions"}],"predecessor-version":[{"id":98541,"href":"https:\/\/futbolhoy.co\/index.php\/wp-json\/wp\/v2\/posts\/98539\/revisions\/98541"}],"wp:featuredmedia":[{"embeddable":true,"href":"https:\/\/futbolhoy.co\/index.php\/wp-json\/wp\/v2\/media\/98540"}],"wp:attachment":[{"href":"https:\/\/futbolhoy.co\/index.php\/wp-json\/wp\/v2\/media?parent=98539"}],"wp:term":[{"taxonomy":"category","embeddable":true,"href":"https:\/\/futbolhoy.co\/index.php\/wp-json\/wp\/v2\/categories?post=98539"},{"taxonomy":"post_tag","embeddable":true,"href":"https:\/\/futbolhoy.co\/index.php\/wp-json\/wp\/v2\/tags?post=98539"}],"curies":[{"name":"wp","href":"https:\/\/api.w.org\/{rel}","templated":true}]}}