{"id":98551,"date":"2023-08-28T21:25:45","date_gmt":"2023-08-29T02:25:45","guid":{"rendered":"https:\/\/futbolhoy.co\/?p=98551"},"modified":"2023-08-29T12:59:23","modified_gmt":"2023-08-29T17:59:23","slug":"medellin-empata-con-chico-y-es-el-nuevo-lider-de-la-liga","status":"publish","type":"post","link":"https:\/\/futbolhoy.co\/index.php\/2023\/08\/28\/medellin-empata-con-chico-y-es-el-nuevo-lider-de-la-liga\/","title":{"rendered":"Medell\u00edn empata con Chic\u00f3 y es el nuevo l\u00edder de la Liga"},"content":{"rendered":"<p style=\"font-weight: 400; text-align: justify;\"><span style=\"font-family: helvetica, arial, sans-serif;\"><b>Independiente Medell\u00edn sigue con paso firme en la Liga Colombiana<\/b><span style=\"font-weight: 400;\"> y este lunes consigui\u00f3 un empate 1-1 frente a Boyac\u00e1 Chic\u00f3 que lo dej\u00f3 en lo m\u00e1s alto de la tabla, aunque tuvo la oportunidad de ganar, pero desperdici\u00f3 un penal.\u00a0<\/span><\/span><\/p>\n<p style=\"font-weight: 400; text-align: justify;\"><span style=\"font-family: helvetica, arial, sans-serif;\"><span style=\"font-weight: 400;\">El equipo de <\/span><b>Alfredo Arias es l\u00edder,<\/b><span style=\"font-weight: 400;\"> pero este lunes dej\u00f3 m\u00e1s dudas que certezas en la fecha 8 del campeonato, pues lo que pudo ser un triunfo con marcador abultado termin\u00f3 siendo un p\u00e1lido empate con serios <\/span><b>problemas de definici\u00f3n.\u00a0<\/b><\/span><\/p>\n<p style=\"font-weight: 400; text-align: justify;\"><span style=\"font-family: helvetica, arial, sans-serif;\"><span style=\"font-weight: 400;\">Los dos goles de la noche llegaron en el primer tiempo e, ir\u00f3nicamente, ambos fueron por jugadores de <\/span><b>Boyac\u00e1 Chic\u00f3, <\/b><span style=\"font-weight: 400;\">uno en propia puerta y otro para igualar el marcador.\u00a0<\/span><\/span><\/p>\n<p style=\"font-weight: 400; text-align: justify;\"><span style=\"font-family: helvetica, arial, sans-serif;\"><span style=\"font-weight: 400;\">Al minuto 18 el defensa <\/span><b>Elkin Mosquera rechaz\u00f3 mal la pelota <\/b><span style=\"font-weight: 400;\">dentro del \u00e1rea tras una buena jugada colectiva de Medell\u00edn y termin\u00f3 marcando en propia puerta para el 1-0 parcial. Al 40\u2019 Frank Lozano aprovech\u00f3 los errores defensivos del Poderoso y encaj\u00f3 el 1-1.\u00a0<\/span><\/span><\/p>\n<p style=\"font-weight: 400; text-align: justify;\"><span style=\"font-family: helvetica, arial, sans-serif;\"><span style=\"font-weight: 400;\">Medell\u00edn tuvo la <\/span><b>oportunidad de irse arriba al minuto 63<\/b><span style=\"font-weight: 400;\"> con un penal que Brayan Le\u00f3n desaprovech\u00f3 lamentablemente.\u00a0<\/span><\/span><\/p>\n<p style=\"font-weight: 400; text-align: justify;\"><span style=\"font-family: helvetica, arial, sans-serif;\"><span style=\"font-weight: 400;\">No obstante, el empate fue suficiente para que Medell\u00edn se pusiera l\u00edder en solitario del torneo. El <\/span><b>poderoso lleg\u00f3 a 15 puntos <\/b><span style=\"font-weight: 400;\">y supera por 1 a <\/span><b>Atl\u00e9tico Naciona<\/b><span style=\"font-weight: 400;\">l, aunque los verdes tienen un juego menos.\u00a0<\/span><\/span><\/p>\n<p style=\"font-weight: 400; text-align: justify;\"><span style=\"font-family: helvetica, arial, sans-serif;\"><b>Boyac\u00e1 Chic\u00f3,<\/b><span style=\"font-weight: 400;\"> en cambio, sigue sin ganar en esta Liga Colombiana, es pen\u00faltimo en la tabla con 5 unidades, superando solamente a <\/span><b>Envigado<\/b><span style=\"font-weight: 400;\">, que <\/span><b>es colero con 2 puntos.\u00a0<\/b><\/span><\/p>\n","protected":false},"excerpt":{"rendered":"<p>Independiente Medell\u00edn sigue con paso firme en la Liga Colombiana y este lunes consigui\u00f3 un empate 1-1 frente a Boyac\u00e1 Chic\u00f3 que lo dej\u00f3 en lo m\u00e1s alto de la tabla, aunque tuvo la oportunidad de ganar, pero desperdici\u00f3 un penal.\u00a0 El equipo de Alfredo Arias es l\u00edder, pero este lunes dej\u00f3 m\u00e1s dudas que [&hellip;]<\/p>\n","protected":false},"author":4,"featured_media":98552,"comment_status":"open","ping_status":"open","sticky":false,"template":"","format":"standard","meta":{"_acf_changed":false,"footnotes":""},"categories":[7],"tags":[],"class_list":{"0":"post-98551","1":"post","2":"type-post","3":"status-publish","4":"format-standard","5":"has-post-thumbnail","7":"category-liga-betplay"},"acf":[],"yoast_head":"<!-- This site is optimized with the Yoast SEO plugin v26.8 - https:\/\/yoast.com\/product\/yoast-seo-wordpress\/ -->\n<title>Medell\u00edn empata con Chic\u00f3 y es el nuevo l\u00edder de la Liga -<\/title>\n<meta name=\"robots\" content=\"index, follow, max-snippet:-1, max-image-preview:large, max-video-preview:-1\" \/>\n<link rel=\"canonical\" href=\"https:\/\/futbolhoy.co\/index.php\/2023\/08\/28\/medellin-empata-con-chico-y-es-el-nuevo-lider-de-la-liga\/\" \/>\n<meta property=\"og:locale\" content=\"es_ES\" \/>\n<meta property=\"og:type\" content=\"article\" \/>\n<meta property=\"og:title\" content=\"Medell\u00edn empata con Chic\u00f3 y es el nuevo l\u00edder de la Liga -\" \/>\n<meta property=\"og:description\" content=\"Independiente Medell\u00edn sigue con paso firme en la Liga Colombiana y este lunes consigui\u00f3 un empate 1-1 frente a Boyac\u00e1 Chic\u00f3 que lo dej\u00f3 en lo m\u00e1s alto de la tabla, aunque tuvo la oportunidad de ganar, pero desperdici\u00f3 un penal.\u00a0 El equipo de Alfredo Arias es l\u00edder, pero este lunes dej\u00f3 m\u00e1s dudas que [&hellip;]\" \/>\n<meta property=\"og:url\" content=\"https:\/\/futbolhoy.co\/index.php\/2023\/08\/28\/medellin-empata-con-chico-y-es-el-nuevo-lider-de-la-liga\/\" \/>\n<meta property=\"article:publisher\" content=\"https:\/\/www.facebook.com\/FutbolHoyCol\/\" \/>\n<meta property=\"article:published_time\" content=\"2023-08-29T02:25:45+00:00\" \/>\n<meta property=\"article:modified_time\" content=\"2023-08-29T17:59:23+00:00\" \/>\n<meta property=\"og:image\" content=\"https:\/\/futbolhoy.co\/wp-content\/uploads\/2023\/08\/IMG_6536.jpeg\" \/>\n\t<meta property=\"og:image:width\" content=\"1080\" \/>\n\t<meta property=\"og:image:height\" content=\"776\" \/>\n\t<meta property=\"og:image:type\" content=\"image\/jpeg\" \/>\n<meta name=\"author\" content=\"contenido\" \/>\n<meta name=\"twitter:card\" content=\"summary_large_image\" \/>\n<meta name=\"twitter:creator\" content=\"@FutbolHoyCol\" \/>\n<meta name=\"twitter:site\" content=\"@FutbolHoyCol\" \/>\n<meta name=\"twitter:label1\" content=\"Escrito por\" \/>\n\t<meta name=\"twitter:data1\" content=\"contenido\" \/>\n\t<meta name=\"twitter:label2\" content=\"Tiempo de lectura\" \/>\n\t<meta name=\"twitter:data2\" content=\"1 minuto\" \/>\n<script type=\"application\/ld+json\" class=\"yoast-schema-graph\">{\"@context\":\"https:\/\/schema.org\",\"@graph\":[{\"@type\":\"Article\",\"@id\":\"https:\/\/futbolhoy.co\/index.php\/2023\/08\/28\/medellin-empata-con-chico-y-es-el-nuevo-lider-de-la-liga\/#article\",\"isPartOf\":{\"@id\":\"https:\/\/futbolhoy.co\/index.php\/2023\/08\/28\/medellin-empata-con-chico-y-es-el-nuevo-lider-de-la-liga\/\"},\"author\":{\"name\":\"contenido\",\"@id\":\"https:\/\/futbolhoy.co\/#\/schema\/person\/1721b69355b6623eaff15ac7b92d4cc3\"},\"headline\":\"Medell\u00edn empata con Chic\u00f3 y es el nuevo l\u00edder de la Liga\",\"datePublished\":\"2023-08-29T02:25:45+00:00\",\"dateModified\":\"2023-08-29T17:59:23+00:00\",\"mainEntityOfPage\":{\"@id\":\"https:\/\/futbolhoy.co\/index.php\/2023\/08\/28\/medellin-empata-con-chico-y-es-el-nuevo-lider-de-la-liga\/\"},\"wordCount\":261,\"commentCount\":0,\"publisher\":{\"@id\":\"https:\/\/futbolhoy.co\/#organization\"},\"image\":{\"@id\":\"https:\/\/futbolhoy.co\/index.php\/2023\/08\/28\/medellin-empata-con-chico-y-es-el-nuevo-lider-de-la-liga\/#primaryimage\"},\"thumbnailUrl\":\"https:\/\/futbolhoy.co\/wp-content\/uploads\/2023\/08\/IMG_6536.jpeg\",\"articleSection\":[\"Liga BetPlay\"],\"inLanguage\":\"es\",\"potentialAction\":[{\"@type\":\"CommentAction\",\"name\":\"Comment\",\"target\":[\"https:\/\/futbolhoy.co\/index.php\/2023\/08\/28\/medellin-empata-con-chico-y-es-el-nuevo-lider-de-la-liga\/#respond\"]}]},{\"@type\":\"WebPage\",\"@id\":\"https:\/\/futbolhoy.co\/index.php\/2023\/08\/28\/medellin-empata-con-chico-y-es-el-nuevo-lider-de-la-liga\/\",\"url\":\"https:\/\/futbolhoy.co\/index.php\/2023\/08\/28\/medellin-empata-con-chico-y-es-el-nuevo-lider-de-la-liga\/\",\"name\":\"Medell\u00edn empata con Chic\u00f3 y es el nuevo l\u00edder de la Liga -\",\"isPartOf\":{\"@id\":\"https:\/\/futbolhoy.co\/#website\"},\"primaryImageOfPage\":{\"@id\":\"https:\/\/futbolhoy.co\/index.php\/2023\/08\/28\/medellin-empata-con-chico-y-es-el-nuevo-lider-de-la-liga\/#primaryimage\"},\"image\":{\"@id\":\"https:\/\/futbolhoy.co\/index.php\/2023\/08\/28\/medellin-empata-con-chico-y-es-el-nuevo-lider-de-la-liga\/#primaryimage\"},\"thumbnailUrl\":\"https:\/\/futbolhoy.co\/wp-content\/uploads\/2023\/08\/IMG_6536.jpeg\",\"datePublished\":\"2023-08-29T02:25:45+00:00\",\"dateModified\":\"2023-08-29T17:59:23+00:00\",\"breadcrumb\":{\"@id\":\"https:\/\/futbolhoy.co\/index.php\/2023\/08\/28\/medellin-empata-con-chico-y-es-el-nuevo-lider-de-la-liga\/#breadcrumb\"},\"inLanguage\":\"es\",\"potentialAction\":[{\"@type\":\"ReadAction\",\"target\":[\"https:\/\/futbolhoy.co\/index.php\/2023\/08\/28\/medellin-empata-con-chico-y-es-el-nuevo-lider-de-la-liga\/\"]}]},{\"@type\":\"ImageObject\",\"inLanguage\":\"es\",\"@id\":\"https:\/\/futbolhoy.co\/index.php\/2023\/08\/28\/medellin-empata-con-chico-y-es-el-nuevo-lider-de-la-liga\/#primaryimage\",\"url\":\"https:\/\/futbolhoy.co\/wp-content\/uploads\/2023\/08\/IMG_6536.jpeg\",\"contentUrl\":\"https:\/\/futbolhoy.co\/wp-content\/uploads\/2023\/08\/IMG_6536.jpeg\",\"width\":1080,\"height\":776},{\"@type\":\"BreadcrumbList\",\"@id\":\"https:\/\/futbolhoy.co\/index.php\/2023\/08\/28\/medellin-empata-con-chico-y-es-el-nuevo-lider-de-la-liga\/#breadcrumb\",\"itemListElement\":[{\"@type\":\"ListItem\",\"position\":1,\"name\":\"Portada\",\"item\":\"https:\/\/futbolhoy.co\/\"},{\"@type\":\"ListItem\",\"position\":2,\"name\":\"Medell\u00edn empata con Chic\u00f3 y es el nuevo l\u00edder de la Liga\"}]},{\"@type\":\"WebSite\",\"@id\":\"https:\/\/futbolhoy.co\/#website\",\"url\":\"https:\/\/futbolhoy.co\/\",\"name\":\"FutbolHoy\",\"description\":\"\",\"publisher\":{\"@id\":\"https:\/\/futbolhoy.co\/#organization\"},\"potentialAction\":[{\"@type\":\"SearchAction\",\"target\":{\"@type\":\"EntryPoint\",\"urlTemplate\":\"https:\/\/futbolhoy.co\/?s={search_term_string}\"},\"query-input\":{\"@type\":\"PropertyValueSpecification\",\"valueRequired\":true,\"valueName\":\"search_term_string\"}}],\"inLanguage\":\"es\"},{\"@type\":\"Organization\",\"@id\":\"https:\/\/futbolhoy.co\/#organization\",\"name\":\"Futbolhoy.co\",\"url\":\"https:\/\/futbolhoy.co\/\",\"logo\":{\"@type\":\"ImageObject\",\"inLanguage\":\"es\",\"@id\":\"https:\/\/futbolhoy.co\/#\/schema\/logo\/image\/\",\"url\":\"https:\/\/futbolhoy.co\/wp-content\/uploads\/2018\/08\/17426380_1906371736249227_6326180412931521141_n.jpg\",\"contentUrl\":\"https:\/\/futbolhoy.co\/wp-content\/uploads\/2018\/08\/17426380_1906371736249227_6326180412931521141_n.jpg\",\"width\":960,\"height\":960,\"caption\":\"Futbolhoy.co\"},\"image\":{\"@id\":\"https:\/\/futbolhoy.co\/#\/schema\/logo\/image\/\"},\"sameAs\":[\"https:\/\/www.facebook.com\/FutbolHoyCol\/\",\"https:\/\/x.com\/FutbolHoyCol\",\"https:\/\/www.instagram.com\/futbolhoycol\/\"]},{\"@type\":\"Person\",\"@id\":\"https:\/\/futbolhoy.co\/#\/schema\/person\/1721b69355b6623eaff15ac7b92d4cc3\",\"name\":\"contenido\",\"image\":{\"@type\":\"ImageObject\",\"inLanguage\":\"es\",\"@id\":\"https:\/\/futbolhoy.co\/#\/schema\/person\/image\/\",\"url\":\"https:\/\/secure.gravatar.com\/avatar\/4f656d3256f5134f466206e7c3941518?s=96&d=mm&r=g\",\"contentUrl\":\"https:\/\/secure.gravatar.com\/avatar\/4f656d3256f5134f466206e7c3941518?s=96&d=mm&r=g\",\"caption\":\"contenido\"}}]}<\/script>\n<!-- \/ Yoast SEO plugin. -->","yoast_head_json":{"title":"Medell\u00edn empata con Chic\u00f3 y es el nuevo l\u00edder de la Liga -","robots":{"index":"index","follow":"follow","max-snippet":"max-snippet:-1","max-image-preview":"max-image-preview:large","max-video-preview":"max-video-preview:-1"},"canonical":"https:\/\/futbolhoy.co\/index.php\/2023\/08\/28\/medellin-empata-con-chico-y-es-el-nuevo-lider-de-la-liga\/","og_locale":"es_ES","og_type":"article","og_title":"Medell\u00edn empata con Chic\u00f3 y es el nuevo l\u00edder de la Liga -","og_description":"Independiente Medell\u00edn sigue con paso firme en la Liga Colombiana y este lunes consigui\u00f3 un empate 1-1 frente a Boyac\u00e1 Chic\u00f3 que lo dej\u00f3 en lo m\u00e1s alto de la tabla, aunque tuvo la oportunidad de ganar, pero desperdici\u00f3 un penal.\u00a0 El equipo de Alfredo Arias es l\u00edder, pero este lunes dej\u00f3 m\u00e1s dudas que [&hellip;]","og_url":"https:\/\/futbolhoy.co\/index.php\/2023\/08\/28\/medellin-empata-con-chico-y-es-el-nuevo-lider-de-la-liga\/","article_publisher":"https:\/\/www.facebook.com\/FutbolHoyCol\/","article_published_time":"2023-08-29T02:25:45+00:00","article_modified_time":"2023-08-29T17:59:23+00:00","og_image":[{"width":1080,"height":776,"url":"https:\/\/futbolhoy.co\/wp-content\/uploads\/2023\/08\/IMG_6536.jpeg","type":"image\/jpeg"}],"author":"contenido","twitter_card":"summary_large_image","twitter_creator":"@FutbolHoyCol","twitter_site":"@FutbolHoyCol","twitter_misc":{"Escrito por":"contenido","Tiempo de lectura":"1 minuto"},"schema":{"@context":"https:\/\/schema.org","@graph":[{"@type":"Article","@id":"https:\/\/futbolhoy.co\/index.php\/2023\/08\/28\/medellin-empata-con-chico-y-es-el-nuevo-lider-de-la-liga\/#article","isPartOf":{"@id":"https:\/\/futbolhoy.co\/index.php\/2023\/08\/28\/medellin-empata-con-chico-y-es-el-nuevo-lider-de-la-liga\/"},"author":{"name":"contenido","@id":"https:\/\/futbolhoy.co\/#\/schema\/person\/1721b69355b6623eaff15ac7b92d4cc3"},"headline":"Medell\u00edn empata con Chic\u00f3 y es el nuevo l\u00edder de la Liga","datePublished":"2023-08-29T02:25:45+00:00","dateModified":"2023-08-29T17:59:23+00:00","mainEntityOfPage":{"@id":"https:\/\/futbolhoy.co\/index.php\/2023\/08\/28\/medellin-empata-con-chico-y-es-el-nuevo-lider-de-la-liga\/"},"wordCount":261,"commentCount":0,"publisher":{"@id":"https:\/\/futbolhoy.co\/#organization"},"image":{"@id":"https:\/\/futbolhoy.co\/index.php\/2023\/08\/28\/medellin-empata-con-chico-y-es-el-nuevo-lider-de-la-liga\/#primaryimage"},"thumbnailUrl":"https:\/\/futbolhoy.co\/wp-content\/uploads\/2023\/08\/IMG_6536.jpeg","articleSection":["Liga BetPlay"],"inLanguage":"es","potentialAction":[{"@type":"CommentAction","name":"Comment","target":["https:\/\/futbolhoy.co\/index.php\/2023\/08\/28\/medellin-empata-con-chico-y-es-el-nuevo-lider-de-la-liga\/#respond"]}]},{"@type":"WebPage","@id":"https:\/\/futbolhoy.co\/index.php\/2023\/08\/28\/medellin-empata-con-chico-y-es-el-nuevo-lider-de-la-liga\/","url":"https:\/\/futbolhoy.co\/index.php\/2023\/08\/28\/medellin-empata-con-chico-y-es-el-nuevo-lider-de-la-liga\/","name":"Medell\u00edn empata con Chic\u00f3 y es el nuevo l\u00edder de la Liga -","isPartOf":{"@id":"https:\/\/futbolhoy.co\/#website"},"primaryImageOfPage":{"@id":"https:\/\/futbolhoy.co\/index.php\/2023\/08\/28\/medellin-empata-con-chico-y-es-el-nuevo-lider-de-la-liga\/#primaryimage"},"image":{"@id":"https:\/\/futbolhoy.co\/index.php\/2023\/08\/28\/medellin-empata-con-chico-y-es-el-nuevo-lider-de-la-liga\/#primaryimage"},"thumbnailUrl":"https:\/\/futbolhoy.co\/wp-content\/uploads\/2023\/08\/IMG_6536.jpeg","datePublished":"2023-08-29T02:25:45+00:00","dateModified":"2023-08-29T17:59:23+00:00","breadcrumb":{"@id":"https:\/\/futbolhoy.co\/index.php\/2023\/08\/28\/medellin-empata-con-chico-y-es-el-nuevo-lider-de-la-liga\/#breadcrumb"},"inLanguage":"es","potentialAction":[{"@type":"ReadAction","target":["https:\/\/futbolhoy.co\/index.php\/2023\/08\/28\/medellin-empata-con-chico-y-es-el-nuevo-lider-de-la-liga\/"]}]},{"@type":"ImageObject","inLanguage":"es","@id":"https:\/\/futbolhoy.co\/index.php\/2023\/08\/28\/medellin-empata-con-chico-y-es-el-nuevo-lider-de-la-liga\/#primaryimage","url":"https:\/\/futbolhoy.co\/wp-content\/uploads\/2023\/08\/IMG_6536.jpeg","contentUrl":"https:\/\/futbolhoy.co\/wp-content\/uploads\/2023\/08\/IMG_6536.jpeg","width":1080,"height":776},{"@type":"BreadcrumbList","@id":"https:\/\/futbolhoy.co\/index.php\/2023\/08\/28\/medellin-empata-con-chico-y-es-el-nuevo-lider-de-la-liga\/#breadcrumb","itemListElement":[{"@type":"ListItem","position":1,"name":"Portada","item":"https:\/\/futbolhoy.co\/"},{"@type":"ListItem","position":2,"name":"Medell\u00edn empata con Chic\u00f3 y es el nuevo l\u00edder de la Liga"}]},{"@type":"WebSite","@id":"https:\/\/futbolhoy.co\/#website","url":"https:\/\/futbolhoy.co\/","name":"FutbolHoy","description":"","publisher":{"@id":"https:\/\/futbolhoy.co\/#organization"},"potentialAction":[{"@type":"SearchAction","target":{"@type":"EntryPoint","urlTemplate":"https:\/\/futbolhoy.co\/?s={search_term_string}"},"query-input":{"@type":"PropertyValueSpecification","valueRequired":true,"valueName":"search_term_string"}}],"inLanguage":"es"},{"@type":"Organization","@id":"https:\/\/futbolhoy.co\/#organization","name":"Futbolhoy.co","url":"https:\/\/futbolhoy.co\/","logo":{"@type":"ImageObject","inLanguage":"es","@id":"https:\/\/futbolhoy.co\/#\/schema\/logo\/image\/","url":"https:\/\/futbolhoy.co\/wp-content\/uploads\/2018\/08\/17426380_1906371736249227_6326180412931521141_n.jpg","contentUrl":"https:\/\/futbolhoy.co\/wp-content\/uploads\/2018\/08\/17426380_1906371736249227_6326180412931521141_n.jpg","width":960,"height":960,"caption":"Futbolhoy.co"},"image":{"@id":"https:\/\/futbolhoy.co\/#\/schema\/logo\/image\/"},"sameAs":["https:\/\/www.facebook.com\/FutbolHoyCol\/","https:\/\/x.com\/FutbolHoyCol","https:\/\/www.instagram.com\/futbolhoycol\/"]},{"@type":"Person","@id":"https:\/\/futbolhoy.co\/#\/schema\/person\/1721b69355b6623eaff15ac7b92d4cc3","name":"contenido","image":{"@type":"ImageObject","inLanguage":"es","@id":"https:\/\/futbolhoy.co\/#\/schema\/person\/image\/","url":"https:\/\/secure.gravatar.com\/avatar\/4f656d3256f5134f466206e7c3941518?s=96&d=mm&r=g","contentUrl":"https:\/\/secure.gravatar.com\/avatar\/4f656d3256f5134f466206e7c3941518?s=96&d=mm&r=g","caption":"contenido"}}]}},"publishpress_future_action":{"enabled":false,"date":"2026-05-06 09:26:14","action":"change-status","newStatus":"draft","terms":[],"taxonomy":"category","extraData":[]},"publishpress_future_workflow_manual_trigger":{"enabledWorkflows":[]},"_links":{"self":[{"href":"https:\/\/futbolhoy.co\/index.php\/wp-json\/wp\/v2\/posts\/98551","targetHints":{"allow":["GET"]}}],"collection":[{"href":"https:\/\/futbolhoy.co\/index.php\/wp-json\/wp\/v2\/posts"}],"about":[{"href":"https:\/\/futbolhoy.co\/index.php\/wp-json\/wp\/v2\/types\/post"}],"author":[{"embeddable":true,"href":"https:\/\/futbolhoy.co\/index.php\/wp-json\/wp\/v2\/users\/4"}],"replies":[{"embeddable":true,"href":"https:\/\/futbolhoy.co\/index.php\/wp-json\/wp\/v2\/comments?post=98551"}],"version-history":[{"count":1,"href":"https:\/\/futbolhoy.co\/index.php\/wp-json\/wp\/v2\/posts\/98551\/revisions"}],"predecessor-version":[{"id":98553,"href":"https:\/\/futbolhoy.co\/index.php\/wp-json\/wp\/v2\/posts\/98551\/revisions\/98553"}],"wp:featuredmedia":[{"embeddable":true,"href":"https:\/\/futbolhoy.co\/index.php\/wp-json\/wp\/v2\/media\/98552"}],"wp:attachment":[{"href":"https:\/\/futbolhoy.co\/index.php\/wp-json\/wp\/v2\/media?parent=98551"}],"wp:term":[{"taxonomy":"category","embeddable":true,"href":"https:\/\/futbolhoy.co\/index.php\/wp-json\/wp\/v2\/categories?post=98551"},{"taxonomy":"post_tag","embeddable":true,"href":"https:\/\/futbolhoy.co\/index.php\/wp-json\/wp\/v2\/tags?post=98551"}],"curies":[{"name":"wp","href":"https:\/\/api.w.org\/{rel}","templated":true}]}}