{"id":98554,"date":"2023-08-28T22:08:19","date_gmt":"2023-08-29T03:08:19","guid":{"rendered":"https:\/\/futbolhoy.co\/?p=98554"},"modified":"2023-08-29T18:23:30","modified_gmt":"2023-08-29T23:23:30","slug":"venezuela-rival-de-colombia-anuncio-la-convocatoria-para-eliminatorias","status":"publish","type":"post","link":"https:\/\/futbolhoy.co\/index.php\/2023\/08\/28\/venezuela-rival-de-colombia-anuncio-la-convocatoria-para-eliminatorias\/","title":{"rendered":"Venezuela, rival de Colombia, anunci\u00f3 la convocatoria para Eliminatorias"},"content":{"rendered":"<p style=\"font-weight: 400; text-align: justify;\"><span style=\"font-family: helvetica, arial, sans-serif;\"><span style=\"font-weight: 400;\">Las selecciones de la Conmebol ya est\u00e1n alistando el debut en las <\/span><b>Eliminatorias al Mundial de 2026 <\/b><span style=\"font-weight: 400;\">y <\/span><b>Venezuela<\/b><span style=\"font-weight: 400;\">, el primer rival de <\/span><b>Colombia<\/b><span style=\"font-weight: 400;\">, anunci\u00f3 este lunes la lista de convocados para la pr\u00f3xima fecha de septiembre.\u00a0<\/span><\/span><\/p>\n<p style=\"font-weight: 400; text-align: justify;\"><span style=\"font-family: helvetica, arial, sans-serif;\"><span style=\"font-weight: 400;\">El argentino Fernando Batista, quien asumi\u00f3 tras la salida de Jos\u00e9 N\u00e9stor P\u00e9kerman, hizo oficial la lista de 29 jugadores para las <\/span><b>Eliminatorias de septiembre,<\/b><span style=\"font-weight: 400;\"> adem\u00e1s de la inclusi\u00f3n de 11 juveniles que \u201ctambi\u00e9n son considerados para el proceso de selecciones de la <\/span><b>FVF<\/b><span style=\"font-weight: 400;\"> con el objetivo de que sumen roce internacional\u201d.\u00a0<\/span><\/span><\/p>\n<p style=\"font-weight: 400; text-align: justify;\"><span style=\"font-family: helvetica, arial, sans-serif;\"><span style=\"font-weight: 400;\">La <\/span><b>Selecci\u00f3n Colombia recibir\u00e1 a Venezuela <\/b><span style=\"font-weight: 400;\">el pr\u00f3ximo 7 de septiembre en el estadio Metropolitano de Barranquilla en la apertura de las Eliminatorias Conmebol para el Mundial de 2026.\u00a0<\/span><\/span><\/p>\n<p style=\"font-weight: 400; text-align: justify;\"><span style=\"font-family: helvetica, arial, sans-serif;\"><span style=\"font-weight: 400;\">Estos son los convocados por <\/span><b>Venezuela<\/b><span style=\"font-weight: 400;\"> para el duelo ante Colombia:\u00a0<\/span><\/span><\/p>\n<p style=\"text-align: justify;\"><span style=\"font-family: helvetica, arial, sans-serif;\">Arqueros: Joel Graterol, Alain Baroja y Yafael Romo.<\/span><\/p>\n<p style=\"text-align: justify;\"><span style=\"font-family: helvetica, arial, sans-serif;\">Defensas: Alexander Gonz\u00e1lez, Christian Makoun, Jhon Chancellor, Yordan Osorio, Jon Aramburu, Luis Mago, Miguel Navarro, Mikel Villanueva, Roberto Rosales y Wilker \u00c1ngel.<\/span><\/p>\n<p style=\"text-align: justify;\"><span style=\"font-family: helvetica, arial, sans-serif;\">Mediocampistas: Tom\u00e1s Rinc\u00f3n, Junior Moreno, Jes\u00fas Bueno, Yangel Herrera, Cristian C\u00e1sseres Jr., Jos\u00e9 Mart\u00ednez, Eduard Bello, Jefferson Savarino, R\u00f3mulo Otero, Samuel Sosa, Yeferson Soteldo y Darwin Mach\u00eds.<\/span><\/p>\n<p style=\"text-align: justify;\"><span style=\"font-family: helvetica, arial, sans-serif;\">Delanteros: Alejandro Marqu\u00e9s, Salom\u00f3n Rond\u00f3n, Josef Mart\u00ednez y Sergio C\u00f3rdova.<\/span><\/p>\n","protected":false},"excerpt":{"rendered":"<p>Las selecciones de la Conmebol ya est\u00e1n alistando el debut en las Eliminatorias al Mundial de 2026 y Venezuela, el primer rival de Colombia, anunci\u00f3 este lunes la lista de convocados para la pr\u00f3xima fecha de septiembre.\u00a0 El argentino Fernando Batista, quien asumi\u00f3 tras la salida de Jos\u00e9 N\u00e9stor P\u00e9kerman, hizo oficial la lista de [&hellip;]<\/p>\n","protected":false},"author":4,"featured_media":98555,"comment_status":"open","ping_status":"open","sticky":false,"template":"","format":"standard","meta":{"_acf_changed":false,"footnotes":""},"categories":[152],"tags":[],"class_list":{"0":"post-98554","1":"post","2":"type-post","3":"status-publish","4":"format-standard","5":"has-post-thumbnail","7":"category-mundo-futbol"},"acf":[],"yoast_head":"<!-- This site is optimized with the Yoast SEO plugin v26.8 - https:\/\/yoast.com\/product\/yoast-seo-wordpress\/ -->\n<title>Venezuela, rival de Colombia, anunci\u00f3 la convocatoria para Eliminatorias -<\/title>\n<meta name=\"robots\" content=\"index, follow, max-snippet:-1, max-image-preview:large, max-video-preview:-1\" \/>\n<link rel=\"canonical\" href=\"https:\/\/futbolhoy.co\/index.php\/2023\/08\/28\/venezuela-rival-de-colombia-anuncio-la-convocatoria-para-eliminatorias\/\" \/>\n<meta property=\"og:locale\" content=\"es_ES\" \/>\n<meta property=\"og:type\" content=\"article\" \/>\n<meta property=\"og:title\" content=\"Venezuela, rival de Colombia, anunci\u00f3 la convocatoria para Eliminatorias -\" \/>\n<meta property=\"og:description\" content=\"Las selecciones de la Conmebol ya est\u00e1n alistando el debut en las Eliminatorias al Mundial de 2026 y Venezuela, el primer rival de Colombia, anunci\u00f3 este lunes la lista de convocados para la pr\u00f3xima fecha de septiembre.\u00a0 El argentino Fernando Batista, quien asumi\u00f3 tras la salida de Jos\u00e9 N\u00e9stor P\u00e9kerman, hizo oficial la lista de [&hellip;]\" \/>\n<meta property=\"og:url\" content=\"https:\/\/futbolhoy.co\/index.php\/2023\/08\/28\/venezuela-rival-de-colombia-anuncio-la-convocatoria-para-eliminatorias\/\" \/>\n<meta property=\"article:publisher\" content=\"https:\/\/www.facebook.com\/FutbolHoyCol\/\" \/>\n<meta property=\"article:published_time\" content=\"2023-08-29T03:08:19+00:00\" \/>\n<meta property=\"article:modified_time\" content=\"2023-08-29T23:23:30+00:00\" \/>\n<meta property=\"og:image\" content=\"https:\/\/futbolhoy.co\/wp-content\/uploads\/2023\/08\/IMG_6539.jpeg\" \/>\n\t<meta property=\"og:image:width\" content=\"1498\" \/>\n\t<meta property=\"og:image:height\" content=\"976\" \/>\n\t<meta property=\"og:image:type\" content=\"image\/jpeg\" \/>\n<meta name=\"author\" content=\"contenido\" \/>\n<meta name=\"twitter:card\" content=\"summary_large_image\" \/>\n<meta name=\"twitter:creator\" content=\"@FutbolHoyCol\" \/>\n<meta name=\"twitter:site\" content=\"@FutbolHoyCol\" \/>\n<meta name=\"twitter:label1\" content=\"Escrito por\" \/>\n\t<meta name=\"twitter:data1\" content=\"contenido\" \/>\n\t<meta name=\"twitter:label2\" content=\"Tiempo de lectura\" \/>\n\t<meta name=\"twitter:data2\" content=\"1 minuto\" \/>\n<script type=\"application\/ld+json\" class=\"yoast-schema-graph\">{\"@context\":\"https:\/\/schema.org\",\"@graph\":[{\"@type\":\"Article\",\"@id\":\"https:\/\/futbolhoy.co\/index.php\/2023\/08\/28\/venezuela-rival-de-colombia-anuncio-la-convocatoria-para-eliminatorias\/#article\",\"isPartOf\":{\"@id\":\"https:\/\/futbolhoy.co\/index.php\/2023\/08\/28\/venezuela-rival-de-colombia-anuncio-la-convocatoria-para-eliminatorias\/\"},\"author\":{\"name\":\"contenido\",\"@id\":\"https:\/\/futbolhoy.co\/#\/schema\/person\/1721b69355b6623eaff15ac7b92d4cc3\"},\"headline\":\"Venezuela, rival de Colombia, anunci\u00f3 la convocatoria para Eliminatorias\",\"datePublished\":\"2023-08-29T03:08:19+00:00\",\"dateModified\":\"2023-08-29T23:23:30+00:00\",\"mainEntityOfPage\":{\"@id\":\"https:\/\/futbolhoy.co\/index.php\/2023\/08\/28\/venezuela-rival-de-colombia-anuncio-la-convocatoria-para-eliminatorias\/\"},\"wordCount\":222,\"commentCount\":0,\"publisher\":{\"@id\":\"https:\/\/futbolhoy.co\/#organization\"},\"image\":{\"@id\":\"https:\/\/futbolhoy.co\/index.php\/2023\/08\/28\/venezuela-rival-de-colombia-anuncio-la-convocatoria-para-eliminatorias\/#primaryimage\"},\"thumbnailUrl\":\"https:\/\/futbolhoy.co\/wp-content\/uploads\/2023\/08\/IMG_6539.jpeg\",\"articleSection\":[\"Mundo Futbol\"],\"inLanguage\":\"es\",\"potentialAction\":[{\"@type\":\"CommentAction\",\"name\":\"Comment\",\"target\":[\"https:\/\/futbolhoy.co\/index.php\/2023\/08\/28\/venezuela-rival-de-colombia-anuncio-la-convocatoria-para-eliminatorias\/#respond\"]}]},{\"@type\":\"WebPage\",\"@id\":\"https:\/\/futbolhoy.co\/index.php\/2023\/08\/28\/venezuela-rival-de-colombia-anuncio-la-convocatoria-para-eliminatorias\/\",\"url\":\"https:\/\/futbolhoy.co\/index.php\/2023\/08\/28\/venezuela-rival-de-colombia-anuncio-la-convocatoria-para-eliminatorias\/\",\"name\":\"Venezuela, rival de Colombia, anunci\u00f3 la convocatoria para Eliminatorias -\",\"isPartOf\":{\"@id\":\"https:\/\/futbolhoy.co\/#website\"},\"primaryImageOfPage\":{\"@id\":\"https:\/\/futbolhoy.co\/index.php\/2023\/08\/28\/venezuela-rival-de-colombia-anuncio-la-convocatoria-para-eliminatorias\/#primaryimage\"},\"image\":{\"@id\":\"https:\/\/futbolhoy.co\/index.php\/2023\/08\/28\/venezuela-rival-de-colombia-anuncio-la-convocatoria-para-eliminatorias\/#primaryimage\"},\"thumbnailUrl\":\"https:\/\/futbolhoy.co\/wp-content\/uploads\/2023\/08\/IMG_6539.jpeg\",\"datePublished\":\"2023-08-29T03:08:19+00:00\",\"dateModified\":\"2023-08-29T23:23:30+00:00\",\"breadcrumb\":{\"@id\":\"https:\/\/futbolhoy.co\/index.php\/2023\/08\/28\/venezuela-rival-de-colombia-anuncio-la-convocatoria-para-eliminatorias\/#breadcrumb\"},\"inLanguage\":\"es\",\"potentialAction\":[{\"@type\":\"ReadAction\",\"target\":[\"https:\/\/futbolhoy.co\/index.php\/2023\/08\/28\/venezuela-rival-de-colombia-anuncio-la-convocatoria-para-eliminatorias\/\"]}]},{\"@type\":\"ImageObject\",\"inLanguage\":\"es\",\"@id\":\"https:\/\/futbolhoy.co\/index.php\/2023\/08\/28\/venezuela-rival-de-colombia-anuncio-la-convocatoria-para-eliminatorias\/#primaryimage\",\"url\":\"https:\/\/futbolhoy.co\/wp-content\/uploads\/2023\/08\/IMG_6539.jpeg\",\"contentUrl\":\"https:\/\/futbolhoy.co\/wp-content\/uploads\/2023\/08\/IMG_6539.jpeg\",\"width\":1498,\"height\":976},{\"@type\":\"BreadcrumbList\",\"@id\":\"https:\/\/futbolhoy.co\/index.php\/2023\/08\/28\/venezuela-rival-de-colombia-anuncio-la-convocatoria-para-eliminatorias\/#breadcrumb\",\"itemListElement\":[{\"@type\":\"ListItem\",\"position\":1,\"name\":\"Portada\",\"item\":\"https:\/\/futbolhoy.co\/\"},{\"@type\":\"ListItem\",\"position\":2,\"name\":\"Venezuela, rival de Colombia, anunci\u00f3 la convocatoria para Eliminatorias\"}]},{\"@type\":\"WebSite\",\"@id\":\"https:\/\/futbolhoy.co\/#website\",\"url\":\"https:\/\/futbolhoy.co\/\",\"name\":\"FutbolHoy\",\"description\":\"\",\"publisher\":{\"@id\":\"https:\/\/futbolhoy.co\/#organization\"},\"potentialAction\":[{\"@type\":\"SearchAction\",\"target\":{\"@type\":\"EntryPoint\",\"urlTemplate\":\"https:\/\/futbolhoy.co\/?s={search_term_string}\"},\"query-input\":{\"@type\":\"PropertyValueSpecification\",\"valueRequired\":true,\"valueName\":\"search_term_string\"}}],\"inLanguage\":\"es\"},{\"@type\":\"Organization\",\"@id\":\"https:\/\/futbolhoy.co\/#organization\",\"name\":\"Futbolhoy.co\",\"url\":\"https:\/\/futbolhoy.co\/\",\"logo\":{\"@type\":\"ImageObject\",\"inLanguage\":\"es\",\"@id\":\"https:\/\/futbolhoy.co\/#\/schema\/logo\/image\/\",\"url\":\"https:\/\/futbolhoy.co\/wp-content\/uploads\/2018\/08\/17426380_1906371736249227_6326180412931521141_n.jpg\",\"contentUrl\":\"https:\/\/futbolhoy.co\/wp-content\/uploads\/2018\/08\/17426380_1906371736249227_6326180412931521141_n.jpg\",\"width\":960,\"height\":960,\"caption\":\"Futbolhoy.co\"},\"image\":{\"@id\":\"https:\/\/futbolhoy.co\/#\/schema\/logo\/image\/\"},\"sameAs\":[\"https:\/\/www.facebook.com\/FutbolHoyCol\/\",\"https:\/\/x.com\/FutbolHoyCol\",\"https:\/\/www.instagram.com\/futbolhoycol\/\"]},{\"@type\":\"Person\",\"@id\":\"https:\/\/futbolhoy.co\/#\/schema\/person\/1721b69355b6623eaff15ac7b92d4cc3\",\"name\":\"contenido\",\"image\":{\"@type\":\"ImageObject\",\"inLanguage\":\"es\",\"@id\":\"https:\/\/futbolhoy.co\/#\/schema\/person\/image\/\",\"url\":\"https:\/\/secure.gravatar.com\/avatar\/4f656d3256f5134f466206e7c3941518?s=96&d=mm&r=g\",\"contentUrl\":\"https:\/\/secure.gravatar.com\/avatar\/4f656d3256f5134f466206e7c3941518?s=96&d=mm&r=g\",\"caption\":\"contenido\"}}]}<\/script>\n<!-- \/ Yoast SEO plugin. -->","yoast_head_json":{"title":"Venezuela, rival de Colombia, anunci\u00f3 la convocatoria para Eliminatorias -","robots":{"index":"index","follow":"follow","max-snippet":"max-snippet:-1","max-image-preview":"max-image-preview:large","max-video-preview":"max-video-preview:-1"},"canonical":"https:\/\/futbolhoy.co\/index.php\/2023\/08\/28\/venezuela-rival-de-colombia-anuncio-la-convocatoria-para-eliminatorias\/","og_locale":"es_ES","og_type":"article","og_title":"Venezuela, rival de Colombia, anunci\u00f3 la convocatoria para Eliminatorias -","og_description":"Las selecciones de la Conmebol ya est\u00e1n alistando el debut en las Eliminatorias al Mundial de 2026 y Venezuela, el primer rival de Colombia, anunci\u00f3 este lunes la lista de convocados para la pr\u00f3xima fecha de septiembre.\u00a0 El argentino Fernando Batista, quien asumi\u00f3 tras la salida de Jos\u00e9 N\u00e9stor P\u00e9kerman, hizo oficial la lista de [&hellip;]","og_url":"https:\/\/futbolhoy.co\/index.php\/2023\/08\/28\/venezuela-rival-de-colombia-anuncio-la-convocatoria-para-eliminatorias\/","article_publisher":"https:\/\/www.facebook.com\/FutbolHoyCol\/","article_published_time":"2023-08-29T03:08:19+00:00","article_modified_time":"2023-08-29T23:23:30+00:00","og_image":[{"width":1498,"height":976,"url":"https:\/\/futbolhoy.co\/wp-content\/uploads\/2023\/08\/IMG_6539.jpeg","type":"image\/jpeg"}],"author":"contenido","twitter_card":"summary_large_image","twitter_creator":"@FutbolHoyCol","twitter_site":"@FutbolHoyCol","twitter_misc":{"Escrito por":"contenido","Tiempo de lectura":"1 minuto"},"schema":{"@context":"https:\/\/schema.org","@graph":[{"@type":"Article","@id":"https:\/\/futbolhoy.co\/index.php\/2023\/08\/28\/venezuela-rival-de-colombia-anuncio-la-convocatoria-para-eliminatorias\/#article","isPartOf":{"@id":"https:\/\/futbolhoy.co\/index.php\/2023\/08\/28\/venezuela-rival-de-colombia-anuncio-la-convocatoria-para-eliminatorias\/"},"author":{"name":"contenido","@id":"https:\/\/futbolhoy.co\/#\/schema\/person\/1721b69355b6623eaff15ac7b92d4cc3"},"headline":"Venezuela, rival de Colombia, anunci\u00f3 la convocatoria para Eliminatorias","datePublished":"2023-08-29T03:08:19+00:00","dateModified":"2023-08-29T23:23:30+00:00","mainEntityOfPage":{"@id":"https:\/\/futbolhoy.co\/index.php\/2023\/08\/28\/venezuela-rival-de-colombia-anuncio-la-convocatoria-para-eliminatorias\/"},"wordCount":222,"commentCount":0,"publisher":{"@id":"https:\/\/futbolhoy.co\/#organization"},"image":{"@id":"https:\/\/futbolhoy.co\/index.php\/2023\/08\/28\/venezuela-rival-de-colombia-anuncio-la-convocatoria-para-eliminatorias\/#primaryimage"},"thumbnailUrl":"https:\/\/futbolhoy.co\/wp-content\/uploads\/2023\/08\/IMG_6539.jpeg","articleSection":["Mundo Futbol"],"inLanguage":"es","potentialAction":[{"@type":"CommentAction","name":"Comment","target":["https:\/\/futbolhoy.co\/index.php\/2023\/08\/28\/venezuela-rival-de-colombia-anuncio-la-convocatoria-para-eliminatorias\/#respond"]}]},{"@type":"WebPage","@id":"https:\/\/futbolhoy.co\/index.php\/2023\/08\/28\/venezuela-rival-de-colombia-anuncio-la-convocatoria-para-eliminatorias\/","url":"https:\/\/futbolhoy.co\/index.php\/2023\/08\/28\/venezuela-rival-de-colombia-anuncio-la-convocatoria-para-eliminatorias\/","name":"Venezuela, rival de Colombia, anunci\u00f3 la convocatoria para Eliminatorias -","isPartOf":{"@id":"https:\/\/futbolhoy.co\/#website"},"primaryImageOfPage":{"@id":"https:\/\/futbolhoy.co\/index.php\/2023\/08\/28\/venezuela-rival-de-colombia-anuncio-la-convocatoria-para-eliminatorias\/#primaryimage"},"image":{"@id":"https:\/\/futbolhoy.co\/index.php\/2023\/08\/28\/venezuela-rival-de-colombia-anuncio-la-convocatoria-para-eliminatorias\/#primaryimage"},"thumbnailUrl":"https:\/\/futbolhoy.co\/wp-content\/uploads\/2023\/08\/IMG_6539.jpeg","datePublished":"2023-08-29T03:08:19+00:00","dateModified":"2023-08-29T23:23:30+00:00","breadcrumb":{"@id":"https:\/\/futbolhoy.co\/index.php\/2023\/08\/28\/venezuela-rival-de-colombia-anuncio-la-convocatoria-para-eliminatorias\/#breadcrumb"},"inLanguage":"es","potentialAction":[{"@type":"ReadAction","target":["https:\/\/futbolhoy.co\/index.php\/2023\/08\/28\/venezuela-rival-de-colombia-anuncio-la-convocatoria-para-eliminatorias\/"]}]},{"@type":"ImageObject","inLanguage":"es","@id":"https:\/\/futbolhoy.co\/index.php\/2023\/08\/28\/venezuela-rival-de-colombia-anuncio-la-convocatoria-para-eliminatorias\/#primaryimage","url":"https:\/\/futbolhoy.co\/wp-content\/uploads\/2023\/08\/IMG_6539.jpeg","contentUrl":"https:\/\/futbolhoy.co\/wp-content\/uploads\/2023\/08\/IMG_6539.jpeg","width":1498,"height":976},{"@type":"BreadcrumbList","@id":"https:\/\/futbolhoy.co\/index.php\/2023\/08\/28\/venezuela-rival-de-colombia-anuncio-la-convocatoria-para-eliminatorias\/#breadcrumb","itemListElement":[{"@type":"ListItem","position":1,"name":"Portada","item":"https:\/\/futbolhoy.co\/"},{"@type":"ListItem","position":2,"name":"Venezuela, rival de Colombia, anunci\u00f3 la convocatoria para Eliminatorias"}]},{"@type":"WebSite","@id":"https:\/\/futbolhoy.co\/#website","url":"https:\/\/futbolhoy.co\/","name":"FutbolHoy","description":"","publisher":{"@id":"https:\/\/futbolhoy.co\/#organization"},"potentialAction":[{"@type":"SearchAction","target":{"@type":"EntryPoint","urlTemplate":"https:\/\/futbolhoy.co\/?s={search_term_string}"},"query-input":{"@type":"PropertyValueSpecification","valueRequired":true,"valueName":"search_term_string"}}],"inLanguage":"es"},{"@type":"Organization","@id":"https:\/\/futbolhoy.co\/#organization","name":"Futbolhoy.co","url":"https:\/\/futbolhoy.co\/","logo":{"@type":"ImageObject","inLanguage":"es","@id":"https:\/\/futbolhoy.co\/#\/schema\/logo\/image\/","url":"https:\/\/futbolhoy.co\/wp-content\/uploads\/2018\/08\/17426380_1906371736249227_6326180412931521141_n.jpg","contentUrl":"https:\/\/futbolhoy.co\/wp-content\/uploads\/2018\/08\/17426380_1906371736249227_6326180412931521141_n.jpg","width":960,"height":960,"caption":"Futbolhoy.co"},"image":{"@id":"https:\/\/futbolhoy.co\/#\/schema\/logo\/image\/"},"sameAs":["https:\/\/www.facebook.com\/FutbolHoyCol\/","https:\/\/x.com\/FutbolHoyCol","https:\/\/www.instagram.com\/futbolhoycol\/"]},{"@type":"Person","@id":"https:\/\/futbolhoy.co\/#\/schema\/person\/1721b69355b6623eaff15ac7b92d4cc3","name":"contenido","image":{"@type":"ImageObject","inLanguage":"es","@id":"https:\/\/futbolhoy.co\/#\/schema\/person\/image\/","url":"https:\/\/secure.gravatar.com\/avatar\/4f656d3256f5134f466206e7c3941518?s=96&d=mm&r=g","contentUrl":"https:\/\/secure.gravatar.com\/avatar\/4f656d3256f5134f466206e7c3941518?s=96&d=mm&r=g","caption":"contenido"}}]}},"publishpress_future_action":{"enabled":false,"date":"2026-05-06 07:21:04","action":"change-status","newStatus":"draft","terms":[],"taxonomy":"category","extraData":[]},"publishpress_future_workflow_manual_trigger":{"enabledWorkflows":[]},"_links":{"self":[{"href":"https:\/\/futbolhoy.co\/index.php\/wp-json\/wp\/v2\/posts\/98554","targetHints":{"allow":["GET"]}}],"collection":[{"href":"https:\/\/futbolhoy.co\/index.php\/wp-json\/wp\/v2\/posts"}],"about":[{"href":"https:\/\/futbolhoy.co\/index.php\/wp-json\/wp\/v2\/types\/post"}],"author":[{"embeddable":true,"href":"https:\/\/futbolhoy.co\/index.php\/wp-json\/wp\/v2\/users\/4"}],"replies":[{"embeddable":true,"href":"https:\/\/futbolhoy.co\/index.php\/wp-json\/wp\/v2\/comments?post=98554"}],"version-history":[{"count":1,"href":"https:\/\/futbolhoy.co\/index.php\/wp-json\/wp\/v2\/posts\/98554\/revisions"}],"predecessor-version":[{"id":98556,"href":"https:\/\/futbolhoy.co\/index.php\/wp-json\/wp\/v2\/posts\/98554\/revisions\/98556"}],"wp:featuredmedia":[{"embeddable":true,"href":"https:\/\/futbolhoy.co\/index.php\/wp-json\/wp\/v2\/media\/98555"}],"wp:attachment":[{"href":"https:\/\/futbolhoy.co\/index.php\/wp-json\/wp\/v2\/media?parent=98554"}],"wp:term":[{"taxonomy":"category","embeddable":true,"href":"https:\/\/futbolhoy.co\/index.php\/wp-json\/wp\/v2\/categories?post=98554"},{"taxonomy":"post_tag","embeddable":true,"href":"https:\/\/futbolhoy.co\/index.php\/wp-json\/wp\/v2\/tags?post=98554"}],"curies":[{"name":"wp","href":"https:\/\/api.w.org\/{rel}","templated":true}]}}