{"id":98560,"date":"2023-08-29T08:22:18","date_gmt":"2023-08-29T13:22:18","guid":{"rendered":"https:\/\/futbolhoy.co\/?p=98560"},"modified":"2023-08-29T21:09:08","modified_gmt":"2023-08-30T02:09:08","slug":"santos-borre-regresaria-al-futbol-espanol","status":"publish","type":"post","link":"https:\/\/futbolhoy.co\/index.php\/2023\/08\/29\/santos-borre-regresaria-al-futbol-espanol\/","title":{"rendered":"Santos Borr\u00e9 regresar\u00eda al f\u00fatbol espa\u00f1ol"},"content":{"rendered":"<p style=\"text-align: justify;\"><span style=\"font-family: helvetica, arial, sans-serif;\"><strong>Rafael Santos Borr\u00e9<\/strong> no ha disputado ni un minuto oficial en la nueva temporada con el <strong>Eintracht<\/strong> <strong>Frankfurt<\/strong>. El colombiano tendr\u00eda como prioridad salir y entra en d\u00edas definitivos para poder conseguir su objetivo, ya que el mercado en las principales ligas de <strong>Europa<\/strong> termina el 31 de agosto.<\/span><\/p>\n<p style=\"text-align: justify;\"><span style=\"font-family: helvetica, arial, sans-serif;\">Ahora, otro equipo estar\u00eda interesado en contratar al barranquillero. Seg\u00fan asegura el Diario <em>Bild<\/em> de <strong>Alemania,<\/strong> la salida del delantero de<strong> Las \u00c1guilas<\/strong> es inminente y el <strong>Valencia<\/strong> es el club que le puso la lupa, ante la imposibilidad de fichar al espa\u00f1ol <strong>Rafa Mir.<\/strong><\/span><\/p>\n<p style=\"text-align: justify;\"><span style=\"font-family: helvetica, arial, sans-serif;\">La operaci\u00f3n se producir\u00eda por 7 millones de euros y las directivas del conjunto Che ven en el jugador de la <strong>Selecci\u00f3n Colombia<\/strong> una buena opci\u00f3n para reforzar el ataque, que qued\u00f3 d\u00e9bil ante la salida de <strong>Edinson Cavani.<\/strong><\/span><\/p>\n<p style=\"text-align: justify;\"><span style=\"font-family: helvetica, arial, sans-serif;\"><strong>Vasco da Gama y Cruz Azul,<\/strong> son otros rumores con los que vinculan a Borr\u00e9, quien tiene todo encaminado para dejar Frankfurt tras dos a\u00f1os, en los que ha disputado 92 partidos y ha convertido 14 goles.<\/span><\/p>\n","protected":false},"excerpt":{"rendered":"<p>Rafael Santos Borr\u00e9 no ha disputado ni un minuto oficial en la nueva temporada con el Eintracht Frankfurt. El colombiano tendr\u00eda como prioridad salir y entra en d\u00edas definitivos para poder conseguir su objetivo, ya que el mercado en las principales ligas de Europa termina el 31 de agosto. Ahora, otro equipo estar\u00eda interesado en [&hellip;]<\/p>\n","protected":false},"author":4,"featured_media":83587,"comment_status":"open","ping_status":"open","sticky":false,"template":"","format":"standard","meta":{"_acf_changed":false,"footnotes":""},"categories":[152],"tags":[],"class_list":{"0":"post-98560","1":"post","2":"type-post","3":"status-publish","4":"format-standard","5":"has-post-thumbnail","7":"category-mundo-futbol"},"acf":[],"yoast_head":"<!-- This site is optimized with the Yoast SEO plugin v26.8 - https:\/\/yoast.com\/product\/yoast-seo-wordpress\/ -->\n<title>Santos Borr\u00e9 regresar\u00eda al f\u00fatbol espa\u00f1ol -<\/title>\n<meta name=\"robots\" content=\"index, follow, max-snippet:-1, max-image-preview:large, max-video-preview:-1\" \/>\n<link rel=\"canonical\" href=\"https:\/\/futbolhoy.co\/index.php\/2023\/08\/29\/santos-borre-regresaria-al-futbol-espanol\/\" \/>\n<meta property=\"og:locale\" content=\"es_ES\" \/>\n<meta property=\"og:type\" content=\"article\" \/>\n<meta property=\"og:title\" content=\"Santos Borr\u00e9 regresar\u00eda al f\u00fatbol espa\u00f1ol -\" \/>\n<meta property=\"og:description\" content=\"Rafael Santos Borr\u00e9 no ha disputado ni un minuto oficial en la nueva temporada con el Eintracht Frankfurt. El colombiano tendr\u00eda como prioridad salir y entra en d\u00edas definitivos para poder conseguir su objetivo, ya que el mercado en las principales ligas de Europa termina el 31 de agosto. Ahora, otro equipo estar\u00eda interesado en [&hellip;]\" \/>\n<meta property=\"og:url\" content=\"https:\/\/futbolhoy.co\/index.php\/2023\/08\/29\/santos-borre-regresaria-al-futbol-espanol\/\" \/>\n<meta property=\"article:publisher\" content=\"https:\/\/www.facebook.com\/FutbolHoyCol\/\" \/>\n<meta property=\"article:published_time\" content=\"2023-08-29T13:22:18+00:00\" \/>\n<meta property=\"article:modified_time\" content=\"2023-08-30T02:09:08+00:00\" \/>\n<meta property=\"og:image\" content=\"https:\/\/futbolhoy.co\/wp-content\/uploads\/2022\/08\/Borre.jpg\" \/>\n\t<meta property=\"og:image:width\" content=\"895\" \/>\n\t<meta property=\"og:image:height\" content=\"633\" \/>\n\t<meta property=\"og:image:type\" content=\"image\/jpeg\" \/>\n<meta name=\"author\" content=\"contenido\" \/>\n<meta name=\"twitter:card\" content=\"summary_large_image\" \/>\n<meta name=\"twitter:creator\" content=\"@FutbolHoyCol\" \/>\n<meta name=\"twitter:site\" content=\"@FutbolHoyCol\" \/>\n<meta name=\"twitter:label1\" content=\"Escrito por\" \/>\n\t<meta name=\"twitter:data1\" content=\"contenido\" \/>\n\t<meta name=\"twitter:label2\" content=\"Tiempo de lectura\" \/>\n\t<meta name=\"twitter:data2\" content=\"1 minuto\" \/>\n<script type=\"application\/ld+json\" class=\"yoast-schema-graph\">{\"@context\":\"https:\/\/schema.org\",\"@graph\":[{\"@type\":\"Article\",\"@id\":\"https:\/\/futbolhoy.co\/index.php\/2023\/08\/29\/santos-borre-regresaria-al-futbol-espanol\/#article\",\"isPartOf\":{\"@id\":\"https:\/\/futbolhoy.co\/index.php\/2023\/08\/29\/santos-borre-regresaria-al-futbol-espanol\/\"},\"author\":{\"name\":\"contenido\",\"@id\":\"https:\/\/futbolhoy.co\/#\/schema\/person\/1721b69355b6623eaff15ac7b92d4cc3\"},\"headline\":\"Santos Borr\u00e9 regresar\u00eda al f\u00fatbol espa\u00f1ol\",\"datePublished\":\"2023-08-29T13:22:18+00:00\",\"dateModified\":\"2023-08-30T02:09:08+00:00\",\"mainEntityOfPage\":{\"@id\":\"https:\/\/futbolhoy.co\/index.php\/2023\/08\/29\/santos-borre-regresaria-al-futbol-espanol\/\"},\"wordCount\":186,\"commentCount\":0,\"publisher\":{\"@id\":\"https:\/\/futbolhoy.co\/#organization\"},\"image\":{\"@id\":\"https:\/\/futbolhoy.co\/index.php\/2023\/08\/29\/santos-borre-regresaria-al-futbol-espanol\/#primaryimage\"},\"thumbnailUrl\":\"https:\/\/futbolhoy.co\/wp-content\/uploads\/2022\/08\/Borre.jpg\",\"articleSection\":[\"Mundo Futbol\"],\"inLanguage\":\"es\",\"potentialAction\":[{\"@type\":\"CommentAction\",\"name\":\"Comment\",\"target\":[\"https:\/\/futbolhoy.co\/index.php\/2023\/08\/29\/santos-borre-regresaria-al-futbol-espanol\/#respond\"]}]},{\"@type\":\"WebPage\",\"@id\":\"https:\/\/futbolhoy.co\/index.php\/2023\/08\/29\/santos-borre-regresaria-al-futbol-espanol\/\",\"url\":\"https:\/\/futbolhoy.co\/index.php\/2023\/08\/29\/santos-borre-regresaria-al-futbol-espanol\/\",\"name\":\"Santos Borr\u00e9 regresar\u00eda al f\u00fatbol espa\u00f1ol -\",\"isPartOf\":{\"@id\":\"https:\/\/futbolhoy.co\/#website\"},\"primaryImageOfPage\":{\"@id\":\"https:\/\/futbolhoy.co\/index.php\/2023\/08\/29\/santos-borre-regresaria-al-futbol-espanol\/#primaryimage\"},\"image\":{\"@id\":\"https:\/\/futbolhoy.co\/index.php\/2023\/08\/29\/santos-borre-regresaria-al-futbol-espanol\/#primaryimage\"},\"thumbnailUrl\":\"https:\/\/futbolhoy.co\/wp-content\/uploads\/2022\/08\/Borre.jpg\",\"datePublished\":\"2023-08-29T13:22:18+00:00\",\"dateModified\":\"2023-08-30T02:09:08+00:00\",\"breadcrumb\":{\"@id\":\"https:\/\/futbolhoy.co\/index.php\/2023\/08\/29\/santos-borre-regresaria-al-futbol-espanol\/#breadcrumb\"},\"inLanguage\":\"es\",\"potentialAction\":[{\"@type\":\"ReadAction\",\"target\":[\"https:\/\/futbolhoy.co\/index.php\/2023\/08\/29\/santos-borre-regresaria-al-futbol-espanol\/\"]}]},{\"@type\":\"ImageObject\",\"inLanguage\":\"es\",\"@id\":\"https:\/\/futbolhoy.co\/index.php\/2023\/08\/29\/santos-borre-regresaria-al-futbol-espanol\/#primaryimage\",\"url\":\"https:\/\/futbolhoy.co\/wp-content\/uploads\/2022\/08\/Borre.jpg\",\"contentUrl\":\"https:\/\/futbolhoy.co\/wp-content\/uploads\/2022\/08\/Borre.jpg\",\"width\":895,\"height\":633},{\"@type\":\"BreadcrumbList\",\"@id\":\"https:\/\/futbolhoy.co\/index.php\/2023\/08\/29\/santos-borre-regresaria-al-futbol-espanol\/#breadcrumb\",\"itemListElement\":[{\"@type\":\"ListItem\",\"position\":1,\"name\":\"Portada\",\"item\":\"https:\/\/futbolhoy.co\/\"},{\"@type\":\"ListItem\",\"position\":2,\"name\":\"Santos Borr\u00e9 regresar\u00eda al f\u00fatbol espa\u00f1ol\"}]},{\"@type\":\"WebSite\",\"@id\":\"https:\/\/futbolhoy.co\/#website\",\"url\":\"https:\/\/futbolhoy.co\/\",\"name\":\"FutbolHoy\",\"description\":\"\",\"publisher\":{\"@id\":\"https:\/\/futbolhoy.co\/#organization\"},\"potentialAction\":[{\"@type\":\"SearchAction\",\"target\":{\"@type\":\"EntryPoint\",\"urlTemplate\":\"https:\/\/futbolhoy.co\/?s={search_term_string}\"},\"query-input\":{\"@type\":\"PropertyValueSpecification\",\"valueRequired\":true,\"valueName\":\"search_term_string\"}}],\"inLanguage\":\"es\"},{\"@type\":\"Organization\",\"@id\":\"https:\/\/futbolhoy.co\/#organization\",\"name\":\"Futbolhoy.co\",\"url\":\"https:\/\/futbolhoy.co\/\",\"logo\":{\"@type\":\"ImageObject\",\"inLanguage\":\"es\",\"@id\":\"https:\/\/futbolhoy.co\/#\/schema\/logo\/image\/\",\"url\":\"https:\/\/futbolhoy.co\/wp-content\/uploads\/2018\/08\/17426380_1906371736249227_6326180412931521141_n.jpg\",\"contentUrl\":\"https:\/\/futbolhoy.co\/wp-content\/uploads\/2018\/08\/17426380_1906371736249227_6326180412931521141_n.jpg\",\"width\":960,\"height\":960,\"caption\":\"Futbolhoy.co\"},\"image\":{\"@id\":\"https:\/\/futbolhoy.co\/#\/schema\/logo\/image\/\"},\"sameAs\":[\"https:\/\/www.facebook.com\/FutbolHoyCol\/\",\"https:\/\/x.com\/FutbolHoyCol\",\"https:\/\/www.instagram.com\/futbolhoycol\/\"]},{\"@type\":\"Person\",\"@id\":\"https:\/\/futbolhoy.co\/#\/schema\/person\/1721b69355b6623eaff15ac7b92d4cc3\",\"name\":\"contenido\",\"image\":{\"@type\":\"ImageObject\",\"inLanguage\":\"es\",\"@id\":\"https:\/\/futbolhoy.co\/#\/schema\/person\/image\/\",\"url\":\"https:\/\/secure.gravatar.com\/avatar\/4f656d3256f5134f466206e7c3941518?s=96&d=mm&r=g\",\"contentUrl\":\"https:\/\/secure.gravatar.com\/avatar\/4f656d3256f5134f466206e7c3941518?s=96&d=mm&r=g\",\"caption\":\"contenido\"}}]}<\/script>\n<!-- \/ Yoast SEO plugin. -->","yoast_head_json":{"title":"Santos Borr\u00e9 regresar\u00eda al f\u00fatbol espa\u00f1ol -","robots":{"index":"index","follow":"follow","max-snippet":"max-snippet:-1","max-image-preview":"max-image-preview:large","max-video-preview":"max-video-preview:-1"},"canonical":"https:\/\/futbolhoy.co\/index.php\/2023\/08\/29\/santos-borre-regresaria-al-futbol-espanol\/","og_locale":"es_ES","og_type":"article","og_title":"Santos Borr\u00e9 regresar\u00eda al f\u00fatbol espa\u00f1ol -","og_description":"Rafael Santos Borr\u00e9 no ha disputado ni un minuto oficial en la nueva temporada con el Eintracht Frankfurt. El colombiano tendr\u00eda como prioridad salir y entra en d\u00edas definitivos para poder conseguir su objetivo, ya que el mercado en las principales ligas de Europa termina el 31 de agosto. Ahora, otro equipo estar\u00eda interesado en [&hellip;]","og_url":"https:\/\/futbolhoy.co\/index.php\/2023\/08\/29\/santos-borre-regresaria-al-futbol-espanol\/","article_publisher":"https:\/\/www.facebook.com\/FutbolHoyCol\/","article_published_time":"2023-08-29T13:22:18+00:00","article_modified_time":"2023-08-30T02:09:08+00:00","og_image":[{"width":895,"height":633,"url":"https:\/\/futbolhoy.co\/wp-content\/uploads\/2022\/08\/Borre.jpg","type":"image\/jpeg"}],"author":"contenido","twitter_card":"summary_large_image","twitter_creator":"@FutbolHoyCol","twitter_site":"@FutbolHoyCol","twitter_misc":{"Escrito por":"contenido","Tiempo de lectura":"1 minuto"},"schema":{"@context":"https:\/\/schema.org","@graph":[{"@type":"Article","@id":"https:\/\/futbolhoy.co\/index.php\/2023\/08\/29\/santos-borre-regresaria-al-futbol-espanol\/#article","isPartOf":{"@id":"https:\/\/futbolhoy.co\/index.php\/2023\/08\/29\/santos-borre-regresaria-al-futbol-espanol\/"},"author":{"name":"contenido","@id":"https:\/\/futbolhoy.co\/#\/schema\/person\/1721b69355b6623eaff15ac7b92d4cc3"},"headline":"Santos Borr\u00e9 regresar\u00eda al f\u00fatbol espa\u00f1ol","datePublished":"2023-08-29T13:22:18+00:00","dateModified":"2023-08-30T02:09:08+00:00","mainEntityOfPage":{"@id":"https:\/\/futbolhoy.co\/index.php\/2023\/08\/29\/santos-borre-regresaria-al-futbol-espanol\/"},"wordCount":186,"commentCount":0,"publisher":{"@id":"https:\/\/futbolhoy.co\/#organization"},"image":{"@id":"https:\/\/futbolhoy.co\/index.php\/2023\/08\/29\/santos-borre-regresaria-al-futbol-espanol\/#primaryimage"},"thumbnailUrl":"https:\/\/futbolhoy.co\/wp-content\/uploads\/2022\/08\/Borre.jpg","articleSection":["Mundo Futbol"],"inLanguage":"es","potentialAction":[{"@type":"CommentAction","name":"Comment","target":["https:\/\/futbolhoy.co\/index.php\/2023\/08\/29\/santos-borre-regresaria-al-futbol-espanol\/#respond"]}]},{"@type":"WebPage","@id":"https:\/\/futbolhoy.co\/index.php\/2023\/08\/29\/santos-borre-regresaria-al-futbol-espanol\/","url":"https:\/\/futbolhoy.co\/index.php\/2023\/08\/29\/santos-borre-regresaria-al-futbol-espanol\/","name":"Santos Borr\u00e9 regresar\u00eda al f\u00fatbol espa\u00f1ol -","isPartOf":{"@id":"https:\/\/futbolhoy.co\/#website"},"primaryImageOfPage":{"@id":"https:\/\/futbolhoy.co\/index.php\/2023\/08\/29\/santos-borre-regresaria-al-futbol-espanol\/#primaryimage"},"image":{"@id":"https:\/\/futbolhoy.co\/index.php\/2023\/08\/29\/santos-borre-regresaria-al-futbol-espanol\/#primaryimage"},"thumbnailUrl":"https:\/\/futbolhoy.co\/wp-content\/uploads\/2022\/08\/Borre.jpg","datePublished":"2023-08-29T13:22:18+00:00","dateModified":"2023-08-30T02:09:08+00:00","breadcrumb":{"@id":"https:\/\/futbolhoy.co\/index.php\/2023\/08\/29\/santos-borre-regresaria-al-futbol-espanol\/#breadcrumb"},"inLanguage":"es","potentialAction":[{"@type":"ReadAction","target":["https:\/\/futbolhoy.co\/index.php\/2023\/08\/29\/santos-borre-regresaria-al-futbol-espanol\/"]}]},{"@type":"ImageObject","inLanguage":"es","@id":"https:\/\/futbolhoy.co\/index.php\/2023\/08\/29\/santos-borre-regresaria-al-futbol-espanol\/#primaryimage","url":"https:\/\/futbolhoy.co\/wp-content\/uploads\/2022\/08\/Borre.jpg","contentUrl":"https:\/\/futbolhoy.co\/wp-content\/uploads\/2022\/08\/Borre.jpg","width":895,"height":633},{"@type":"BreadcrumbList","@id":"https:\/\/futbolhoy.co\/index.php\/2023\/08\/29\/santos-borre-regresaria-al-futbol-espanol\/#breadcrumb","itemListElement":[{"@type":"ListItem","position":1,"name":"Portada","item":"https:\/\/futbolhoy.co\/"},{"@type":"ListItem","position":2,"name":"Santos Borr\u00e9 regresar\u00eda al f\u00fatbol espa\u00f1ol"}]},{"@type":"WebSite","@id":"https:\/\/futbolhoy.co\/#website","url":"https:\/\/futbolhoy.co\/","name":"FutbolHoy","description":"","publisher":{"@id":"https:\/\/futbolhoy.co\/#organization"},"potentialAction":[{"@type":"SearchAction","target":{"@type":"EntryPoint","urlTemplate":"https:\/\/futbolhoy.co\/?s={search_term_string}"},"query-input":{"@type":"PropertyValueSpecification","valueRequired":true,"valueName":"search_term_string"}}],"inLanguage":"es"},{"@type":"Organization","@id":"https:\/\/futbolhoy.co\/#organization","name":"Futbolhoy.co","url":"https:\/\/futbolhoy.co\/","logo":{"@type":"ImageObject","inLanguage":"es","@id":"https:\/\/futbolhoy.co\/#\/schema\/logo\/image\/","url":"https:\/\/futbolhoy.co\/wp-content\/uploads\/2018\/08\/17426380_1906371736249227_6326180412931521141_n.jpg","contentUrl":"https:\/\/futbolhoy.co\/wp-content\/uploads\/2018\/08\/17426380_1906371736249227_6326180412931521141_n.jpg","width":960,"height":960,"caption":"Futbolhoy.co"},"image":{"@id":"https:\/\/futbolhoy.co\/#\/schema\/logo\/image\/"},"sameAs":["https:\/\/www.facebook.com\/FutbolHoyCol\/","https:\/\/x.com\/FutbolHoyCol","https:\/\/www.instagram.com\/futbolhoycol\/"]},{"@type":"Person","@id":"https:\/\/futbolhoy.co\/#\/schema\/person\/1721b69355b6623eaff15ac7b92d4cc3","name":"contenido","image":{"@type":"ImageObject","inLanguage":"es","@id":"https:\/\/futbolhoy.co\/#\/schema\/person\/image\/","url":"https:\/\/secure.gravatar.com\/avatar\/4f656d3256f5134f466206e7c3941518?s=96&d=mm&r=g","contentUrl":"https:\/\/secure.gravatar.com\/avatar\/4f656d3256f5134f466206e7c3941518?s=96&d=mm&r=g","caption":"contenido"}}]}},"publishpress_future_action":{"enabled":false,"date":"2026-05-06 04:27:26","action":"change-status","newStatus":"draft","terms":[],"taxonomy":"category","extraData":[]},"publishpress_future_workflow_manual_trigger":{"enabledWorkflows":[]},"_links":{"self":[{"href":"https:\/\/futbolhoy.co\/index.php\/wp-json\/wp\/v2\/posts\/98560","targetHints":{"allow":["GET"]}}],"collection":[{"href":"https:\/\/futbolhoy.co\/index.php\/wp-json\/wp\/v2\/posts"}],"about":[{"href":"https:\/\/futbolhoy.co\/index.php\/wp-json\/wp\/v2\/types\/post"}],"author":[{"embeddable":true,"href":"https:\/\/futbolhoy.co\/index.php\/wp-json\/wp\/v2\/users\/4"}],"replies":[{"embeddable":true,"href":"https:\/\/futbolhoy.co\/index.php\/wp-json\/wp\/v2\/comments?post=98560"}],"version-history":[{"count":1,"href":"https:\/\/futbolhoy.co\/index.php\/wp-json\/wp\/v2\/posts\/98560\/revisions"}],"predecessor-version":[{"id":98561,"href":"https:\/\/futbolhoy.co\/index.php\/wp-json\/wp\/v2\/posts\/98560\/revisions\/98561"}],"wp:featuredmedia":[{"embeddable":true,"href":"https:\/\/futbolhoy.co\/index.php\/wp-json\/wp\/v2\/media\/83587"}],"wp:attachment":[{"href":"https:\/\/futbolhoy.co\/index.php\/wp-json\/wp\/v2\/media?parent=98560"}],"wp:term":[{"taxonomy":"category","embeddable":true,"href":"https:\/\/futbolhoy.co\/index.php\/wp-json\/wp\/v2\/categories?post=98560"},{"taxonomy":"post_tag","embeddable":true,"href":"https:\/\/futbolhoy.co\/index.php\/wp-json\/wp\/v2\/tags?post=98560"}],"curies":[{"name":"wp","href":"https:\/\/api.w.org\/{rel}","templated":true}]}}