{"id":98565,"date":"2023-08-29T13:06:26","date_gmt":"2023-08-29T18:06:26","guid":{"rendered":"https:\/\/futbolhoy.co\/?p=98565"},"modified":"2023-08-30T07:17:28","modified_gmt":"2023-08-30T12:17:28","slug":"gol-de-linda-caicedo-premiado-como-el-mejor-en-el-mundial","status":"publish","type":"post","link":"https:\/\/futbolhoy.co\/index.php\/2023\/08\/29\/gol-de-linda-caicedo-premiado-como-el-mejor-en-el-mundial\/","title":{"rendered":"Gol de Linda Caicedo, premiado como el mejor en el Mundial"},"content":{"rendered":"<p style=\"text-align: justify;\"><span style=\"font-family: helvetica, arial, sans-serif;\">Otro reconocimiento para <strong>Linda Caicedo<\/strong>. Su gol ante <strong>Alemania<\/strong> fue reconocido como el mejor del <strong>Mundial de Australia y Nueva Zelanda<\/strong>, tal y como dio a conocer la cuenta de <strong>Twitter<\/strong> de la <strong>FIFA<\/strong>.<\/span><\/p>\n<p style=\"text-align: justify;\"><span style=\"font-family: helvetica, arial, sans-serif;\">La anotaci\u00f3n de Linda Caicedo se produjo en el <strong>Sidney Football Stadium<\/strong> el pasado 30 de julio. La delantera del <strong>Real Madrid<\/strong>, recibi\u00f3 un bal\u00f3n al interior del \u00e1rea, eludi\u00f3 a dos defensoras pasando por el medio de ella y, de pierna derecha, acomod\u00f3 la pelota en el \u00e1ngulo superior izquierdo del arco defendido por <strong>Merle Frohms.<\/strong><\/span><\/p>\n<p style=\"text-align: justify;\"><span style=\"font-family: helvetica, arial, sans-serif;\">El tanto de la futbolista vallecaucana super\u00f3 por muy poco en la votaci\u00f3n al gol de tiro libre hecho por la paname\u00f1a <strong>Marta Cox<\/strong> ante las francesas. La diferencia en la elecci\u00f3n fue de solo el 0.5%.<\/span><\/p>\n<p style=\"text-align: justify;\"><span style=\"font-family: helvetica, arial, sans-serif;\">Linda, ya se encuentra en los trabajos de pretemporada con el equipo Merengue de cara a una nueva campa\u00f1a, donde el t\u00edtulo de la <strong>Liga Espa\u00f1ola<\/strong> es uno de los objetivos principales para el conjunto de la capital.<\/span><\/p>\n<blockquote class=\"twitter-tweet\">\n<p dir=\"ltr\" lang=\"en\">Seems like a whole nation voted for this goal! \ud83e\udd29<\/p>\n<p>Linda Caicedo\u2019s stroke of genius is your Hyundai Goal Of The Tournament! \ud83c\udde8\ud83c\uddf4<a href=\"https:\/\/twitter.com\/hashtag\/HyundaiGOTT2023?src=hash&amp;ref_src=twsrc%5Etfw\">#HyundaiGOTT2023<\/a><\/p>\n<p>\u2014 FIFA Women's World Cup (@FIFAWWC) <a href=\"https:\/\/twitter.com\/FIFAWWC\/status\/1696549422824403182?ref_src=twsrc%5Etfw\">August 29, 2023<\/a><\/p><\/blockquote>\n<p><script async src=\"https:\/\/platform.twitter.com\/widgets.js\" charset=\"utf-8\"><\/script><\/p>\n<p>&nbsp;<\/p>\n","protected":false},"excerpt":{"rendered":"<p>Otro reconocimiento para Linda Caicedo. Su gol ante Alemania fue reconocido como el mejor del Mundial de Australia y Nueva Zelanda, tal y como dio a conocer la cuenta de Twitter de la FIFA. La anotaci\u00f3n de Linda Caicedo se produjo en el Sidney Football Stadium el pasado 30 de julio. La delantera del Real [&hellip;]<\/p>\n","protected":false},"author":4,"featured_media":97650,"comment_status":"open","ping_status":"open","sticky":false,"template":"","format":"standard","meta":{"_acf_changed":false,"footnotes":""},"categories":[418],"tags":[],"class_list":{"0":"post-98565","1":"post","2":"type-post","3":"status-publish","4":"format-standard","5":"has-post-thumbnail","7":"category-colombia"},"acf":[],"yoast_head":"<!-- This site is optimized with the Yoast SEO plugin v26.8 - https:\/\/yoast.com\/product\/yoast-seo-wordpress\/ -->\n<title>Gol de Linda Caicedo, premiado como el mejor en el Mundial -<\/title>\n<meta name=\"robots\" content=\"index, follow, max-snippet:-1, max-image-preview:large, max-video-preview:-1\" \/>\n<link rel=\"canonical\" href=\"https:\/\/futbolhoy.co\/index.php\/2023\/08\/29\/gol-de-linda-caicedo-premiado-como-el-mejor-en-el-mundial\/\" \/>\n<meta property=\"og:locale\" content=\"es_ES\" \/>\n<meta property=\"og:type\" content=\"article\" \/>\n<meta property=\"og:title\" content=\"Gol de Linda Caicedo, premiado como el mejor en el Mundial -\" \/>\n<meta property=\"og:description\" content=\"Otro reconocimiento para Linda Caicedo. Su gol ante Alemania fue reconocido como el mejor del Mundial de Australia y Nueva Zelanda, tal y como dio a conocer la cuenta de Twitter de la FIFA. La anotaci\u00f3n de Linda Caicedo se produjo en el Sidney Football Stadium el pasado 30 de julio. La delantera del Real [&hellip;]\" \/>\n<meta property=\"og:url\" content=\"https:\/\/futbolhoy.co\/index.php\/2023\/08\/29\/gol-de-linda-caicedo-premiado-como-el-mejor-en-el-mundial\/\" \/>\n<meta property=\"article:publisher\" content=\"https:\/\/www.facebook.com\/FutbolHoyCol\/\" \/>\n<meta property=\"article:published_time\" content=\"2023-08-29T18:06:26+00:00\" \/>\n<meta property=\"article:modified_time\" content=\"2023-08-30T12:17:28+00:00\" \/>\n<meta property=\"og:image\" content=\"https:\/\/futbolhoy.co\/wp-content\/uploads\/2023\/08\/Linda-1024x746.png\" \/>\n\t<meta property=\"og:image:width\" content=\"1024\" \/>\n\t<meta property=\"og:image:height\" content=\"746\" \/>\n\t<meta property=\"og:image:type\" content=\"image\/png\" \/>\n<meta name=\"author\" content=\"contenido\" \/>\n<meta name=\"twitter:card\" content=\"summary_large_image\" \/>\n<meta name=\"twitter:creator\" content=\"@FutbolHoyCol\" \/>\n<meta name=\"twitter:site\" content=\"@FutbolHoyCol\" \/>\n<meta name=\"twitter:label1\" content=\"Escrito por\" \/>\n\t<meta name=\"twitter:data1\" content=\"contenido\" \/>\n\t<meta name=\"twitter:label2\" content=\"Tiempo de lectura\" \/>\n\t<meta name=\"twitter:data2\" content=\"1 minuto\" \/>\n<script type=\"application\/ld+json\" class=\"yoast-schema-graph\">{\"@context\":\"https:\/\/schema.org\",\"@graph\":[{\"@type\":\"Article\",\"@id\":\"https:\/\/futbolhoy.co\/index.php\/2023\/08\/29\/gol-de-linda-caicedo-premiado-como-el-mejor-en-el-mundial\/#article\",\"isPartOf\":{\"@id\":\"https:\/\/futbolhoy.co\/index.php\/2023\/08\/29\/gol-de-linda-caicedo-premiado-como-el-mejor-en-el-mundial\/\"},\"author\":{\"name\":\"contenido\",\"@id\":\"https:\/\/futbolhoy.co\/#\/schema\/person\/1721b69355b6623eaff15ac7b92d4cc3\"},\"headline\":\"Gol de Linda Caicedo, premiado como el mejor en el Mundial\",\"datePublished\":\"2023-08-29T18:06:26+00:00\",\"dateModified\":\"2023-08-30T12:17:28+00:00\",\"mainEntityOfPage\":{\"@id\":\"https:\/\/futbolhoy.co\/index.php\/2023\/08\/29\/gol-de-linda-caicedo-premiado-como-el-mejor-en-el-mundial\/\"},\"wordCount\":213,\"commentCount\":0,\"publisher\":{\"@id\":\"https:\/\/futbolhoy.co\/#organization\"},\"image\":{\"@id\":\"https:\/\/futbolhoy.co\/index.php\/2023\/08\/29\/gol-de-linda-caicedo-premiado-como-el-mejor-en-el-mundial\/#primaryimage\"},\"thumbnailUrl\":\"https:\/\/futbolhoy.co\/wp-content\/uploads\/2023\/08\/Linda.png\",\"articleSection\":[\"Colombia\"],\"inLanguage\":\"es\",\"potentialAction\":[{\"@type\":\"CommentAction\",\"name\":\"Comment\",\"target\":[\"https:\/\/futbolhoy.co\/index.php\/2023\/08\/29\/gol-de-linda-caicedo-premiado-como-el-mejor-en-el-mundial\/#respond\"]}]},{\"@type\":\"WebPage\",\"@id\":\"https:\/\/futbolhoy.co\/index.php\/2023\/08\/29\/gol-de-linda-caicedo-premiado-como-el-mejor-en-el-mundial\/\",\"url\":\"https:\/\/futbolhoy.co\/index.php\/2023\/08\/29\/gol-de-linda-caicedo-premiado-como-el-mejor-en-el-mundial\/\",\"name\":\"Gol de Linda Caicedo, premiado como el mejor en el Mundial -\",\"isPartOf\":{\"@id\":\"https:\/\/futbolhoy.co\/#website\"},\"primaryImageOfPage\":{\"@id\":\"https:\/\/futbolhoy.co\/index.php\/2023\/08\/29\/gol-de-linda-caicedo-premiado-como-el-mejor-en-el-mundial\/#primaryimage\"},\"image\":{\"@id\":\"https:\/\/futbolhoy.co\/index.php\/2023\/08\/29\/gol-de-linda-caicedo-premiado-como-el-mejor-en-el-mundial\/#primaryimage\"},\"thumbnailUrl\":\"https:\/\/futbolhoy.co\/wp-content\/uploads\/2023\/08\/Linda.png\",\"datePublished\":\"2023-08-29T18:06:26+00:00\",\"dateModified\":\"2023-08-30T12:17:28+00:00\",\"breadcrumb\":{\"@id\":\"https:\/\/futbolhoy.co\/index.php\/2023\/08\/29\/gol-de-linda-caicedo-premiado-como-el-mejor-en-el-mundial\/#breadcrumb\"},\"inLanguage\":\"es\",\"potentialAction\":[{\"@type\":\"ReadAction\",\"target\":[\"https:\/\/futbolhoy.co\/index.php\/2023\/08\/29\/gol-de-linda-caicedo-premiado-como-el-mejor-en-el-mundial\/\"]}]},{\"@type\":\"ImageObject\",\"inLanguage\":\"es\",\"@id\":\"https:\/\/futbolhoy.co\/index.php\/2023\/08\/29\/gol-de-linda-caicedo-premiado-como-el-mejor-en-el-mundial\/#primaryimage\",\"url\":\"https:\/\/futbolhoy.co\/wp-content\/uploads\/2023\/08\/Linda.png\",\"contentUrl\":\"https:\/\/futbolhoy.co\/wp-content\/uploads\/2023\/08\/Linda.png\",\"width\":1298,\"height\":946},{\"@type\":\"BreadcrumbList\",\"@id\":\"https:\/\/futbolhoy.co\/index.php\/2023\/08\/29\/gol-de-linda-caicedo-premiado-como-el-mejor-en-el-mundial\/#breadcrumb\",\"itemListElement\":[{\"@type\":\"ListItem\",\"position\":1,\"name\":\"Portada\",\"item\":\"https:\/\/futbolhoy.co\/\"},{\"@type\":\"ListItem\",\"position\":2,\"name\":\"Gol de Linda Caicedo, premiado como el mejor en el Mundial\"}]},{\"@type\":\"WebSite\",\"@id\":\"https:\/\/futbolhoy.co\/#website\",\"url\":\"https:\/\/futbolhoy.co\/\",\"name\":\"FutbolHoy\",\"description\":\"\",\"publisher\":{\"@id\":\"https:\/\/futbolhoy.co\/#organization\"},\"potentialAction\":[{\"@type\":\"SearchAction\",\"target\":{\"@type\":\"EntryPoint\",\"urlTemplate\":\"https:\/\/futbolhoy.co\/?s={search_term_string}\"},\"query-input\":{\"@type\":\"PropertyValueSpecification\",\"valueRequired\":true,\"valueName\":\"search_term_string\"}}],\"inLanguage\":\"es\"},{\"@type\":\"Organization\",\"@id\":\"https:\/\/futbolhoy.co\/#organization\",\"name\":\"Futbolhoy.co\",\"url\":\"https:\/\/futbolhoy.co\/\",\"logo\":{\"@type\":\"ImageObject\",\"inLanguage\":\"es\",\"@id\":\"https:\/\/futbolhoy.co\/#\/schema\/logo\/image\/\",\"url\":\"https:\/\/futbolhoy.co\/wp-content\/uploads\/2018\/08\/17426380_1906371736249227_6326180412931521141_n.jpg\",\"contentUrl\":\"https:\/\/futbolhoy.co\/wp-content\/uploads\/2018\/08\/17426380_1906371736249227_6326180412931521141_n.jpg\",\"width\":960,\"height\":960,\"caption\":\"Futbolhoy.co\"},\"image\":{\"@id\":\"https:\/\/futbolhoy.co\/#\/schema\/logo\/image\/\"},\"sameAs\":[\"https:\/\/www.facebook.com\/FutbolHoyCol\/\",\"https:\/\/x.com\/FutbolHoyCol\",\"https:\/\/www.instagram.com\/futbolhoycol\/\"]},{\"@type\":\"Person\",\"@id\":\"https:\/\/futbolhoy.co\/#\/schema\/person\/1721b69355b6623eaff15ac7b92d4cc3\",\"name\":\"contenido\",\"image\":{\"@type\":\"ImageObject\",\"inLanguage\":\"es\",\"@id\":\"https:\/\/futbolhoy.co\/#\/schema\/person\/image\/\",\"url\":\"https:\/\/secure.gravatar.com\/avatar\/4f656d3256f5134f466206e7c3941518?s=96&d=mm&r=g\",\"contentUrl\":\"https:\/\/secure.gravatar.com\/avatar\/4f656d3256f5134f466206e7c3941518?s=96&d=mm&r=g\",\"caption\":\"contenido\"}}]}<\/script>\n<!-- \/ Yoast SEO plugin. -->","yoast_head_json":{"title":"Gol de Linda Caicedo, premiado como el mejor en el Mundial -","robots":{"index":"index","follow":"follow","max-snippet":"max-snippet:-1","max-image-preview":"max-image-preview:large","max-video-preview":"max-video-preview:-1"},"canonical":"https:\/\/futbolhoy.co\/index.php\/2023\/08\/29\/gol-de-linda-caicedo-premiado-como-el-mejor-en-el-mundial\/","og_locale":"es_ES","og_type":"article","og_title":"Gol de Linda Caicedo, premiado como el mejor en el Mundial -","og_description":"Otro reconocimiento para Linda Caicedo. Su gol ante Alemania fue reconocido como el mejor del Mundial de Australia y Nueva Zelanda, tal y como dio a conocer la cuenta de Twitter de la FIFA. La anotaci\u00f3n de Linda Caicedo se produjo en el Sidney Football Stadium el pasado 30 de julio. La delantera del Real [&hellip;]","og_url":"https:\/\/futbolhoy.co\/index.php\/2023\/08\/29\/gol-de-linda-caicedo-premiado-como-el-mejor-en-el-mundial\/","article_publisher":"https:\/\/www.facebook.com\/FutbolHoyCol\/","article_published_time":"2023-08-29T18:06:26+00:00","article_modified_time":"2023-08-30T12:17:28+00:00","og_image":[{"width":1024,"height":746,"url":"https:\/\/futbolhoy.co\/wp-content\/uploads\/2023\/08\/Linda-1024x746.png","type":"image\/png"}],"author":"contenido","twitter_card":"summary_large_image","twitter_creator":"@FutbolHoyCol","twitter_site":"@FutbolHoyCol","twitter_misc":{"Escrito por":"contenido","Tiempo de lectura":"1 minuto"},"schema":{"@context":"https:\/\/schema.org","@graph":[{"@type":"Article","@id":"https:\/\/futbolhoy.co\/index.php\/2023\/08\/29\/gol-de-linda-caicedo-premiado-como-el-mejor-en-el-mundial\/#article","isPartOf":{"@id":"https:\/\/futbolhoy.co\/index.php\/2023\/08\/29\/gol-de-linda-caicedo-premiado-como-el-mejor-en-el-mundial\/"},"author":{"name":"contenido","@id":"https:\/\/futbolhoy.co\/#\/schema\/person\/1721b69355b6623eaff15ac7b92d4cc3"},"headline":"Gol de Linda Caicedo, premiado como el mejor en el Mundial","datePublished":"2023-08-29T18:06:26+00:00","dateModified":"2023-08-30T12:17:28+00:00","mainEntityOfPage":{"@id":"https:\/\/futbolhoy.co\/index.php\/2023\/08\/29\/gol-de-linda-caicedo-premiado-como-el-mejor-en-el-mundial\/"},"wordCount":213,"commentCount":0,"publisher":{"@id":"https:\/\/futbolhoy.co\/#organization"},"image":{"@id":"https:\/\/futbolhoy.co\/index.php\/2023\/08\/29\/gol-de-linda-caicedo-premiado-como-el-mejor-en-el-mundial\/#primaryimage"},"thumbnailUrl":"https:\/\/futbolhoy.co\/wp-content\/uploads\/2023\/08\/Linda.png","articleSection":["Colombia"],"inLanguage":"es","potentialAction":[{"@type":"CommentAction","name":"Comment","target":["https:\/\/futbolhoy.co\/index.php\/2023\/08\/29\/gol-de-linda-caicedo-premiado-como-el-mejor-en-el-mundial\/#respond"]}]},{"@type":"WebPage","@id":"https:\/\/futbolhoy.co\/index.php\/2023\/08\/29\/gol-de-linda-caicedo-premiado-como-el-mejor-en-el-mundial\/","url":"https:\/\/futbolhoy.co\/index.php\/2023\/08\/29\/gol-de-linda-caicedo-premiado-como-el-mejor-en-el-mundial\/","name":"Gol de Linda Caicedo, premiado como el mejor en el Mundial -","isPartOf":{"@id":"https:\/\/futbolhoy.co\/#website"},"primaryImageOfPage":{"@id":"https:\/\/futbolhoy.co\/index.php\/2023\/08\/29\/gol-de-linda-caicedo-premiado-como-el-mejor-en-el-mundial\/#primaryimage"},"image":{"@id":"https:\/\/futbolhoy.co\/index.php\/2023\/08\/29\/gol-de-linda-caicedo-premiado-como-el-mejor-en-el-mundial\/#primaryimage"},"thumbnailUrl":"https:\/\/futbolhoy.co\/wp-content\/uploads\/2023\/08\/Linda.png","datePublished":"2023-08-29T18:06:26+00:00","dateModified":"2023-08-30T12:17:28+00:00","breadcrumb":{"@id":"https:\/\/futbolhoy.co\/index.php\/2023\/08\/29\/gol-de-linda-caicedo-premiado-como-el-mejor-en-el-mundial\/#breadcrumb"},"inLanguage":"es","potentialAction":[{"@type":"ReadAction","target":["https:\/\/futbolhoy.co\/index.php\/2023\/08\/29\/gol-de-linda-caicedo-premiado-como-el-mejor-en-el-mundial\/"]}]},{"@type":"ImageObject","inLanguage":"es","@id":"https:\/\/futbolhoy.co\/index.php\/2023\/08\/29\/gol-de-linda-caicedo-premiado-como-el-mejor-en-el-mundial\/#primaryimage","url":"https:\/\/futbolhoy.co\/wp-content\/uploads\/2023\/08\/Linda.png","contentUrl":"https:\/\/futbolhoy.co\/wp-content\/uploads\/2023\/08\/Linda.png","width":1298,"height":946},{"@type":"BreadcrumbList","@id":"https:\/\/futbolhoy.co\/index.php\/2023\/08\/29\/gol-de-linda-caicedo-premiado-como-el-mejor-en-el-mundial\/#breadcrumb","itemListElement":[{"@type":"ListItem","position":1,"name":"Portada","item":"https:\/\/futbolhoy.co\/"},{"@type":"ListItem","position":2,"name":"Gol de Linda Caicedo, premiado como el mejor en el Mundial"}]},{"@type":"WebSite","@id":"https:\/\/futbolhoy.co\/#website","url":"https:\/\/futbolhoy.co\/","name":"FutbolHoy","description":"","publisher":{"@id":"https:\/\/futbolhoy.co\/#organization"},"potentialAction":[{"@type":"SearchAction","target":{"@type":"EntryPoint","urlTemplate":"https:\/\/futbolhoy.co\/?s={search_term_string}"},"query-input":{"@type":"PropertyValueSpecification","valueRequired":true,"valueName":"search_term_string"}}],"inLanguage":"es"},{"@type":"Organization","@id":"https:\/\/futbolhoy.co\/#organization","name":"Futbolhoy.co","url":"https:\/\/futbolhoy.co\/","logo":{"@type":"ImageObject","inLanguage":"es","@id":"https:\/\/futbolhoy.co\/#\/schema\/logo\/image\/","url":"https:\/\/futbolhoy.co\/wp-content\/uploads\/2018\/08\/17426380_1906371736249227_6326180412931521141_n.jpg","contentUrl":"https:\/\/futbolhoy.co\/wp-content\/uploads\/2018\/08\/17426380_1906371736249227_6326180412931521141_n.jpg","width":960,"height":960,"caption":"Futbolhoy.co"},"image":{"@id":"https:\/\/futbolhoy.co\/#\/schema\/logo\/image\/"},"sameAs":["https:\/\/www.facebook.com\/FutbolHoyCol\/","https:\/\/x.com\/FutbolHoyCol","https:\/\/www.instagram.com\/futbolhoycol\/"]},{"@type":"Person","@id":"https:\/\/futbolhoy.co\/#\/schema\/person\/1721b69355b6623eaff15ac7b92d4cc3","name":"contenido","image":{"@type":"ImageObject","inLanguage":"es","@id":"https:\/\/futbolhoy.co\/#\/schema\/person\/image\/","url":"https:\/\/secure.gravatar.com\/avatar\/4f656d3256f5134f466206e7c3941518?s=96&d=mm&r=g","contentUrl":"https:\/\/secure.gravatar.com\/avatar\/4f656d3256f5134f466206e7c3941518?s=96&d=mm&r=g","caption":"contenido"}}]}},"publishpress_future_action":{"enabled":false,"date":"2026-05-06 02:48:21","action":"change-status","newStatus":"draft","terms":[],"taxonomy":"category","extraData":[]},"publishpress_future_workflow_manual_trigger":{"enabledWorkflows":[]},"_links":{"self":[{"href":"https:\/\/futbolhoy.co\/index.php\/wp-json\/wp\/v2\/posts\/98565","targetHints":{"allow":["GET"]}}],"collection":[{"href":"https:\/\/futbolhoy.co\/index.php\/wp-json\/wp\/v2\/posts"}],"about":[{"href":"https:\/\/futbolhoy.co\/index.php\/wp-json\/wp\/v2\/types\/post"}],"author":[{"embeddable":true,"href":"https:\/\/futbolhoy.co\/index.php\/wp-json\/wp\/v2\/users\/4"}],"replies":[{"embeddable":true,"href":"https:\/\/futbolhoy.co\/index.php\/wp-json\/wp\/v2\/comments?post=98565"}],"version-history":[{"count":2,"href":"https:\/\/futbolhoy.co\/index.php\/wp-json\/wp\/v2\/posts\/98565\/revisions"}],"predecessor-version":[{"id":98567,"href":"https:\/\/futbolhoy.co\/index.php\/wp-json\/wp\/v2\/posts\/98565\/revisions\/98567"}],"wp:featuredmedia":[{"embeddable":true,"href":"https:\/\/futbolhoy.co\/index.php\/wp-json\/wp\/v2\/media\/97650"}],"wp:attachment":[{"href":"https:\/\/futbolhoy.co\/index.php\/wp-json\/wp\/v2\/media?parent=98565"}],"wp:term":[{"taxonomy":"category","embeddable":true,"href":"https:\/\/futbolhoy.co\/index.php\/wp-json\/wp\/v2\/categories?post=98565"},{"taxonomy":"post_tag","embeddable":true,"href":"https:\/\/futbolhoy.co\/index.php\/wp-json\/wp\/v2\/tags?post=98565"}],"curies":[{"name":"wp","href":"https:\/\/api.w.org\/{rel}","templated":true}]}}