{"id":98569,"date":"2023-08-29T14:47:24","date_gmt":"2023-08-29T19:47:24","guid":{"rendered":"https:\/\/futbolhoy.co\/?p=98569"},"modified":"2023-08-30T04:29:37","modified_gmt":"2023-08-30T09:29:37","slug":"seleccion-colombia-sub-23-lista-de-convocados-para-amistosos","status":"publish","type":"post","link":"https:\/\/futbolhoy.co\/index.php\/2023\/08\/29\/seleccion-colombia-sub-23-lista-de-convocados-para-amistosos\/","title":{"rendered":"Selecci\u00f3n Colombia Sub-23: lista de convocados para amistosos"},"content":{"rendered":"<p style=\"font-weight: 400; text-align: justify;\"><span style=\"font-family: helvetica, arial, sans-serif;\"><b>La Selecci\u00f3n Colombia Sub-23<\/b><span style=\"font-weight: 400;\"> dio a conocer la lista de futbolistas convocados para afrontar los dos amistosos que tendr\u00e1 el equipo ante M\u00e9xico en la fecha FIFA de septiembre, con motivo de la preparaci\u00f3n para el preol\u00edmpico que se disputar\u00e1 en Venezuela durante enero del 2024.<\/span><\/span><\/p>\n<p style=\"font-weight: 400; text-align: justify;\"><span style=\"font-family: helvetica, arial, sans-serif;\"><span style=\"font-weight: 400;\">En la lista elaborada por el entrenador H\u00e9ctor C\u00e1rdenas y su cuerpo t\u00e9cnico, destacan nombres como los de Jhon Sol\u00eds de Atl\u00e9tico Nacional, Daniel Ruiz de Millonarios,<\/span><b> Jersson Gonz\u00e1lez de Santa Fe<\/b><span style=\"font-weight: 400;\"> o Juan David Mosquera del Portland Timbers, que ya ha actuado con la absoluta bajo el mando de N\u00e9stor Lorenzo.<\/span><\/span><\/p>\n<p style=\"font-weight: 400; text-align: justify;\"><span style=\"font-family: helvetica, arial, sans-serif;\"><b>Los 23 convocados<\/b><\/span><\/p>\n<p style=\"font-weight: 400; text-align: justify;\"><span style=\"font-weight: 400; font-family: helvetica, arial, sans-serif;\">Arqueros: Cristian Daniel Santander (Barranquilla FC), Juan Diego Castillo (Fortaleza).\u00a0<\/span><\/p>\n<p style=\"font-weight: 400; text-align: justify;\"><span style=\"font-weight: 400; font-family: helvetica, arial, sans-serif;\">Defensas: Cristian David Castro (Atl\u00e9tico Nacional), David Esteban Ram\u00edrez (Santa Fe), Eber Moreno (Pereira), Juan David Mosquera (Portland Timbers), Samuel Asprilla (Millonarios), Stiven Valencia (Cortulu\u00e1).<\/span><\/p>\n<p style=\"font-weight: 400; text-align: justify;\"><span style=\"font-weight: 400; font-family: helvetica, arial, sans-serif;\">Volantes: Alejandro Garc\u00eda (Once Caldas), Andr\u00e9s Alarc\u00f3n (Patriotas), Daniel Ruiz (Millonarios), Dannovi Qui\u00f1ones (Once Caldas), Edgard Camargo (Deportivo Cali) Jhon Sol\u00eds (Atl\u00e9tico Nacional), Johan Rojas (La Equidad), Joider Micolta (C\u00facuta Deportivo), Marino Hinestroza (Pachuca), Yani Quintero (Red Bull Bragantino).<\/span><\/p>\n<p style=\"font-weight: 400; text-align: justify;\"><span style=\"font-weight: 400; font-family: helvetica, arial, sans-serif;\">Delanteros: Brandon Caicedo (Atl\u00e9tico Huila), David Contreras (Am\u00e9rica de Cali), Jersson Gonz\u00e1lez (Santa Fe), Juan Diego Alegr\u00eda (Jaguares), Kener Valencia (Deportivo Pereira).<\/span><\/p>\n<p style=\"font-weight: 400; text-align: justify;\"><span style=\"font-family: helvetica, arial, sans-serif;\"><b>Fechas de los partidos<\/b><\/span><\/p>\n<p style=\"font-weight: 400; text-align: justify;\"><span style=\"font-weight: 400; font-family: helvetica, arial, sans-serif;\">9 de septiembre<\/span><\/p>\n<p style=\"font-weight: 400; text-align: justify;\"><span style=\"font-family: helvetica, arial, sans-serif;\"><b>M\u00e9xico vs Colombia<\/b><\/span><\/p>\n<p style=\"font-weight: 400; text-align: justify;\"><span style=\"font-weight: 400; font-family: helvetica, arial, sans-serif;\">Hora: 7:00 p.m.<\/span><\/p>\n<p style=\"font-weight: 400; text-align: justify;\"><span style=\"font-weight: 400; font-family: helvetica, arial, sans-serif;\">Estadio: Tlahuicole, Tlaxcala<\/span><\/p>\n<p style=\"font-weight: 400; text-align: justify;\"><span style=\"font-weight: 400; font-family: helvetica, arial, sans-serif;\">12 de septiembre<\/span><\/p>\n<p style=\"font-weight: 400; text-align: justify;\"><span style=\"font-family: helvetica, arial, sans-serif;\"><b>M\u00e9xico vs Colombia<\/b><\/span><\/p>\n<p style=\"font-weight: 400; text-align: justify;\"><span style=\"font-weight: 400; font-family: helvetica, arial, sans-serif;\">Hora: 11:00 a.m.<\/span><\/p>\n<p style=\"font-weight: 400; text-align: justify;\"><span style=\"font-weight: 400; font-family: helvetica, arial, sans-serif;\">Estadio: Centro de Alto Rendimiento<\/span><\/p>\n","protected":false},"excerpt":{"rendered":"<p>La Selecci\u00f3n Colombia Sub-23 dio a conocer la lista de futbolistas convocados para afrontar los dos amistosos que tendr\u00e1 el equipo ante M\u00e9xico en la fecha FIFA de septiembre, con motivo de la preparaci\u00f3n para el preol\u00edmpico que se disputar\u00e1 en Venezuela durante enero del 2024. En la lista elaborada por el entrenador H\u00e9ctor C\u00e1rdenas [&hellip;]<\/p>\n","protected":false},"author":4,"featured_media":98570,"comment_status":"open","ping_status":"open","sticky":false,"template":"","format":"standard","meta":{"_acf_changed":false,"footnotes":""},"categories":[152],"tags":[],"class_list":{"0":"post-98569","1":"post","2":"type-post","3":"status-publish","4":"format-standard","5":"has-post-thumbnail","7":"category-mundo-futbol"},"acf":[],"yoast_head":"<!-- This site is optimized with the Yoast SEO plugin v26.8 - https:\/\/yoast.com\/product\/yoast-seo-wordpress\/ -->\n<title>Selecci\u00f3n Colombia Sub-23: lista de convocados para amistosos -<\/title>\n<meta name=\"robots\" content=\"index, follow, max-snippet:-1, max-image-preview:large, max-video-preview:-1\" \/>\n<link rel=\"canonical\" href=\"https:\/\/futbolhoy.co\/index.php\/2023\/08\/29\/seleccion-colombia-sub-23-lista-de-convocados-para-amistosos\/\" \/>\n<meta property=\"og:locale\" content=\"es_ES\" \/>\n<meta property=\"og:type\" content=\"article\" \/>\n<meta property=\"og:title\" content=\"Selecci\u00f3n Colombia Sub-23: lista de convocados para amistosos -\" \/>\n<meta property=\"og:description\" content=\"La Selecci\u00f3n Colombia Sub-23 dio a conocer la lista de futbolistas convocados para afrontar los dos amistosos que tendr\u00e1 el equipo ante M\u00e9xico en la fecha FIFA de septiembre, con motivo de la preparaci\u00f3n para el preol\u00edmpico que se disputar\u00e1 en Venezuela durante enero del 2024. En la lista elaborada por el entrenador H\u00e9ctor C\u00e1rdenas [&hellip;]\" \/>\n<meta property=\"og:url\" content=\"https:\/\/futbolhoy.co\/index.php\/2023\/08\/29\/seleccion-colombia-sub-23-lista-de-convocados-para-amistosos\/\" \/>\n<meta property=\"article:publisher\" content=\"https:\/\/www.facebook.com\/FutbolHoyCol\/\" \/>\n<meta property=\"article:published_time\" content=\"2023-08-29T19:47:24+00:00\" \/>\n<meta property=\"article:modified_time\" content=\"2023-08-30T09:29:37+00:00\" \/>\n<meta property=\"og:image\" content=\"https:\/\/futbolhoy.co\/wp-content\/uploads\/2023\/08\/IMG_6629.jpeg\" \/>\n\t<meta property=\"og:image:width\" content=\"1280\" \/>\n\t<meta property=\"og:image:height\" content=\"720\" \/>\n\t<meta property=\"og:image:type\" content=\"image\/jpeg\" \/>\n<meta name=\"author\" content=\"contenido\" \/>\n<meta name=\"twitter:card\" content=\"summary_large_image\" \/>\n<meta name=\"twitter:creator\" content=\"@FutbolHoyCol\" \/>\n<meta name=\"twitter:site\" content=\"@FutbolHoyCol\" \/>\n<meta name=\"twitter:label1\" content=\"Escrito por\" \/>\n\t<meta name=\"twitter:data1\" content=\"contenido\" \/>\n\t<meta name=\"twitter:label2\" content=\"Tiempo de lectura\" \/>\n\t<meta name=\"twitter:data2\" content=\"1 minuto\" \/>\n<script type=\"application\/ld+json\" class=\"yoast-schema-graph\">{\"@context\":\"https:\/\/schema.org\",\"@graph\":[{\"@type\":\"Article\",\"@id\":\"https:\/\/futbolhoy.co\/index.php\/2023\/08\/29\/seleccion-colombia-sub-23-lista-de-convocados-para-amistosos\/#article\",\"isPartOf\":{\"@id\":\"https:\/\/futbolhoy.co\/index.php\/2023\/08\/29\/seleccion-colombia-sub-23-lista-de-convocados-para-amistosos\/\"},\"author\":{\"name\":\"contenido\",\"@id\":\"https:\/\/futbolhoy.co\/#\/schema\/person\/1721b69355b6623eaff15ac7b92d4cc3\"},\"headline\":\"Selecci\u00f3n Colombia Sub-23: lista de convocados para amistosos\",\"datePublished\":\"2023-08-29T19:47:24+00:00\",\"dateModified\":\"2023-08-30T09:29:37+00:00\",\"mainEntityOfPage\":{\"@id\":\"https:\/\/futbolhoy.co\/index.php\/2023\/08\/29\/seleccion-colombia-sub-23-lista-de-convocados-para-amistosos\/\"},\"wordCount\":258,\"commentCount\":0,\"publisher\":{\"@id\":\"https:\/\/futbolhoy.co\/#organization\"},\"image\":{\"@id\":\"https:\/\/futbolhoy.co\/index.php\/2023\/08\/29\/seleccion-colombia-sub-23-lista-de-convocados-para-amistosos\/#primaryimage\"},\"thumbnailUrl\":\"https:\/\/futbolhoy.co\/wp-content\/uploads\/2023\/08\/IMG_6629.jpeg\",\"articleSection\":[\"Mundo Futbol\"],\"inLanguage\":\"es\",\"potentialAction\":[{\"@type\":\"CommentAction\",\"name\":\"Comment\",\"target\":[\"https:\/\/futbolhoy.co\/index.php\/2023\/08\/29\/seleccion-colombia-sub-23-lista-de-convocados-para-amistosos\/#respond\"]}]},{\"@type\":\"WebPage\",\"@id\":\"https:\/\/futbolhoy.co\/index.php\/2023\/08\/29\/seleccion-colombia-sub-23-lista-de-convocados-para-amistosos\/\",\"url\":\"https:\/\/futbolhoy.co\/index.php\/2023\/08\/29\/seleccion-colombia-sub-23-lista-de-convocados-para-amistosos\/\",\"name\":\"Selecci\u00f3n Colombia Sub-23: lista de convocados para amistosos -\",\"isPartOf\":{\"@id\":\"https:\/\/futbolhoy.co\/#website\"},\"primaryImageOfPage\":{\"@id\":\"https:\/\/futbolhoy.co\/index.php\/2023\/08\/29\/seleccion-colombia-sub-23-lista-de-convocados-para-amistosos\/#primaryimage\"},\"image\":{\"@id\":\"https:\/\/futbolhoy.co\/index.php\/2023\/08\/29\/seleccion-colombia-sub-23-lista-de-convocados-para-amistosos\/#primaryimage\"},\"thumbnailUrl\":\"https:\/\/futbolhoy.co\/wp-content\/uploads\/2023\/08\/IMG_6629.jpeg\",\"datePublished\":\"2023-08-29T19:47:24+00:00\",\"dateModified\":\"2023-08-30T09:29:37+00:00\",\"breadcrumb\":{\"@id\":\"https:\/\/futbolhoy.co\/index.php\/2023\/08\/29\/seleccion-colombia-sub-23-lista-de-convocados-para-amistosos\/#breadcrumb\"},\"inLanguage\":\"es\",\"potentialAction\":[{\"@type\":\"ReadAction\",\"target\":[\"https:\/\/futbolhoy.co\/index.php\/2023\/08\/29\/seleccion-colombia-sub-23-lista-de-convocados-para-amistosos\/\"]}]},{\"@type\":\"ImageObject\",\"inLanguage\":\"es\",\"@id\":\"https:\/\/futbolhoy.co\/index.php\/2023\/08\/29\/seleccion-colombia-sub-23-lista-de-convocados-para-amistosos\/#primaryimage\",\"url\":\"https:\/\/futbolhoy.co\/wp-content\/uploads\/2023\/08\/IMG_6629.jpeg\",\"contentUrl\":\"https:\/\/futbolhoy.co\/wp-content\/uploads\/2023\/08\/IMG_6629.jpeg\",\"width\":1280,\"height\":720},{\"@type\":\"BreadcrumbList\",\"@id\":\"https:\/\/futbolhoy.co\/index.php\/2023\/08\/29\/seleccion-colombia-sub-23-lista-de-convocados-para-amistosos\/#breadcrumb\",\"itemListElement\":[{\"@type\":\"ListItem\",\"position\":1,\"name\":\"Portada\",\"item\":\"https:\/\/futbolhoy.co\/\"},{\"@type\":\"ListItem\",\"position\":2,\"name\":\"Selecci\u00f3n Colombia Sub-23: lista de convocados para amistosos\"}]},{\"@type\":\"WebSite\",\"@id\":\"https:\/\/futbolhoy.co\/#website\",\"url\":\"https:\/\/futbolhoy.co\/\",\"name\":\"FutbolHoy\",\"description\":\"\",\"publisher\":{\"@id\":\"https:\/\/futbolhoy.co\/#organization\"},\"potentialAction\":[{\"@type\":\"SearchAction\",\"target\":{\"@type\":\"EntryPoint\",\"urlTemplate\":\"https:\/\/futbolhoy.co\/?s={search_term_string}\"},\"query-input\":{\"@type\":\"PropertyValueSpecification\",\"valueRequired\":true,\"valueName\":\"search_term_string\"}}],\"inLanguage\":\"es\"},{\"@type\":\"Organization\",\"@id\":\"https:\/\/futbolhoy.co\/#organization\",\"name\":\"Futbolhoy.co\",\"url\":\"https:\/\/futbolhoy.co\/\",\"logo\":{\"@type\":\"ImageObject\",\"inLanguage\":\"es\",\"@id\":\"https:\/\/futbolhoy.co\/#\/schema\/logo\/image\/\",\"url\":\"https:\/\/futbolhoy.co\/wp-content\/uploads\/2018\/08\/17426380_1906371736249227_6326180412931521141_n.jpg\",\"contentUrl\":\"https:\/\/futbolhoy.co\/wp-content\/uploads\/2018\/08\/17426380_1906371736249227_6326180412931521141_n.jpg\",\"width\":960,\"height\":960,\"caption\":\"Futbolhoy.co\"},\"image\":{\"@id\":\"https:\/\/futbolhoy.co\/#\/schema\/logo\/image\/\"},\"sameAs\":[\"https:\/\/www.facebook.com\/FutbolHoyCol\/\",\"https:\/\/x.com\/FutbolHoyCol\",\"https:\/\/www.instagram.com\/futbolhoycol\/\"]},{\"@type\":\"Person\",\"@id\":\"https:\/\/futbolhoy.co\/#\/schema\/person\/1721b69355b6623eaff15ac7b92d4cc3\",\"name\":\"contenido\",\"image\":{\"@type\":\"ImageObject\",\"inLanguage\":\"es\",\"@id\":\"https:\/\/futbolhoy.co\/#\/schema\/person\/image\/\",\"url\":\"https:\/\/secure.gravatar.com\/avatar\/4f656d3256f5134f466206e7c3941518?s=96&d=mm&r=g\",\"contentUrl\":\"https:\/\/secure.gravatar.com\/avatar\/4f656d3256f5134f466206e7c3941518?s=96&d=mm&r=g\",\"caption\":\"contenido\"}}]}<\/script>\n<!-- \/ Yoast SEO plugin. -->","yoast_head_json":{"title":"Selecci\u00f3n Colombia Sub-23: lista de convocados para amistosos -","robots":{"index":"index","follow":"follow","max-snippet":"max-snippet:-1","max-image-preview":"max-image-preview:large","max-video-preview":"max-video-preview:-1"},"canonical":"https:\/\/futbolhoy.co\/index.php\/2023\/08\/29\/seleccion-colombia-sub-23-lista-de-convocados-para-amistosos\/","og_locale":"es_ES","og_type":"article","og_title":"Selecci\u00f3n Colombia Sub-23: lista de convocados para amistosos -","og_description":"La Selecci\u00f3n Colombia Sub-23 dio a conocer la lista de futbolistas convocados para afrontar los dos amistosos que tendr\u00e1 el equipo ante M\u00e9xico en la fecha FIFA de septiembre, con motivo de la preparaci\u00f3n para el preol\u00edmpico que se disputar\u00e1 en Venezuela durante enero del 2024. En la lista elaborada por el entrenador H\u00e9ctor C\u00e1rdenas [&hellip;]","og_url":"https:\/\/futbolhoy.co\/index.php\/2023\/08\/29\/seleccion-colombia-sub-23-lista-de-convocados-para-amistosos\/","article_publisher":"https:\/\/www.facebook.com\/FutbolHoyCol\/","article_published_time":"2023-08-29T19:47:24+00:00","article_modified_time":"2023-08-30T09:29:37+00:00","og_image":[{"width":1280,"height":720,"url":"https:\/\/futbolhoy.co\/wp-content\/uploads\/2023\/08\/IMG_6629.jpeg","type":"image\/jpeg"}],"author":"contenido","twitter_card":"summary_large_image","twitter_creator":"@FutbolHoyCol","twitter_site":"@FutbolHoyCol","twitter_misc":{"Escrito por":"contenido","Tiempo de lectura":"1 minuto"},"schema":{"@context":"https:\/\/schema.org","@graph":[{"@type":"Article","@id":"https:\/\/futbolhoy.co\/index.php\/2023\/08\/29\/seleccion-colombia-sub-23-lista-de-convocados-para-amistosos\/#article","isPartOf":{"@id":"https:\/\/futbolhoy.co\/index.php\/2023\/08\/29\/seleccion-colombia-sub-23-lista-de-convocados-para-amistosos\/"},"author":{"name":"contenido","@id":"https:\/\/futbolhoy.co\/#\/schema\/person\/1721b69355b6623eaff15ac7b92d4cc3"},"headline":"Selecci\u00f3n Colombia Sub-23: lista de convocados para amistosos","datePublished":"2023-08-29T19:47:24+00:00","dateModified":"2023-08-30T09:29:37+00:00","mainEntityOfPage":{"@id":"https:\/\/futbolhoy.co\/index.php\/2023\/08\/29\/seleccion-colombia-sub-23-lista-de-convocados-para-amistosos\/"},"wordCount":258,"commentCount":0,"publisher":{"@id":"https:\/\/futbolhoy.co\/#organization"},"image":{"@id":"https:\/\/futbolhoy.co\/index.php\/2023\/08\/29\/seleccion-colombia-sub-23-lista-de-convocados-para-amistosos\/#primaryimage"},"thumbnailUrl":"https:\/\/futbolhoy.co\/wp-content\/uploads\/2023\/08\/IMG_6629.jpeg","articleSection":["Mundo Futbol"],"inLanguage":"es","potentialAction":[{"@type":"CommentAction","name":"Comment","target":["https:\/\/futbolhoy.co\/index.php\/2023\/08\/29\/seleccion-colombia-sub-23-lista-de-convocados-para-amistosos\/#respond"]}]},{"@type":"WebPage","@id":"https:\/\/futbolhoy.co\/index.php\/2023\/08\/29\/seleccion-colombia-sub-23-lista-de-convocados-para-amistosos\/","url":"https:\/\/futbolhoy.co\/index.php\/2023\/08\/29\/seleccion-colombia-sub-23-lista-de-convocados-para-amistosos\/","name":"Selecci\u00f3n Colombia Sub-23: lista de convocados para amistosos -","isPartOf":{"@id":"https:\/\/futbolhoy.co\/#website"},"primaryImageOfPage":{"@id":"https:\/\/futbolhoy.co\/index.php\/2023\/08\/29\/seleccion-colombia-sub-23-lista-de-convocados-para-amistosos\/#primaryimage"},"image":{"@id":"https:\/\/futbolhoy.co\/index.php\/2023\/08\/29\/seleccion-colombia-sub-23-lista-de-convocados-para-amistosos\/#primaryimage"},"thumbnailUrl":"https:\/\/futbolhoy.co\/wp-content\/uploads\/2023\/08\/IMG_6629.jpeg","datePublished":"2023-08-29T19:47:24+00:00","dateModified":"2023-08-30T09:29:37+00:00","breadcrumb":{"@id":"https:\/\/futbolhoy.co\/index.php\/2023\/08\/29\/seleccion-colombia-sub-23-lista-de-convocados-para-amistosos\/#breadcrumb"},"inLanguage":"es","potentialAction":[{"@type":"ReadAction","target":["https:\/\/futbolhoy.co\/index.php\/2023\/08\/29\/seleccion-colombia-sub-23-lista-de-convocados-para-amistosos\/"]}]},{"@type":"ImageObject","inLanguage":"es","@id":"https:\/\/futbolhoy.co\/index.php\/2023\/08\/29\/seleccion-colombia-sub-23-lista-de-convocados-para-amistosos\/#primaryimage","url":"https:\/\/futbolhoy.co\/wp-content\/uploads\/2023\/08\/IMG_6629.jpeg","contentUrl":"https:\/\/futbolhoy.co\/wp-content\/uploads\/2023\/08\/IMG_6629.jpeg","width":1280,"height":720},{"@type":"BreadcrumbList","@id":"https:\/\/futbolhoy.co\/index.php\/2023\/08\/29\/seleccion-colombia-sub-23-lista-de-convocados-para-amistosos\/#breadcrumb","itemListElement":[{"@type":"ListItem","position":1,"name":"Portada","item":"https:\/\/futbolhoy.co\/"},{"@type":"ListItem","position":2,"name":"Selecci\u00f3n Colombia Sub-23: lista de convocados para amistosos"}]},{"@type":"WebSite","@id":"https:\/\/futbolhoy.co\/#website","url":"https:\/\/futbolhoy.co\/","name":"FutbolHoy","description":"","publisher":{"@id":"https:\/\/futbolhoy.co\/#organization"},"potentialAction":[{"@type":"SearchAction","target":{"@type":"EntryPoint","urlTemplate":"https:\/\/futbolhoy.co\/?s={search_term_string}"},"query-input":{"@type":"PropertyValueSpecification","valueRequired":true,"valueName":"search_term_string"}}],"inLanguage":"es"},{"@type":"Organization","@id":"https:\/\/futbolhoy.co\/#organization","name":"Futbolhoy.co","url":"https:\/\/futbolhoy.co\/","logo":{"@type":"ImageObject","inLanguage":"es","@id":"https:\/\/futbolhoy.co\/#\/schema\/logo\/image\/","url":"https:\/\/futbolhoy.co\/wp-content\/uploads\/2018\/08\/17426380_1906371736249227_6326180412931521141_n.jpg","contentUrl":"https:\/\/futbolhoy.co\/wp-content\/uploads\/2018\/08\/17426380_1906371736249227_6326180412931521141_n.jpg","width":960,"height":960,"caption":"Futbolhoy.co"},"image":{"@id":"https:\/\/futbolhoy.co\/#\/schema\/logo\/image\/"},"sameAs":["https:\/\/www.facebook.com\/FutbolHoyCol\/","https:\/\/x.com\/FutbolHoyCol","https:\/\/www.instagram.com\/futbolhoycol\/"]},{"@type":"Person","@id":"https:\/\/futbolhoy.co\/#\/schema\/person\/1721b69355b6623eaff15ac7b92d4cc3","name":"contenido","image":{"@type":"ImageObject","inLanguage":"es","@id":"https:\/\/futbolhoy.co\/#\/schema\/person\/image\/","url":"https:\/\/secure.gravatar.com\/avatar\/4f656d3256f5134f466206e7c3941518?s=96&d=mm&r=g","contentUrl":"https:\/\/secure.gravatar.com\/avatar\/4f656d3256f5134f466206e7c3941518?s=96&d=mm&r=g","caption":"contenido"}}]}},"publishpress_future_action":{"enabled":false,"date":"2026-05-06 01:58:45","action":"change-status","newStatus":"draft","terms":[],"taxonomy":"category","extraData":[]},"publishpress_future_workflow_manual_trigger":{"enabledWorkflows":[]},"_links":{"self":[{"href":"https:\/\/futbolhoy.co\/index.php\/wp-json\/wp\/v2\/posts\/98569","targetHints":{"allow":["GET"]}}],"collection":[{"href":"https:\/\/futbolhoy.co\/index.php\/wp-json\/wp\/v2\/posts"}],"about":[{"href":"https:\/\/futbolhoy.co\/index.php\/wp-json\/wp\/v2\/types\/post"}],"author":[{"embeddable":true,"href":"https:\/\/futbolhoy.co\/index.php\/wp-json\/wp\/v2\/users\/4"}],"replies":[{"embeddable":true,"href":"https:\/\/futbolhoy.co\/index.php\/wp-json\/wp\/v2\/comments?post=98569"}],"version-history":[{"count":1,"href":"https:\/\/futbolhoy.co\/index.php\/wp-json\/wp\/v2\/posts\/98569\/revisions"}],"predecessor-version":[{"id":98571,"href":"https:\/\/futbolhoy.co\/index.php\/wp-json\/wp\/v2\/posts\/98569\/revisions\/98571"}],"wp:featuredmedia":[{"embeddable":true,"href":"https:\/\/futbolhoy.co\/index.php\/wp-json\/wp\/v2\/media\/98570"}],"wp:attachment":[{"href":"https:\/\/futbolhoy.co\/index.php\/wp-json\/wp\/v2\/media?parent=98569"}],"wp:term":[{"taxonomy":"category","embeddable":true,"href":"https:\/\/futbolhoy.co\/index.php\/wp-json\/wp\/v2\/categories?post=98569"},{"taxonomy":"post_tag","embeddable":true,"href":"https:\/\/futbolhoy.co\/index.php\/wp-json\/wp\/v2\/tags?post=98569"}],"curies":[{"name":"wp","href":"https:\/\/api.w.org\/{rel}","templated":true}]}}