{"id":98575,"date":"2023-08-29T17:41:56","date_gmt":"2023-08-29T22:41:56","guid":{"rendered":"https:\/\/futbolhoy.co\/?p=98575"},"modified":"2023-08-30T07:36:14","modified_gmt":"2023-08-30T12:36:14","slug":"video-polemicas-imagenes-de-jenni-hermoso-bromeando-sobre-pico-de-rubiales","status":"publish","type":"post","link":"https:\/\/futbolhoy.co\/index.php\/2023\/08\/29\/video-polemicas-imagenes-de-jenni-hermoso-bromeando-sobre-pico-de-rubiales\/","title":{"rendered":"Video: Pol\u00e9micas im\u00e1genes de Jenni Hermoso bromeando sobre pico de Rubiales"},"content":{"rendered":"<p style=\"font-weight: 400; text-align: justify;\"><span style=\"font-family: helvetica, arial, sans-serif;\"><b>No para la pol\u00e9mica en Espa\u00f1a<\/b><span style=\"font-weight: 400;\"> y el mundo del f\u00fatbol por el pico que <\/span><b>Luis Rubiales<\/b><span style=\"font-weight: 400;\"> le dio a Jenni Hermoso en la celebraci\u00f3n del <\/span><b>Mundial Femenino<\/b><span style=\"font-weight: 400;\">. Ahora salieron a la luz im\u00e1genes de la jugadora bromeando con sus compa\u00f1eras sobre el hecho y las cr\u00edticas van y vienen.\u00a0<\/span><\/span><\/p>\n<p style=\"font-weight: 400; text-align: justify;\"><span style=\"font-family: helvetica, arial, sans-serif;\"><span style=\"font-weight: 400;\">El presidente de la <\/span><b>Real Federaci\u00f3n Espa\u00f1ola de F\u00fatbol, Luis Rubiales, <\/b><span style=\"font-weight: 400;\">termin\u00f3 siendo inhabilitado por la FIFA tras el esc\u00e1ndalo y su cargo sigue siendo tema de discusi\u00f3n en Espa\u00f1a, luego que \u00e9l mismo recalcara que la <\/span><b>renuncia no era una opci\u00f3n\u00a0<\/b><\/span><\/p>\n<p style=\"font-weight: 400; text-align: justify;\"><span style=\"font-family: helvetica, arial, sans-serif;\"><span style=\"font-weight: 400;\">Ahora la pol\u00e9mica gir\u00f3 hacia <\/span><b>Jenni Hermoso y las dem\u00e1s jugadoras de la Selecci\u00f3n<\/b><span style=\"font-weight: 400;\">, todo por un video en el que se les ve riendo y burl\u00e1ndose del momento en el que Rubiales bes\u00f3 a la futbolista.\u00a0<\/span><\/span><\/p>\n<p style=\"font-weight: 400; text-align: justify;\"><span style=\"font-family: helvetica, arial, sans-serif;\"><b>\u201cBeso, beso, beso<\/b><span style=\"font-weight: 400;\">\u201d, coreaban las jugadoras cuando aparece Rubiales en el bus de la celebraci\u00f3n pro haberse coronado campeonas del Mundial Femenino. \u201c<\/span><b>Como \u00cdker y Sara\u201d<\/b><span style=\"font-weight: 400;\">, dec\u00eda la misma Jenni Hermoso en medio de risas.<br \/>\n<\/span><\/span><\/p>\n<blockquote class=\"twitter-tweet\">\n<p dir=\"ltr\" lang=\"es\"><span style=\"font-family: helvetica, arial, sans-serif;\">Filtran un v\u00eddeo de Jenni Hermoso y sus compa\u00f1eras bromeando con el propio Rubiales sobre el beso en el autob\u00fas. <a href=\"https:\/\/t.co\/fkCcFM01rC\">pic.twitter.com\/fkCcFM01rC<\/a><\/span><\/p>\n<p><span style=\"font-family: helvetica, arial, sans-serif;\">\u2014 Wall Street Wolverine (@wallstwolverine) <a href=\"https:\/\/twitter.com\/wallstwolverine\/status\/1696591014067118533?ref_src=twsrc%5Etfw\">August 29, 2023<\/a><\/span><\/p><\/blockquote>\n<p style=\"text-align: justify;\"><span style=\"font-family: helvetica, arial, sans-serif;\"><script async src=\"https:\/\/platform.twitter.com\/widgets.js\" charset=\"utf-8\"><\/script><\/span><\/p>\n<p style=\"font-weight: 400; text-align: justify;\"><span style=\"font-family: helvetica, arial, sans-serif;\"><b>No para la pol\u00e9mica en Espa\u00f1a<\/b><span style=\"font-weight: 400;\"> y el mundo del f\u00fatbol por el pico que <\/span><b>Luis Rubiales<\/b><span style=\"font-weight: 400;\"> le dio a Jenni Hermoso en la celebraci\u00f3n del <\/span><b>Mundial Femenino<\/b><span style=\"font-weight: 400;\">. Ahora salieron a la luz im\u00e1genes de la jugadora bromeando con sus compa\u00f1eras sobre el hecho y las cr\u00edticas van y vienen.\u00a0<\/span><\/span><\/p>\n<p style=\"font-weight: 400; text-align: justify;\"><span style=\"font-family: helvetica, arial, sans-serif;\"><span style=\"font-weight: 400;\">El presidente de la <\/span><b>Real Federaci\u00f3n Espa\u00f1ola de F\u00fatbol, Luis Rubiales, <\/b><span style=\"font-weight: 400;\">termin\u00f3 siendo inhabilitado por la FIFA tras el esc\u00e1ndalo y su cargo sigue siendo tema de discusi\u00f3n en Espa\u00f1a, luego que \u00e9l mismo recalcara que la <\/span><b>renuncia no era una opci\u00f3n\u00a0<\/b><\/span><\/p>\n<p style=\"font-weight: 400; text-align: justify;\"><span style=\"font-family: helvetica, arial, sans-serif;\"><span style=\"font-weight: 400;\">Ahora la pol\u00e9mica gir\u00f3 hacia <\/span><b>Jenni Hermoso y las dem\u00e1s jugadoras de la Selecci\u00f3n<\/b><span style=\"font-weight: 400;\">, todo por un video en el que se les ve riendo y burl\u00e1ndose del momento en el que Rubiales bes\u00f3 a la futbolista.\u00a0<\/span><\/span><\/p>\n<p style=\"font-weight: 400; text-align: justify;\"><span style=\"font-family: helvetica, arial, sans-serif;\"><b>\u201cBeso, beso, beso<\/b><span style=\"font-weight: 400;\">\u201d, coreaban las jugadoras cuando aparece Rubiales en el bus de la celebraci\u00f3n pro haberse coronado campeonas del Mundial Femenino. \u201c<\/span><b>Como \u00cdker y Sara\u201d<\/b><span style=\"font-weight: 400;\">, dec\u00eda la misma Jenni Hermoso en medio de risas.\u00a0<\/span><\/span><\/p>\n<p style=\"font-weight: 400; text-align: justify;\"><span style=\"font-family: helvetica, arial, sans-serif;\"><span style=\"font-weight: 400;\">Las im\u00e1genes desataron una ola de comentarios por lo que algunos internautas consideran il\u00f3gicas las posteriores declaraciones sobre agresi\u00f3n que <\/span><b>Hermoso afirma haber sentido en aquel momento.\u00a0<\/b><\/span><\/p>\n<p style=\"font-weight: 400; text-align: justify;\"><span style=\"font-family: helvetica, arial, sans-serif;\"><span style=\"font-weight: 400;\">Las im\u00e1genes desataron una ola de comentarios por lo que algunos internautas consideran il\u00f3gicas las posteriores declaraciones sobre agresi\u00f3n que <\/span><b>Hermoso afirma haber sentido en aquel momento.\u00a0<\/b><\/span><\/p>\n","protected":false},"excerpt":{"rendered":"<p>No para la pol\u00e9mica en Espa\u00f1a y el mundo del f\u00fatbol por el pico que Luis Rubiales le dio a Jenni Hermoso en la celebraci\u00f3n del Mundial Femenino. Ahora salieron a la luz im\u00e1genes de la jugadora bromeando con sus compa\u00f1eras sobre el hecho y las cr\u00edticas van y vienen.\u00a0 El presidente de la Real [&hellip;]<\/p>\n","protected":false},"author":4,"featured_media":98435,"comment_status":"open","ping_status":"open","sticky":false,"template":"","format":"standard","meta":{"_acf_changed":false,"footnotes":""},"categories":[152],"tags":[],"class_list":{"0":"post-98575","1":"post","2":"type-post","3":"status-publish","4":"format-standard","5":"has-post-thumbnail","7":"category-mundo-futbol"},"acf":[],"yoast_head":"<!-- This site is optimized with the Yoast SEO plugin v26.8 - https:\/\/yoast.com\/product\/yoast-seo-wordpress\/ -->\n<title>Video: Pol\u00e9micas im\u00e1genes de Jenni Hermoso bromeando sobre pico de Rubiales -<\/title>\n<meta name=\"robots\" content=\"index, follow, max-snippet:-1, max-image-preview:large, max-video-preview:-1\" \/>\n<link rel=\"canonical\" href=\"https:\/\/futbolhoy.co\/index.php\/2023\/08\/29\/video-polemicas-imagenes-de-jenni-hermoso-bromeando-sobre-pico-de-rubiales\/\" \/>\n<meta property=\"og:locale\" content=\"es_ES\" \/>\n<meta property=\"og:type\" content=\"article\" \/>\n<meta property=\"og:title\" content=\"Video: Pol\u00e9micas im\u00e1genes de Jenni Hermoso bromeando sobre pico de Rubiales -\" \/>\n<meta property=\"og:description\" content=\"No para la pol\u00e9mica en Espa\u00f1a y el mundo del f\u00fatbol por el pico que Luis Rubiales le dio a Jenni Hermoso en la celebraci\u00f3n del Mundial Femenino. Ahora salieron a la luz im\u00e1genes de la jugadora bromeando con sus compa\u00f1eras sobre el hecho y las cr\u00edticas van y vienen.\u00a0 El presidente de la Real [&hellip;]\" \/>\n<meta property=\"og:url\" content=\"https:\/\/futbolhoy.co\/index.php\/2023\/08\/29\/video-polemicas-imagenes-de-jenni-hermoso-bromeando-sobre-pico-de-rubiales\/\" \/>\n<meta property=\"article:publisher\" content=\"https:\/\/www.facebook.com\/FutbolHoyCol\/\" \/>\n<meta property=\"article:published_time\" content=\"2023-08-29T22:41:56+00:00\" \/>\n<meta property=\"article:modified_time\" content=\"2023-08-30T12:36:14+00:00\" \/>\n<meta property=\"og:image\" content=\"https:\/\/futbolhoy.co\/wp-content\/uploads\/2023\/08\/Jenni-Hemoso.png\" \/>\n\t<meta property=\"og:image:width\" content=\"1238\" \/>\n\t<meta property=\"og:image:height\" content=\"928\" \/>\n\t<meta property=\"og:image:type\" content=\"image\/png\" \/>\n<meta name=\"author\" content=\"contenido\" \/>\n<meta name=\"twitter:card\" content=\"summary_large_image\" \/>\n<meta name=\"twitter:creator\" content=\"@FutbolHoyCol\" \/>\n<meta name=\"twitter:site\" content=\"@FutbolHoyCol\" \/>\n<meta name=\"twitter:label1\" content=\"Escrito por\" \/>\n\t<meta name=\"twitter:data1\" content=\"contenido\" \/>\n\t<meta name=\"twitter:label2\" content=\"Tiempo de lectura\" \/>\n\t<meta name=\"twitter:data2\" content=\"2 minutos\" \/>\n<script type=\"application\/ld+json\" class=\"yoast-schema-graph\">{\"@context\":\"https:\/\/schema.org\",\"@graph\":[{\"@type\":\"Article\",\"@id\":\"https:\/\/futbolhoy.co\/index.php\/2023\/08\/29\/video-polemicas-imagenes-de-jenni-hermoso-bromeando-sobre-pico-de-rubiales\/#article\",\"isPartOf\":{\"@id\":\"https:\/\/futbolhoy.co\/index.php\/2023\/08\/29\/video-polemicas-imagenes-de-jenni-hermoso-bromeando-sobre-pico-de-rubiales\/\"},\"author\":{\"name\":\"contenido\",\"@id\":\"https:\/\/futbolhoy.co\/#\/schema\/person\/1721b69355b6623eaff15ac7b92d4cc3\"},\"headline\":\"Video: Pol\u00e9micas im\u00e1genes de Jenni Hermoso bromeando sobre pico de Rubiales\",\"datePublished\":\"2023-08-29T22:41:56+00:00\",\"dateModified\":\"2023-08-30T12:36:14+00:00\",\"mainEntityOfPage\":{\"@id\":\"https:\/\/futbolhoy.co\/index.php\/2023\/08\/29\/video-polemicas-imagenes-de-jenni-hermoso-bromeando-sobre-pico-de-rubiales\/\"},\"wordCount\":474,\"commentCount\":0,\"publisher\":{\"@id\":\"https:\/\/futbolhoy.co\/#organization\"},\"image\":{\"@id\":\"https:\/\/futbolhoy.co\/index.php\/2023\/08\/29\/video-polemicas-imagenes-de-jenni-hermoso-bromeando-sobre-pico-de-rubiales\/#primaryimage\"},\"thumbnailUrl\":\"https:\/\/futbolhoy.co\/wp-content\/uploads\/2023\/08\/Jenni-Hemoso.png\",\"articleSection\":[\"Mundo Futbol\"],\"inLanguage\":\"es\",\"potentialAction\":[{\"@type\":\"CommentAction\",\"name\":\"Comment\",\"target\":[\"https:\/\/futbolhoy.co\/index.php\/2023\/08\/29\/video-polemicas-imagenes-de-jenni-hermoso-bromeando-sobre-pico-de-rubiales\/#respond\"]}]},{\"@type\":\"WebPage\",\"@id\":\"https:\/\/futbolhoy.co\/index.php\/2023\/08\/29\/video-polemicas-imagenes-de-jenni-hermoso-bromeando-sobre-pico-de-rubiales\/\",\"url\":\"https:\/\/futbolhoy.co\/index.php\/2023\/08\/29\/video-polemicas-imagenes-de-jenni-hermoso-bromeando-sobre-pico-de-rubiales\/\",\"name\":\"Video: Pol\u00e9micas im\u00e1genes de Jenni Hermoso bromeando sobre pico de Rubiales -\",\"isPartOf\":{\"@id\":\"https:\/\/futbolhoy.co\/#website\"},\"primaryImageOfPage\":{\"@id\":\"https:\/\/futbolhoy.co\/index.php\/2023\/08\/29\/video-polemicas-imagenes-de-jenni-hermoso-bromeando-sobre-pico-de-rubiales\/#primaryimage\"},\"image\":{\"@id\":\"https:\/\/futbolhoy.co\/index.php\/2023\/08\/29\/video-polemicas-imagenes-de-jenni-hermoso-bromeando-sobre-pico-de-rubiales\/#primaryimage\"},\"thumbnailUrl\":\"https:\/\/futbolhoy.co\/wp-content\/uploads\/2023\/08\/Jenni-Hemoso.png\",\"datePublished\":\"2023-08-29T22:41:56+00:00\",\"dateModified\":\"2023-08-30T12:36:14+00:00\",\"breadcrumb\":{\"@id\":\"https:\/\/futbolhoy.co\/index.php\/2023\/08\/29\/video-polemicas-imagenes-de-jenni-hermoso-bromeando-sobre-pico-de-rubiales\/#breadcrumb\"},\"inLanguage\":\"es\",\"potentialAction\":[{\"@type\":\"ReadAction\",\"target\":[\"https:\/\/futbolhoy.co\/index.php\/2023\/08\/29\/video-polemicas-imagenes-de-jenni-hermoso-bromeando-sobre-pico-de-rubiales\/\"]}]},{\"@type\":\"ImageObject\",\"inLanguage\":\"es\",\"@id\":\"https:\/\/futbolhoy.co\/index.php\/2023\/08\/29\/video-polemicas-imagenes-de-jenni-hermoso-bromeando-sobre-pico-de-rubiales\/#primaryimage\",\"url\":\"https:\/\/futbolhoy.co\/wp-content\/uploads\/2023\/08\/Jenni-Hemoso.png\",\"contentUrl\":\"https:\/\/futbolhoy.co\/wp-content\/uploads\/2023\/08\/Jenni-Hemoso.png\",\"width\":1238,\"height\":928},{\"@type\":\"BreadcrumbList\",\"@id\":\"https:\/\/futbolhoy.co\/index.php\/2023\/08\/29\/video-polemicas-imagenes-de-jenni-hermoso-bromeando-sobre-pico-de-rubiales\/#breadcrumb\",\"itemListElement\":[{\"@type\":\"ListItem\",\"position\":1,\"name\":\"Portada\",\"item\":\"https:\/\/futbolhoy.co\/\"},{\"@type\":\"ListItem\",\"position\":2,\"name\":\"Video: Pol\u00e9micas im\u00e1genes de Jenni Hermoso bromeando sobre pico de Rubiales\"}]},{\"@type\":\"WebSite\",\"@id\":\"https:\/\/futbolhoy.co\/#website\",\"url\":\"https:\/\/futbolhoy.co\/\",\"name\":\"FutbolHoy\",\"description\":\"\",\"publisher\":{\"@id\":\"https:\/\/futbolhoy.co\/#organization\"},\"potentialAction\":[{\"@type\":\"SearchAction\",\"target\":{\"@type\":\"EntryPoint\",\"urlTemplate\":\"https:\/\/futbolhoy.co\/?s={search_term_string}\"},\"query-input\":{\"@type\":\"PropertyValueSpecification\",\"valueRequired\":true,\"valueName\":\"search_term_string\"}}],\"inLanguage\":\"es\"},{\"@type\":\"Organization\",\"@id\":\"https:\/\/futbolhoy.co\/#organization\",\"name\":\"Futbolhoy.co\",\"url\":\"https:\/\/futbolhoy.co\/\",\"logo\":{\"@type\":\"ImageObject\",\"inLanguage\":\"es\",\"@id\":\"https:\/\/futbolhoy.co\/#\/schema\/logo\/image\/\",\"url\":\"https:\/\/futbolhoy.co\/wp-content\/uploads\/2018\/08\/17426380_1906371736249227_6326180412931521141_n.jpg\",\"contentUrl\":\"https:\/\/futbolhoy.co\/wp-content\/uploads\/2018\/08\/17426380_1906371736249227_6326180412931521141_n.jpg\",\"width\":960,\"height\":960,\"caption\":\"Futbolhoy.co\"},\"image\":{\"@id\":\"https:\/\/futbolhoy.co\/#\/schema\/logo\/image\/\"},\"sameAs\":[\"https:\/\/www.facebook.com\/FutbolHoyCol\/\",\"https:\/\/x.com\/FutbolHoyCol\",\"https:\/\/www.instagram.com\/futbolhoycol\/\"]},{\"@type\":\"Person\",\"@id\":\"https:\/\/futbolhoy.co\/#\/schema\/person\/1721b69355b6623eaff15ac7b92d4cc3\",\"name\":\"contenido\",\"image\":{\"@type\":\"ImageObject\",\"inLanguage\":\"es\",\"@id\":\"https:\/\/futbolhoy.co\/#\/schema\/person\/image\/\",\"url\":\"https:\/\/secure.gravatar.com\/avatar\/4f656d3256f5134f466206e7c3941518?s=96&d=mm&r=g\",\"contentUrl\":\"https:\/\/secure.gravatar.com\/avatar\/4f656d3256f5134f466206e7c3941518?s=96&d=mm&r=g\",\"caption\":\"contenido\"}}]}<\/script>\n<!-- \/ Yoast SEO plugin. -->","yoast_head_json":{"title":"Video: Pol\u00e9micas im\u00e1genes de Jenni Hermoso bromeando sobre pico de Rubiales -","robots":{"index":"index","follow":"follow","max-snippet":"max-snippet:-1","max-image-preview":"max-image-preview:large","max-video-preview":"max-video-preview:-1"},"canonical":"https:\/\/futbolhoy.co\/index.php\/2023\/08\/29\/video-polemicas-imagenes-de-jenni-hermoso-bromeando-sobre-pico-de-rubiales\/","og_locale":"es_ES","og_type":"article","og_title":"Video: Pol\u00e9micas im\u00e1genes de Jenni Hermoso bromeando sobre pico de Rubiales -","og_description":"No para la pol\u00e9mica en Espa\u00f1a y el mundo del f\u00fatbol por el pico que Luis Rubiales le dio a Jenni Hermoso en la celebraci\u00f3n del Mundial Femenino. Ahora salieron a la luz im\u00e1genes de la jugadora bromeando con sus compa\u00f1eras sobre el hecho y las cr\u00edticas van y vienen.\u00a0 El presidente de la Real [&hellip;]","og_url":"https:\/\/futbolhoy.co\/index.php\/2023\/08\/29\/video-polemicas-imagenes-de-jenni-hermoso-bromeando-sobre-pico-de-rubiales\/","article_publisher":"https:\/\/www.facebook.com\/FutbolHoyCol\/","article_published_time":"2023-08-29T22:41:56+00:00","article_modified_time":"2023-08-30T12:36:14+00:00","og_image":[{"width":1238,"height":928,"url":"https:\/\/futbolhoy.co\/wp-content\/uploads\/2023\/08\/Jenni-Hemoso.png","type":"image\/png"}],"author":"contenido","twitter_card":"summary_large_image","twitter_creator":"@FutbolHoyCol","twitter_site":"@FutbolHoyCol","twitter_misc":{"Escrito por":"contenido","Tiempo de lectura":"2 minutos"},"schema":{"@context":"https:\/\/schema.org","@graph":[{"@type":"Article","@id":"https:\/\/futbolhoy.co\/index.php\/2023\/08\/29\/video-polemicas-imagenes-de-jenni-hermoso-bromeando-sobre-pico-de-rubiales\/#article","isPartOf":{"@id":"https:\/\/futbolhoy.co\/index.php\/2023\/08\/29\/video-polemicas-imagenes-de-jenni-hermoso-bromeando-sobre-pico-de-rubiales\/"},"author":{"name":"contenido","@id":"https:\/\/futbolhoy.co\/#\/schema\/person\/1721b69355b6623eaff15ac7b92d4cc3"},"headline":"Video: Pol\u00e9micas im\u00e1genes de Jenni Hermoso bromeando sobre pico de Rubiales","datePublished":"2023-08-29T22:41:56+00:00","dateModified":"2023-08-30T12:36:14+00:00","mainEntityOfPage":{"@id":"https:\/\/futbolhoy.co\/index.php\/2023\/08\/29\/video-polemicas-imagenes-de-jenni-hermoso-bromeando-sobre-pico-de-rubiales\/"},"wordCount":474,"commentCount":0,"publisher":{"@id":"https:\/\/futbolhoy.co\/#organization"},"image":{"@id":"https:\/\/futbolhoy.co\/index.php\/2023\/08\/29\/video-polemicas-imagenes-de-jenni-hermoso-bromeando-sobre-pico-de-rubiales\/#primaryimage"},"thumbnailUrl":"https:\/\/futbolhoy.co\/wp-content\/uploads\/2023\/08\/Jenni-Hemoso.png","articleSection":["Mundo Futbol"],"inLanguage":"es","potentialAction":[{"@type":"CommentAction","name":"Comment","target":["https:\/\/futbolhoy.co\/index.php\/2023\/08\/29\/video-polemicas-imagenes-de-jenni-hermoso-bromeando-sobre-pico-de-rubiales\/#respond"]}]},{"@type":"WebPage","@id":"https:\/\/futbolhoy.co\/index.php\/2023\/08\/29\/video-polemicas-imagenes-de-jenni-hermoso-bromeando-sobre-pico-de-rubiales\/","url":"https:\/\/futbolhoy.co\/index.php\/2023\/08\/29\/video-polemicas-imagenes-de-jenni-hermoso-bromeando-sobre-pico-de-rubiales\/","name":"Video: Pol\u00e9micas im\u00e1genes de Jenni Hermoso bromeando sobre pico de Rubiales -","isPartOf":{"@id":"https:\/\/futbolhoy.co\/#website"},"primaryImageOfPage":{"@id":"https:\/\/futbolhoy.co\/index.php\/2023\/08\/29\/video-polemicas-imagenes-de-jenni-hermoso-bromeando-sobre-pico-de-rubiales\/#primaryimage"},"image":{"@id":"https:\/\/futbolhoy.co\/index.php\/2023\/08\/29\/video-polemicas-imagenes-de-jenni-hermoso-bromeando-sobre-pico-de-rubiales\/#primaryimage"},"thumbnailUrl":"https:\/\/futbolhoy.co\/wp-content\/uploads\/2023\/08\/Jenni-Hemoso.png","datePublished":"2023-08-29T22:41:56+00:00","dateModified":"2023-08-30T12:36:14+00:00","breadcrumb":{"@id":"https:\/\/futbolhoy.co\/index.php\/2023\/08\/29\/video-polemicas-imagenes-de-jenni-hermoso-bromeando-sobre-pico-de-rubiales\/#breadcrumb"},"inLanguage":"es","potentialAction":[{"@type":"ReadAction","target":["https:\/\/futbolhoy.co\/index.php\/2023\/08\/29\/video-polemicas-imagenes-de-jenni-hermoso-bromeando-sobre-pico-de-rubiales\/"]}]},{"@type":"ImageObject","inLanguage":"es","@id":"https:\/\/futbolhoy.co\/index.php\/2023\/08\/29\/video-polemicas-imagenes-de-jenni-hermoso-bromeando-sobre-pico-de-rubiales\/#primaryimage","url":"https:\/\/futbolhoy.co\/wp-content\/uploads\/2023\/08\/Jenni-Hemoso.png","contentUrl":"https:\/\/futbolhoy.co\/wp-content\/uploads\/2023\/08\/Jenni-Hemoso.png","width":1238,"height":928},{"@type":"BreadcrumbList","@id":"https:\/\/futbolhoy.co\/index.php\/2023\/08\/29\/video-polemicas-imagenes-de-jenni-hermoso-bromeando-sobre-pico-de-rubiales\/#breadcrumb","itemListElement":[{"@type":"ListItem","position":1,"name":"Portada","item":"https:\/\/futbolhoy.co\/"},{"@type":"ListItem","position":2,"name":"Video: Pol\u00e9micas im\u00e1genes de Jenni Hermoso bromeando sobre pico de Rubiales"}]},{"@type":"WebSite","@id":"https:\/\/futbolhoy.co\/#website","url":"https:\/\/futbolhoy.co\/","name":"FutbolHoy","description":"","publisher":{"@id":"https:\/\/futbolhoy.co\/#organization"},"potentialAction":[{"@type":"SearchAction","target":{"@type":"EntryPoint","urlTemplate":"https:\/\/futbolhoy.co\/?s={search_term_string}"},"query-input":{"@type":"PropertyValueSpecification","valueRequired":true,"valueName":"search_term_string"}}],"inLanguage":"es"},{"@type":"Organization","@id":"https:\/\/futbolhoy.co\/#organization","name":"Futbolhoy.co","url":"https:\/\/futbolhoy.co\/","logo":{"@type":"ImageObject","inLanguage":"es","@id":"https:\/\/futbolhoy.co\/#\/schema\/logo\/image\/","url":"https:\/\/futbolhoy.co\/wp-content\/uploads\/2018\/08\/17426380_1906371736249227_6326180412931521141_n.jpg","contentUrl":"https:\/\/futbolhoy.co\/wp-content\/uploads\/2018\/08\/17426380_1906371736249227_6326180412931521141_n.jpg","width":960,"height":960,"caption":"Futbolhoy.co"},"image":{"@id":"https:\/\/futbolhoy.co\/#\/schema\/logo\/image\/"},"sameAs":["https:\/\/www.facebook.com\/FutbolHoyCol\/","https:\/\/x.com\/FutbolHoyCol","https:\/\/www.instagram.com\/futbolhoycol\/"]},{"@type":"Person","@id":"https:\/\/futbolhoy.co\/#\/schema\/person\/1721b69355b6623eaff15ac7b92d4cc3","name":"contenido","image":{"@type":"ImageObject","inLanguage":"es","@id":"https:\/\/futbolhoy.co\/#\/schema\/person\/image\/","url":"https:\/\/secure.gravatar.com\/avatar\/4f656d3256f5134f466206e7c3941518?s=96&d=mm&r=g","contentUrl":"https:\/\/secure.gravatar.com\/avatar\/4f656d3256f5134f466206e7c3941518?s=96&d=mm&r=g","caption":"contenido"}}]}},"publishpress_future_action":{"enabled":false,"date":"2026-05-06 02:36:11","action":"change-status","newStatus":"draft","terms":[],"taxonomy":"category","extraData":[]},"publishpress_future_workflow_manual_trigger":{"enabledWorkflows":[]},"_links":{"self":[{"href":"https:\/\/futbolhoy.co\/index.php\/wp-json\/wp\/v2\/posts\/98575","targetHints":{"allow":["GET"]}}],"collection":[{"href":"https:\/\/futbolhoy.co\/index.php\/wp-json\/wp\/v2\/posts"}],"about":[{"href":"https:\/\/futbolhoy.co\/index.php\/wp-json\/wp\/v2\/types\/post"}],"author":[{"embeddable":true,"href":"https:\/\/futbolhoy.co\/index.php\/wp-json\/wp\/v2\/users\/4"}],"replies":[{"embeddable":true,"href":"https:\/\/futbolhoy.co\/index.php\/wp-json\/wp\/v2\/comments?post=98575"}],"version-history":[{"count":3,"href":"https:\/\/futbolhoy.co\/index.php\/wp-json\/wp\/v2\/posts\/98575\/revisions"}],"predecessor-version":[{"id":98578,"href":"https:\/\/futbolhoy.co\/index.php\/wp-json\/wp\/v2\/posts\/98575\/revisions\/98578"}],"wp:featuredmedia":[{"embeddable":true,"href":"https:\/\/futbolhoy.co\/index.php\/wp-json\/wp\/v2\/media\/98435"}],"wp:attachment":[{"href":"https:\/\/futbolhoy.co\/index.php\/wp-json\/wp\/v2\/media?parent=98575"}],"wp:term":[{"taxonomy":"category","embeddable":true,"href":"https:\/\/futbolhoy.co\/index.php\/wp-json\/wp\/v2\/categories?post=98575"},{"taxonomy":"post_tag","embeddable":true,"href":"https:\/\/futbolhoy.co\/index.php\/wp-json\/wp\/v2\/tags?post=98575"}],"curies":[{"name":"wp","href":"https:\/\/api.w.org\/{rel}","templated":true}]}}