{"id":98579,"date":"2023-08-29T21:10:32","date_gmt":"2023-08-30T02:10:32","guid":{"rendered":"https:\/\/futbolhoy.co\/?p=98579"},"modified":"2023-08-29T21:10:32","modified_gmt":"2023-08-30T02:10:32","slug":"salio-la-convocatoria-de-mexico-que-paso-con-julian-quinones","status":"publish","type":"post","link":"https:\/\/futbolhoy.co\/index.php\/2023\/08\/29\/salio-la-convocatoria-de-mexico-que-paso-con-julian-quinones\/","title":{"rendered":"Sali\u00f3 la convocatoria de M\u00e9xico: \u00bfQu\u00e9 pas\u00f3 con Juli\u00e1n Qui\u00f1ones?"},"content":{"rendered":"<p style=\"font-weight: 400; text-align: justify;\"><span style=\"font-family: helvetica, arial, sans-serif;\"><span style=\"font-weight: 400;\">La Selecci\u00f3n de M\u00e9xico anunci\u00f3 este martes la lista de convocados para los amistosos ante Australia y Uzbekist\u00e1n en <\/span><b>la fecha FIFA de septiembre<\/b><span style=\"font-weight: 400;\">, pero el colombiano Juli\u00e1n <\/span><b>Qui\u00f1ones<\/b><span style=\"font-weight: 400;\"> no apareci\u00f3 entre los llamados.\u00a0<\/span><\/span><\/p>\n<p style=\"font-weight: 400; text-align: justify;\"><span style=\"font-family: helvetica, arial, sans-serif;\"><span style=\"font-weight: 400;\">La inc\u00f3gnita de si el futbolista nacido en <\/span><b>Colombia jugar\u00e1 con la Selecci\u00f3n Tricolor o con M\u00e9xico<\/b><span style=\"font-weight: 400;\"> ha sido el tema de los \u00faltimos d\u00edas, aunque todo apunta a que la decisi\u00f3n ya est\u00e1 tomada y Qui\u00f1ones se decidi\u00f3 por el Tri.\u00a0<\/span><\/span><\/p>\n<p style=\"font-weight: 400; text-align: justify;\"><span style=\"font-family: helvetica, arial, sans-serif;\"><span style=\"font-weight: 400;\">La lista de <\/span><b>Jaime Lozano sali\u00f3 y la ausencia de Juli\u00e1n Qui\u00f1ones <\/b><span style=\"font-weight: 400;\">sorprendi\u00f3, pero no tanto en M\u00e9xico. Desde ese pa\u00eds afirman que el jugador ya se decidi\u00f3 por el Tri, a pesar de no estar en esta convocatoria, pues no habr\u00eda recibido a tiempo la documentaci\u00f3n como mexicano.\u00a0<\/span><\/span><\/p>\n<p style=\"font-weight: 400; text-align: justify;\"><span style=\"font-family: helvetica, arial, sans-serif;\"><span style=\"font-weight: 400;\">No obstante, <\/span><b>Qui\u00f1\u00f3nes<\/b><span style=\"font-weight: 400;\"> estar\u00eda como jugador convocado fijo para la fecha FIFA de octubre, aseguran medios deportivos de M\u00e9xico y la negativa a Colombia ya ser\u00eda un hecho, pese a que era uno de los opcionados para ser llamado por N\u00e9stor Lorenzo en la <\/span><b>Selecci\u00f3n Colombia.\u00a0<\/b><\/span><\/p>\n","protected":false},"excerpt":{"rendered":"<p>La Selecci\u00f3n de M\u00e9xico anunci\u00f3 este martes la lista de convocados para los amistosos ante Australia y Uzbekist\u00e1n en la fecha FIFA de septiembre, pero el colombiano Juli\u00e1n Qui\u00f1ones no apareci\u00f3 entre los llamados.\u00a0 La inc\u00f3gnita de si el futbolista nacido en Colombia jugar\u00e1 con la Selecci\u00f3n Tricolor o con M\u00e9xico ha sido el tema [&hellip;]<\/p>\n","protected":false},"author":4,"featured_media":98580,"comment_status":"open","ping_status":"open","sticky":false,"template":"","format":"standard","meta":{"_acf_changed":false,"footnotes":""},"categories":[5],"tags":[],"class_list":{"0":"post-98579","1":"post","2":"type-post","3":"status-publish","4":"format-standard","5":"has-post-thumbnail","7":"category-destacados"},"acf":[],"yoast_head":"<!-- This site is optimized with the Yoast SEO plugin v26.8 - https:\/\/yoast.com\/product\/yoast-seo-wordpress\/ -->\n<title>Sali\u00f3 la convocatoria de M\u00e9xico: \u00bfQu\u00e9 pas\u00f3 con Juli\u00e1n Qui\u00f1ones? -<\/title>\n<meta name=\"robots\" content=\"index, follow, max-snippet:-1, max-image-preview:large, max-video-preview:-1\" \/>\n<link rel=\"canonical\" href=\"https:\/\/futbolhoy.co\/index.php\/2023\/08\/29\/salio-la-convocatoria-de-mexico-que-paso-con-julian-quinones\/\" \/>\n<meta property=\"og:locale\" content=\"es_ES\" \/>\n<meta property=\"og:type\" content=\"article\" \/>\n<meta property=\"og:title\" content=\"Sali\u00f3 la convocatoria de M\u00e9xico: \u00bfQu\u00e9 pas\u00f3 con Juli\u00e1n Qui\u00f1ones? -\" \/>\n<meta property=\"og:description\" content=\"La Selecci\u00f3n de M\u00e9xico anunci\u00f3 este martes la lista de convocados para los amistosos ante Australia y Uzbekist\u00e1n en la fecha FIFA de septiembre, pero el colombiano Juli\u00e1n Qui\u00f1ones no apareci\u00f3 entre los llamados.\u00a0 La inc\u00f3gnita de si el futbolista nacido en Colombia jugar\u00e1 con la Selecci\u00f3n Tricolor o con M\u00e9xico ha sido el tema [&hellip;]\" \/>\n<meta property=\"og:url\" content=\"https:\/\/futbolhoy.co\/index.php\/2023\/08\/29\/salio-la-convocatoria-de-mexico-que-paso-con-julian-quinones\/\" \/>\n<meta property=\"article:publisher\" content=\"https:\/\/www.facebook.com\/FutbolHoyCol\/\" \/>\n<meta property=\"article:published_time\" content=\"2023-08-30T02:10:32+00:00\" \/>\n<meta property=\"og:image\" content=\"https:\/\/futbolhoy.co\/wp-content\/uploads\/2023\/08\/IMG_6645.jpeg\" \/>\n\t<meta property=\"og:image:width\" content=\"1260\" \/>\n\t<meta property=\"og:image:height\" content=\"740\" \/>\n\t<meta property=\"og:image:type\" content=\"image\/jpeg\" \/>\n<meta name=\"author\" content=\"contenido\" \/>\n<meta name=\"twitter:card\" content=\"summary_large_image\" \/>\n<meta name=\"twitter:creator\" content=\"@FutbolHoyCol\" \/>\n<meta name=\"twitter:site\" content=\"@FutbolHoyCol\" \/>\n<meta name=\"twitter:label1\" content=\"Escrito por\" \/>\n\t<meta name=\"twitter:data1\" content=\"contenido\" \/>\n\t<meta name=\"twitter:label2\" content=\"Tiempo de lectura\" \/>\n\t<meta name=\"twitter:data2\" content=\"1 minuto\" \/>\n<script type=\"application\/ld+json\" class=\"yoast-schema-graph\">{\"@context\":\"https:\/\/schema.org\",\"@graph\":[{\"@type\":\"Article\",\"@id\":\"https:\/\/futbolhoy.co\/index.php\/2023\/08\/29\/salio-la-convocatoria-de-mexico-que-paso-con-julian-quinones\/#article\",\"isPartOf\":{\"@id\":\"https:\/\/futbolhoy.co\/index.php\/2023\/08\/29\/salio-la-convocatoria-de-mexico-que-paso-con-julian-quinones\/\"},\"author\":{\"name\":\"contenido\",\"@id\":\"https:\/\/futbolhoy.co\/#\/schema\/person\/1721b69355b6623eaff15ac7b92d4cc3\"},\"headline\":\"Sali\u00f3 la convocatoria de M\u00e9xico: \u00bfQu\u00e9 pas\u00f3 con Juli\u00e1n Qui\u00f1ones?\",\"datePublished\":\"2023-08-30T02:10:32+00:00\",\"mainEntityOfPage\":{\"@id\":\"https:\/\/futbolhoy.co\/index.php\/2023\/08\/29\/salio-la-convocatoria-de-mexico-que-paso-con-julian-quinones\/\"},\"wordCount\":207,\"commentCount\":0,\"publisher\":{\"@id\":\"https:\/\/futbolhoy.co\/#organization\"},\"image\":{\"@id\":\"https:\/\/futbolhoy.co\/index.php\/2023\/08\/29\/salio-la-convocatoria-de-mexico-que-paso-con-julian-quinones\/#primaryimage\"},\"thumbnailUrl\":\"https:\/\/futbolhoy.co\/wp-content\/uploads\/2023\/08\/IMG_6645.jpeg\",\"articleSection\":[\"Destacados\"],\"inLanguage\":\"es\",\"potentialAction\":[{\"@type\":\"CommentAction\",\"name\":\"Comment\",\"target\":[\"https:\/\/futbolhoy.co\/index.php\/2023\/08\/29\/salio-la-convocatoria-de-mexico-que-paso-con-julian-quinones\/#respond\"]}]},{\"@type\":\"WebPage\",\"@id\":\"https:\/\/futbolhoy.co\/index.php\/2023\/08\/29\/salio-la-convocatoria-de-mexico-que-paso-con-julian-quinones\/\",\"url\":\"https:\/\/futbolhoy.co\/index.php\/2023\/08\/29\/salio-la-convocatoria-de-mexico-que-paso-con-julian-quinones\/\",\"name\":\"Sali\u00f3 la convocatoria de M\u00e9xico: \u00bfQu\u00e9 pas\u00f3 con Juli\u00e1n Qui\u00f1ones? -\",\"isPartOf\":{\"@id\":\"https:\/\/futbolhoy.co\/#website\"},\"primaryImageOfPage\":{\"@id\":\"https:\/\/futbolhoy.co\/index.php\/2023\/08\/29\/salio-la-convocatoria-de-mexico-que-paso-con-julian-quinones\/#primaryimage\"},\"image\":{\"@id\":\"https:\/\/futbolhoy.co\/index.php\/2023\/08\/29\/salio-la-convocatoria-de-mexico-que-paso-con-julian-quinones\/#primaryimage\"},\"thumbnailUrl\":\"https:\/\/futbolhoy.co\/wp-content\/uploads\/2023\/08\/IMG_6645.jpeg\",\"datePublished\":\"2023-08-30T02:10:32+00:00\",\"breadcrumb\":{\"@id\":\"https:\/\/futbolhoy.co\/index.php\/2023\/08\/29\/salio-la-convocatoria-de-mexico-que-paso-con-julian-quinones\/#breadcrumb\"},\"inLanguage\":\"es\",\"potentialAction\":[{\"@type\":\"ReadAction\",\"target\":[\"https:\/\/futbolhoy.co\/index.php\/2023\/08\/29\/salio-la-convocatoria-de-mexico-que-paso-con-julian-quinones\/\"]}]},{\"@type\":\"ImageObject\",\"inLanguage\":\"es\",\"@id\":\"https:\/\/futbolhoy.co\/index.php\/2023\/08\/29\/salio-la-convocatoria-de-mexico-que-paso-con-julian-quinones\/#primaryimage\",\"url\":\"https:\/\/futbolhoy.co\/wp-content\/uploads\/2023\/08\/IMG_6645.jpeg\",\"contentUrl\":\"https:\/\/futbolhoy.co\/wp-content\/uploads\/2023\/08\/IMG_6645.jpeg\",\"width\":1260,\"height\":740},{\"@type\":\"BreadcrumbList\",\"@id\":\"https:\/\/futbolhoy.co\/index.php\/2023\/08\/29\/salio-la-convocatoria-de-mexico-que-paso-con-julian-quinones\/#breadcrumb\",\"itemListElement\":[{\"@type\":\"ListItem\",\"position\":1,\"name\":\"Portada\",\"item\":\"https:\/\/futbolhoy.co\/\"},{\"@type\":\"ListItem\",\"position\":2,\"name\":\"Sali\u00f3 la convocatoria de M\u00e9xico: \u00bfQu\u00e9 pas\u00f3 con Juli\u00e1n Qui\u00f1ones?\"}]},{\"@type\":\"WebSite\",\"@id\":\"https:\/\/futbolhoy.co\/#website\",\"url\":\"https:\/\/futbolhoy.co\/\",\"name\":\"FutbolHoy\",\"description\":\"\",\"publisher\":{\"@id\":\"https:\/\/futbolhoy.co\/#organization\"},\"potentialAction\":[{\"@type\":\"SearchAction\",\"target\":{\"@type\":\"EntryPoint\",\"urlTemplate\":\"https:\/\/futbolhoy.co\/?s={search_term_string}\"},\"query-input\":{\"@type\":\"PropertyValueSpecification\",\"valueRequired\":true,\"valueName\":\"search_term_string\"}}],\"inLanguage\":\"es\"},{\"@type\":\"Organization\",\"@id\":\"https:\/\/futbolhoy.co\/#organization\",\"name\":\"Futbolhoy.co\",\"url\":\"https:\/\/futbolhoy.co\/\",\"logo\":{\"@type\":\"ImageObject\",\"inLanguage\":\"es\",\"@id\":\"https:\/\/futbolhoy.co\/#\/schema\/logo\/image\/\",\"url\":\"https:\/\/futbolhoy.co\/wp-content\/uploads\/2018\/08\/17426380_1906371736249227_6326180412931521141_n.jpg\",\"contentUrl\":\"https:\/\/futbolhoy.co\/wp-content\/uploads\/2018\/08\/17426380_1906371736249227_6326180412931521141_n.jpg\",\"width\":960,\"height\":960,\"caption\":\"Futbolhoy.co\"},\"image\":{\"@id\":\"https:\/\/futbolhoy.co\/#\/schema\/logo\/image\/\"},\"sameAs\":[\"https:\/\/www.facebook.com\/FutbolHoyCol\/\",\"https:\/\/x.com\/FutbolHoyCol\",\"https:\/\/www.instagram.com\/futbolhoycol\/\"]},{\"@type\":\"Person\",\"@id\":\"https:\/\/futbolhoy.co\/#\/schema\/person\/1721b69355b6623eaff15ac7b92d4cc3\",\"name\":\"contenido\",\"image\":{\"@type\":\"ImageObject\",\"inLanguage\":\"es\",\"@id\":\"https:\/\/futbolhoy.co\/#\/schema\/person\/image\/\",\"url\":\"https:\/\/secure.gravatar.com\/avatar\/4f656d3256f5134f466206e7c3941518?s=96&d=mm&r=g\",\"contentUrl\":\"https:\/\/secure.gravatar.com\/avatar\/4f656d3256f5134f466206e7c3941518?s=96&d=mm&r=g\",\"caption\":\"contenido\"}}]}<\/script>\n<!-- \/ Yoast SEO plugin. -->","yoast_head_json":{"title":"Sali\u00f3 la convocatoria de M\u00e9xico: \u00bfQu\u00e9 pas\u00f3 con Juli\u00e1n Qui\u00f1ones? -","robots":{"index":"index","follow":"follow","max-snippet":"max-snippet:-1","max-image-preview":"max-image-preview:large","max-video-preview":"max-video-preview:-1"},"canonical":"https:\/\/futbolhoy.co\/index.php\/2023\/08\/29\/salio-la-convocatoria-de-mexico-que-paso-con-julian-quinones\/","og_locale":"es_ES","og_type":"article","og_title":"Sali\u00f3 la convocatoria de M\u00e9xico: \u00bfQu\u00e9 pas\u00f3 con Juli\u00e1n Qui\u00f1ones? -","og_description":"La Selecci\u00f3n de M\u00e9xico anunci\u00f3 este martes la lista de convocados para los amistosos ante Australia y Uzbekist\u00e1n en la fecha FIFA de septiembre, pero el colombiano Juli\u00e1n Qui\u00f1ones no apareci\u00f3 entre los llamados.\u00a0 La inc\u00f3gnita de si el futbolista nacido en Colombia jugar\u00e1 con la Selecci\u00f3n Tricolor o con M\u00e9xico ha sido el tema [&hellip;]","og_url":"https:\/\/futbolhoy.co\/index.php\/2023\/08\/29\/salio-la-convocatoria-de-mexico-que-paso-con-julian-quinones\/","article_publisher":"https:\/\/www.facebook.com\/FutbolHoyCol\/","article_published_time":"2023-08-30T02:10:32+00:00","og_image":[{"width":1260,"height":740,"url":"https:\/\/futbolhoy.co\/wp-content\/uploads\/2023\/08\/IMG_6645.jpeg","type":"image\/jpeg"}],"author":"contenido","twitter_card":"summary_large_image","twitter_creator":"@FutbolHoyCol","twitter_site":"@FutbolHoyCol","twitter_misc":{"Escrito por":"contenido","Tiempo de lectura":"1 minuto"},"schema":{"@context":"https:\/\/schema.org","@graph":[{"@type":"Article","@id":"https:\/\/futbolhoy.co\/index.php\/2023\/08\/29\/salio-la-convocatoria-de-mexico-que-paso-con-julian-quinones\/#article","isPartOf":{"@id":"https:\/\/futbolhoy.co\/index.php\/2023\/08\/29\/salio-la-convocatoria-de-mexico-que-paso-con-julian-quinones\/"},"author":{"name":"contenido","@id":"https:\/\/futbolhoy.co\/#\/schema\/person\/1721b69355b6623eaff15ac7b92d4cc3"},"headline":"Sali\u00f3 la convocatoria de M\u00e9xico: \u00bfQu\u00e9 pas\u00f3 con Juli\u00e1n Qui\u00f1ones?","datePublished":"2023-08-30T02:10:32+00:00","mainEntityOfPage":{"@id":"https:\/\/futbolhoy.co\/index.php\/2023\/08\/29\/salio-la-convocatoria-de-mexico-que-paso-con-julian-quinones\/"},"wordCount":207,"commentCount":0,"publisher":{"@id":"https:\/\/futbolhoy.co\/#organization"},"image":{"@id":"https:\/\/futbolhoy.co\/index.php\/2023\/08\/29\/salio-la-convocatoria-de-mexico-que-paso-con-julian-quinones\/#primaryimage"},"thumbnailUrl":"https:\/\/futbolhoy.co\/wp-content\/uploads\/2023\/08\/IMG_6645.jpeg","articleSection":["Destacados"],"inLanguage":"es","potentialAction":[{"@type":"CommentAction","name":"Comment","target":["https:\/\/futbolhoy.co\/index.php\/2023\/08\/29\/salio-la-convocatoria-de-mexico-que-paso-con-julian-quinones\/#respond"]}]},{"@type":"WebPage","@id":"https:\/\/futbolhoy.co\/index.php\/2023\/08\/29\/salio-la-convocatoria-de-mexico-que-paso-con-julian-quinones\/","url":"https:\/\/futbolhoy.co\/index.php\/2023\/08\/29\/salio-la-convocatoria-de-mexico-que-paso-con-julian-quinones\/","name":"Sali\u00f3 la convocatoria de M\u00e9xico: \u00bfQu\u00e9 pas\u00f3 con Juli\u00e1n Qui\u00f1ones? -","isPartOf":{"@id":"https:\/\/futbolhoy.co\/#website"},"primaryImageOfPage":{"@id":"https:\/\/futbolhoy.co\/index.php\/2023\/08\/29\/salio-la-convocatoria-de-mexico-que-paso-con-julian-quinones\/#primaryimage"},"image":{"@id":"https:\/\/futbolhoy.co\/index.php\/2023\/08\/29\/salio-la-convocatoria-de-mexico-que-paso-con-julian-quinones\/#primaryimage"},"thumbnailUrl":"https:\/\/futbolhoy.co\/wp-content\/uploads\/2023\/08\/IMG_6645.jpeg","datePublished":"2023-08-30T02:10:32+00:00","breadcrumb":{"@id":"https:\/\/futbolhoy.co\/index.php\/2023\/08\/29\/salio-la-convocatoria-de-mexico-que-paso-con-julian-quinones\/#breadcrumb"},"inLanguage":"es","potentialAction":[{"@type":"ReadAction","target":["https:\/\/futbolhoy.co\/index.php\/2023\/08\/29\/salio-la-convocatoria-de-mexico-que-paso-con-julian-quinones\/"]}]},{"@type":"ImageObject","inLanguage":"es","@id":"https:\/\/futbolhoy.co\/index.php\/2023\/08\/29\/salio-la-convocatoria-de-mexico-que-paso-con-julian-quinones\/#primaryimage","url":"https:\/\/futbolhoy.co\/wp-content\/uploads\/2023\/08\/IMG_6645.jpeg","contentUrl":"https:\/\/futbolhoy.co\/wp-content\/uploads\/2023\/08\/IMG_6645.jpeg","width":1260,"height":740},{"@type":"BreadcrumbList","@id":"https:\/\/futbolhoy.co\/index.php\/2023\/08\/29\/salio-la-convocatoria-de-mexico-que-paso-con-julian-quinones\/#breadcrumb","itemListElement":[{"@type":"ListItem","position":1,"name":"Portada","item":"https:\/\/futbolhoy.co\/"},{"@type":"ListItem","position":2,"name":"Sali\u00f3 la convocatoria de M\u00e9xico: \u00bfQu\u00e9 pas\u00f3 con Juli\u00e1n Qui\u00f1ones?"}]},{"@type":"WebSite","@id":"https:\/\/futbolhoy.co\/#website","url":"https:\/\/futbolhoy.co\/","name":"FutbolHoy","description":"","publisher":{"@id":"https:\/\/futbolhoy.co\/#organization"},"potentialAction":[{"@type":"SearchAction","target":{"@type":"EntryPoint","urlTemplate":"https:\/\/futbolhoy.co\/?s={search_term_string}"},"query-input":{"@type":"PropertyValueSpecification","valueRequired":true,"valueName":"search_term_string"}}],"inLanguage":"es"},{"@type":"Organization","@id":"https:\/\/futbolhoy.co\/#organization","name":"Futbolhoy.co","url":"https:\/\/futbolhoy.co\/","logo":{"@type":"ImageObject","inLanguage":"es","@id":"https:\/\/futbolhoy.co\/#\/schema\/logo\/image\/","url":"https:\/\/futbolhoy.co\/wp-content\/uploads\/2018\/08\/17426380_1906371736249227_6326180412931521141_n.jpg","contentUrl":"https:\/\/futbolhoy.co\/wp-content\/uploads\/2018\/08\/17426380_1906371736249227_6326180412931521141_n.jpg","width":960,"height":960,"caption":"Futbolhoy.co"},"image":{"@id":"https:\/\/futbolhoy.co\/#\/schema\/logo\/image\/"},"sameAs":["https:\/\/www.facebook.com\/FutbolHoyCol\/","https:\/\/x.com\/FutbolHoyCol","https:\/\/www.instagram.com\/futbolhoycol\/"]},{"@type":"Person","@id":"https:\/\/futbolhoy.co\/#\/schema\/person\/1721b69355b6623eaff15ac7b92d4cc3","name":"contenido","image":{"@type":"ImageObject","inLanguage":"es","@id":"https:\/\/futbolhoy.co\/#\/schema\/person\/image\/","url":"https:\/\/secure.gravatar.com\/avatar\/4f656d3256f5134f466206e7c3941518?s=96&d=mm&r=g","contentUrl":"https:\/\/secure.gravatar.com\/avatar\/4f656d3256f5134f466206e7c3941518?s=96&d=mm&r=g","caption":"contenido"}}]}},"publishpress_future_action":{"enabled":false,"date":"2026-05-05 23:07:00","action":"change-status","newStatus":"draft","terms":[],"taxonomy":"category","extraData":[]},"publishpress_future_workflow_manual_trigger":{"enabledWorkflows":[]},"_links":{"self":[{"href":"https:\/\/futbolhoy.co\/index.php\/wp-json\/wp\/v2\/posts\/98579","targetHints":{"allow":["GET"]}}],"collection":[{"href":"https:\/\/futbolhoy.co\/index.php\/wp-json\/wp\/v2\/posts"}],"about":[{"href":"https:\/\/futbolhoy.co\/index.php\/wp-json\/wp\/v2\/types\/post"}],"author":[{"embeddable":true,"href":"https:\/\/futbolhoy.co\/index.php\/wp-json\/wp\/v2\/users\/4"}],"replies":[{"embeddable":true,"href":"https:\/\/futbolhoy.co\/index.php\/wp-json\/wp\/v2\/comments?post=98579"}],"version-history":[{"count":1,"href":"https:\/\/futbolhoy.co\/index.php\/wp-json\/wp\/v2\/posts\/98579\/revisions"}],"predecessor-version":[{"id":98581,"href":"https:\/\/futbolhoy.co\/index.php\/wp-json\/wp\/v2\/posts\/98579\/revisions\/98581"}],"wp:featuredmedia":[{"embeddable":true,"href":"https:\/\/futbolhoy.co\/index.php\/wp-json\/wp\/v2\/media\/98580"}],"wp:attachment":[{"href":"https:\/\/futbolhoy.co\/index.php\/wp-json\/wp\/v2\/media?parent=98579"}],"wp:term":[{"taxonomy":"category","embeddable":true,"href":"https:\/\/futbolhoy.co\/index.php\/wp-json\/wp\/v2\/categories?post=98579"},{"taxonomy":"post_tag","embeddable":true,"href":"https:\/\/futbolhoy.co\/index.php\/wp-json\/wp\/v2\/tags?post=98579"}],"curies":[{"name":"wp","href":"https:\/\/api.w.org\/{rel}","templated":true}]}}