{"id":98586,"date":"2023-08-30T07:21:34","date_gmt":"2023-08-30T12:21:34","guid":{"rendered":"https:\/\/futbolhoy.co\/?p=98586"},"modified":"2023-08-30T07:21:34","modified_gmt":"2023-08-30T12:21:34","slug":"pereira-quiere-retar-a-la-estadistica-y-busca-el-milagro-ante-palmeiras","status":"publish","type":"post","link":"https:\/\/futbolhoy.co\/index.php\/2023\/08\/30\/pereira-quiere-retar-a-la-estadistica-y-busca-el-milagro-ante-palmeiras\/","title":{"rendered":"Pereira quiere retar a la estad\u00edstica y busca el milagro ante Palmeiras"},"content":{"rendered":"<p style=\"text-align: justify;\"><span style=\"font-family: helvetica, arial, sans-serif;\"><strong>Deportivo Pereira<\/strong> tiene uno de los retos m\u00e1s complicados en toda la historia del club. El conjunto Mateca\u00f1a deber\u00e1 remontar un resultado adverso de cuatro goles si quiere instalarse en semifinales de la <strong>Copa Libertadores.<\/strong> <\/span><\/p>\n<p style=\"text-align: justify;\"><span style=\"font-family: helvetica, arial, sans-serif;\">El cuadro Mateca\u00f1a, que desembarc\u00f3 el domingo descansado en <strong>Brasil<\/strong> porque no tuvo compromisos el fin de semana, tendr\u00e1 que lograr un milagro el mi\u00e9rcoles, ya que hasta ahora ning\u00fan club ha conseguido revertir una derrota por 4-0 en eliminatorias de ida y vuelta en Libertadores.<\/span><\/p>\n<p style=\"text-align: justify;\"><span style=\"font-family: helvetica, arial, sans-serif;\">El conjunto colombiano, adem\u00e1s, es un debutante en el torneo continental y no sabe lo que es vencer en<strong> Brasil. Alejandro Restrepo<\/strong>, tendr\u00e1 que modificar su equipo debido a que el atacant<strong>e Arley Rodr\u00edguez<\/strong> sufri\u00f3 una grave lesi\u00f3n en el partido del mi\u00e9rcoles, por lo que lo m\u00e1s probable es que vuelva a darle la oportunidad a <strong>Adri\u00e1n Balboa.<\/strong><\/span><\/p>\n<p style=\"text-align: justify;\"><span style=\"font-family: helvetica, arial, sans-serif;\">Tras la goleada que le propin\u00f3 la semana pasada en el partido de ida en Colombia al Pereira, al conjunto verde de<strong> S\u00e3o Paulo<\/strong> le basta un empate o una victoria por cualquier marcador en casa para avanzar, algo que lograr\u00e1 incluso hasta perdiendo por tres goles.<\/span><\/p>\n<p style=\"text-align: justify;\"><span style=\"font-family: helvetica, arial, sans-serif;\">El t\u00e9cnico del Palmeiras, el portugu\u00e9s <strong>Abel Ferreira,<\/strong> se niega a reservar parte de sus titulares debido a que no conf\u00eda en la amplia ventaja y a que la prioridad es volver por cuarta vez consecutiva a semifinales y volver a conquistar el t\u00edtulo continental que levant\u00f3 en 2020 y 2021. El volante colombiano Richard R\u00edos, podr\u00eda tener su oportunidad en este encuentro.<\/span><\/p>\n","protected":false},"excerpt":{"rendered":"<p>Deportivo Pereira tiene uno de los retos m\u00e1s complicados en toda la historia del club. El conjunto Mateca\u00f1a deber\u00e1 remontar un resultado adverso de cuatro goles si quiere instalarse en semifinales de la Copa Libertadores. El cuadro Mateca\u00f1a, que desembarc\u00f3 el domingo descansado en Brasil porque no tuvo compromisos el fin de semana, tendr\u00e1 que [&hellip;]<\/p>\n","protected":false},"author":4,"featured_media":98587,"comment_status":"open","ping_status":"open","sticky":false,"template":"","format":"standard","meta":{"_acf_changed":false,"footnotes":""},"categories":[5],"tags":[],"class_list":{"0":"post-98586","1":"post","2":"type-post","3":"status-publish","4":"format-standard","5":"has-post-thumbnail","7":"category-destacados"},"acf":[],"yoast_head":"<!-- This site is optimized with the Yoast SEO plugin v26.8 - https:\/\/yoast.com\/product\/yoast-seo-wordpress\/ -->\n<title>Pereira quiere retar a la estad\u00edstica y busca el milagro ante Palmeiras -<\/title>\n<meta name=\"robots\" content=\"index, follow, max-snippet:-1, max-image-preview:large, max-video-preview:-1\" \/>\n<link rel=\"canonical\" href=\"https:\/\/futbolhoy.co\/index.php\/2023\/08\/30\/pereira-quiere-retar-a-la-estadistica-y-busca-el-milagro-ante-palmeiras\/\" \/>\n<meta property=\"og:locale\" content=\"es_ES\" \/>\n<meta property=\"og:type\" content=\"article\" \/>\n<meta property=\"og:title\" content=\"Pereira quiere retar a la estad\u00edstica y busca el milagro ante Palmeiras -\" \/>\n<meta property=\"og:description\" content=\"Deportivo Pereira tiene uno de los retos m\u00e1s complicados en toda la historia del club. El conjunto Mateca\u00f1a deber\u00e1 remontar un resultado adverso de cuatro goles si quiere instalarse en semifinales de la Copa Libertadores. El cuadro Mateca\u00f1a, que desembarc\u00f3 el domingo descansado en Brasil porque no tuvo compromisos el fin de semana, tendr\u00e1 que [&hellip;]\" \/>\n<meta property=\"og:url\" content=\"https:\/\/futbolhoy.co\/index.php\/2023\/08\/30\/pereira-quiere-retar-a-la-estadistica-y-busca-el-milagro-ante-palmeiras\/\" \/>\n<meta property=\"article:publisher\" content=\"https:\/\/www.facebook.com\/FutbolHoyCol\/\" \/>\n<meta property=\"article:published_time\" content=\"2023-08-30T12:21:34+00:00\" \/>\n<meta property=\"og:image\" content=\"https:\/\/futbolhoy.co\/wp-content\/uploads\/2023\/08\/F4tSxzMWQAEhnKF.jpg\" \/>\n\t<meta property=\"og:image:width\" content=\"2048\" \/>\n\t<meta property=\"og:image:height\" content=\"1638\" \/>\n\t<meta property=\"og:image:type\" content=\"image\/jpeg\" \/>\n<meta name=\"author\" content=\"contenido\" \/>\n<meta name=\"twitter:card\" content=\"summary_large_image\" \/>\n<meta name=\"twitter:creator\" content=\"@FutbolHoyCol\" \/>\n<meta name=\"twitter:site\" content=\"@FutbolHoyCol\" \/>\n<meta name=\"twitter:label1\" content=\"Escrito por\" \/>\n\t<meta name=\"twitter:data1\" content=\"contenido\" \/>\n\t<meta name=\"twitter:label2\" content=\"Tiempo de lectura\" \/>\n\t<meta name=\"twitter:data2\" content=\"1 minuto\" \/>\n<script type=\"application\/ld+json\" class=\"yoast-schema-graph\">{\"@context\":\"https:\/\/schema.org\",\"@graph\":[{\"@type\":\"Article\",\"@id\":\"https:\/\/futbolhoy.co\/index.php\/2023\/08\/30\/pereira-quiere-retar-a-la-estadistica-y-busca-el-milagro-ante-palmeiras\/#article\",\"isPartOf\":{\"@id\":\"https:\/\/futbolhoy.co\/index.php\/2023\/08\/30\/pereira-quiere-retar-a-la-estadistica-y-busca-el-milagro-ante-palmeiras\/\"},\"author\":{\"name\":\"contenido\",\"@id\":\"https:\/\/futbolhoy.co\/#\/schema\/person\/1721b69355b6623eaff15ac7b92d4cc3\"},\"headline\":\"Pereira quiere retar a la estad\u00edstica y busca el milagro ante Palmeiras\",\"datePublished\":\"2023-08-30T12:21:34+00:00\",\"mainEntityOfPage\":{\"@id\":\"https:\/\/futbolhoy.co\/index.php\/2023\/08\/30\/pereira-quiere-retar-a-la-estadistica-y-busca-el-milagro-ante-palmeiras\/\"},\"wordCount\":279,\"commentCount\":0,\"publisher\":{\"@id\":\"https:\/\/futbolhoy.co\/#organization\"},\"image\":{\"@id\":\"https:\/\/futbolhoy.co\/index.php\/2023\/08\/30\/pereira-quiere-retar-a-la-estadistica-y-busca-el-milagro-ante-palmeiras\/#primaryimage\"},\"thumbnailUrl\":\"https:\/\/futbolhoy.co\/wp-content\/uploads\/2023\/08\/F4tSxzMWQAEhnKF.jpg\",\"articleSection\":[\"Destacados\"],\"inLanguage\":\"es\",\"potentialAction\":[{\"@type\":\"CommentAction\",\"name\":\"Comment\",\"target\":[\"https:\/\/futbolhoy.co\/index.php\/2023\/08\/30\/pereira-quiere-retar-a-la-estadistica-y-busca-el-milagro-ante-palmeiras\/#respond\"]}]},{\"@type\":\"WebPage\",\"@id\":\"https:\/\/futbolhoy.co\/index.php\/2023\/08\/30\/pereira-quiere-retar-a-la-estadistica-y-busca-el-milagro-ante-palmeiras\/\",\"url\":\"https:\/\/futbolhoy.co\/index.php\/2023\/08\/30\/pereira-quiere-retar-a-la-estadistica-y-busca-el-milagro-ante-palmeiras\/\",\"name\":\"Pereira quiere retar a la estad\u00edstica y busca el milagro ante Palmeiras -\",\"isPartOf\":{\"@id\":\"https:\/\/futbolhoy.co\/#website\"},\"primaryImageOfPage\":{\"@id\":\"https:\/\/futbolhoy.co\/index.php\/2023\/08\/30\/pereira-quiere-retar-a-la-estadistica-y-busca-el-milagro-ante-palmeiras\/#primaryimage\"},\"image\":{\"@id\":\"https:\/\/futbolhoy.co\/index.php\/2023\/08\/30\/pereira-quiere-retar-a-la-estadistica-y-busca-el-milagro-ante-palmeiras\/#primaryimage\"},\"thumbnailUrl\":\"https:\/\/futbolhoy.co\/wp-content\/uploads\/2023\/08\/F4tSxzMWQAEhnKF.jpg\",\"datePublished\":\"2023-08-30T12:21:34+00:00\",\"breadcrumb\":{\"@id\":\"https:\/\/futbolhoy.co\/index.php\/2023\/08\/30\/pereira-quiere-retar-a-la-estadistica-y-busca-el-milagro-ante-palmeiras\/#breadcrumb\"},\"inLanguage\":\"es\",\"potentialAction\":[{\"@type\":\"ReadAction\",\"target\":[\"https:\/\/futbolhoy.co\/index.php\/2023\/08\/30\/pereira-quiere-retar-a-la-estadistica-y-busca-el-milagro-ante-palmeiras\/\"]}]},{\"@type\":\"ImageObject\",\"inLanguage\":\"es\",\"@id\":\"https:\/\/futbolhoy.co\/index.php\/2023\/08\/30\/pereira-quiere-retar-a-la-estadistica-y-busca-el-milagro-ante-palmeiras\/#primaryimage\",\"url\":\"https:\/\/futbolhoy.co\/wp-content\/uploads\/2023\/08\/F4tSxzMWQAEhnKF.jpg\",\"contentUrl\":\"https:\/\/futbolhoy.co\/wp-content\/uploads\/2023\/08\/F4tSxzMWQAEhnKF.jpg\",\"width\":2048,\"height\":1638},{\"@type\":\"BreadcrumbList\",\"@id\":\"https:\/\/futbolhoy.co\/index.php\/2023\/08\/30\/pereira-quiere-retar-a-la-estadistica-y-busca-el-milagro-ante-palmeiras\/#breadcrumb\",\"itemListElement\":[{\"@type\":\"ListItem\",\"position\":1,\"name\":\"Portada\",\"item\":\"https:\/\/futbolhoy.co\/\"},{\"@type\":\"ListItem\",\"position\":2,\"name\":\"Pereira quiere retar a la estad\u00edstica y busca el milagro ante Palmeiras\"}]},{\"@type\":\"WebSite\",\"@id\":\"https:\/\/futbolhoy.co\/#website\",\"url\":\"https:\/\/futbolhoy.co\/\",\"name\":\"FutbolHoy\",\"description\":\"\",\"publisher\":{\"@id\":\"https:\/\/futbolhoy.co\/#organization\"},\"potentialAction\":[{\"@type\":\"SearchAction\",\"target\":{\"@type\":\"EntryPoint\",\"urlTemplate\":\"https:\/\/futbolhoy.co\/?s={search_term_string}\"},\"query-input\":{\"@type\":\"PropertyValueSpecification\",\"valueRequired\":true,\"valueName\":\"search_term_string\"}}],\"inLanguage\":\"es\"},{\"@type\":\"Organization\",\"@id\":\"https:\/\/futbolhoy.co\/#organization\",\"name\":\"Futbolhoy.co\",\"url\":\"https:\/\/futbolhoy.co\/\",\"logo\":{\"@type\":\"ImageObject\",\"inLanguage\":\"es\",\"@id\":\"https:\/\/futbolhoy.co\/#\/schema\/logo\/image\/\",\"url\":\"https:\/\/futbolhoy.co\/wp-content\/uploads\/2018\/08\/17426380_1906371736249227_6326180412931521141_n.jpg\",\"contentUrl\":\"https:\/\/futbolhoy.co\/wp-content\/uploads\/2018\/08\/17426380_1906371736249227_6326180412931521141_n.jpg\",\"width\":960,\"height\":960,\"caption\":\"Futbolhoy.co\"},\"image\":{\"@id\":\"https:\/\/futbolhoy.co\/#\/schema\/logo\/image\/\"},\"sameAs\":[\"https:\/\/www.facebook.com\/FutbolHoyCol\/\",\"https:\/\/x.com\/FutbolHoyCol\",\"https:\/\/www.instagram.com\/futbolhoycol\/\"]},{\"@type\":\"Person\",\"@id\":\"https:\/\/futbolhoy.co\/#\/schema\/person\/1721b69355b6623eaff15ac7b92d4cc3\",\"name\":\"contenido\",\"image\":{\"@type\":\"ImageObject\",\"inLanguage\":\"es\",\"@id\":\"https:\/\/futbolhoy.co\/#\/schema\/person\/image\/\",\"url\":\"https:\/\/secure.gravatar.com\/avatar\/4f656d3256f5134f466206e7c3941518?s=96&d=mm&r=g\",\"contentUrl\":\"https:\/\/secure.gravatar.com\/avatar\/4f656d3256f5134f466206e7c3941518?s=96&d=mm&r=g\",\"caption\":\"contenido\"}}]}<\/script>\n<!-- \/ Yoast SEO plugin. -->","yoast_head_json":{"title":"Pereira quiere retar a la estad\u00edstica y busca el milagro ante Palmeiras -","robots":{"index":"index","follow":"follow","max-snippet":"max-snippet:-1","max-image-preview":"max-image-preview:large","max-video-preview":"max-video-preview:-1"},"canonical":"https:\/\/futbolhoy.co\/index.php\/2023\/08\/30\/pereira-quiere-retar-a-la-estadistica-y-busca-el-milagro-ante-palmeiras\/","og_locale":"es_ES","og_type":"article","og_title":"Pereira quiere retar a la estad\u00edstica y busca el milagro ante Palmeiras -","og_description":"Deportivo Pereira tiene uno de los retos m\u00e1s complicados en toda la historia del club. El conjunto Mateca\u00f1a deber\u00e1 remontar un resultado adverso de cuatro goles si quiere instalarse en semifinales de la Copa Libertadores. El cuadro Mateca\u00f1a, que desembarc\u00f3 el domingo descansado en Brasil porque no tuvo compromisos el fin de semana, tendr\u00e1 que [&hellip;]","og_url":"https:\/\/futbolhoy.co\/index.php\/2023\/08\/30\/pereira-quiere-retar-a-la-estadistica-y-busca-el-milagro-ante-palmeiras\/","article_publisher":"https:\/\/www.facebook.com\/FutbolHoyCol\/","article_published_time":"2023-08-30T12:21:34+00:00","og_image":[{"width":2048,"height":1638,"url":"https:\/\/futbolhoy.co\/wp-content\/uploads\/2023\/08\/F4tSxzMWQAEhnKF.jpg","type":"image\/jpeg"}],"author":"contenido","twitter_card":"summary_large_image","twitter_creator":"@FutbolHoyCol","twitter_site":"@FutbolHoyCol","twitter_misc":{"Escrito por":"contenido","Tiempo de lectura":"1 minuto"},"schema":{"@context":"https:\/\/schema.org","@graph":[{"@type":"Article","@id":"https:\/\/futbolhoy.co\/index.php\/2023\/08\/30\/pereira-quiere-retar-a-la-estadistica-y-busca-el-milagro-ante-palmeiras\/#article","isPartOf":{"@id":"https:\/\/futbolhoy.co\/index.php\/2023\/08\/30\/pereira-quiere-retar-a-la-estadistica-y-busca-el-milagro-ante-palmeiras\/"},"author":{"name":"contenido","@id":"https:\/\/futbolhoy.co\/#\/schema\/person\/1721b69355b6623eaff15ac7b92d4cc3"},"headline":"Pereira quiere retar a la estad\u00edstica y busca el milagro ante Palmeiras","datePublished":"2023-08-30T12:21:34+00:00","mainEntityOfPage":{"@id":"https:\/\/futbolhoy.co\/index.php\/2023\/08\/30\/pereira-quiere-retar-a-la-estadistica-y-busca-el-milagro-ante-palmeiras\/"},"wordCount":279,"commentCount":0,"publisher":{"@id":"https:\/\/futbolhoy.co\/#organization"},"image":{"@id":"https:\/\/futbolhoy.co\/index.php\/2023\/08\/30\/pereira-quiere-retar-a-la-estadistica-y-busca-el-milagro-ante-palmeiras\/#primaryimage"},"thumbnailUrl":"https:\/\/futbolhoy.co\/wp-content\/uploads\/2023\/08\/F4tSxzMWQAEhnKF.jpg","articleSection":["Destacados"],"inLanguage":"es","potentialAction":[{"@type":"CommentAction","name":"Comment","target":["https:\/\/futbolhoy.co\/index.php\/2023\/08\/30\/pereira-quiere-retar-a-la-estadistica-y-busca-el-milagro-ante-palmeiras\/#respond"]}]},{"@type":"WebPage","@id":"https:\/\/futbolhoy.co\/index.php\/2023\/08\/30\/pereira-quiere-retar-a-la-estadistica-y-busca-el-milagro-ante-palmeiras\/","url":"https:\/\/futbolhoy.co\/index.php\/2023\/08\/30\/pereira-quiere-retar-a-la-estadistica-y-busca-el-milagro-ante-palmeiras\/","name":"Pereira quiere retar a la estad\u00edstica y busca el milagro ante Palmeiras -","isPartOf":{"@id":"https:\/\/futbolhoy.co\/#website"},"primaryImageOfPage":{"@id":"https:\/\/futbolhoy.co\/index.php\/2023\/08\/30\/pereira-quiere-retar-a-la-estadistica-y-busca-el-milagro-ante-palmeiras\/#primaryimage"},"image":{"@id":"https:\/\/futbolhoy.co\/index.php\/2023\/08\/30\/pereira-quiere-retar-a-la-estadistica-y-busca-el-milagro-ante-palmeiras\/#primaryimage"},"thumbnailUrl":"https:\/\/futbolhoy.co\/wp-content\/uploads\/2023\/08\/F4tSxzMWQAEhnKF.jpg","datePublished":"2023-08-30T12:21:34+00:00","breadcrumb":{"@id":"https:\/\/futbolhoy.co\/index.php\/2023\/08\/30\/pereira-quiere-retar-a-la-estadistica-y-busca-el-milagro-ante-palmeiras\/#breadcrumb"},"inLanguage":"es","potentialAction":[{"@type":"ReadAction","target":["https:\/\/futbolhoy.co\/index.php\/2023\/08\/30\/pereira-quiere-retar-a-la-estadistica-y-busca-el-milagro-ante-palmeiras\/"]}]},{"@type":"ImageObject","inLanguage":"es","@id":"https:\/\/futbolhoy.co\/index.php\/2023\/08\/30\/pereira-quiere-retar-a-la-estadistica-y-busca-el-milagro-ante-palmeiras\/#primaryimage","url":"https:\/\/futbolhoy.co\/wp-content\/uploads\/2023\/08\/F4tSxzMWQAEhnKF.jpg","contentUrl":"https:\/\/futbolhoy.co\/wp-content\/uploads\/2023\/08\/F4tSxzMWQAEhnKF.jpg","width":2048,"height":1638},{"@type":"BreadcrumbList","@id":"https:\/\/futbolhoy.co\/index.php\/2023\/08\/30\/pereira-quiere-retar-a-la-estadistica-y-busca-el-milagro-ante-palmeiras\/#breadcrumb","itemListElement":[{"@type":"ListItem","position":1,"name":"Portada","item":"https:\/\/futbolhoy.co\/"},{"@type":"ListItem","position":2,"name":"Pereira quiere retar a la estad\u00edstica y busca el milagro ante Palmeiras"}]},{"@type":"WebSite","@id":"https:\/\/futbolhoy.co\/#website","url":"https:\/\/futbolhoy.co\/","name":"FutbolHoy","description":"","publisher":{"@id":"https:\/\/futbolhoy.co\/#organization"},"potentialAction":[{"@type":"SearchAction","target":{"@type":"EntryPoint","urlTemplate":"https:\/\/futbolhoy.co\/?s={search_term_string}"},"query-input":{"@type":"PropertyValueSpecification","valueRequired":true,"valueName":"search_term_string"}}],"inLanguage":"es"},{"@type":"Organization","@id":"https:\/\/futbolhoy.co\/#organization","name":"Futbolhoy.co","url":"https:\/\/futbolhoy.co\/","logo":{"@type":"ImageObject","inLanguage":"es","@id":"https:\/\/futbolhoy.co\/#\/schema\/logo\/image\/","url":"https:\/\/futbolhoy.co\/wp-content\/uploads\/2018\/08\/17426380_1906371736249227_6326180412931521141_n.jpg","contentUrl":"https:\/\/futbolhoy.co\/wp-content\/uploads\/2018\/08\/17426380_1906371736249227_6326180412931521141_n.jpg","width":960,"height":960,"caption":"Futbolhoy.co"},"image":{"@id":"https:\/\/futbolhoy.co\/#\/schema\/logo\/image\/"},"sameAs":["https:\/\/www.facebook.com\/FutbolHoyCol\/","https:\/\/x.com\/FutbolHoyCol","https:\/\/www.instagram.com\/futbolhoycol\/"]},{"@type":"Person","@id":"https:\/\/futbolhoy.co\/#\/schema\/person\/1721b69355b6623eaff15ac7b92d4cc3","name":"contenido","image":{"@type":"ImageObject","inLanguage":"es","@id":"https:\/\/futbolhoy.co\/#\/schema\/person\/image\/","url":"https:\/\/secure.gravatar.com\/avatar\/4f656d3256f5134f466206e7c3941518?s=96&d=mm&r=g","contentUrl":"https:\/\/secure.gravatar.com\/avatar\/4f656d3256f5134f466206e7c3941518?s=96&d=mm&r=g","caption":"contenido"}}]}},"publishpress_future_action":{"enabled":false,"date":"2026-05-05 20:03:35","action":"change-status","newStatus":"draft","terms":[],"taxonomy":"category","extraData":[]},"publishpress_future_workflow_manual_trigger":{"enabledWorkflows":[]},"_links":{"self":[{"href":"https:\/\/futbolhoy.co\/index.php\/wp-json\/wp\/v2\/posts\/98586","targetHints":{"allow":["GET"]}}],"collection":[{"href":"https:\/\/futbolhoy.co\/index.php\/wp-json\/wp\/v2\/posts"}],"about":[{"href":"https:\/\/futbolhoy.co\/index.php\/wp-json\/wp\/v2\/types\/post"}],"author":[{"embeddable":true,"href":"https:\/\/futbolhoy.co\/index.php\/wp-json\/wp\/v2\/users\/4"}],"replies":[{"embeddable":true,"href":"https:\/\/futbolhoy.co\/index.php\/wp-json\/wp\/v2\/comments?post=98586"}],"version-history":[{"count":1,"href":"https:\/\/futbolhoy.co\/index.php\/wp-json\/wp\/v2\/posts\/98586\/revisions"}],"predecessor-version":[{"id":98588,"href":"https:\/\/futbolhoy.co\/index.php\/wp-json\/wp\/v2\/posts\/98586\/revisions\/98588"}],"wp:featuredmedia":[{"embeddable":true,"href":"https:\/\/futbolhoy.co\/index.php\/wp-json\/wp\/v2\/media\/98587"}],"wp:attachment":[{"href":"https:\/\/futbolhoy.co\/index.php\/wp-json\/wp\/v2\/media?parent=98586"}],"wp:term":[{"taxonomy":"category","embeddable":true,"href":"https:\/\/futbolhoy.co\/index.php\/wp-json\/wp\/v2\/categories?post=98586"},{"taxonomy":"post_tag","embeddable":true,"href":"https:\/\/futbolhoy.co\/index.php\/wp-json\/wp\/v2\/tags?post=98586"}],"curies":[{"name":"wp","href":"https:\/\/api.w.org\/{rel}","templated":true}]}}