{"id":98594,"date":"2023-08-30T09:19:45","date_gmt":"2023-08-30T14:19:45","guid":{"rendered":"https:\/\/futbolhoy.co\/?p=98594"},"modified":"2023-08-31T08:53:29","modified_gmt":"2023-08-31T13:53:29","slug":"jhon-solis-muy-cerca-de-llegar-al-futbol-espanol","status":"publish","type":"post","link":"https:\/\/futbolhoy.co\/index.php\/2023\/08\/30\/jhon-solis-muy-cerca-de-llegar-al-futbol-espanol\/","title":{"rendered":"Jhon Sol\u00eds, muy cerca de llegar al f\u00fatbol espa\u00f1ol"},"content":{"rendered":"<p style=\"text-align: justify;\"><span style=\"font-family: helvetica, arial, sans-serif;\"><strong>Jhon Sol\u00eds<\/strong> futbolista revelaci\u00f3n de <strong>Atl\u00e9tico Nacional<\/strong> y el f\u00fatbol colombiano, tiene todo encaminado para convertirse en nuevo jugador del <strong>Girona<\/strong> de <strong>Espa\u00f1a,<\/strong> equipo que pertenece al <strong>City Group,<\/strong> al que tambi\u00e9n hacen parte<strong> Manchester City, New York City<\/strong>, entre otros.<\/span><\/p>\n<p style=\"text-align: justify;\"><span style=\"font-family: helvetica, arial, sans-serif;\">El mediocampista de 18 a\u00f1os, estuvo siendo pretendido por otros equipos como Talleres, que hab\u00eda ofrecido 3 millones de d\u00f3lares, as\u00ed como <strong>Brighton<\/strong> y <strong>Brentford<\/strong> de la <strong>Premier League.<\/strong> Sin embargo, la operaci\u00f3n con el conjunto espa\u00f1ol va por buen puerto; solo restar\u00edan los ex\u00e1menes m\u00e9dicos y la firma. El acuerdo ser\u00eda por 5 millones de d\u00f3lares por el 80% de los derechos del jugador.<\/span><\/p>\n<p style=\"text-align: justify;\"><span style=\"font-family: helvetica, arial, sans-serif;\">Sol\u00eds, convocado por la<strong> Selecci\u00f3n Colombia Sub-23<\/strong> para los amistosos de preparaci\u00f3n de cara al <strong>Campeonato Preol\u00edmpico,<\/strong> llegar\u00eda al equipo catal\u00e1n para llenar el hueco que dej\u00f3 en la plantilla la salida del volante Oriol <strong>Romeu,<\/strong> quien tom\u00f3 destino al Barcelona. El entrenador, <strong>M\u00edchel,<\/strong> estaba buscando un pivote y encontr\u00f3 en el colombiano, un buen jugador para suplir ese espacio.<\/span><\/p>\n<p style=\"text-align: justify;\"><span style=\"font-family: helvetica, arial, sans-serif;\">Sol\u00eds, surgido en la cantera de Nacional, disput\u00f3 38 juegos en el equipo verde, en el que gan\u00f3 la<strong> Liga Colombiana (Apertura 2022) y la Supercopa de Colombia ante Deportivo Pereira.<\/strong> Tambi\u00e9n ha sido parte de la Selecci\u00f3n Sub-15, con la que jug\u00f3 el <strong>Sudamericano de Chile.<\/strong><\/span><\/p>\n","protected":false},"excerpt":{"rendered":"<p>Jhon Sol\u00eds futbolista revelaci\u00f3n de Atl\u00e9tico Nacional y el f\u00fatbol colombiano, tiene todo encaminado para convertirse en nuevo jugador del Girona de Espa\u00f1a, equipo que pertenece al City Group, al que tambi\u00e9n hacen parte Manchester City, New York City, entre otros. El mediocampista de 18 a\u00f1os, estuvo siendo pretendido por otros equipos como Talleres, que [&hellip;]<\/p>\n","protected":false},"author":4,"featured_media":98596,"comment_status":"open","ping_status":"open","sticky":false,"template":"","format":"standard","meta":{"_acf_changed":false,"footnotes":""},"categories":[7],"tags":[],"class_list":{"0":"post-98594","1":"post","2":"type-post","3":"status-publish","4":"format-standard","5":"has-post-thumbnail","7":"category-liga-betplay"},"acf":[],"yoast_head":"<!-- This site is optimized with the Yoast SEO plugin v26.8 - https:\/\/yoast.com\/product\/yoast-seo-wordpress\/ -->\n<title>Jhon Sol\u00eds, muy cerca de llegar al f\u00fatbol espa\u00f1ol -<\/title>\n<meta name=\"robots\" content=\"index, follow, max-snippet:-1, max-image-preview:large, max-video-preview:-1\" \/>\n<link rel=\"canonical\" href=\"https:\/\/futbolhoy.co\/index.php\/2023\/08\/30\/jhon-solis-muy-cerca-de-llegar-al-futbol-espanol\/\" \/>\n<meta property=\"og:locale\" content=\"es_ES\" \/>\n<meta property=\"og:type\" content=\"article\" \/>\n<meta property=\"og:title\" content=\"Jhon Sol\u00eds, muy cerca de llegar al f\u00fatbol espa\u00f1ol -\" \/>\n<meta property=\"og:description\" content=\"Jhon Sol\u00eds futbolista revelaci\u00f3n de Atl\u00e9tico Nacional y el f\u00fatbol colombiano, tiene todo encaminado para convertirse en nuevo jugador del Girona de Espa\u00f1a, equipo que pertenece al City Group, al que tambi\u00e9n hacen parte Manchester City, New York City, entre otros. El mediocampista de 18 a\u00f1os, estuvo siendo pretendido por otros equipos como Talleres, que [&hellip;]\" \/>\n<meta property=\"og:url\" content=\"https:\/\/futbolhoy.co\/index.php\/2023\/08\/30\/jhon-solis-muy-cerca-de-llegar-al-futbol-espanol\/\" \/>\n<meta property=\"article:publisher\" content=\"https:\/\/www.facebook.com\/FutbolHoyCol\/\" \/>\n<meta property=\"article:published_time\" content=\"2023-08-30T14:19:45+00:00\" \/>\n<meta property=\"article:modified_time\" content=\"2023-08-31T13:53:29+00:00\" \/>\n<meta property=\"og:image\" content=\"https:\/\/futbolhoy.co\/wp-content\/uploads\/2023\/08\/F4yEN10WoAAlUXX.jpg\" \/>\n\t<meta property=\"og:image:width\" content=\"1004\" \/>\n\t<meta property=\"og:image:height\" content=\"1004\" \/>\n\t<meta property=\"og:image:type\" content=\"image\/jpeg\" \/>\n<meta name=\"author\" content=\"contenido\" \/>\n<meta name=\"twitter:card\" content=\"summary_large_image\" \/>\n<meta name=\"twitter:creator\" content=\"@FutbolHoyCol\" \/>\n<meta name=\"twitter:site\" content=\"@FutbolHoyCol\" \/>\n<meta name=\"twitter:label1\" content=\"Escrito por\" \/>\n\t<meta name=\"twitter:data1\" content=\"contenido\" \/>\n\t<meta name=\"twitter:label2\" content=\"Tiempo de lectura\" \/>\n\t<meta name=\"twitter:data2\" content=\"1 minuto\" \/>\n<script type=\"application\/ld+json\" class=\"yoast-schema-graph\">{\"@context\":\"https:\/\/schema.org\",\"@graph\":[{\"@type\":\"Article\",\"@id\":\"https:\/\/futbolhoy.co\/index.php\/2023\/08\/30\/jhon-solis-muy-cerca-de-llegar-al-futbol-espanol\/#article\",\"isPartOf\":{\"@id\":\"https:\/\/futbolhoy.co\/index.php\/2023\/08\/30\/jhon-solis-muy-cerca-de-llegar-al-futbol-espanol\/\"},\"author\":{\"name\":\"contenido\",\"@id\":\"https:\/\/futbolhoy.co\/#\/schema\/person\/1721b69355b6623eaff15ac7b92d4cc3\"},\"headline\":\"Jhon Sol\u00eds, muy cerca de llegar al f\u00fatbol espa\u00f1ol\",\"datePublished\":\"2023-08-30T14:19:45+00:00\",\"dateModified\":\"2023-08-31T13:53:29+00:00\",\"mainEntityOfPage\":{\"@id\":\"https:\/\/futbolhoy.co\/index.php\/2023\/08\/30\/jhon-solis-muy-cerca-de-llegar-al-futbol-espanol\/\"},\"wordCount\":245,\"commentCount\":0,\"publisher\":{\"@id\":\"https:\/\/futbolhoy.co\/#organization\"},\"image\":{\"@id\":\"https:\/\/futbolhoy.co\/index.php\/2023\/08\/30\/jhon-solis-muy-cerca-de-llegar-al-futbol-espanol\/#primaryimage\"},\"thumbnailUrl\":\"https:\/\/futbolhoy.co\/wp-content\/uploads\/2023\/08\/F4yEN10WoAAlUXX.jpg\",\"articleSection\":[\"Liga BetPlay\"],\"inLanguage\":\"es\",\"potentialAction\":[{\"@type\":\"CommentAction\",\"name\":\"Comment\",\"target\":[\"https:\/\/futbolhoy.co\/index.php\/2023\/08\/30\/jhon-solis-muy-cerca-de-llegar-al-futbol-espanol\/#respond\"]}]},{\"@type\":\"WebPage\",\"@id\":\"https:\/\/futbolhoy.co\/index.php\/2023\/08\/30\/jhon-solis-muy-cerca-de-llegar-al-futbol-espanol\/\",\"url\":\"https:\/\/futbolhoy.co\/index.php\/2023\/08\/30\/jhon-solis-muy-cerca-de-llegar-al-futbol-espanol\/\",\"name\":\"Jhon Sol\u00eds, muy cerca de llegar al f\u00fatbol espa\u00f1ol -\",\"isPartOf\":{\"@id\":\"https:\/\/futbolhoy.co\/#website\"},\"primaryImageOfPage\":{\"@id\":\"https:\/\/futbolhoy.co\/index.php\/2023\/08\/30\/jhon-solis-muy-cerca-de-llegar-al-futbol-espanol\/#primaryimage\"},\"image\":{\"@id\":\"https:\/\/futbolhoy.co\/index.php\/2023\/08\/30\/jhon-solis-muy-cerca-de-llegar-al-futbol-espanol\/#primaryimage\"},\"thumbnailUrl\":\"https:\/\/futbolhoy.co\/wp-content\/uploads\/2023\/08\/F4yEN10WoAAlUXX.jpg\",\"datePublished\":\"2023-08-30T14:19:45+00:00\",\"dateModified\":\"2023-08-31T13:53:29+00:00\",\"breadcrumb\":{\"@id\":\"https:\/\/futbolhoy.co\/index.php\/2023\/08\/30\/jhon-solis-muy-cerca-de-llegar-al-futbol-espanol\/#breadcrumb\"},\"inLanguage\":\"es\",\"potentialAction\":[{\"@type\":\"ReadAction\",\"target\":[\"https:\/\/futbolhoy.co\/index.php\/2023\/08\/30\/jhon-solis-muy-cerca-de-llegar-al-futbol-espanol\/\"]}]},{\"@type\":\"ImageObject\",\"inLanguage\":\"es\",\"@id\":\"https:\/\/futbolhoy.co\/index.php\/2023\/08\/30\/jhon-solis-muy-cerca-de-llegar-al-futbol-espanol\/#primaryimage\",\"url\":\"https:\/\/futbolhoy.co\/wp-content\/uploads\/2023\/08\/F4yEN10WoAAlUXX.jpg\",\"contentUrl\":\"https:\/\/futbolhoy.co\/wp-content\/uploads\/2023\/08\/F4yEN10WoAAlUXX.jpg\",\"width\":1004,\"height\":1004},{\"@type\":\"BreadcrumbList\",\"@id\":\"https:\/\/futbolhoy.co\/index.php\/2023\/08\/30\/jhon-solis-muy-cerca-de-llegar-al-futbol-espanol\/#breadcrumb\",\"itemListElement\":[{\"@type\":\"ListItem\",\"position\":1,\"name\":\"Portada\",\"item\":\"https:\/\/futbolhoy.co\/\"},{\"@type\":\"ListItem\",\"position\":2,\"name\":\"Jhon Sol\u00eds, muy cerca de llegar al f\u00fatbol espa\u00f1ol\"}]},{\"@type\":\"WebSite\",\"@id\":\"https:\/\/futbolhoy.co\/#website\",\"url\":\"https:\/\/futbolhoy.co\/\",\"name\":\"FutbolHoy\",\"description\":\"\",\"publisher\":{\"@id\":\"https:\/\/futbolhoy.co\/#organization\"},\"potentialAction\":[{\"@type\":\"SearchAction\",\"target\":{\"@type\":\"EntryPoint\",\"urlTemplate\":\"https:\/\/futbolhoy.co\/?s={search_term_string}\"},\"query-input\":{\"@type\":\"PropertyValueSpecification\",\"valueRequired\":true,\"valueName\":\"search_term_string\"}}],\"inLanguage\":\"es\"},{\"@type\":\"Organization\",\"@id\":\"https:\/\/futbolhoy.co\/#organization\",\"name\":\"Futbolhoy.co\",\"url\":\"https:\/\/futbolhoy.co\/\",\"logo\":{\"@type\":\"ImageObject\",\"inLanguage\":\"es\",\"@id\":\"https:\/\/futbolhoy.co\/#\/schema\/logo\/image\/\",\"url\":\"https:\/\/futbolhoy.co\/wp-content\/uploads\/2018\/08\/17426380_1906371736249227_6326180412931521141_n.jpg\",\"contentUrl\":\"https:\/\/futbolhoy.co\/wp-content\/uploads\/2018\/08\/17426380_1906371736249227_6326180412931521141_n.jpg\",\"width\":960,\"height\":960,\"caption\":\"Futbolhoy.co\"},\"image\":{\"@id\":\"https:\/\/futbolhoy.co\/#\/schema\/logo\/image\/\"},\"sameAs\":[\"https:\/\/www.facebook.com\/FutbolHoyCol\/\",\"https:\/\/x.com\/FutbolHoyCol\",\"https:\/\/www.instagram.com\/futbolhoycol\/\"]},{\"@type\":\"Person\",\"@id\":\"https:\/\/futbolhoy.co\/#\/schema\/person\/1721b69355b6623eaff15ac7b92d4cc3\",\"name\":\"contenido\",\"image\":{\"@type\":\"ImageObject\",\"inLanguage\":\"es\",\"@id\":\"https:\/\/futbolhoy.co\/#\/schema\/person\/image\/\",\"url\":\"https:\/\/secure.gravatar.com\/avatar\/4f656d3256f5134f466206e7c3941518?s=96&d=mm&r=g\",\"contentUrl\":\"https:\/\/secure.gravatar.com\/avatar\/4f656d3256f5134f466206e7c3941518?s=96&d=mm&r=g\",\"caption\":\"contenido\"}}]}<\/script>\n<!-- \/ Yoast SEO plugin. -->","yoast_head_json":{"title":"Jhon Sol\u00eds, muy cerca de llegar al f\u00fatbol espa\u00f1ol -","robots":{"index":"index","follow":"follow","max-snippet":"max-snippet:-1","max-image-preview":"max-image-preview:large","max-video-preview":"max-video-preview:-1"},"canonical":"https:\/\/futbolhoy.co\/index.php\/2023\/08\/30\/jhon-solis-muy-cerca-de-llegar-al-futbol-espanol\/","og_locale":"es_ES","og_type":"article","og_title":"Jhon Sol\u00eds, muy cerca de llegar al f\u00fatbol espa\u00f1ol -","og_description":"Jhon Sol\u00eds futbolista revelaci\u00f3n de Atl\u00e9tico Nacional y el f\u00fatbol colombiano, tiene todo encaminado para convertirse en nuevo jugador del Girona de Espa\u00f1a, equipo que pertenece al City Group, al que tambi\u00e9n hacen parte Manchester City, New York City, entre otros. El mediocampista de 18 a\u00f1os, estuvo siendo pretendido por otros equipos como Talleres, que [&hellip;]","og_url":"https:\/\/futbolhoy.co\/index.php\/2023\/08\/30\/jhon-solis-muy-cerca-de-llegar-al-futbol-espanol\/","article_publisher":"https:\/\/www.facebook.com\/FutbolHoyCol\/","article_published_time":"2023-08-30T14:19:45+00:00","article_modified_time":"2023-08-31T13:53:29+00:00","og_image":[{"width":1004,"height":1004,"url":"https:\/\/futbolhoy.co\/wp-content\/uploads\/2023\/08\/F4yEN10WoAAlUXX.jpg","type":"image\/jpeg"}],"author":"contenido","twitter_card":"summary_large_image","twitter_creator":"@FutbolHoyCol","twitter_site":"@FutbolHoyCol","twitter_misc":{"Escrito por":"contenido","Tiempo de lectura":"1 minuto"},"schema":{"@context":"https:\/\/schema.org","@graph":[{"@type":"Article","@id":"https:\/\/futbolhoy.co\/index.php\/2023\/08\/30\/jhon-solis-muy-cerca-de-llegar-al-futbol-espanol\/#article","isPartOf":{"@id":"https:\/\/futbolhoy.co\/index.php\/2023\/08\/30\/jhon-solis-muy-cerca-de-llegar-al-futbol-espanol\/"},"author":{"name":"contenido","@id":"https:\/\/futbolhoy.co\/#\/schema\/person\/1721b69355b6623eaff15ac7b92d4cc3"},"headline":"Jhon Sol\u00eds, muy cerca de llegar al f\u00fatbol espa\u00f1ol","datePublished":"2023-08-30T14:19:45+00:00","dateModified":"2023-08-31T13:53:29+00:00","mainEntityOfPage":{"@id":"https:\/\/futbolhoy.co\/index.php\/2023\/08\/30\/jhon-solis-muy-cerca-de-llegar-al-futbol-espanol\/"},"wordCount":245,"commentCount":0,"publisher":{"@id":"https:\/\/futbolhoy.co\/#organization"},"image":{"@id":"https:\/\/futbolhoy.co\/index.php\/2023\/08\/30\/jhon-solis-muy-cerca-de-llegar-al-futbol-espanol\/#primaryimage"},"thumbnailUrl":"https:\/\/futbolhoy.co\/wp-content\/uploads\/2023\/08\/F4yEN10WoAAlUXX.jpg","articleSection":["Liga BetPlay"],"inLanguage":"es","potentialAction":[{"@type":"CommentAction","name":"Comment","target":["https:\/\/futbolhoy.co\/index.php\/2023\/08\/30\/jhon-solis-muy-cerca-de-llegar-al-futbol-espanol\/#respond"]}]},{"@type":"WebPage","@id":"https:\/\/futbolhoy.co\/index.php\/2023\/08\/30\/jhon-solis-muy-cerca-de-llegar-al-futbol-espanol\/","url":"https:\/\/futbolhoy.co\/index.php\/2023\/08\/30\/jhon-solis-muy-cerca-de-llegar-al-futbol-espanol\/","name":"Jhon Sol\u00eds, muy cerca de llegar al f\u00fatbol espa\u00f1ol -","isPartOf":{"@id":"https:\/\/futbolhoy.co\/#website"},"primaryImageOfPage":{"@id":"https:\/\/futbolhoy.co\/index.php\/2023\/08\/30\/jhon-solis-muy-cerca-de-llegar-al-futbol-espanol\/#primaryimage"},"image":{"@id":"https:\/\/futbolhoy.co\/index.php\/2023\/08\/30\/jhon-solis-muy-cerca-de-llegar-al-futbol-espanol\/#primaryimage"},"thumbnailUrl":"https:\/\/futbolhoy.co\/wp-content\/uploads\/2023\/08\/F4yEN10WoAAlUXX.jpg","datePublished":"2023-08-30T14:19:45+00:00","dateModified":"2023-08-31T13:53:29+00:00","breadcrumb":{"@id":"https:\/\/futbolhoy.co\/index.php\/2023\/08\/30\/jhon-solis-muy-cerca-de-llegar-al-futbol-espanol\/#breadcrumb"},"inLanguage":"es","potentialAction":[{"@type":"ReadAction","target":["https:\/\/futbolhoy.co\/index.php\/2023\/08\/30\/jhon-solis-muy-cerca-de-llegar-al-futbol-espanol\/"]}]},{"@type":"ImageObject","inLanguage":"es","@id":"https:\/\/futbolhoy.co\/index.php\/2023\/08\/30\/jhon-solis-muy-cerca-de-llegar-al-futbol-espanol\/#primaryimage","url":"https:\/\/futbolhoy.co\/wp-content\/uploads\/2023\/08\/F4yEN10WoAAlUXX.jpg","contentUrl":"https:\/\/futbolhoy.co\/wp-content\/uploads\/2023\/08\/F4yEN10WoAAlUXX.jpg","width":1004,"height":1004},{"@type":"BreadcrumbList","@id":"https:\/\/futbolhoy.co\/index.php\/2023\/08\/30\/jhon-solis-muy-cerca-de-llegar-al-futbol-espanol\/#breadcrumb","itemListElement":[{"@type":"ListItem","position":1,"name":"Portada","item":"https:\/\/futbolhoy.co\/"},{"@type":"ListItem","position":2,"name":"Jhon Sol\u00eds, muy cerca de llegar al f\u00fatbol espa\u00f1ol"}]},{"@type":"WebSite","@id":"https:\/\/futbolhoy.co\/#website","url":"https:\/\/futbolhoy.co\/","name":"FutbolHoy","description":"","publisher":{"@id":"https:\/\/futbolhoy.co\/#organization"},"potentialAction":[{"@type":"SearchAction","target":{"@type":"EntryPoint","urlTemplate":"https:\/\/futbolhoy.co\/?s={search_term_string}"},"query-input":{"@type":"PropertyValueSpecification","valueRequired":true,"valueName":"search_term_string"}}],"inLanguage":"es"},{"@type":"Organization","@id":"https:\/\/futbolhoy.co\/#organization","name":"Futbolhoy.co","url":"https:\/\/futbolhoy.co\/","logo":{"@type":"ImageObject","inLanguage":"es","@id":"https:\/\/futbolhoy.co\/#\/schema\/logo\/image\/","url":"https:\/\/futbolhoy.co\/wp-content\/uploads\/2018\/08\/17426380_1906371736249227_6326180412931521141_n.jpg","contentUrl":"https:\/\/futbolhoy.co\/wp-content\/uploads\/2018\/08\/17426380_1906371736249227_6326180412931521141_n.jpg","width":960,"height":960,"caption":"Futbolhoy.co"},"image":{"@id":"https:\/\/futbolhoy.co\/#\/schema\/logo\/image\/"},"sameAs":["https:\/\/www.facebook.com\/FutbolHoyCol\/","https:\/\/x.com\/FutbolHoyCol","https:\/\/www.instagram.com\/futbolhoycol\/"]},{"@type":"Person","@id":"https:\/\/futbolhoy.co\/#\/schema\/person\/1721b69355b6623eaff15ac7b92d4cc3","name":"contenido","image":{"@type":"ImageObject","inLanguage":"es","@id":"https:\/\/futbolhoy.co\/#\/schema\/person\/image\/","url":"https:\/\/secure.gravatar.com\/avatar\/4f656d3256f5134f466206e7c3941518?s=96&d=mm&r=g","contentUrl":"https:\/\/secure.gravatar.com\/avatar\/4f656d3256f5134f466206e7c3941518?s=96&d=mm&r=g","caption":"contenido"}}]}},"publishpress_future_action":{"enabled":false,"date":"2026-05-05 19:53:15","action":"change-status","newStatus":"draft","terms":[],"taxonomy":"category","extraData":[]},"publishpress_future_workflow_manual_trigger":{"enabledWorkflows":[]},"_links":{"self":[{"href":"https:\/\/futbolhoy.co\/index.php\/wp-json\/wp\/v2\/posts\/98594","targetHints":{"allow":["GET"]}}],"collection":[{"href":"https:\/\/futbolhoy.co\/index.php\/wp-json\/wp\/v2\/posts"}],"about":[{"href":"https:\/\/futbolhoy.co\/index.php\/wp-json\/wp\/v2\/types\/post"}],"author":[{"embeddable":true,"href":"https:\/\/futbolhoy.co\/index.php\/wp-json\/wp\/v2\/users\/4"}],"replies":[{"embeddable":true,"href":"https:\/\/futbolhoy.co\/index.php\/wp-json\/wp\/v2\/comments?post=98594"}],"version-history":[{"count":1,"href":"https:\/\/futbolhoy.co\/index.php\/wp-json\/wp\/v2\/posts\/98594\/revisions"}],"predecessor-version":[{"id":98597,"href":"https:\/\/futbolhoy.co\/index.php\/wp-json\/wp\/v2\/posts\/98594\/revisions\/98597"}],"wp:featuredmedia":[{"embeddable":true,"href":"https:\/\/futbolhoy.co\/index.php\/wp-json\/wp\/v2\/media\/98596"}],"wp:attachment":[{"href":"https:\/\/futbolhoy.co\/index.php\/wp-json\/wp\/v2\/media?parent=98594"}],"wp:term":[{"taxonomy":"category","embeddable":true,"href":"https:\/\/futbolhoy.co\/index.php\/wp-json\/wp\/v2\/categories?post=98594"},{"taxonomy":"post_tag","embeddable":true,"href":"https:\/\/futbolhoy.co\/index.php\/wp-json\/wp\/v2\/tags?post=98594"}],"curies":[{"name":"wp","href":"https:\/\/api.w.org\/{rel}","templated":true}]}}