{"id":98607,"date":"2023-08-30T21:59:56","date_gmt":"2023-08-31T02:59:56","guid":{"rendered":"https:\/\/futbolhoy.co\/?p=98607"},"modified":"2023-08-31T12:06:24","modified_gmt":"2023-08-31T17:06:24","slug":"decoroso-adios-del-pereira-en-su-primera-copa-libertadores","status":"publish","type":"post","link":"https:\/\/futbolhoy.co\/index.php\/2023\/08\/30\/decoroso-adios-del-pereira-en-su-primera-copa-libertadores\/","title":{"rendered":"Decoroso adi\u00f3s del Pereira en su primera Copa Libertadores"},"content":{"rendered":"<p class=\"ydp4ef28cd1MsoNormal\" style=\"text-align: justify;\"><span style=\"font-family: helvetica, arial, sans-serif;\"><b><span lang=\"ES-MX\">Colombia <\/span><\/b><span lang=\"ES-MX\">se qued\u00f3 sin representantes en los <b>torneos Conmebol<\/b>, tras la eliminaci\u00f3n del <b>Deportivo Pereira<\/b> en los cuartos de final de la <b>Copa Libertadores<\/b>, luego de empatar 0-0 con <b>Palmeiras en Sao Paulo<\/b>.<\/span><\/span><\/p>\n<p class=\"ydp4ef28cd1MsoNormal\" style=\"text-align: justify;\"><span lang=\"ES-MX\" style=\"font-family: helvetica, arial, sans-serif;\">El marcador global favoreci\u00f3 <span dir=\"ltr\">4-0 a<\/span> los brasile\u00f1os, gracias a su amplia victoria en la capital de <b>Risaralda<\/b>.<\/span><\/p>\n<p class=\"ydp4ef28cd1MsoNormal\" style=\"text-align: justify;\"><span lang=\"ES-MX\" style=\"font-family: helvetica, arial, sans-serif;\">Pereira hizo un gran partido en el <b>Allianz Parque<\/b> e inclusive estuvo m\u00e1s cerca del triunfo que su encopetado rival, con opciones claras de <b>\u00c1ngelo Rodr\u00edguez<\/b>, que exigieron al portero <b>Weverton<\/b>, quien adem\u00e1s se vio favorecido con un remate al palo de la mano derecha en el primer tiempo.<\/span><\/p>\n<p class=\"ydp4ef28cd1MsoNormal\" style=\"text-align: justify;\"><span style=\"font-family: helvetica, arial, sans-serif;\"><b><span lang=\"ES-MX\">Johan Bocanegra y Juan Pablo Zuluaga<\/span><\/b><span lang=\"ES-MX\">tambi\u00e9n se hicieron presentes en la ofensiva con disparos desviados.<\/span><\/span><\/p>\n<p class=\"ydp4ef28cd1MsoNormal\" style=\"text-align: justify;\"><span lang=\"ES-MX\" style=\"font-family: helvetica, arial, sans-serif;\">Palmeiras hizo lo propio y exigi\u00f3 a <b>Aldair Quintana<\/b> con disparos del argentino <b>Manuel L\u00f3pez y Joaqu\u00edn Moreira.<\/b><\/span><\/p>\n<p class=\"ydp4ef28cd1MsoNormal\" style=\"text-align: justify;\"><span lang=\"ES-MX\" style=\"font-family: helvetica, arial, sans-serif;\">En el local actu\u00f3 todo el compromiso el volante colombiano <b>Richard R\u00edos<\/b>.<\/span><\/p>\n<p class=\"ydp4ef28cd1MsoNormal\" style=\"text-align: justify;\"><span style=\"font-family: helvetica, arial, sans-serif;\"><b><span lang=\"ES-MX\">\u2018El Grande Mateca\u00f1a\u2019<\/span><\/b><span lang=\"ES-MX\"> termin\u00f3 el juego con 10 hombres, por la expulsi\u00f3n por doble amonestaci\u00f3n a los 77\u2019 de <b>Juan Sebasti\u00e1n Quintero<\/b>, ambas faltas sobre el juvenil <b>Endrick<\/b>.<\/span><\/span><\/p>\n<p class=\"ydp4ef28cd1MsoNormal\" style=\"text-align: justify;\"><span lang=\"ES-MX\" style=\"font-family: helvetica, arial, sans-serif;\">Pereira en su primera presencia internacional logr\u00f3 meterse entre los ocho mejores equipos del continente; y de la mano del t\u00e9cnico <b>Alejandro Restrepo<\/b> compiti\u00f3 de t\u00fa a t\u00fa con <b>Boca Juniors y Colo Colo<\/b> en la fase de grupos y dej\u00f3 en el camino al sorprendente Independiente del Valle ecuatoriano en octavos de final.<\/span><\/p>\n<p class=\"ydp4ef28cd1MsoNormal\" style=\"text-align: justify;\"><span lang=\"ES-MX\" style=\"font-family: helvetica, arial, sans-serif;\">Palmeiras enfrentar\u00e1 en semifinales a Boca Juniors de Argentina, que elimin\u00f3 en cuartos de final a <b>Racing en penales.\u00a0<\/b><\/span><\/p>\n","protected":false},"excerpt":{"rendered":"<p>Colombia se qued\u00f3 sin representantes en los torneos Conmebol, tras la eliminaci\u00f3n del Deportivo Pereira en los cuartos de final de la Copa Libertadores, luego de empatar 0-0 con Palmeiras en Sao Paulo. El marcador global favoreci\u00f3 4-0 a los brasile\u00f1os, gracias a su amplia victoria en la capital de Risaralda. Pereira hizo un gran [&hellip;]<\/p>\n","protected":false},"author":4,"featured_media":98608,"comment_status":"open","ping_status":"open","sticky":false,"template":"","format":"standard","meta":{"_acf_changed":false,"footnotes":""},"categories":[653],"tags":[],"class_list":{"0":"post-98607","1":"post","2":"type-post","3":"status-publish","4":"format-standard","5":"has-post-thumbnail","7":"category-copa-libertadores"},"acf":[],"yoast_head":"<!-- This site is optimized with the Yoast SEO plugin v26.8 - https:\/\/yoast.com\/product\/yoast-seo-wordpress\/ -->\n<title>Decoroso adi\u00f3s del Pereira en su primera Copa Libertadores -<\/title>\n<meta name=\"robots\" content=\"index, follow, max-snippet:-1, max-image-preview:large, max-video-preview:-1\" \/>\n<link rel=\"canonical\" href=\"https:\/\/futbolhoy.co\/index.php\/2023\/08\/30\/decoroso-adios-del-pereira-en-su-primera-copa-libertadores\/\" \/>\n<meta property=\"og:locale\" content=\"es_ES\" \/>\n<meta property=\"og:type\" content=\"article\" \/>\n<meta property=\"og:title\" content=\"Decoroso adi\u00f3s del Pereira en su primera Copa Libertadores -\" \/>\n<meta property=\"og:description\" content=\"Colombia se qued\u00f3 sin representantes en los torneos Conmebol, tras la eliminaci\u00f3n del Deportivo Pereira en los cuartos de final de la Copa Libertadores, luego de empatar 0-0 con Palmeiras en Sao Paulo. El marcador global favoreci\u00f3 4-0 a los brasile\u00f1os, gracias a su amplia victoria en la capital de Risaralda. Pereira hizo un gran [&hellip;]\" \/>\n<meta property=\"og:url\" content=\"https:\/\/futbolhoy.co\/index.php\/2023\/08\/30\/decoroso-adios-del-pereira-en-su-primera-copa-libertadores\/\" \/>\n<meta property=\"article:publisher\" content=\"https:\/\/www.facebook.com\/FutbolHoyCol\/\" \/>\n<meta property=\"article:published_time\" content=\"2023-08-31T02:59:56+00:00\" \/>\n<meta property=\"article:modified_time\" content=\"2023-08-31T17:06:24+00:00\" \/>\n<meta property=\"og:image\" content=\"https:\/\/futbolhoy.co\/wp-content\/uploads\/2023\/08\/IMG_6684.jpeg\" \/>\n\t<meta property=\"og:image:width\" content=\"1080\" \/>\n\t<meta property=\"og:image:height\" content=\"757\" \/>\n\t<meta property=\"og:image:type\" content=\"image\/jpeg\" \/>\n<meta name=\"author\" content=\"contenido\" \/>\n<meta name=\"twitter:card\" content=\"summary_large_image\" \/>\n<meta name=\"twitter:creator\" content=\"@FutbolHoyCol\" \/>\n<meta name=\"twitter:site\" content=\"@FutbolHoyCol\" \/>\n<meta name=\"twitter:label1\" content=\"Escrito por\" \/>\n\t<meta name=\"twitter:data1\" content=\"contenido\" \/>\n\t<meta name=\"twitter:label2\" content=\"Tiempo de lectura\" \/>\n\t<meta name=\"twitter:data2\" content=\"1 minuto\" \/>\n<script type=\"application\/ld+json\" class=\"yoast-schema-graph\">{\"@context\":\"https:\/\/schema.org\",\"@graph\":[{\"@type\":\"Article\",\"@id\":\"https:\/\/futbolhoy.co\/index.php\/2023\/08\/30\/decoroso-adios-del-pereira-en-su-primera-copa-libertadores\/#article\",\"isPartOf\":{\"@id\":\"https:\/\/futbolhoy.co\/index.php\/2023\/08\/30\/decoroso-adios-del-pereira-en-su-primera-copa-libertadores\/\"},\"author\":{\"name\":\"contenido\",\"@id\":\"https:\/\/futbolhoy.co\/#\/schema\/person\/1721b69355b6623eaff15ac7b92d4cc3\"},\"headline\":\"Decoroso adi\u00f3s del Pereira en su primera Copa Libertadores\",\"datePublished\":\"2023-08-31T02:59:56+00:00\",\"dateModified\":\"2023-08-31T17:06:24+00:00\",\"mainEntityOfPage\":{\"@id\":\"https:\/\/futbolhoy.co\/index.php\/2023\/08\/30\/decoroso-adios-del-pereira-en-su-primera-copa-libertadores\/\"},\"wordCount\":269,\"commentCount\":0,\"publisher\":{\"@id\":\"https:\/\/futbolhoy.co\/#organization\"},\"image\":{\"@id\":\"https:\/\/futbolhoy.co\/index.php\/2023\/08\/30\/decoroso-adios-del-pereira-en-su-primera-copa-libertadores\/#primaryimage\"},\"thumbnailUrl\":\"https:\/\/futbolhoy.co\/wp-content\/uploads\/2023\/08\/IMG_6684.jpeg\",\"articleSection\":[\"Libertadores\"],\"inLanguage\":\"es\",\"potentialAction\":[{\"@type\":\"CommentAction\",\"name\":\"Comment\",\"target\":[\"https:\/\/futbolhoy.co\/index.php\/2023\/08\/30\/decoroso-adios-del-pereira-en-su-primera-copa-libertadores\/#respond\"]}]},{\"@type\":\"WebPage\",\"@id\":\"https:\/\/futbolhoy.co\/index.php\/2023\/08\/30\/decoroso-adios-del-pereira-en-su-primera-copa-libertadores\/\",\"url\":\"https:\/\/futbolhoy.co\/index.php\/2023\/08\/30\/decoroso-adios-del-pereira-en-su-primera-copa-libertadores\/\",\"name\":\"Decoroso adi\u00f3s del Pereira en su primera Copa Libertadores -\",\"isPartOf\":{\"@id\":\"https:\/\/futbolhoy.co\/#website\"},\"primaryImageOfPage\":{\"@id\":\"https:\/\/futbolhoy.co\/index.php\/2023\/08\/30\/decoroso-adios-del-pereira-en-su-primera-copa-libertadores\/#primaryimage\"},\"image\":{\"@id\":\"https:\/\/futbolhoy.co\/index.php\/2023\/08\/30\/decoroso-adios-del-pereira-en-su-primera-copa-libertadores\/#primaryimage\"},\"thumbnailUrl\":\"https:\/\/futbolhoy.co\/wp-content\/uploads\/2023\/08\/IMG_6684.jpeg\",\"datePublished\":\"2023-08-31T02:59:56+00:00\",\"dateModified\":\"2023-08-31T17:06:24+00:00\",\"breadcrumb\":{\"@id\":\"https:\/\/futbolhoy.co\/index.php\/2023\/08\/30\/decoroso-adios-del-pereira-en-su-primera-copa-libertadores\/#breadcrumb\"},\"inLanguage\":\"es\",\"potentialAction\":[{\"@type\":\"ReadAction\",\"target\":[\"https:\/\/futbolhoy.co\/index.php\/2023\/08\/30\/decoroso-adios-del-pereira-en-su-primera-copa-libertadores\/\"]}]},{\"@type\":\"ImageObject\",\"inLanguage\":\"es\",\"@id\":\"https:\/\/futbolhoy.co\/index.php\/2023\/08\/30\/decoroso-adios-del-pereira-en-su-primera-copa-libertadores\/#primaryimage\",\"url\":\"https:\/\/futbolhoy.co\/wp-content\/uploads\/2023\/08\/IMG_6684.jpeg\",\"contentUrl\":\"https:\/\/futbolhoy.co\/wp-content\/uploads\/2023\/08\/IMG_6684.jpeg\",\"width\":1080,\"height\":757},{\"@type\":\"BreadcrumbList\",\"@id\":\"https:\/\/futbolhoy.co\/index.php\/2023\/08\/30\/decoroso-adios-del-pereira-en-su-primera-copa-libertadores\/#breadcrumb\",\"itemListElement\":[{\"@type\":\"ListItem\",\"position\":1,\"name\":\"Portada\",\"item\":\"https:\/\/futbolhoy.co\/\"},{\"@type\":\"ListItem\",\"position\":2,\"name\":\"Decoroso adi\u00f3s del Pereira en su primera Copa Libertadores\"}]},{\"@type\":\"WebSite\",\"@id\":\"https:\/\/futbolhoy.co\/#website\",\"url\":\"https:\/\/futbolhoy.co\/\",\"name\":\"FutbolHoy\",\"description\":\"\",\"publisher\":{\"@id\":\"https:\/\/futbolhoy.co\/#organization\"},\"potentialAction\":[{\"@type\":\"SearchAction\",\"target\":{\"@type\":\"EntryPoint\",\"urlTemplate\":\"https:\/\/futbolhoy.co\/?s={search_term_string}\"},\"query-input\":{\"@type\":\"PropertyValueSpecification\",\"valueRequired\":true,\"valueName\":\"search_term_string\"}}],\"inLanguage\":\"es\"},{\"@type\":\"Organization\",\"@id\":\"https:\/\/futbolhoy.co\/#organization\",\"name\":\"Futbolhoy.co\",\"url\":\"https:\/\/futbolhoy.co\/\",\"logo\":{\"@type\":\"ImageObject\",\"inLanguage\":\"es\",\"@id\":\"https:\/\/futbolhoy.co\/#\/schema\/logo\/image\/\",\"url\":\"https:\/\/futbolhoy.co\/wp-content\/uploads\/2018\/08\/17426380_1906371736249227_6326180412931521141_n.jpg\",\"contentUrl\":\"https:\/\/futbolhoy.co\/wp-content\/uploads\/2018\/08\/17426380_1906371736249227_6326180412931521141_n.jpg\",\"width\":960,\"height\":960,\"caption\":\"Futbolhoy.co\"},\"image\":{\"@id\":\"https:\/\/futbolhoy.co\/#\/schema\/logo\/image\/\"},\"sameAs\":[\"https:\/\/www.facebook.com\/FutbolHoyCol\/\",\"https:\/\/x.com\/FutbolHoyCol\",\"https:\/\/www.instagram.com\/futbolhoycol\/\"]},{\"@type\":\"Person\",\"@id\":\"https:\/\/futbolhoy.co\/#\/schema\/person\/1721b69355b6623eaff15ac7b92d4cc3\",\"name\":\"contenido\",\"image\":{\"@type\":\"ImageObject\",\"inLanguage\":\"es\",\"@id\":\"https:\/\/futbolhoy.co\/#\/schema\/person\/image\/\",\"url\":\"https:\/\/secure.gravatar.com\/avatar\/4f656d3256f5134f466206e7c3941518?s=96&d=mm&r=g\",\"contentUrl\":\"https:\/\/secure.gravatar.com\/avatar\/4f656d3256f5134f466206e7c3941518?s=96&d=mm&r=g\",\"caption\":\"contenido\"}}]}<\/script>\n<!-- \/ Yoast SEO plugin. -->","yoast_head_json":{"title":"Decoroso adi\u00f3s del Pereira en su primera Copa Libertadores -","robots":{"index":"index","follow":"follow","max-snippet":"max-snippet:-1","max-image-preview":"max-image-preview:large","max-video-preview":"max-video-preview:-1"},"canonical":"https:\/\/futbolhoy.co\/index.php\/2023\/08\/30\/decoroso-adios-del-pereira-en-su-primera-copa-libertadores\/","og_locale":"es_ES","og_type":"article","og_title":"Decoroso adi\u00f3s del Pereira en su primera Copa Libertadores -","og_description":"Colombia se qued\u00f3 sin representantes en los torneos Conmebol, tras la eliminaci\u00f3n del Deportivo Pereira en los cuartos de final de la Copa Libertadores, luego de empatar 0-0 con Palmeiras en Sao Paulo. El marcador global favoreci\u00f3 4-0 a los brasile\u00f1os, gracias a su amplia victoria en la capital de Risaralda. Pereira hizo un gran [&hellip;]","og_url":"https:\/\/futbolhoy.co\/index.php\/2023\/08\/30\/decoroso-adios-del-pereira-en-su-primera-copa-libertadores\/","article_publisher":"https:\/\/www.facebook.com\/FutbolHoyCol\/","article_published_time":"2023-08-31T02:59:56+00:00","article_modified_time":"2023-08-31T17:06:24+00:00","og_image":[{"width":1080,"height":757,"url":"https:\/\/futbolhoy.co\/wp-content\/uploads\/2023\/08\/IMG_6684.jpeg","type":"image\/jpeg"}],"author":"contenido","twitter_card":"summary_large_image","twitter_creator":"@FutbolHoyCol","twitter_site":"@FutbolHoyCol","twitter_misc":{"Escrito por":"contenido","Tiempo de lectura":"1 minuto"},"schema":{"@context":"https:\/\/schema.org","@graph":[{"@type":"Article","@id":"https:\/\/futbolhoy.co\/index.php\/2023\/08\/30\/decoroso-adios-del-pereira-en-su-primera-copa-libertadores\/#article","isPartOf":{"@id":"https:\/\/futbolhoy.co\/index.php\/2023\/08\/30\/decoroso-adios-del-pereira-en-su-primera-copa-libertadores\/"},"author":{"name":"contenido","@id":"https:\/\/futbolhoy.co\/#\/schema\/person\/1721b69355b6623eaff15ac7b92d4cc3"},"headline":"Decoroso adi\u00f3s del Pereira en su primera Copa Libertadores","datePublished":"2023-08-31T02:59:56+00:00","dateModified":"2023-08-31T17:06:24+00:00","mainEntityOfPage":{"@id":"https:\/\/futbolhoy.co\/index.php\/2023\/08\/30\/decoroso-adios-del-pereira-en-su-primera-copa-libertadores\/"},"wordCount":269,"commentCount":0,"publisher":{"@id":"https:\/\/futbolhoy.co\/#organization"},"image":{"@id":"https:\/\/futbolhoy.co\/index.php\/2023\/08\/30\/decoroso-adios-del-pereira-en-su-primera-copa-libertadores\/#primaryimage"},"thumbnailUrl":"https:\/\/futbolhoy.co\/wp-content\/uploads\/2023\/08\/IMG_6684.jpeg","articleSection":["Libertadores"],"inLanguage":"es","potentialAction":[{"@type":"CommentAction","name":"Comment","target":["https:\/\/futbolhoy.co\/index.php\/2023\/08\/30\/decoroso-adios-del-pereira-en-su-primera-copa-libertadores\/#respond"]}]},{"@type":"WebPage","@id":"https:\/\/futbolhoy.co\/index.php\/2023\/08\/30\/decoroso-adios-del-pereira-en-su-primera-copa-libertadores\/","url":"https:\/\/futbolhoy.co\/index.php\/2023\/08\/30\/decoroso-adios-del-pereira-en-su-primera-copa-libertadores\/","name":"Decoroso adi\u00f3s del Pereira en su primera Copa Libertadores -","isPartOf":{"@id":"https:\/\/futbolhoy.co\/#website"},"primaryImageOfPage":{"@id":"https:\/\/futbolhoy.co\/index.php\/2023\/08\/30\/decoroso-adios-del-pereira-en-su-primera-copa-libertadores\/#primaryimage"},"image":{"@id":"https:\/\/futbolhoy.co\/index.php\/2023\/08\/30\/decoroso-adios-del-pereira-en-su-primera-copa-libertadores\/#primaryimage"},"thumbnailUrl":"https:\/\/futbolhoy.co\/wp-content\/uploads\/2023\/08\/IMG_6684.jpeg","datePublished":"2023-08-31T02:59:56+00:00","dateModified":"2023-08-31T17:06:24+00:00","breadcrumb":{"@id":"https:\/\/futbolhoy.co\/index.php\/2023\/08\/30\/decoroso-adios-del-pereira-en-su-primera-copa-libertadores\/#breadcrumb"},"inLanguage":"es","potentialAction":[{"@type":"ReadAction","target":["https:\/\/futbolhoy.co\/index.php\/2023\/08\/30\/decoroso-adios-del-pereira-en-su-primera-copa-libertadores\/"]}]},{"@type":"ImageObject","inLanguage":"es","@id":"https:\/\/futbolhoy.co\/index.php\/2023\/08\/30\/decoroso-adios-del-pereira-en-su-primera-copa-libertadores\/#primaryimage","url":"https:\/\/futbolhoy.co\/wp-content\/uploads\/2023\/08\/IMG_6684.jpeg","contentUrl":"https:\/\/futbolhoy.co\/wp-content\/uploads\/2023\/08\/IMG_6684.jpeg","width":1080,"height":757},{"@type":"BreadcrumbList","@id":"https:\/\/futbolhoy.co\/index.php\/2023\/08\/30\/decoroso-adios-del-pereira-en-su-primera-copa-libertadores\/#breadcrumb","itemListElement":[{"@type":"ListItem","position":1,"name":"Portada","item":"https:\/\/futbolhoy.co\/"},{"@type":"ListItem","position":2,"name":"Decoroso adi\u00f3s del Pereira en su primera Copa Libertadores"}]},{"@type":"WebSite","@id":"https:\/\/futbolhoy.co\/#website","url":"https:\/\/futbolhoy.co\/","name":"FutbolHoy","description":"","publisher":{"@id":"https:\/\/futbolhoy.co\/#organization"},"potentialAction":[{"@type":"SearchAction","target":{"@type":"EntryPoint","urlTemplate":"https:\/\/futbolhoy.co\/?s={search_term_string}"},"query-input":{"@type":"PropertyValueSpecification","valueRequired":true,"valueName":"search_term_string"}}],"inLanguage":"es"},{"@type":"Organization","@id":"https:\/\/futbolhoy.co\/#organization","name":"Futbolhoy.co","url":"https:\/\/futbolhoy.co\/","logo":{"@type":"ImageObject","inLanguage":"es","@id":"https:\/\/futbolhoy.co\/#\/schema\/logo\/image\/","url":"https:\/\/futbolhoy.co\/wp-content\/uploads\/2018\/08\/17426380_1906371736249227_6326180412931521141_n.jpg","contentUrl":"https:\/\/futbolhoy.co\/wp-content\/uploads\/2018\/08\/17426380_1906371736249227_6326180412931521141_n.jpg","width":960,"height":960,"caption":"Futbolhoy.co"},"image":{"@id":"https:\/\/futbolhoy.co\/#\/schema\/logo\/image\/"},"sameAs":["https:\/\/www.facebook.com\/FutbolHoyCol\/","https:\/\/x.com\/FutbolHoyCol","https:\/\/www.instagram.com\/futbolhoycol\/"]},{"@type":"Person","@id":"https:\/\/futbolhoy.co\/#\/schema\/person\/1721b69355b6623eaff15ac7b92d4cc3","name":"contenido","image":{"@type":"ImageObject","inLanguage":"es","@id":"https:\/\/futbolhoy.co\/#\/schema\/person\/image\/","url":"https:\/\/secure.gravatar.com\/avatar\/4f656d3256f5134f466206e7c3941518?s=96&d=mm&r=g","contentUrl":"https:\/\/secure.gravatar.com\/avatar\/4f656d3256f5134f466206e7c3941518?s=96&d=mm&r=g","caption":"contenido"}}]}},"publishpress_future_action":{"enabled":false,"date":"2026-05-05 15:17:00","action":"change-status","newStatus":"draft","terms":[],"taxonomy":"category","extraData":[]},"publishpress_future_workflow_manual_trigger":{"enabledWorkflows":[]},"_links":{"self":[{"href":"https:\/\/futbolhoy.co\/index.php\/wp-json\/wp\/v2\/posts\/98607","targetHints":{"allow":["GET"]}}],"collection":[{"href":"https:\/\/futbolhoy.co\/index.php\/wp-json\/wp\/v2\/posts"}],"about":[{"href":"https:\/\/futbolhoy.co\/index.php\/wp-json\/wp\/v2\/types\/post"}],"author":[{"embeddable":true,"href":"https:\/\/futbolhoy.co\/index.php\/wp-json\/wp\/v2\/users\/4"}],"replies":[{"embeddable":true,"href":"https:\/\/futbolhoy.co\/index.php\/wp-json\/wp\/v2\/comments?post=98607"}],"version-history":[{"count":3,"href":"https:\/\/futbolhoy.co\/index.php\/wp-json\/wp\/v2\/posts\/98607\/revisions"}],"predecessor-version":[{"id":98612,"href":"https:\/\/futbolhoy.co\/index.php\/wp-json\/wp\/v2\/posts\/98607\/revisions\/98612"}],"wp:featuredmedia":[{"embeddable":true,"href":"https:\/\/futbolhoy.co\/index.php\/wp-json\/wp\/v2\/media\/98608"}],"wp:attachment":[{"href":"https:\/\/futbolhoy.co\/index.php\/wp-json\/wp\/v2\/media?parent=98607"}],"wp:term":[{"taxonomy":"category","embeddable":true,"href":"https:\/\/futbolhoy.co\/index.php\/wp-json\/wp\/v2\/categories?post=98607"},{"taxonomy":"post_tag","embeddable":true,"href":"https:\/\/futbolhoy.co\/index.php\/wp-json\/wp\/v2\/tags?post=98607"}],"curies":[{"name":"wp","href":"https:\/\/api.w.org\/{rel}","templated":true}]}}