{"id":98616,"date":"2023-08-31T08:57:01","date_gmt":"2023-08-31T13:57:01","guid":{"rendered":"https:\/\/futbolhoy.co\/?p=98616"},"modified":"2023-08-31T12:53:49","modified_gmt":"2023-08-31T17:53:49","slug":"nelson-abadia-deja-de-ser-el-dt-de-la-seleccion-femenina","status":"publish","type":"post","link":"https:\/\/futbolhoy.co\/index.php\/2023\/08\/31\/nelson-abadia-deja-de-ser-el-dt-de-la-seleccion-femenina\/","title":{"rendered":"Nelson Abad\u00eda deja de ser el DT de la Selecci\u00f3n Femenina"},"content":{"rendered":"<p style=\"text-align: justify;\"><span style=\"font-family: helvetica, arial, sans-serif;\">Luego de 7 a\u00f1os al frente de la<strong> Selecci\u00f3n Colombia,<\/strong> <strong>Nelson<\/strong> <strong>Abad\u00eda<\/strong> dej\u00f3 el cargo de entrenador. As\u00ed lo dio a conocer la <strong>Federaci\u00f3n<\/strong> mediante un comunicado en el que agradeci\u00f3 la gesti\u00f3n hecha por el vallecaucano, destacando la hist\u00f3rica participaci\u00f3n en el <strong>Mundial de Australia y Nueva Zelanda,<\/strong> donde se alcanz\u00f3 la instancia de cuartos de final.<\/span><\/p>\n<p style=\"text-align: justify;\"><span style=\"font-family: helvetica, arial, sans-serif;\">\u201cEl Comit\u00e9 Ejecutivo de la FCF, agradece al estratega y a su asistente t\u00e9cnico<strong> Mario Alberto Abad\u00eda,<\/strong> por estos a\u00f1os al servicio de la Selecci\u00f3n Nacional en donde se consiguieron logros importantes como: la medalla de plata en los <strong>Juegos Panamericanos 2014,<\/strong> la medalla de oro en los <strong>Juegos Panamericanos 2019,<\/strong> el subcampeonato de la<strong> Conmebol Copa Am\u00e9rica 2022<\/strong> y los cuartos de final en la <strong>Copa Mundial Femenina de la FIFA Australia y Nueva Zelanda 2023<\/strong>\u201d, inform\u00f3 el ente administrativo del f\u00fatbol.<\/span><\/p>\n<p style=\"text-align: justify;\"><span style=\"font-family: helvetica, arial, sans-serif;\">La raz\u00f3n de su salida estar\u00eda ligada con diferencias entre el t\u00e9cnico de 67 a\u00f1os y las jugadoras del combinado nacional, que se habr\u00edan producido desde antes de la <strong>Copa del Mundo.<\/strong> Tambi\u00e9n, su nombre ha sido relacionado con la <strong>Federaci\u00f3n Mexicana de F\u00fatbol.<\/strong><\/span><\/p>\n<p style=\"text-align: justify;\"><span style=\"font-family: helvetica, arial, sans-serif;\">Con la Tricolor, Abad\u00eda dirigi\u00f3 68 encuentros, gan\u00f3 39, empat\u00f3 15 y perdi\u00f3 14, para un rendimiento del 64.18%.<\/span><\/p>\n<p style=\"text-align: justify;\"><span style=\"font-family: helvetica, arial, sans-serif;\">Uno de los principales candidatos a reemplazarlo es <strong>Carlos Paniagua,<\/strong> el entrenador de la<strong> Selecci\u00f3n Colombia Femenina Sub-17 y Sub-20,<\/strong> que dej\u00f3 buenas sensaciones con lo hecho en las citas orbitales de ambas categor\u00edas durante el 2022.<\/span><\/p>\n","protected":false},"excerpt":{"rendered":"<p>Luego de 7 a\u00f1os al frente de la Selecci\u00f3n Colombia, Nelson Abad\u00eda dej\u00f3 el cargo de entrenador. As\u00ed lo dio a conocer la Federaci\u00f3n mediante un comunicado en el que agradeci\u00f3 la gesti\u00f3n hecha por el vallecaucano, destacando la hist\u00f3rica participaci\u00f3n en el Mundial de Australia y Nueva Zelanda, donde se alcanz\u00f3 la instancia de [&hellip;]<\/p>\n","protected":false},"author":4,"featured_media":98617,"comment_status":"open","ping_status":"open","sticky":false,"template":"","format":"standard","meta":{"_acf_changed":false,"footnotes":""},"categories":[418],"tags":[],"class_list":{"0":"post-98616","1":"post","2":"type-post","3":"status-publish","4":"format-standard","5":"has-post-thumbnail","7":"category-colombia"},"acf":[],"yoast_head":"<!-- This site is optimized with the Yoast SEO plugin v26.8 - https:\/\/yoast.com\/product\/yoast-seo-wordpress\/ -->\n<title>Nelson Abad\u00eda deja de ser el DT de la Selecci\u00f3n Femenina -<\/title>\n<meta name=\"robots\" content=\"index, follow, max-snippet:-1, max-image-preview:large, max-video-preview:-1\" \/>\n<link rel=\"canonical\" href=\"https:\/\/futbolhoy.co\/index.php\/2023\/08\/31\/nelson-abadia-deja-de-ser-el-dt-de-la-seleccion-femenina\/\" \/>\n<meta property=\"og:locale\" content=\"es_ES\" \/>\n<meta property=\"og:type\" content=\"article\" \/>\n<meta property=\"og:title\" content=\"Nelson Abad\u00eda deja de ser el DT de la Selecci\u00f3n Femenina -\" \/>\n<meta property=\"og:description\" content=\"Luego de 7 a\u00f1os al frente de la Selecci\u00f3n Colombia, Nelson Abad\u00eda dej\u00f3 el cargo de entrenador. As\u00ed lo dio a conocer la Federaci\u00f3n mediante un comunicado en el que agradeci\u00f3 la gesti\u00f3n hecha por el vallecaucano, destacando la hist\u00f3rica participaci\u00f3n en el Mundial de Australia y Nueva Zelanda, donde se alcanz\u00f3 la instancia de [&hellip;]\" \/>\n<meta property=\"og:url\" content=\"https:\/\/futbolhoy.co\/index.php\/2023\/08\/31\/nelson-abadia-deja-de-ser-el-dt-de-la-seleccion-femenina\/\" \/>\n<meta property=\"article:publisher\" content=\"https:\/\/www.facebook.com\/FutbolHoyCol\/\" \/>\n<meta property=\"article:published_time\" content=\"2023-08-31T13:57:01+00:00\" \/>\n<meta property=\"article:modified_time\" content=\"2023-08-31T17:53:49+00:00\" \/>\n<meta property=\"og:image\" content=\"https:\/\/futbolhoy.co\/wp-content\/uploads\/2023\/08\/DSC_7158-1024x682-1.jpg\" \/>\n\t<meta property=\"og:image:width\" content=\"1024\" \/>\n\t<meta property=\"og:image:height\" content=\"682\" \/>\n\t<meta property=\"og:image:type\" content=\"image\/jpeg\" \/>\n<meta name=\"author\" content=\"contenido\" \/>\n<meta name=\"twitter:card\" content=\"summary_large_image\" \/>\n<meta name=\"twitter:creator\" content=\"@FutbolHoyCol\" \/>\n<meta name=\"twitter:site\" content=\"@FutbolHoyCol\" \/>\n<meta name=\"twitter:label1\" content=\"Escrito por\" \/>\n\t<meta name=\"twitter:data1\" content=\"contenido\" \/>\n\t<meta name=\"twitter:label2\" content=\"Tiempo de lectura\" \/>\n\t<meta name=\"twitter:data2\" content=\"1 minuto\" \/>\n<script type=\"application\/ld+json\" class=\"yoast-schema-graph\">{\"@context\":\"https:\/\/schema.org\",\"@graph\":[{\"@type\":\"Article\",\"@id\":\"https:\/\/futbolhoy.co\/index.php\/2023\/08\/31\/nelson-abadia-deja-de-ser-el-dt-de-la-seleccion-femenina\/#article\",\"isPartOf\":{\"@id\":\"https:\/\/futbolhoy.co\/index.php\/2023\/08\/31\/nelson-abadia-deja-de-ser-el-dt-de-la-seleccion-femenina\/\"},\"author\":{\"name\":\"contenido\",\"@id\":\"https:\/\/futbolhoy.co\/#\/schema\/person\/1721b69355b6623eaff15ac7b92d4cc3\"},\"headline\":\"Nelson Abad\u00eda deja de ser el DT de la Selecci\u00f3n Femenina\",\"datePublished\":\"2023-08-31T13:57:01+00:00\",\"dateModified\":\"2023-08-31T17:53:49+00:00\",\"mainEntityOfPage\":{\"@id\":\"https:\/\/futbolhoy.co\/index.php\/2023\/08\/31\/nelson-abadia-deja-de-ser-el-dt-de-la-seleccion-femenina\/\"},\"wordCount\":266,\"commentCount\":0,\"publisher\":{\"@id\":\"https:\/\/futbolhoy.co\/#organization\"},\"image\":{\"@id\":\"https:\/\/futbolhoy.co\/index.php\/2023\/08\/31\/nelson-abadia-deja-de-ser-el-dt-de-la-seleccion-femenina\/#primaryimage\"},\"thumbnailUrl\":\"https:\/\/futbolhoy.co\/wp-content\/uploads\/2023\/08\/DSC_7158-1024x682-1.jpg\",\"articleSection\":[\"Colombia\"],\"inLanguage\":\"es\",\"potentialAction\":[{\"@type\":\"CommentAction\",\"name\":\"Comment\",\"target\":[\"https:\/\/futbolhoy.co\/index.php\/2023\/08\/31\/nelson-abadia-deja-de-ser-el-dt-de-la-seleccion-femenina\/#respond\"]}]},{\"@type\":\"WebPage\",\"@id\":\"https:\/\/futbolhoy.co\/index.php\/2023\/08\/31\/nelson-abadia-deja-de-ser-el-dt-de-la-seleccion-femenina\/\",\"url\":\"https:\/\/futbolhoy.co\/index.php\/2023\/08\/31\/nelson-abadia-deja-de-ser-el-dt-de-la-seleccion-femenina\/\",\"name\":\"Nelson Abad\u00eda deja de ser el DT de la Selecci\u00f3n Femenina -\",\"isPartOf\":{\"@id\":\"https:\/\/futbolhoy.co\/#website\"},\"primaryImageOfPage\":{\"@id\":\"https:\/\/futbolhoy.co\/index.php\/2023\/08\/31\/nelson-abadia-deja-de-ser-el-dt-de-la-seleccion-femenina\/#primaryimage\"},\"image\":{\"@id\":\"https:\/\/futbolhoy.co\/index.php\/2023\/08\/31\/nelson-abadia-deja-de-ser-el-dt-de-la-seleccion-femenina\/#primaryimage\"},\"thumbnailUrl\":\"https:\/\/futbolhoy.co\/wp-content\/uploads\/2023\/08\/DSC_7158-1024x682-1.jpg\",\"datePublished\":\"2023-08-31T13:57:01+00:00\",\"dateModified\":\"2023-08-31T17:53:49+00:00\",\"breadcrumb\":{\"@id\":\"https:\/\/futbolhoy.co\/index.php\/2023\/08\/31\/nelson-abadia-deja-de-ser-el-dt-de-la-seleccion-femenina\/#breadcrumb\"},\"inLanguage\":\"es\",\"potentialAction\":[{\"@type\":\"ReadAction\",\"target\":[\"https:\/\/futbolhoy.co\/index.php\/2023\/08\/31\/nelson-abadia-deja-de-ser-el-dt-de-la-seleccion-femenina\/\"]}]},{\"@type\":\"ImageObject\",\"inLanguage\":\"es\",\"@id\":\"https:\/\/futbolhoy.co\/index.php\/2023\/08\/31\/nelson-abadia-deja-de-ser-el-dt-de-la-seleccion-femenina\/#primaryimage\",\"url\":\"https:\/\/futbolhoy.co\/wp-content\/uploads\/2023\/08\/DSC_7158-1024x682-1.jpg\",\"contentUrl\":\"https:\/\/futbolhoy.co\/wp-content\/uploads\/2023\/08\/DSC_7158-1024x682-1.jpg\",\"width\":1024,\"height\":682},{\"@type\":\"BreadcrumbList\",\"@id\":\"https:\/\/futbolhoy.co\/index.php\/2023\/08\/31\/nelson-abadia-deja-de-ser-el-dt-de-la-seleccion-femenina\/#breadcrumb\",\"itemListElement\":[{\"@type\":\"ListItem\",\"position\":1,\"name\":\"Portada\",\"item\":\"https:\/\/futbolhoy.co\/\"},{\"@type\":\"ListItem\",\"position\":2,\"name\":\"Nelson Abad\u00eda deja de ser el DT de la Selecci\u00f3n Femenina\"}]},{\"@type\":\"WebSite\",\"@id\":\"https:\/\/futbolhoy.co\/#website\",\"url\":\"https:\/\/futbolhoy.co\/\",\"name\":\"FutbolHoy\",\"description\":\"\",\"publisher\":{\"@id\":\"https:\/\/futbolhoy.co\/#organization\"},\"potentialAction\":[{\"@type\":\"SearchAction\",\"target\":{\"@type\":\"EntryPoint\",\"urlTemplate\":\"https:\/\/futbolhoy.co\/?s={search_term_string}\"},\"query-input\":{\"@type\":\"PropertyValueSpecification\",\"valueRequired\":true,\"valueName\":\"search_term_string\"}}],\"inLanguage\":\"es\"},{\"@type\":\"Organization\",\"@id\":\"https:\/\/futbolhoy.co\/#organization\",\"name\":\"Futbolhoy.co\",\"url\":\"https:\/\/futbolhoy.co\/\",\"logo\":{\"@type\":\"ImageObject\",\"inLanguage\":\"es\",\"@id\":\"https:\/\/futbolhoy.co\/#\/schema\/logo\/image\/\",\"url\":\"https:\/\/futbolhoy.co\/wp-content\/uploads\/2018\/08\/17426380_1906371736249227_6326180412931521141_n.jpg\",\"contentUrl\":\"https:\/\/futbolhoy.co\/wp-content\/uploads\/2018\/08\/17426380_1906371736249227_6326180412931521141_n.jpg\",\"width\":960,\"height\":960,\"caption\":\"Futbolhoy.co\"},\"image\":{\"@id\":\"https:\/\/futbolhoy.co\/#\/schema\/logo\/image\/\"},\"sameAs\":[\"https:\/\/www.facebook.com\/FutbolHoyCol\/\",\"https:\/\/x.com\/FutbolHoyCol\",\"https:\/\/www.instagram.com\/futbolhoycol\/\"]},{\"@type\":\"Person\",\"@id\":\"https:\/\/futbolhoy.co\/#\/schema\/person\/1721b69355b6623eaff15ac7b92d4cc3\",\"name\":\"contenido\",\"image\":{\"@type\":\"ImageObject\",\"inLanguage\":\"es\",\"@id\":\"https:\/\/futbolhoy.co\/#\/schema\/person\/image\/\",\"url\":\"https:\/\/secure.gravatar.com\/avatar\/4f656d3256f5134f466206e7c3941518?s=96&d=mm&r=g\",\"contentUrl\":\"https:\/\/secure.gravatar.com\/avatar\/4f656d3256f5134f466206e7c3941518?s=96&d=mm&r=g\",\"caption\":\"contenido\"}}]}<\/script>\n<!-- \/ Yoast SEO plugin. -->","yoast_head_json":{"title":"Nelson Abad\u00eda deja de ser el DT de la Selecci\u00f3n Femenina -","robots":{"index":"index","follow":"follow","max-snippet":"max-snippet:-1","max-image-preview":"max-image-preview:large","max-video-preview":"max-video-preview:-1"},"canonical":"https:\/\/futbolhoy.co\/index.php\/2023\/08\/31\/nelson-abadia-deja-de-ser-el-dt-de-la-seleccion-femenina\/","og_locale":"es_ES","og_type":"article","og_title":"Nelson Abad\u00eda deja de ser el DT de la Selecci\u00f3n Femenina -","og_description":"Luego de 7 a\u00f1os al frente de la Selecci\u00f3n Colombia, Nelson Abad\u00eda dej\u00f3 el cargo de entrenador. As\u00ed lo dio a conocer la Federaci\u00f3n mediante un comunicado en el que agradeci\u00f3 la gesti\u00f3n hecha por el vallecaucano, destacando la hist\u00f3rica participaci\u00f3n en el Mundial de Australia y Nueva Zelanda, donde se alcanz\u00f3 la instancia de [&hellip;]","og_url":"https:\/\/futbolhoy.co\/index.php\/2023\/08\/31\/nelson-abadia-deja-de-ser-el-dt-de-la-seleccion-femenina\/","article_publisher":"https:\/\/www.facebook.com\/FutbolHoyCol\/","article_published_time":"2023-08-31T13:57:01+00:00","article_modified_time":"2023-08-31T17:53:49+00:00","og_image":[{"width":1024,"height":682,"url":"https:\/\/futbolhoy.co\/wp-content\/uploads\/2023\/08\/DSC_7158-1024x682-1.jpg","type":"image\/jpeg"}],"author":"contenido","twitter_card":"summary_large_image","twitter_creator":"@FutbolHoyCol","twitter_site":"@FutbolHoyCol","twitter_misc":{"Escrito por":"contenido","Tiempo de lectura":"1 minuto"},"schema":{"@context":"https:\/\/schema.org","@graph":[{"@type":"Article","@id":"https:\/\/futbolhoy.co\/index.php\/2023\/08\/31\/nelson-abadia-deja-de-ser-el-dt-de-la-seleccion-femenina\/#article","isPartOf":{"@id":"https:\/\/futbolhoy.co\/index.php\/2023\/08\/31\/nelson-abadia-deja-de-ser-el-dt-de-la-seleccion-femenina\/"},"author":{"name":"contenido","@id":"https:\/\/futbolhoy.co\/#\/schema\/person\/1721b69355b6623eaff15ac7b92d4cc3"},"headline":"Nelson Abad\u00eda deja de ser el DT de la Selecci\u00f3n Femenina","datePublished":"2023-08-31T13:57:01+00:00","dateModified":"2023-08-31T17:53:49+00:00","mainEntityOfPage":{"@id":"https:\/\/futbolhoy.co\/index.php\/2023\/08\/31\/nelson-abadia-deja-de-ser-el-dt-de-la-seleccion-femenina\/"},"wordCount":266,"commentCount":0,"publisher":{"@id":"https:\/\/futbolhoy.co\/#organization"},"image":{"@id":"https:\/\/futbolhoy.co\/index.php\/2023\/08\/31\/nelson-abadia-deja-de-ser-el-dt-de-la-seleccion-femenina\/#primaryimage"},"thumbnailUrl":"https:\/\/futbolhoy.co\/wp-content\/uploads\/2023\/08\/DSC_7158-1024x682-1.jpg","articleSection":["Colombia"],"inLanguage":"es","potentialAction":[{"@type":"CommentAction","name":"Comment","target":["https:\/\/futbolhoy.co\/index.php\/2023\/08\/31\/nelson-abadia-deja-de-ser-el-dt-de-la-seleccion-femenina\/#respond"]}]},{"@type":"WebPage","@id":"https:\/\/futbolhoy.co\/index.php\/2023\/08\/31\/nelson-abadia-deja-de-ser-el-dt-de-la-seleccion-femenina\/","url":"https:\/\/futbolhoy.co\/index.php\/2023\/08\/31\/nelson-abadia-deja-de-ser-el-dt-de-la-seleccion-femenina\/","name":"Nelson Abad\u00eda deja de ser el DT de la Selecci\u00f3n Femenina -","isPartOf":{"@id":"https:\/\/futbolhoy.co\/#website"},"primaryImageOfPage":{"@id":"https:\/\/futbolhoy.co\/index.php\/2023\/08\/31\/nelson-abadia-deja-de-ser-el-dt-de-la-seleccion-femenina\/#primaryimage"},"image":{"@id":"https:\/\/futbolhoy.co\/index.php\/2023\/08\/31\/nelson-abadia-deja-de-ser-el-dt-de-la-seleccion-femenina\/#primaryimage"},"thumbnailUrl":"https:\/\/futbolhoy.co\/wp-content\/uploads\/2023\/08\/DSC_7158-1024x682-1.jpg","datePublished":"2023-08-31T13:57:01+00:00","dateModified":"2023-08-31T17:53:49+00:00","breadcrumb":{"@id":"https:\/\/futbolhoy.co\/index.php\/2023\/08\/31\/nelson-abadia-deja-de-ser-el-dt-de-la-seleccion-femenina\/#breadcrumb"},"inLanguage":"es","potentialAction":[{"@type":"ReadAction","target":["https:\/\/futbolhoy.co\/index.php\/2023\/08\/31\/nelson-abadia-deja-de-ser-el-dt-de-la-seleccion-femenina\/"]}]},{"@type":"ImageObject","inLanguage":"es","@id":"https:\/\/futbolhoy.co\/index.php\/2023\/08\/31\/nelson-abadia-deja-de-ser-el-dt-de-la-seleccion-femenina\/#primaryimage","url":"https:\/\/futbolhoy.co\/wp-content\/uploads\/2023\/08\/DSC_7158-1024x682-1.jpg","contentUrl":"https:\/\/futbolhoy.co\/wp-content\/uploads\/2023\/08\/DSC_7158-1024x682-1.jpg","width":1024,"height":682},{"@type":"BreadcrumbList","@id":"https:\/\/futbolhoy.co\/index.php\/2023\/08\/31\/nelson-abadia-deja-de-ser-el-dt-de-la-seleccion-femenina\/#breadcrumb","itemListElement":[{"@type":"ListItem","position":1,"name":"Portada","item":"https:\/\/futbolhoy.co\/"},{"@type":"ListItem","position":2,"name":"Nelson Abad\u00eda deja de ser el DT de la Selecci\u00f3n Femenina"}]},{"@type":"WebSite","@id":"https:\/\/futbolhoy.co\/#website","url":"https:\/\/futbolhoy.co\/","name":"FutbolHoy","description":"","publisher":{"@id":"https:\/\/futbolhoy.co\/#organization"},"potentialAction":[{"@type":"SearchAction","target":{"@type":"EntryPoint","urlTemplate":"https:\/\/futbolhoy.co\/?s={search_term_string}"},"query-input":{"@type":"PropertyValueSpecification","valueRequired":true,"valueName":"search_term_string"}}],"inLanguage":"es"},{"@type":"Organization","@id":"https:\/\/futbolhoy.co\/#organization","name":"Futbolhoy.co","url":"https:\/\/futbolhoy.co\/","logo":{"@type":"ImageObject","inLanguage":"es","@id":"https:\/\/futbolhoy.co\/#\/schema\/logo\/image\/","url":"https:\/\/futbolhoy.co\/wp-content\/uploads\/2018\/08\/17426380_1906371736249227_6326180412931521141_n.jpg","contentUrl":"https:\/\/futbolhoy.co\/wp-content\/uploads\/2018\/08\/17426380_1906371736249227_6326180412931521141_n.jpg","width":960,"height":960,"caption":"Futbolhoy.co"},"image":{"@id":"https:\/\/futbolhoy.co\/#\/schema\/logo\/image\/"},"sameAs":["https:\/\/www.facebook.com\/FutbolHoyCol\/","https:\/\/x.com\/FutbolHoyCol","https:\/\/www.instagram.com\/futbolhoycol\/"]},{"@type":"Person","@id":"https:\/\/futbolhoy.co\/#\/schema\/person\/1721b69355b6623eaff15ac7b92d4cc3","name":"contenido","image":{"@type":"ImageObject","inLanguage":"es","@id":"https:\/\/futbolhoy.co\/#\/schema\/person\/image\/","url":"https:\/\/secure.gravatar.com\/avatar\/4f656d3256f5134f466206e7c3941518?s=96&d=mm&r=g","contentUrl":"https:\/\/secure.gravatar.com\/avatar\/4f656d3256f5134f466206e7c3941518?s=96&d=mm&r=g","caption":"contenido"}}]}},"publishpress_future_action":{"enabled":false,"date":"2026-05-05 12:18:52","action":"change-status","newStatus":"draft","terms":[],"taxonomy":"category","extraData":[]},"publishpress_future_workflow_manual_trigger":{"enabledWorkflows":[]},"_links":{"self":[{"href":"https:\/\/futbolhoy.co\/index.php\/wp-json\/wp\/v2\/posts\/98616","targetHints":{"allow":["GET"]}}],"collection":[{"href":"https:\/\/futbolhoy.co\/index.php\/wp-json\/wp\/v2\/posts"}],"about":[{"href":"https:\/\/futbolhoy.co\/index.php\/wp-json\/wp\/v2\/types\/post"}],"author":[{"embeddable":true,"href":"https:\/\/futbolhoy.co\/index.php\/wp-json\/wp\/v2\/users\/4"}],"replies":[{"embeddable":true,"href":"https:\/\/futbolhoy.co\/index.php\/wp-json\/wp\/v2\/comments?post=98616"}],"version-history":[{"count":1,"href":"https:\/\/futbolhoy.co\/index.php\/wp-json\/wp\/v2\/posts\/98616\/revisions"}],"predecessor-version":[{"id":98618,"href":"https:\/\/futbolhoy.co\/index.php\/wp-json\/wp\/v2\/posts\/98616\/revisions\/98618"}],"wp:featuredmedia":[{"embeddable":true,"href":"https:\/\/futbolhoy.co\/index.php\/wp-json\/wp\/v2\/media\/98617"}],"wp:attachment":[{"href":"https:\/\/futbolhoy.co\/index.php\/wp-json\/wp\/v2\/media?parent=98616"}],"wp:term":[{"taxonomy":"category","embeddable":true,"href":"https:\/\/futbolhoy.co\/index.php\/wp-json\/wp\/v2\/categories?post=98616"},{"taxonomy":"post_tag","embeddable":true,"href":"https:\/\/futbolhoy.co\/index.php\/wp-json\/wp\/v2\/tags?post=98616"}],"curies":[{"name":"wp","href":"https:\/\/api.w.org\/{rel}","templated":true}]}}