{"id":9863,"date":"2017-11-17T19:58:30","date_gmt":"2017-11-18T00:58:30","guid":{"rendered":"http:\/\/futbolhoy.co\/?p=9863"},"modified":"2018-07-02T11:37:29","modified_gmt":"2018-07-02T16:37:29","slug":"barcelona-no-contratara-centrales-en-enero","status":"publish","type":"post","link":"https:\/\/futbolhoy.co\/index.php\/2017\/11\/17\/barcelona-no-contratara-centrales-en-enero\/","title":{"rendered":"Barcelona no contratar\u00e1 centrales en enero"},"content":{"rendered":"<p style=\"font-weight: 400; text-align: justify;\">El cuerpo t\u00e9cnico del <strong>Barcelona<\/strong> de Espa\u00f1a determin\u00f3 no contratar ning\u00fan central en el mercado de invierno del f\u00fatbol europeo, revel\u00f3 <strong>Mundo Deportivo.<\/strong><\/p>\n<p style=\"font-weight: 400; text-align: justify;\">Cualquier decisi\u00f3n contraria se tomar\u00e1 si se produce alguna novedad en el plantel.<\/p>\n<p style=\"font-weight: 400; text-align: justify;\">Un retraso en la recuperaci\u00f3n de\u00a0<strong>Javier Mascherano<\/strong>,\u00a0la salida de\u00a0<strong>Thomas Vermaelen<\/strong>\u00a0o alguna otra lesi\u00f3n, podr\u00edan cambiar esa decisi\u00f3n.<\/p>\n<p style=\"font-weight: 400; text-align: justify;\">En una situaci\u00f3n extrema, la primera opci\u00f3n ser\u00eda adelantar la incorporaci\u00f3n de\u00a0<strong>Yerry Mina<\/strong>, agreg\u00f3 el medio.<\/p>\n","protected":false},"excerpt":{"rendered":"<p>El cuerpo t\u00e9cnico del Barcelona de Espa\u00f1a determin\u00f3 no contratar ning\u00fan central en el mercado de invierno del f\u00fatbol europeo, revel\u00f3 Mundo Deportivo. Cualquier decisi\u00f3n contraria se tomar\u00e1 si se produce alguna novedad en el plantel. Un retraso en la recuperaci\u00f3n de\u00a0Javier Mascherano,\u00a0la salida de\u00a0Thomas Vermaelen\u00a0o alguna otra lesi\u00f3n, podr\u00edan cambiar esa decisi\u00f3n. En una [&hellip;]<\/p>\n","protected":false},"author":5,"featured_media":9866,"comment_status":"open","ping_status":"closed","sticky":false,"template":"","format":"standard","meta":{"_acf_changed":false,"footnotes":""},"categories":[152],"tags":[83,269],"class_list":{"0":"post-9863","1":"post","2":"type-post","3":"status-publish","4":"format-standard","5":"has-post-thumbnail","7":"category-mundo-futbol","8":"tag-fc-barcelona","9":"tag-yerry-mina"},"acf":[],"_links":{"self":[{"href":"https:\/\/futbolhoy.co\/index.php\/wp-json\/wp\/v2\/posts\/9863","targetHints":{"allow":["GET"]}}],"collection":[{"href":"https:\/\/futbolhoy.co\/index.php\/wp-json\/wp\/v2\/posts"}],"about":[{"href":"https:\/\/futbolhoy.co\/index.php\/wp-json\/wp\/v2\/types\/post"}],"author":[{"embeddable":true,"href":"https:\/\/futbolhoy.co\/index.php\/wp-json\/wp\/v2\/users\/5"}],"replies":[{"embeddable":true,"href":"https:\/\/futbolhoy.co\/index.php\/wp-json\/wp\/v2\/comments?post=9863"}],"version-history":[{"count":1,"href":"https:\/\/futbolhoy.co\/index.php\/wp-json\/wp\/v2\/posts\/9863\/revisions"}],"predecessor-version":[{"id":9869,"href":"https:\/\/futbolhoy.co\/index.php\/wp-json\/wp\/v2\/posts\/9863\/revisions\/9869"}],"wp:featuredmedia":[{"embeddable":true,"href":"https:\/\/futbolhoy.co\/index.php\/wp-json\/wp\/v2\/media\/9866"}],"wp:attachment":[{"href":"https:\/\/futbolhoy.co\/index.php\/wp-json\/wp\/v2\/media?parent=9863"}],"wp:term":[{"taxonomy":"category","embeddable":true,"href":"https:\/\/futbolhoy.co\/index.php\/wp-json\/wp\/v2\/categories?post=9863"},{"taxonomy":"post_tag","embeddable":true,"href":"https:\/\/futbolhoy.co\/index.php\/wp-json\/wp\/v2\/tags?post=9863"}],"curies":[{"name":"wp","href":"https:\/\/api.w.org\/{rel}","templated":true}]}}