{"id":98630,"date":"2023-08-31T09:03:34","date_gmt":"2023-08-31T14:03:34","guid":{"rendered":"https:\/\/futbolhoy.co\/?p=98630"},"modified":"2023-08-31T17:47:18","modified_gmt":"2023-08-31T22:47:18","slug":"seleccion-colombia-los-jugadores-que-podrian-debutar-en-partidos-oficiales","status":"publish","type":"post","link":"https:\/\/futbolhoy.co\/index.php\/2023\/08\/31\/seleccion-colombia-los-jugadores-que-podrian-debutar-en-partidos-oficiales\/","title":{"rendered":"Selecci\u00f3n Colombia: los jugadores que podr\u00edan debutar en partidos oficiales"},"content":{"rendered":"<p style=\"text-align: justify;\"><span style=\"font-family: helvetica, arial, sans-serif;\"><strong>N\u00e9stor Lorenzo <\/strong>y la<strong> Federaci\u00f3n Colombiana de F\u00fatbol<\/strong> dieron a conocer la lista de 26 futbolistas para encarar el inicio de las<strong> Eliminatorias al Mundial del 2026. Venezuela<\/strong> (7 de septiembre en <strong>Barranquilla)<\/strong> y Chile (12 de septiembre en <strong>Santiago)<\/strong> ser\u00e1n los dos primeros retos camino a volver a una cita orbital<strong>.<\/strong><\/span><\/p>\n<p style=\"text-align: justify;\"><span style=\"font-family: helvetica, arial, sans-serif;\">La era del entrenador argentino se ha compuesto por 8 partidos, todos amistosos donde todav\u00eda no se conoce la derrota, con seis triunfos y dos derrotas. En esas cinco convocatorias previas de Lorenzo, han pasado varios jugadores que aparecen en la que est\u00e1 dispuesta a enfrentar los dos juegos oficiales y tendr\u00edan su debut con la Selecci\u00f3n en esta condici\u00f3n.<\/span><\/p>\n<p style=\"text-align: justify;\"><span style=\"font-family: helvetica, arial, sans-serif;\">Los nombres de los futbolistas que podr\u00edan debutar oficialmente son: Mateo Cassierra, autor del gol ante<strong> Irak; Richard R\u00edos,<\/strong> que recibi\u00f3 su primer llamado; <strong>Jhon Arias,<\/strong> de gran momento en <strong>Flamengo; Jorge Carrascal<\/strong> del <strong>Dinamo Mosc\u00fa;<\/strong> <strong>John C\u00f3rdoba,<\/strong> que regresa a una convocatoria y <strong>Jhon Jader Dur\u00e1n del Aston Villa.<\/strong><\/span><\/p>\n<p style=\"text-align: justify;\"><span style=\"font-family: helvetica, arial, sans-serif;\">De los seleccionados, solo <strong>\u00c1lvaro Montero<\/strong> hace parte del f\u00fatbol colombiano, quien tambi\u00e9n podr\u00eda debutar oficialmente con la Tricolor, aunque el que se perfila para titular es Camilo Vargas ante la ausencia de <strong>David Ospina.<\/strong> El joven arquero <strong>Devis V\u00e1squez,<\/strong> recibe su segundo llamado, el primero a una convocatoria para duelos oficiales.<\/span><\/p>\n","protected":false},"excerpt":{"rendered":"<p>N\u00e9stor Lorenzo y la Federaci\u00f3n Colombiana de F\u00fatbol dieron a conocer la lista de 26 futbolistas para encarar el inicio de las Eliminatorias al Mundial del 2026. Venezuela (7 de septiembre en Barranquilla) y Chile (12 de septiembre en Santiago) ser\u00e1n los dos primeros retos camino a volver a una cita orbital. La era del [&hellip;]<\/p>\n","protected":false},"author":4,"featured_media":98631,"comment_status":"open","ping_status":"open","sticky":false,"template":"","format":"standard","meta":{"_acf_changed":false,"footnotes":""},"categories":[418],"tags":[],"class_list":{"0":"post-98630","1":"post","2":"type-post","3":"status-publish","4":"format-standard","5":"has-post-thumbnail","7":"category-colombia"},"acf":[],"yoast_head":"<!-- This site is optimized with the Yoast SEO plugin v26.8 - https:\/\/yoast.com\/product\/yoast-seo-wordpress\/ -->\n<title>Selecci\u00f3n Colombia: los jugadores que podr\u00edan debutar en partidos oficiales -<\/title>\n<meta name=\"robots\" content=\"index, follow, max-snippet:-1, max-image-preview:large, max-video-preview:-1\" \/>\n<link rel=\"canonical\" href=\"https:\/\/futbolhoy.co\/index.php\/2023\/08\/31\/seleccion-colombia-los-jugadores-que-podrian-debutar-en-partidos-oficiales\/\" \/>\n<meta property=\"og:locale\" content=\"es_ES\" \/>\n<meta property=\"og:type\" content=\"article\" \/>\n<meta property=\"og:title\" content=\"Selecci\u00f3n Colombia: los jugadores que podr\u00edan debutar en partidos oficiales -\" \/>\n<meta property=\"og:description\" content=\"N\u00e9stor Lorenzo y la Federaci\u00f3n Colombiana de F\u00fatbol dieron a conocer la lista de 26 futbolistas para encarar el inicio de las Eliminatorias al Mundial del 2026. Venezuela (7 de septiembre en Barranquilla) y Chile (12 de septiembre en Santiago) ser\u00e1n los dos primeros retos camino a volver a una cita orbital. La era del [&hellip;]\" \/>\n<meta property=\"og:url\" content=\"https:\/\/futbolhoy.co\/index.php\/2023\/08\/31\/seleccion-colombia-los-jugadores-que-podrian-debutar-en-partidos-oficiales\/\" \/>\n<meta property=\"article:publisher\" content=\"https:\/\/www.facebook.com\/FutbolHoyCol\/\" \/>\n<meta property=\"article:published_time\" content=\"2023-08-31T14:03:34+00:00\" \/>\n<meta property=\"article:modified_time\" content=\"2023-08-31T22:47:18+00:00\" \/>\n<meta property=\"og:image\" content=\"https:\/\/futbolhoy.co\/wp-content\/uploads\/2023\/08\/Richard-Rios.png\" \/>\n\t<meta property=\"og:image:width\" content=\"1046\" \/>\n\t<meta property=\"og:image:height\" content=\"931\" \/>\n\t<meta property=\"og:image:type\" content=\"image\/png\" \/>\n<meta name=\"author\" content=\"contenido\" \/>\n<meta name=\"twitter:card\" content=\"summary_large_image\" \/>\n<meta name=\"twitter:creator\" content=\"@FutbolHoyCol\" \/>\n<meta name=\"twitter:site\" content=\"@FutbolHoyCol\" \/>\n<meta name=\"twitter:label1\" content=\"Escrito por\" \/>\n\t<meta name=\"twitter:data1\" content=\"contenido\" \/>\n\t<meta name=\"twitter:label2\" content=\"Tiempo de lectura\" \/>\n\t<meta name=\"twitter:data2\" content=\"1 minuto\" \/>\n<script type=\"application\/ld+json\" class=\"yoast-schema-graph\">{\"@context\":\"https:\/\/schema.org\",\"@graph\":[{\"@type\":\"Article\",\"@id\":\"https:\/\/futbolhoy.co\/index.php\/2023\/08\/31\/seleccion-colombia-los-jugadores-que-podrian-debutar-en-partidos-oficiales\/#article\",\"isPartOf\":{\"@id\":\"https:\/\/futbolhoy.co\/index.php\/2023\/08\/31\/seleccion-colombia-los-jugadores-que-podrian-debutar-en-partidos-oficiales\/\"},\"author\":{\"name\":\"contenido\",\"@id\":\"https:\/\/futbolhoy.co\/#\/schema\/person\/1721b69355b6623eaff15ac7b92d4cc3\"},\"headline\":\"Selecci\u00f3n Colombia: los jugadores que podr\u00edan debutar en partidos oficiales\",\"datePublished\":\"2023-08-31T14:03:34+00:00\",\"dateModified\":\"2023-08-31T22:47:18+00:00\",\"mainEntityOfPage\":{\"@id\":\"https:\/\/futbolhoy.co\/index.php\/2023\/08\/31\/seleccion-colombia-los-jugadores-que-podrian-debutar-en-partidos-oficiales\/\"},\"wordCount\":237,\"commentCount\":0,\"publisher\":{\"@id\":\"https:\/\/futbolhoy.co\/#organization\"},\"image\":{\"@id\":\"https:\/\/futbolhoy.co\/index.php\/2023\/08\/31\/seleccion-colombia-los-jugadores-que-podrian-debutar-en-partidos-oficiales\/#primaryimage\"},\"thumbnailUrl\":\"https:\/\/futbolhoy.co\/wp-content\/uploads\/2023\/08\/Richard-Rios.png\",\"articleSection\":[\"Colombia\"],\"inLanguage\":\"es\",\"potentialAction\":[{\"@type\":\"CommentAction\",\"name\":\"Comment\",\"target\":[\"https:\/\/futbolhoy.co\/index.php\/2023\/08\/31\/seleccion-colombia-los-jugadores-que-podrian-debutar-en-partidos-oficiales\/#respond\"]}]},{\"@type\":\"WebPage\",\"@id\":\"https:\/\/futbolhoy.co\/index.php\/2023\/08\/31\/seleccion-colombia-los-jugadores-que-podrian-debutar-en-partidos-oficiales\/\",\"url\":\"https:\/\/futbolhoy.co\/index.php\/2023\/08\/31\/seleccion-colombia-los-jugadores-que-podrian-debutar-en-partidos-oficiales\/\",\"name\":\"Selecci\u00f3n Colombia: los jugadores que podr\u00edan debutar en partidos oficiales -\",\"isPartOf\":{\"@id\":\"https:\/\/futbolhoy.co\/#website\"},\"primaryImageOfPage\":{\"@id\":\"https:\/\/futbolhoy.co\/index.php\/2023\/08\/31\/seleccion-colombia-los-jugadores-que-podrian-debutar-en-partidos-oficiales\/#primaryimage\"},\"image\":{\"@id\":\"https:\/\/futbolhoy.co\/index.php\/2023\/08\/31\/seleccion-colombia-los-jugadores-que-podrian-debutar-en-partidos-oficiales\/#primaryimage\"},\"thumbnailUrl\":\"https:\/\/futbolhoy.co\/wp-content\/uploads\/2023\/08\/Richard-Rios.png\",\"datePublished\":\"2023-08-31T14:03:34+00:00\",\"dateModified\":\"2023-08-31T22:47:18+00:00\",\"breadcrumb\":{\"@id\":\"https:\/\/futbolhoy.co\/index.php\/2023\/08\/31\/seleccion-colombia-los-jugadores-que-podrian-debutar-en-partidos-oficiales\/#breadcrumb\"},\"inLanguage\":\"es\",\"potentialAction\":[{\"@type\":\"ReadAction\",\"target\":[\"https:\/\/futbolhoy.co\/index.php\/2023\/08\/31\/seleccion-colombia-los-jugadores-que-podrian-debutar-en-partidos-oficiales\/\"]}]},{\"@type\":\"ImageObject\",\"inLanguage\":\"es\",\"@id\":\"https:\/\/futbolhoy.co\/index.php\/2023\/08\/31\/seleccion-colombia-los-jugadores-que-podrian-debutar-en-partidos-oficiales\/#primaryimage\",\"url\":\"https:\/\/futbolhoy.co\/wp-content\/uploads\/2023\/08\/Richard-Rios.png\",\"contentUrl\":\"https:\/\/futbolhoy.co\/wp-content\/uploads\/2023\/08\/Richard-Rios.png\",\"width\":1046,\"height\":931},{\"@type\":\"BreadcrumbList\",\"@id\":\"https:\/\/futbolhoy.co\/index.php\/2023\/08\/31\/seleccion-colombia-los-jugadores-que-podrian-debutar-en-partidos-oficiales\/#breadcrumb\",\"itemListElement\":[{\"@type\":\"ListItem\",\"position\":1,\"name\":\"Portada\",\"item\":\"https:\/\/futbolhoy.co\/\"},{\"@type\":\"ListItem\",\"position\":2,\"name\":\"Selecci\u00f3n Colombia: los jugadores que podr\u00edan debutar en partidos oficiales\"}]},{\"@type\":\"WebSite\",\"@id\":\"https:\/\/futbolhoy.co\/#website\",\"url\":\"https:\/\/futbolhoy.co\/\",\"name\":\"FutbolHoy\",\"description\":\"\",\"publisher\":{\"@id\":\"https:\/\/futbolhoy.co\/#organization\"},\"potentialAction\":[{\"@type\":\"SearchAction\",\"target\":{\"@type\":\"EntryPoint\",\"urlTemplate\":\"https:\/\/futbolhoy.co\/?s={search_term_string}\"},\"query-input\":{\"@type\":\"PropertyValueSpecification\",\"valueRequired\":true,\"valueName\":\"search_term_string\"}}],\"inLanguage\":\"es\"},{\"@type\":\"Organization\",\"@id\":\"https:\/\/futbolhoy.co\/#organization\",\"name\":\"Futbolhoy.co\",\"url\":\"https:\/\/futbolhoy.co\/\",\"logo\":{\"@type\":\"ImageObject\",\"inLanguage\":\"es\",\"@id\":\"https:\/\/futbolhoy.co\/#\/schema\/logo\/image\/\",\"url\":\"https:\/\/futbolhoy.co\/wp-content\/uploads\/2018\/08\/17426380_1906371736249227_6326180412931521141_n.jpg\",\"contentUrl\":\"https:\/\/futbolhoy.co\/wp-content\/uploads\/2018\/08\/17426380_1906371736249227_6326180412931521141_n.jpg\",\"width\":960,\"height\":960,\"caption\":\"Futbolhoy.co\"},\"image\":{\"@id\":\"https:\/\/futbolhoy.co\/#\/schema\/logo\/image\/\"},\"sameAs\":[\"https:\/\/www.facebook.com\/FutbolHoyCol\/\",\"https:\/\/x.com\/FutbolHoyCol\",\"https:\/\/www.instagram.com\/futbolhoycol\/\"]},{\"@type\":\"Person\",\"@id\":\"https:\/\/futbolhoy.co\/#\/schema\/person\/1721b69355b6623eaff15ac7b92d4cc3\",\"name\":\"contenido\",\"image\":{\"@type\":\"ImageObject\",\"inLanguage\":\"es\",\"@id\":\"https:\/\/futbolhoy.co\/#\/schema\/person\/image\/\",\"url\":\"https:\/\/secure.gravatar.com\/avatar\/4f656d3256f5134f466206e7c3941518?s=96&d=mm&r=g\",\"contentUrl\":\"https:\/\/secure.gravatar.com\/avatar\/4f656d3256f5134f466206e7c3941518?s=96&d=mm&r=g\",\"caption\":\"contenido\"}}]}<\/script>\n<!-- \/ Yoast SEO plugin. -->","yoast_head_json":{"title":"Selecci\u00f3n Colombia: los jugadores que podr\u00edan debutar en partidos oficiales -","robots":{"index":"index","follow":"follow","max-snippet":"max-snippet:-1","max-image-preview":"max-image-preview:large","max-video-preview":"max-video-preview:-1"},"canonical":"https:\/\/futbolhoy.co\/index.php\/2023\/08\/31\/seleccion-colombia-los-jugadores-que-podrian-debutar-en-partidos-oficiales\/","og_locale":"es_ES","og_type":"article","og_title":"Selecci\u00f3n Colombia: los jugadores que podr\u00edan debutar en partidos oficiales -","og_description":"N\u00e9stor Lorenzo y la Federaci\u00f3n Colombiana de F\u00fatbol dieron a conocer la lista de 26 futbolistas para encarar el inicio de las Eliminatorias al Mundial del 2026. Venezuela (7 de septiembre en Barranquilla) y Chile (12 de septiembre en Santiago) ser\u00e1n los dos primeros retos camino a volver a una cita orbital. La era del [&hellip;]","og_url":"https:\/\/futbolhoy.co\/index.php\/2023\/08\/31\/seleccion-colombia-los-jugadores-que-podrian-debutar-en-partidos-oficiales\/","article_publisher":"https:\/\/www.facebook.com\/FutbolHoyCol\/","article_published_time":"2023-08-31T14:03:34+00:00","article_modified_time":"2023-08-31T22:47:18+00:00","og_image":[{"width":1046,"height":931,"url":"https:\/\/futbolhoy.co\/wp-content\/uploads\/2023\/08\/Richard-Rios.png","type":"image\/png"}],"author":"contenido","twitter_card":"summary_large_image","twitter_creator":"@FutbolHoyCol","twitter_site":"@FutbolHoyCol","twitter_misc":{"Escrito por":"contenido","Tiempo de lectura":"1 minuto"},"schema":{"@context":"https:\/\/schema.org","@graph":[{"@type":"Article","@id":"https:\/\/futbolhoy.co\/index.php\/2023\/08\/31\/seleccion-colombia-los-jugadores-que-podrian-debutar-en-partidos-oficiales\/#article","isPartOf":{"@id":"https:\/\/futbolhoy.co\/index.php\/2023\/08\/31\/seleccion-colombia-los-jugadores-que-podrian-debutar-en-partidos-oficiales\/"},"author":{"name":"contenido","@id":"https:\/\/futbolhoy.co\/#\/schema\/person\/1721b69355b6623eaff15ac7b92d4cc3"},"headline":"Selecci\u00f3n Colombia: los jugadores que podr\u00edan debutar en partidos oficiales","datePublished":"2023-08-31T14:03:34+00:00","dateModified":"2023-08-31T22:47:18+00:00","mainEntityOfPage":{"@id":"https:\/\/futbolhoy.co\/index.php\/2023\/08\/31\/seleccion-colombia-los-jugadores-que-podrian-debutar-en-partidos-oficiales\/"},"wordCount":237,"commentCount":0,"publisher":{"@id":"https:\/\/futbolhoy.co\/#organization"},"image":{"@id":"https:\/\/futbolhoy.co\/index.php\/2023\/08\/31\/seleccion-colombia-los-jugadores-que-podrian-debutar-en-partidos-oficiales\/#primaryimage"},"thumbnailUrl":"https:\/\/futbolhoy.co\/wp-content\/uploads\/2023\/08\/Richard-Rios.png","articleSection":["Colombia"],"inLanguage":"es","potentialAction":[{"@type":"CommentAction","name":"Comment","target":["https:\/\/futbolhoy.co\/index.php\/2023\/08\/31\/seleccion-colombia-los-jugadores-que-podrian-debutar-en-partidos-oficiales\/#respond"]}]},{"@type":"WebPage","@id":"https:\/\/futbolhoy.co\/index.php\/2023\/08\/31\/seleccion-colombia-los-jugadores-que-podrian-debutar-en-partidos-oficiales\/","url":"https:\/\/futbolhoy.co\/index.php\/2023\/08\/31\/seleccion-colombia-los-jugadores-que-podrian-debutar-en-partidos-oficiales\/","name":"Selecci\u00f3n Colombia: los jugadores que podr\u00edan debutar en partidos oficiales -","isPartOf":{"@id":"https:\/\/futbolhoy.co\/#website"},"primaryImageOfPage":{"@id":"https:\/\/futbolhoy.co\/index.php\/2023\/08\/31\/seleccion-colombia-los-jugadores-que-podrian-debutar-en-partidos-oficiales\/#primaryimage"},"image":{"@id":"https:\/\/futbolhoy.co\/index.php\/2023\/08\/31\/seleccion-colombia-los-jugadores-que-podrian-debutar-en-partidos-oficiales\/#primaryimage"},"thumbnailUrl":"https:\/\/futbolhoy.co\/wp-content\/uploads\/2023\/08\/Richard-Rios.png","datePublished":"2023-08-31T14:03:34+00:00","dateModified":"2023-08-31T22:47:18+00:00","breadcrumb":{"@id":"https:\/\/futbolhoy.co\/index.php\/2023\/08\/31\/seleccion-colombia-los-jugadores-que-podrian-debutar-en-partidos-oficiales\/#breadcrumb"},"inLanguage":"es","potentialAction":[{"@type":"ReadAction","target":["https:\/\/futbolhoy.co\/index.php\/2023\/08\/31\/seleccion-colombia-los-jugadores-que-podrian-debutar-en-partidos-oficiales\/"]}]},{"@type":"ImageObject","inLanguage":"es","@id":"https:\/\/futbolhoy.co\/index.php\/2023\/08\/31\/seleccion-colombia-los-jugadores-que-podrian-debutar-en-partidos-oficiales\/#primaryimage","url":"https:\/\/futbolhoy.co\/wp-content\/uploads\/2023\/08\/Richard-Rios.png","contentUrl":"https:\/\/futbolhoy.co\/wp-content\/uploads\/2023\/08\/Richard-Rios.png","width":1046,"height":931},{"@type":"BreadcrumbList","@id":"https:\/\/futbolhoy.co\/index.php\/2023\/08\/31\/seleccion-colombia-los-jugadores-que-podrian-debutar-en-partidos-oficiales\/#breadcrumb","itemListElement":[{"@type":"ListItem","position":1,"name":"Portada","item":"https:\/\/futbolhoy.co\/"},{"@type":"ListItem","position":2,"name":"Selecci\u00f3n Colombia: los jugadores que podr\u00edan debutar en partidos oficiales"}]},{"@type":"WebSite","@id":"https:\/\/futbolhoy.co\/#website","url":"https:\/\/futbolhoy.co\/","name":"FutbolHoy","description":"","publisher":{"@id":"https:\/\/futbolhoy.co\/#organization"},"potentialAction":[{"@type":"SearchAction","target":{"@type":"EntryPoint","urlTemplate":"https:\/\/futbolhoy.co\/?s={search_term_string}"},"query-input":{"@type":"PropertyValueSpecification","valueRequired":true,"valueName":"search_term_string"}}],"inLanguage":"es"},{"@type":"Organization","@id":"https:\/\/futbolhoy.co\/#organization","name":"Futbolhoy.co","url":"https:\/\/futbolhoy.co\/","logo":{"@type":"ImageObject","inLanguage":"es","@id":"https:\/\/futbolhoy.co\/#\/schema\/logo\/image\/","url":"https:\/\/futbolhoy.co\/wp-content\/uploads\/2018\/08\/17426380_1906371736249227_6326180412931521141_n.jpg","contentUrl":"https:\/\/futbolhoy.co\/wp-content\/uploads\/2018\/08\/17426380_1906371736249227_6326180412931521141_n.jpg","width":960,"height":960,"caption":"Futbolhoy.co"},"image":{"@id":"https:\/\/futbolhoy.co\/#\/schema\/logo\/image\/"},"sameAs":["https:\/\/www.facebook.com\/FutbolHoyCol\/","https:\/\/x.com\/FutbolHoyCol","https:\/\/www.instagram.com\/futbolhoycol\/"]},{"@type":"Person","@id":"https:\/\/futbolhoy.co\/#\/schema\/person\/1721b69355b6623eaff15ac7b92d4cc3","name":"contenido","image":{"@type":"ImageObject","inLanguage":"es","@id":"https:\/\/futbolhoy.co\/#\/schema\/person\/image\/","url":"https:\/\/secure.gravatar.com\/avatar\/4f656d3256f5134f466206e7c3941518?s=96&d=mm&r=g","contentUrl":"https:\/\/secure.gravatar.com\/avatar\/4f656d3256f5134f466206e7c3941518?s=96&d=mm&r=g","caption":"contenido"}}]}},"publishpress_future_action":{"enabled":false,"date":"2026-05-05 09:27:03","action":"change-status","newStatus":"draft","terms":[],"taxonomy":"category","extraData":[]},"publishpress_future_workflow_manual_trigger":{"enabledWorkflows":[]},"_links":{"self":[{"href":"https:\/\/futbolhoy.co\/index.php\/wp-json\/wp\/v2\/posts\/98630","targetHints":{"allow":["GET"]}}],"collection":[{"href":"https:\/\/futbolhoy.co\/index.php\/wp-json\/wp\/v2\/posts"}],"about":[{"href":"https:\/\/futbolhoy.co\/index.php\/wp-json\/wp\/v2\/types\/post"}],"author":[{"embeddable":true,"href":"https:\/\/futbolhoy.co\/index.php\/wp-json\/wp\/v2\/users\/4"}],"replies":[{"embeddable":true,"href":"https:\/\/futbolhoy.co\/index.php\/wp-json\/wp\/v2\/comments?post=98630"}],"version-history":[{"count":1,"href":"https:\/\/futbolhoy.co\/index.php\/wp-json\/wp\/v2\/posts\/98630\/revisions"}],"predecessor-version":[{"id":98632,"href":"https:\/\/futbolhoy.co\/index.php\/wp-json\/wp\/v2\/posts\/98630\/revisions\/98632"}],"wp:featuredmedia":[{"embeddable":true,"href":"https:\/\/futbolhoy.co\/index.php\/wp-json\/wp\/v2\/media\/98631"}],"wp:attachment":[{"href":"https:\/\/futbolhoy.co\/index.php\/wp-json\/wp\/v2\/media?parent=98630"}],"wp:term":[{"taxonomy":"category","embeddable":true,"href":"https:\/\/futbolhoy.co\/index.php\/wp-json\/wp\/v2\/categories?post=98630"},{"taxonomy":"post_tag","embeddable":true,"href":"https:\/\/futbolhoy.co\/index.php\/wp-json\/wp\/v2\/tags?post=98630"}],"curies":[{"name":"wp","href":"https:\/\/api.w.org\/{rel}","templated":true}]}}