{"id":98637,"date":"2023-08-31T13:11:15","date_gmt":"2023-08-31T18:11:15","guid":{"rendered":"https:\/\/futbolhoy.co\/?p=98637"},"modified":"2023-09-01T07:00:28","modified_gmt":"2023-09-01T12:00:28","slug":"jugadores-que-regresan-a-la-seleccion-colombia","status":"publish","type":"post","link":"https:\/\/futbolhoy.co\/index.php\/2023\/08\/31\/jugadores-que-regresan-a-la-seleccion-colombia\/","title":{"rendered":"Jugadores que regresan a la Selecci\u00f3n Colombia"},"content":{"rendered":"<p style=\"text-align: justify;\"><span style=\"font-family: helvetica, arial, sans-serif;\"><strong>N\u00e9stor Lorenzo<\/strong> dio a conocer la lista de 26 futbolistas con los que iniciar\u00e1 el sue\u00f1o de la clasificaci\u00f3n al <strong>Mundial del 2026. Venezuela y Chile<\/strong> ser\u00e1n los dos primeros retos que tendr\u00e1 al frente el argentino, quien a su vez estar\u00e1 dirigiendo sus primeros duelos oficiales en el combinado nacional.<\/span><\/p>\n<p style=\"text-align: justify;\"><span style=\"font-family: helvetica, arial, sans-serif;\">En la convocatoria, hay varios jugadores que regresan a vestir la camiseta amarilla. Con relaci\u00f3n a la m\u00e1s reciente, de los duelos ante Irak y Alemania, el que m\u00e1s destaca es el de<strong> James Rodr\u00edguez,<\/strong> quien no juega desde los duelos ante Guatemala y M\u00e9xico hace 11 meses.<\/span><\/p>\n<p style=\"text-align: justify;\"><span style=\"font-family: helvetica, arial, sans-serif;\">Por su parte,<strong> Santiago Arias<\/strong> es otro de los regresos sonados, pues desde hace 2 a\u00f1os, 10 meses y 21 d\u00edas no era citado. Su \u00faltimo partido fue el 10 de octubre de 2020 ante Venezuela en el comienzo de las <strong>Eliminatorias a Qatar 2022,<\/strong> pero solo estuvo ocho minutos y sufri\u00f3 una lesi\u00f3n que le impidi\u00f3 volver a tener nivel para ser seleccionado.<\/span><\/p>\n<p style=\"text-align: justify;\"><span style=\"font-family: helvetica, arial, sans-serif;\"><strong>Jhon C\u00f3rdoba,<\/strong> tampoco hac\u00eda parte de una Selecci\u00f3n Colombia desde octubre de 2020, cuando el t\u00e9cnico era <strong>Carlos Queiroz<\/strong>, pero en esa doble jornada, el delantero no sum\u00f3 ni un minuto.<\/span><\/p>\n<p style=\"text-align: justify;\"><span style=\"font-family: helvetica, arial, sans-serif;\"><strong>Juan Fernando Quintero<\/strong> es otro de los que vuelve, ya que no hizo parte de la selecci\u00f3n de junio para los amistosos en Europa. Su buen nivel con <strong>Racing<\/strong>, hizo que incluso el entrenador lo esperara para finalmente dar a conocer los convocados.<\/span><\/p>\n","protected":false},"excerpt":{"rendered":"<p>N\u00e9stor Lorenzo dio a conocer la lista de 26 futbolistas con los que iniciar\u00e1 el sue\u00f1o de la clasificaci\u00f3n al Mundial del 2026. Venezuela y Chile ser\u00e1n los dos primeros retos que tendr\u00e1 al frente el argentino, quien a su vez estar\u00e1 dirigiendo sus primeros duelos oficiales en el combinado nacional. En la convocatoria, hay [&hellip;]<\/p>\n","protected":false},"author":4,"featured_media":38433,"comment_status":"open","ping_status":"open","sticky":false,"template":"","format":"standard","meta":{"_acf_changed":false,"footnotes":""},"categories":[418],"tags":[],"class_list":{"0":"post-98637","1":"post","2":"type-post","3":"status-publish","4":"format-standard","5":"has-post-thumbnail","7":"category-colombia"},"acf":[],"yoast_head":"<!-- This site is optimized with the Yoast SEO plugin v26.8 - https:\/\/yoast.com\/product\/yoast-seo-wordpress\/ -->\n<title>Jugadores que regresan a la Selecci\u00f3n Colombia -<\/title>\n<meta name=\"robots\" content=\"index, follow, max-snippet:-1, max-image-preview:large, max-video-preview:-1\" \/>\n<link rel=\"canonical\" href=\"https:\/\/futbolhoy.co\/index.php\/2023\/08\/31\/jugadores-que-regresan-a-la-seleccion-colombia\/\" \/>\n<meta property=\"og:locale\" content=\"es_ES\" \/>\n<meta property=\"og:type\" content=\"article\" \/>\n<meta property=\"og:title\" content=\"Jugadores que regresan a la Selecci\u00f3n Colombia -\" \/>\n<meta property=\"og:description\" content=\"N\u00e9stor Lorenzo dio a conocer la lista de 26 futbolistas con los que iniciar\u00e1 el sue\u00f1o de la clasificaci\u00f3n al Mundial del 2026. Venezuela y Chile ser\u00e1n los dos primeros retos que tendr\u00e1 al frente el argentino, quien a su vez estar\u00e1 dirigiendo sus primeros duelos oficiales en el combinado nacional. En la convocatoria, hay [&hellip;]\" \/>\n<meta property=\"og:url\" content=\"https:\/\/futbolhoy.co\/index.php\/2023\/08\/31\/jugadores-que-regresan-a-la-seleccion-colombia\/\" \/>\n<meta property=\"article:publisher\" content=\"https:\/\/www.facebook.com\/FutbolHoyCol\/\" \/>\n<meta property=\"article:published_time\" content=\"2023-08-31T18:11:15+00:00\" \/>\n<meta property=\"article:modified_time\" content=\"2023-09-01T12:00:28+00:00\" \/>\n<meta property=\"og:image\" content=\"https:\/\/futbolhoy.co\/wp-content\/uploads\/2019\/07\/D9eAY7RXYAEjL9e.jpg\" \/>\n\t<meta property=\"og:image:width\" content=\"1200\" \/>\n\t<meta property=\"og:image:height\" content=\"761\" \/>\n\t<meta property=\"og:image:type\" content=\"image\/jpeg\" \/>\n<meta name=\"author\" content=\"contenido\" \/>\n<meta name=\"twitter:card\" content=\"summary_large_image\" \/>\n<meta name=\"twitter:creator\" content=\"@FutbolHoyCol\" \/>\n<meta name=\"twitter:site\" content=\"@FutbolHoyCol\" \/>\n<meta name=\"twitter:label1\" content=\"Escrito por\" \/>\n\t<meta name=\"twitter:data1\" content=\"contenido\" \/>\n\t<meta name=\"twitter:label2\" content=\"Tiempo de lectura\" \/>\n\t<meta name=\"twitter:data2\" content=\"1 minuto\" \/>\n<script type=\"application\/ld+json\" class=\"yoast-schema-graph\">{\"@context\":\"https:\/\/schema.org\",\"@graph\":[{\"@type\":\"Article\",\"@id\":\"https:\/\/futbolhoy.co\/index.php\/2023\/08\/31\/jugadores-que-regresan-a-la-seleccion-colombia\/#article\",\"isPartOf\":{\"@id\":\"https:\/\/futbolhoy.co\/index.php\/2023\/08\/31\/jugadores-que-regresan-a-la-seleccion-colombia\/\"},\"author\":{\"name\":\"contenido\",\"@id\":\"https:\/\/futbolhoy.co\/#\/schema\/person\/1721b69355b6623eaff15ac7b92d4cc3\"},\"headline\":\"Jugadores que regresan a la Selecci\u00f3n Colombia\",\"datePublished\":\"2023-08-31T18:11:15+00:00\",\"dateModified\":\"2023-09-01T12:00:28+00:00\",\"mainEntityOfPage\":{\"@id\":\"https:\/\/futbolhoy.co\/index.php\/2023\/08\/31\/jugadores-que-regresan-a-la-seleccion-colombia\/\"},\"wordCount\":252,\"commentCount\":0,\"publisher\":{\"@id\":\"https:\/\/futbolhoy.co\/#organization\"},\"image\":{\"@id\":\"https:\/\/futbolhoy.co\/index.php\/2023\/08\/31\/jugadores-que-regresan-a-la-seleccion-colombia\/#primaryimage\"},\"thumbnailUrl\":\"https:\/\/futbolhoy.co\/wp-content\/uploads\/2019\/07\/D9eAY7RXYAEjL9e.jpg\",\"articleSection\":[\"Colombia\"],\"inLanguage\":\"es\",\"potentialAction\":[{\"@type\":\"CommentAction\",\"name\":\"Comment\",\"target\":[\"https:\/\/futbolhoy.co\/index.php\/2023\/08\/31\/jugadores-que-regresan-a-la-seleccion-colombia\/#respond\"]}]},{\"@type\":\"WebPage\",\"@id\":\"https:\/\/futbolhoy.co\/index.php\/2023\/08\/31\/jugadores-que-regresan-a-la-seleccion-colombia\/\",\"url\":\"https:\/\/futbolhoy.co\/index.php\/2023\/08\/31\/jugadores-que-regresan-a-la-seleccion-colombia\/\",\"name\":\"Jugadores que regresan a la Selecci\u00f3n Colombia -\",\"isPartOf\":{\"@id\":\"https:\/\/futbolhoy.co\/#website\"},\"primaryImageOfPage\":{\"@id\":\"https:\/\/futbolhoy.co\/index.php\/2023\/08\/31\/jugadores-que-regresan-a-la-seleccion-colombia\/#primaryimage\"},\"image\":{\"@id\":\"https:\/\/futbolhoy.co\/index.php\/2023\/08\/31\/jugadores-que-regresan-a-la-seleccion-colombia\/#primaryimage\"},\"thumbnailUrl\":\"https:\/\/futbolhoy.co\/wp-content\/uploads\/2019\/07\/D9eAY7RXYAEjL9e.jpg\",\"datePublished\":\"2023-08-31T18:11:15+00:00\",\"dateModified\":\"2023-09-01T12:00:28+00:00\",\"breadcrumb\":{\"@id\":\"https:\/\/futbolhoy.co\/index.php\/2023\/08\/31\/jugadores-que-regresan-a-la-seleccion-colombia\/#breadcrumb\"},\"inLanguage\":\"es\",\"potentialAction\":[{\"@type\":\"ReadAction\",\"target\":[\"https:\/\/futbolhoy.co\/index.php\/2023\/08\/31\/jugadores-que-regresan-a-la-seleccion-colombia\/\"]}]},{\"@type\":\"ImageObject\",\"inLanguage\":\"es\",\"@id\":\"https:\/\/futbolhoy.co\/index.php\/2023\/08\/31\/jugadores-que-regresan-a-la-seleccion-colombia\/#primaryimage\",\"url\":\"https:\/\/futbolhoy.co\/wp-content\/uploads\/2019\/07\/D9eAY7RXYAEjL9e.jpg\",\"contentUrl\":\"https:\/\/futbolhoy.co\/wp-content\/uploads\/2019\/07\/D9eAY7RXYAEjL9e.jpg\",\"width\":1200,\"height\":761,\"caption\":\"Twitter @jamesdrodriguez\"},{\"@type\":\"BreadcrumbList\",\"@id\":\"https:\/\/futbolhoy.co\/index.php\/2023\/08\/31\/jugadores-que-regresan-a-la-seleccion-colombia\/#breadcrumb\",\"itemListElement\":[{\"@type\":\"ListItem\",\"position\":1,\"name\":\"Portada\",\"item\":\"https:\/\/futbolhoy.co\/\"},{\"@type\":\"ListItem\",\"position\":2,\"name\":\"Jugadores que regresan a la Selecci\u00f3n Colombia\"}]},{\"@type\":\"WebSite\",\"@id\":\"https:\/\/futbolhoy.co\/#website\",\"url\":\"https:\/\/futbolhoy.co\/\",\"name\":\"FutbolHoy\",\"description\":\"\",\"publisher\":{\"@id\":\"https:\/\/futbolhoy.co\/#organization\"},\"potentialAction\":[{\"@type\":\"SearchAction\",\"target\":{\"@type\":\"EntryPoint\",\"urlTemplate\":\"https:\/\/futbolhoy.co\/?s={search_term_string}\"},\"query-input\":{\"@type\":\"PropertyValueSpecification\",\"valueRequired\":true,\"valueName\":\"search_term_string\"}}],\"inLanguage\":\"es\"},{\"@type\":\"Organization\",\"@id\":\"https:\/\/futbolhoy.co\/#organization\",\"name\":\"Futbolhoy.co\",\"url\":\"https:\/\/futbolhoy.co\/\",\"logo\":{\"@type\":\"ImageObject\",\"inLanguage\":\"es\",\"@id\":\"https:\/\/futbolhoy.co\/#\/schema\/logo\/image\/\",\"url\":\"https:\/\/futbolhoy.co\/wp-content\/uploads\/2018\/08\/17426380_1906371736249227_6326180412931521141_n.jpg\",\"contentUrl\":\"https:\/\/futbolhoy.co\/wp-content\/uploads\/2018\/08\/17426380_1906371736249227_6326180412931521141_n.jpg\",\"width\":960,\"height\":960,\"caption\":\"Futbolhoy.co\"},\"image\":{\"@id\":\"https:\/\/futbolhoy.co\/#\/schema\/logo\/image\/\"},\"sameAs\":[\"https:\/\/www.facebook.com\/FutbolHoyCol\/\",\"https:\/\/x.com\/FutbolHoyCol\",\"https:\/\/www.instagram.com\/futbolhoycol\/\"]},{\"@type\":\"Person\",\"@id\":\"https:\/\/futbolhoy.co\/#\/schema\/person\/1721b69355b6623eaff15ac7b92d4cc3\",\"name\":\"contenido\",\"image\":{\"@type\":\"ImageObject\",\"inLanguage\":\"es\",\"@id\":\"https:\/\/futbolhoy.co\/#\/schema\/person\/image\/\",\"url\":\"https:\/\/secure.gravatar.com\/avatar\/4f656d3256f5134f466206e7c3941518?s=96&d=mm&r=g\",\"contentUrl\":\"https:\/\/secure.gravatar.com\/avatar\/4f656d3256f5134f466206e7c3941518?s=96&d=mm&r=g\",\"caption\":\"contenido\"}}]}<\/script>\n<!-- \/ Yoast SEO plugin. -->","yoast_head_json":{"title":"Jugadores que regresan a la Selecci\u00f3n Colombia -","robots":{"index":"index","follow":"follow","max-snippet":"max-snippet:-1","max-image-preview":"max-image-preview:large","max-video-preview":"max-video-preview:-1"},"canonical":"https:\/\/futbolhoy.co\/index.php\/2023\/08\/31\/jugadores-que-regresan-a-la-seleccion-colombia\/","og_locale":"es_ES","og_type":"article","og_title":"Jugadores que regresan a la Selecci\u00f3n Colombia -","og_description":"N\u00e9stor Lorenzo dio a conocer la lista de 26 futbolistas con los que iniciar\u00e1 el sue\u00f1o de la clasificaci\u00f3n al Mundial del 2026. Venezuela y Chile ser\u00e1n los dos primeros retos que tendr\u00e1 al frente el argentino, quien a su vez estar\u00e1 dirigiendo sus primeros duelos oficiales en el combinado nacional. En la convocatoria, hay [&hellip;]","og_url":"https:\/\/futbolhoy.co\/index.php\/2023\/08\/31\/jugadores-que-regresan-a-la-seleccion-colombia\/","article_publisher":"https:\/\/www.facebook.com\/FutbolHoyCol\/","article_published_time":"2023-08-31T18:11:15+00:00","article_modified_time":"2023-09-01T12:00:28+00:00","og_image":[{"width":1200,"height":761,"url":"https:\/\/futbolhoy.co\/wp-content\/uploads\/2019\/07\/D9eAY7RXYAEjL9e.jpg","type":"image\/jpeg"}],"author":"contenido","twitter_card":"summary_large_image","twitter_creator":"@FutbolHoyCol","twitter_site":"@FutbolHoyCol","twitter_misc":{"Escrito por":"contenido","Tiempo de lectura":"1 minuto"},"schema":{"@context":"https:\/\/schema.org","@graph":[{"@type":"Article","@id":"https:\/\/futbolhoy.co\/index.php\/2023\/08\/31\/jugadores-que-regresan-a-la-seleccion-colombia\/#article","isPartOf":{"@id":"https:\/\/futbolhoy.co\/index.php\/2023\/08\/31\/jugadores-que-regresan-a-la-seleccion-colombia\/"},"author":{"name":"contenido","@id":"https:\/\/futbolhoy.co\/#\/schema\/person\/1721b69355b6623eaff15ac7b92d4cc3"},"headline":"Jugadores que regresan a la Selecci\u00f3n Colombia","datePublished":"2023-08-31T18:11:15+00:00","dateModified":"2023-09-01T12:00:28+00:00","mainEntityOfPage":{"@id":"https:\/\/futbolhoy.co\/index.php\/2023\/08\/31\/jugadores-que-regresan-a-la-seleccion-colombia\/"},"wordCount":252,"commentCount":0,"publisher":{"@id":"https:\/\/futbolhoy.co\/#organization"},"image":{"@id":"https:\/\/futbolhoy.co\/index.php\/2023\/08\/31\/jugadores-que-regresan-a-la-seleccion-colombia\/#primaryimage"},"thumbnailUrl":"https:\/\/futbolhoy.co\/wp-content\/uploads\/2019\/07\/D9eAY7RXYAEjL9e.jpg","articleSection":["Colombia"],"inLanguage":"es","potentialAction":[{"@type":"CommentAction","name":"Comment","target":["https:\/\/futbolhoy.co\/index.php\/2023\/08\/31\/jugadores-que-regresan-a-la-seleccion-colombia\/#respond"]}]},{"@type":"WebPage","@id":"https:\/\/futbolhoy.co\/index.php\/2023\/08\/31\/jugadores-que-regresan-a-la-seleccion-colombia\/","url":"https:\/\/futbolhoy.co\/index.php\/2023\/08\/31\/jugadores-que-regresan-a-la-seleccion-colombia\/","name":"Jugadores que regresan a la Selecci\u00f3n Colombia -","isPartOf":{"@id":"https:\/\/futbolhoy.co\/#website"},"primaryImageOfPage":{"@id":"https:\/\/futbolhoy.co\/index.php\/2023\/08\/31\/jugadores-que-regresan-a-la-seleccion-colombia\/#primaryimage"},"image":{"@id":"https:\/\/futbolhoy.co\/index.php\/2023\/08\/31\/jugadores-que-regresan-a-la-seleccion-colombia\/#primaryimage"},"thumbnailUrl":"https:\/\/futbolhoy.co\/wp-content\/uploads\/2019\/07\/D9eAY7RXYAEjL9e.jpg","datePublished":"2023-08-31T18:11:15+00:00","dateModified":"2023-09-01T12:00:28+00:00","breadcrumb":{"@id":"https:\/\/futbolhoy.co\/index.php\/2023\/08\/31\/jugadores-que-regresan-a-la-seleccion-colombia\/#breadcrumb"},"inLanguage":"es","potentialAction":[{"@type":"ReadAction","target":["https:\/\/futbolhoy.co\/index.php\/2023\/08\/31\/jugadores-que-regresan-a-la-seleccion-colombia\/"]}]},{"@type":"ImageObject","inLanguage":"es","@id":"https:\/\/futbolhoy.co\/index.php\/2023\/08\/31\/jugadores-que-regresan-a-la-seleccion-colombia\/#primaryimage","url":"https:\/\/futbolhoy.co\/wp-content\/uploads\/2019\/07\/D9eAY7RXYAEjL9e.jpg","contentUrl":"https:\/\/futbolhoy.co\/wp-content\/uploads\/2019\/07\/D9eAY7RXYAEjL9e.jpg","width":1200,"height":761,"caption":"Twitter @jamesdrodriguez"},{"@type":"BreadcrumbList","@id":"https:\/\/futbolhoy.co\/index.php\/2023\/08\/31\/jugadores-que-regresan-a-la-seleccion-colombia\/#breadcrumb","itemListElement":[{"@type":"ListItem","position":1,"name":"Portada","item":"https:\/\/futbolhoy.co\/"},{"@type":"ListItem","position":2,"name":"Jugadores que regresan a la Selecci\u00f3n Colombia"}]},{"@type":"WebSite","@id":"https:\/\/futbolhoy.co\/#website","url":"https:\/\/futbolhoy.co\/","name":"FutbolHoy","description":"","publisher":{"@id":"https:\/\/futbolhoy.co\/#organization"},"potentialAction":[{"@type":"SearchAction","target":{"@type":"EntryPoint","urlTemplate":"https:\/\/futbolhoy.co\/?s={search_term_string}"},"query-input":{"@type":"PropertyValueSpecification","valueRequired":true,"valueName":"search_term_string"}}],"inLanguage":"es"},{"@type":"Organization","@id":"https:\/\/futbolhoy.co\/#organization","name":"Futbolhoy.co","url":"https:\/\/futbolhoy.co\/","logo":{"@type":"ImageObject","inLanguage":"es","@id":"https:\/\/futbolhoy.co\/#\/schema\/logo\/image\/","url":"https:\/\/futbolhoy.co\/wp-content\/uploads\/2018\/08\/17426380_1906371736249227_6326180412931521141_n.jpg","contentUrl":"https:\/\/futbolhoy.co\/wp-content\/uploads\/2018\/08\/17426380_1906371736249227_6326180412931521141_n.jpg","width":960,"height":960,"caption":"Futbolhoy.co"},"image":{"@id":"https:\/\/futbolhoy.co\/#\/schema\/logo\/image\/"},"sameAs":["https:\/\/www.facebook.com\/FutbolHoyCol\/","https:\/\/x.com\/FutbolHoyCol","https:\/\/www.instagram.com\/futbolhoycol\/"]},{"@type":"Person","@id":"https:\/\/futbolhoy.co\/#\/schema\/person\/1721b69355b6623eaff15ac7b92d4cc3","name":"contenido","image":{"@type":"ImageObject","inLanguage":"es","@id":"https:\/\/futbolhoy.co\/#\/schema\/person\/image\/","url":"https:\/\/secure.gravatar.com\/avatar\/4f656d3256f5134f466206e7c3941518?s=96&d=mm&r=g","contentUrl":"https:\/\/secure.gravatar.com\/avatar\/4f656d3256f5134f466206e7c3941518?s=96&d=mm&r=g","caption":"contenido"}}]}},"publishpress_future_action":{"enabled":false,"date":"2026-05-05 03:17:26","action":"change-status","newStatus":"draft","terms":[],"taxonomy":"category","extraData":[]},"publishpress_future_workflow_manual_trigger":{"enabledWorkflows":[]},"_links":{"self":[{"href":"https:\/\/futbolhoy.co\/index.php\/wp-json\/wp\/v2\/posts\/98637","targetHints":{"allow":["GET"]}}],"collection":[{"href":"https:\/\/futbolhoy.co\/index.php\/wp-json\/wp\/v2\/posts"}],"about":[{"href":"https:\/\/futbolhoy.co\/index.php\/wp-json\/wp\/v2\/types\/post"}],"author":[{"embeddable":true,"href":"https:\/\/futbolhoy.co\/index.php\/wp-json\/wp\/v2\/users\/4"}],"replies":[{"embeddable":true,"href":"https:\/\/futbolhoy.co\/index.php\/wp-json\/wp\/v2\/comments?post=98637"}],"version-history":[{"count":1,"href":"https:\/\/futbolhoy.co\/index.php\/wp-json\/wp\/v2\/posts\/98637\/revisions"}],"predecessor-version":[{"id":98638,"href":"https:\/\/futbolhoy.co\/index.php\/wp-json\/wp\/v2\/posts\/98637\/revisions\/98638"}],"wp:featuredmedia":[{"embeddable":true,"href":"https:\/\/futbolhoy.co\/index.php\/wp-json\/wp\/v2\/media\/38433"}],"wp:attachment":[{"href":"https:\/\/futbolhoy.co\/index.php\/wp-json\/wp\/v2\/media?parent=98637"}],"wp:term":[{"taxonomy":"category","embeddable":true,"href":"https:\/\/futbolhoy.co\/index.php\/wp-json\/wp\/v2\/categories?post=98637"},{"taxonomy":"post_tag","embeddable":true,"href":"https:\/\/futbolhoy.co\/index.php\/wp-json\/wp\/v2\/tags?post=98637"}],"curies":[{"name":"wp","href":"https:\/\/api.w.org\/{rel}","templated":true}]}}