{"id":98640,"date":"2023-08-31T17:20:22","date_gmt":"2023-08-31T22:20:22","guid":{"rendered":"https:\/\/futbolhoy.co\/?p=98640"},"modified":"2023-08-31T18:29:34","modified_gmt":"2023-08-31T23:29:34","slug":"despues-del-ataque-a-su-carro-iago-falque-prefiere-irse-del-america-de-cali","status":"publish","type":"post","link":"https:\/\/futbolhoy.co\/index.php\/2023\/08\/31\/despues-del-ataque-a-su-carro-iago-falque-prefiere-irse-del-america-de-cali\/","title":{"rendered":"Despu\u00e9s del ataque a su carro, Iago Falque prefiere irse del Am\u00e9rica de Cali"},"content":{"rendered":"<p style=\"font-weight: 400; text-align: justify;\"><span style=\"font-family: helvetica, arial, sans-serif;\"><b>Iago Falque tom\u00f3 la decisi\u00f3n<\/b><span style=\"font-weight: 400;\"> de dar por terminada su vinculaci\u00f3n con el Am\u00e9rica de Cali luego de los lamentables <\/span><b>hechos en los que su veh\u00edculo estuvo involucrado<\/b><span style=\"font-weight: 400;\">, en los que termin\u00f3 con varios balazos por un aparente intento de robo.\u00a0<\/span><\/span><\/p>\n<p style=\"font-weight: 400; text-align: justify;\"><span style=\"font-family: helvetica, arial, sans-serif;\"><span style=\"font-weight: 400;\">El futbolista espa\u00f1ol sufri\u00f3 un atentado el pasado 18 de agosto en las afueras de la sede del equipo escarlata. Inicialmente se pens\u00f3 que todo era por <\/span><b>los malos resultados del club en la Liga<\/b><span style=\"font-weight: 400;\">, pero despu\u00e9s se conoci\u00f3 que todo habr\u00eda sido por un intento de robo al conductor del veh\u00edculo.\u00a0<\/span><\/span><\/p>\n<p style=\"font-weight: 400; text-align: justify;\"><span style=\"font-weight: 400; font-family: helvetica, arial, sans-serif;\">Aunque el futbolista cuando sufri\u00f3 el atentado, qued\u00f3 inmediatamente en duda su continuidad por la gravedad de la situaci\u00f3n.\u00a0<\/span><\/p>\n<p style=\"font-weight: 400; text-align: justify;\"><span style=\"font-family: helvetica, arial, sans-serif;\"><span style=\"font-weight: 400;\">Finalmente, este jueves el <\/span><b>Am\u00e9rica confirm\u00f3 que el volante <\/b><span style=\"font-weight: 400;\">espa\u00f1ol no continuar\u00eda en la instituci\u00f3n por el hecho que vivi\u00f3 d\u00edas atr\u00e1s.\u00a0<\/span><\/span><\/p>\n<p style=\"font-weight: 400; text-align: justify;\"><span style=\"font-family: helvetica, arial, sans-serif;\"><span style=\"font-weight: 400;\">\u201cComo instituci\u00f3n, lamentamos profundamente esta decisi\u00f3n, pero entendemos y aceptamos la <\/span><b>determinaci\u00f3n que tom\u00f3 el volante espa\u00f1ol y su familia<\/b><span style=\"font-weight: 400;\">\u201d, escribi\u00f3 el cuadro escarlata en el comunicado oficial.\u00a0\u00a0<\/span><\/span><\/p>\n<blockquote class=\"twitter-tweet\">\n<p dir=\"ltr\" lang=\"es\">\ud83c\uddea\ud83c\uddf8\ud83d\udc79 \u00a1\ud835\ude0e\ud835\ude33\ud835\ude22\ud835\ude24\ud835\ude2a\ud835\ude22\ud835\ude34 \ud835\ude31\ud835\ude30\ud835\ude33 \ud835\ude29\ud835\ude22\ud835\ude24\ud835\ude26\ud835\ude33\ud835\ude2f\ud835\ude30\ud835\ude34 \ud835\ude25\ud835\ude2a\ud835\ude34\ud835\ude27\ud835\ude33\ud835\ude36\ud835\ude35\ud835\ude22\ud835\ude33 \ud835\ude25\ud835\ude26 \ud835\ude35\ud835\ude36 \ud835\ude2e\ud835\ude22\ud835\ude28\ud835\ude2a\ud835\ude22, \ud835\ude10\ud835\ude22\ud835\ude28\ud835\ude30! \u26bd\ud83e\ude84 <a href=\"https:\/\/t.co\/PQvjHtkef9\">pic.twitter.com\/PQvjHtkef9<\/a><\/p>\n<p>\u2014 Am\u00e9rica de Cali (@AmericadeCali) <a href=\"https:\/\/twitter.com\/AmericadeCali\/status\/1697387920208896078?ref_src=twsrc%5Etfw\">August 31, 2023<\/a><\/p><\/blockquote>\n<p><script async src=\"https:\/\/platform.twitter.com\/widgets.js\" charset=\"utf-8\"><\/script><\/p>\n","protected":false},"excerpt":{"rendered":"<p>Iago Falque tom\u00f3 la decisi\u00f3n de dar por terminada su vinculaci\u00f3n con el Am\u00e9rica de Cali luego de los lamentables hechos en los que su veh\u00edculo estuvo involucrado, en los que termin\u00f3 con varios balazos por un aparente intento de robo.\u00a0 El futbolista espa\u00f1ol sufri\u00f3 un atentado el pasado 18 de agosto en las afueras [&hellip;]<\/p>\n","protected":false},"author":4,"featured_media":98641,"comment_status":"open","ping_status":"open","sticky":false,"template":"","format":"standard","meta":{"_acf_changed":false,"footnotes":""},"categories":[7],"tags":[],"class_list":{"0":"post-98640","1":"post","2":"type-post","3":"status-publish","4":"format-standard","5":"has-post-thumbnail","7":"category-liga-betplay"},"acf":[],"yoast_head":"<!-- This site is optimized with the Yoast SEO plugin v26.8 - https:\/\/yoast.com\/product\/yoast-seo-wordpress\/ -->\n<title>Despu\u00e9s del ataque a su carro, Iago Falque prefiere irse del Am\u00e9rica de Cali -<\/title>\n<meta name=\"robots\" content=\"index, follow, max-snippet:-1, max-image-preview:large, max-video-preview:-1\" \/>\n<link rel=\"canonical\" href=\"https:\/\/futbolhoy.co\/index.php\/2023\/08\/31\/despues-del-ataque-a-su-carro-iago-falque-prefiere-irse-del-america-de-cali\/\" \/>\n<meta property=\"og:locale\" content=\"es_ES\" \/>\n<meta property=\"og:type\" content=\"article\" \/>\n<meta property=\"og:title\" content=\"Despu\u00e9s del ataque a su carro, Iago Falque prefiere irse del Am\u00e9rica de Cali -\" \/>\n<meta property=\"og:description\" content=\"Iago Falque tom\u00f3 la decisi\u00f3n de dar por terminada su vinculaci\u00f3n con el Am\u00e9rica de Cali luego de los lamentables hechos en los que su veh\u00edculo estuvo involucrado, en los que termin\u00f3 con varios balazos por un aparente intento de robo.\u00a0 El futbolista espa\u00f1ol sufri\u00f3 un atentado el pasado 18 de agosto en las afueras [&hellip;]\" \/>\n<meta property=\"og:url\" content=\"https:\/\/futbolhoy.co\/index.php\/2023\/08\/31\/despues-del-ataque-a-su-carro-iago-falque-prefiere-irse-del-america-de-cali\/\" \/>\n<meta property=\"article:publisher\" content=\"https:\/\/www.facebook.com\/FutbolHoyCol\/\" \/>\n<meta property=\"article:published_time\" content=\"2023-08-31T22:20:22+00:00\" \/>\n<meta property=\"article:modified_time\" content=\"2023-08-31T23:29:34+00:00\" \/>\n<meta property=\"og:image\" content=\"https:\/\/futbolhoy.co\/wp-content\/uploads\/2023\/08\/366f8e8b-e39a-4bbe-b4ca-3ec392941a63.jpeg\" \/>\n\t<meta property=\"og:image:width\" content=\"1200\" \/>\n\t<meta property=\"og:image:height\" content=\"720\" \/>\n\t<meta property=\"og:image:type\" content=\"image\/jpeg\" \/>\n<meta name=\"author\" content=\"contenido\" \/>\n<meta name=\"twitter:card\" content=\"summary_large_image\" \/>\n<meta name=\"twitter:creator\" content=\"@FutbolHoyCol\" \/>\n<meta name=\"twitter:site\" content=\"@FutbolHoyCol\" \/>\n<meta name=\"twitter:label1\" content=\"Escrito por\" \/>\n\t<meta name=\"twitter:data1\" content=\"contenido\" \/>\n\t<meta name=\"twitter:label2\" content=\"Tiempo de lectura\" \/>\n\t<meta name=\"twitter:data2\" content=\"1 minuto\" \/>\n<script type=\"application\/ld+json\" class=\"yoast-schema-graph\">{\"@context\":\"https:\/\/schema.org\",\"@graph\":[{\"@type\":\"Article\",\"@id\":\"https:\/\/futbolhoy.co\/index.php\/2023\/08\/31\/despues-del-ataque-a-su-carro-iago-falque-prefiere-irse-del-america-de-cali\/#article\",\"isPartOf\":{\"@id\":\"https:\/\/futbolhoy.co\/index.php\/2023\/08\/31\/despues-del-ataque-a-su-carro-iago-falque-prefiere-irse-del-america-de-cali\/\"},\"author\":{\"name\":\"contenido\",\"@id\":\"https:\/\/futbolhoy.co\/#\/schema\/person\/1721b69355b6623eaff15ac7b92d4cc3\"},\"headline\":\"Despu\u00e9s del ataque a su carro, Iago Falque prefiere irse del Am\u00e9rica de Cali\",\"datePublished\":\"2023-08-31T22:20:22+00:00\",\"dateModified\":\"2023-08-31T23:29:34+00:00\",\"mainEntityOfPage\":{\"@id\":\"https:\/\/futbolhoy.co\/index.php\/2023\/08\/31\/despues-del-ataque-a-su-carro-iago-falque-prefiere-irse-del-america-de-cali\/\"},\"wordCount\":206,\"commentCount\":0,\"publisher\":{\"@id\":\"https:\/\/futbolhoy.co\/#organization\"},\"image\":{\"@id\":\"https:\/\/futbolhoy.co\/index.php\/2023\/08\/31\/despues-del-ataque-a-su-carro-iago-falque-prefiere-irse-del-america-de-cali\/#primaryimage\"},\"thumbnailUrl\":\"https:\/\/futbolhoy.co\/wp-content\/uploads\/2023\/08\/366f8e8b-e39a-4bbe-b4ca-3ec392941a63.jpeg\",\"articleSection\":[\"Liga BetPlay\"],\"inLanguage\":\"es\",\"potentialAction\":[{\"@type\":\"CommentAction\",\"name\":\"Comment\",\"target\":[\"https:\/\/futbolhoy.co\/index.php\/2023\/08\/31\/despues-del-ataque-a-su-carro-iago-falque-prefiere-irse-del-america-de-cali\/#respond\"]}]},{\"@type\":\"WebPage\",\"@id\":\"https:\/\/futbolhoy.co\/index.php\/2023\/08\/31\/despues-del-ataque-a-su-carro-iago-falque-prefiere-irse-del-america-de-cali\/\",\"url\":\"https:\/\/futbolhoy.co\/index.php\/2023\/08\/31\/despues-del-ataque-a-su-carro-iago-falque-prefiere-irse-del-america-de-cali\/\",\"name\":\"Despu\u00e9s del ataque a su carro, Iago Falque prefiere irse del Am\u00e9rica de Cali -\",\"isPartOf\":{\"@id\":\"https:\/\/futbolhoy.co\/#website\"},\"primaryImageOfPage\":{\"@id\":\"https:\/\/futbolhoy.co\/index.php\/2023\/08\/31\/despues-del-ataque-a-su-carro-iago-falque-prefiere-irse-del-america-de-cali\/#primaryimage\"},\"image\":{\"@id\":\"https:\/\/futbolhoy.co\/index.php\/2023\/08\/31\/despues-del-ataque-a-su-carro-iago-falque-prefiere-irse-del-america-de-cali\/#primaryimage\"},\"thumbnailUrl\":\"https:\/\/futbolhoy.co\/wp-content\/uploads\/2023\/08\/366f8e8b-e39a-4bbe-b4ca-3ec392941a63.jpeg\",\"datePublished\":\"2023-08-31T22:20:22+00:00\",\"dateModified\":\"2023-08-31T23:29:34+00:00\",\"breadcrumb\":{\"@id\":\"https:\/\/futbolhoy.co\/index.php\/2023\/08\/31\/despues-del-ataque-a-su-carro-iago-falque-prefiere-irse-del-america-de-cali\/#breadcrumb\"},\"inLanguage\":\"es\",\"potentialAction\":[{\"@type\":\"ReadAction\",\"target\":[\"https:\/\/futbolhoy.co\/index.php\/2023\/08\/31\/despues-del-ataque-a-su-carro-iago-falque-prefiere-irse-del-america-de-cali\/\"]}]},{\"@type\":\"ImageObject\",\"inLanguage\":\"es\",\"@id\":\"https:\/\/futbolhoy.co\/index.php\/2023\/08\/31\/despues-del-ataque-a-su-carro-iago-falque-prefiere-irse-del-america-de-cali\/#primaryimage\",\"url\":\"https:\/\/futbolhoy.co\/wp-content\/uploads\/2023\/08\/366f8e8b-e39a-4bbe-b4ca-3ec392941a63.jpeg\",\"contentUrl\":\"https:\/\/futbolhoy.co\/wp-content\/uploads\/2023\/08\/366f8e8b-e39a-4bbe-b4ca-3ec392941a63.jpeg\",\"width\":1200,\"height\":720},{\"@type\":\"BreadcrumbList\",\"@id\":\"https:\/\/futbolhoy.co\/index.php\/2023\/08\/31\/despues-del-ataque-a-su-carro-iago-falque-prefiere-irse-del-america-de-cali\/#breadcrumb\",\"itemListElement\":[{\"@type\":\"ListItem\",\"position\":1,\"name\":\"Portada\",\"item\":\"https:\/\/futbolhoy.co\/\"},{\"@type\":\"ListItem\",\"position\":2,\"name\":\"Despu\u00e9s del ataque a su carro, Iago Falque prefiere irse del Am\u00e9rica de Cali\"}]},{\"@type\":\"WebSite\",\"@id\":\"https:\/\/futbolhoy.co\/#website\",\"url\":\"https:\/\/futbolhoy.co\/\",\"name\":\"FutbolHoy\",\"description\":\"\",\"publisher\":{\"@id\":\"https:\/\/futbolhoy.co\/#organization\"},\"potentialAction\":[{\"@type\":\"SearchAction\",\"target\":{\"@type\":\"EntryPoint\",\"urlTemplate\":\"https:\/\/futbolhoy.co\/?s={search_term_string}\"},\"query-input\":{\"@type\":\"PropertyValueSpecification\",\"valueRequired\":true,\"valueName\":\"search_term_string\"}}],\"inLanguage\":\"es\"},{\"@type\":\"Organization\",\"@id\":\"https:\/\/futbolhoy.co\/#organization\",\"name\":\"Futbolhoy.co\",\"url\":\"https:\/\/futbolhoy.co\/\",\"logo\":{\"@type\":\"ImageObject\",\"inLanguage\":\"es\",\"@id\":\"https:\/\/futbolhoy.co\/#\/schema\/logo\/image\/\",\"url\":\"https:\/\/futbolhoy.co\/wp-content\/uploads\/2018\/08\/17426380_1906371736249227_6326180412931521141_n.jpg\",\"contentUrl\":\"https:\/\/futbolhoy.co\/wp-content\/uploads\/2018\/08\/17426380_1906371736249227_6326180412931521141_n.jpg\",\"width\":960,\"height\":960,\"caption\":\"Futbolhoy.co\"},\"image\":{\"@id\":\"https:\/\/futbolhoy.co\/#\/schema\/logo\/image\/\"},\"sameAs\":[\"https:\/\/www.facebook.com\/FutbolHoyCol\/\",\"https:\/\/x.com\/FutbolHoyCol\",\"https:\/\/www.instagram.com\/futbolhoycol\/\"]},{\"@type\":\"Person\",\"@id\":\"https:\/\/futbolhoy.co\/#\/schema\/person\/1721b69355b6623eaff15ac7b92d4cc3\",\"name\":\"contenido\",\"image\":{\"@type\":\"ImageObject\",\"inLanguage\":\"es\",\"@id\":\"https:\/\/futbolhoy.co\/#\/schema\/person\/image\/\",\"url\":\"https:\/\/secure.gravatar.com\/avatar\/4f656d3256f5134f466206e7c3941518?s=96&d=mm&r=g\",\"contentUrl\":\"https:\/\/secure.gravatar.com\/avatar\/4f656d3256f5134f466206e7c3941518?s=96&d=mm&r=g\",\"caption\":\"contenido\"}}]}<\/script>\n<!-- \/ Yoast SEO plugin. -->","yoast_head_json":{"title":"Despu\u00e9s del ataque a su carro, Iago Falque prefiere irse del Am\u00e9rica de Cali -","robots":{"index":"index","follow":"follow","max-snippet":"max-snippet:-1","max-image-preview":"max-image-preview:large","max-video-preview":"max-video-preview:-1"},"canonical":"https:\/\/futbolhoy.co\/index.php\/2023\/08\/31\/despues-del-ataque-a-su-carro-iago-falque-prefiere-irse-del-america-de-cali\/","og_locale":"es_ES","og_type":"article","og_title":"Despu\u00e9s del ataque a su carro, Iago Falque prefiere irse del Am\u00e9rica de Cali -","og_description":"Iago Falque tom\u00f3 la decisi\u00f3n de dar por terminada su vinculaci\u00f3n con el Am\u00e9rica de Cali luego de los lamentables hechos en los que su veh\u00edculo estuvo involucrado, en los que termin\u00f3 con varios balazos por un aparente intento de robo.\u00a0 El futbolista espa\u00f1ol sufri\u00f3 un atentado el pasado 18 de agosto en las afueras [&hellip;]","og_url":"https:\/\/futbolhoy.co\/index.php\/2023\/08\/31\/despues-del-ataque-a-su-carro-iago-falque-prefiere-irse-del-america-de-cali\/","article_publisher":"https:\/\/www.facebook.com\/FutbolHoyCol\/","article_published_time":"2023-08-31T22:20:22+00:00","article_modified_time":"2023-08-31T23:29:34+00:00","og_image":[{"width":1200,"height":720,"url":"https:\/\/futbolhoy.co\/wp-content\/uploads\/2023\/08\/366f8e8b-e39a-4bbe-b4ca-3ec392941a63.jpeg","type":"image\/jpeg"}],"author":"contenido","twitter_card":"summary_large_image","twitter_creator":"@FutbolHoyCol","twitter_site":"@FutbolHoyCol","twitter_misc":{"Escrito por":"contenido","Tiempo de lectura":"1 minuto"},"schema":{"@context":"https:\/\/schema.org","@graph":[{"@type":"Article","@id":"https:\/\/futbolhoy.co\/index.php\/2023\/08\/31\/despues-del-ataque-a-su-carro-iago-falque-prefiere-irse-del-america-de-cali\/#article","isPartOf":{"@id":"https:\/\/futbolhoy.co\/index.php\/2023\/08\/31\/despues-del-ataque-a-su-carro-iago-falque-prefiere-irse-del-america-de-cali\/"},"author":{"name":"contenido","@id":"https:\/\/futbolhoy.co\/#\/schema\/person\/1721b69355b6623eaff15ac7b92d4cc3"},"headline":"Despu\u00e9s del ataque a su carro, Iago Falque prefiere irse del Am\u00e9rica de Cali","datePublished":"2023-08-31T22:20:22+00:00","dateModified":"2023-08-31T23:29:34+00:00","mainEntityOfPage":{"@id":"https:\/\/futbolhoy.co\/index.php\/2023\/08\/31\/despues-del-ataque-a-su-carro-iago-falque-prefiere-irse-del-america-de-cali\/"},"wordCount":206,"commentCount":0,"publisher":{"@id":"https:\/\/futbolhoy.co\/#organization"},"image":{"@id":"https:\/\/futbolhoy.co\/index.php\/2023\/08\/31\/despues-del-ataque-a-su-carro-iago-falque-prefiere-irse-del-america-de-cali\/#primaryimage"},"thumbnailUrl":"https:\/\/futbolhoy.co\/wp-content\/uploads\/2023\/08\/366f8e8b-e39a-4bbe-b4ca-3ec392941a63.jpeg","articleSection":["Liga BetPlay"],"inLanguage":"es","potentialAction":[{"@type":"CommentAction","name":"Comment","target":["https:\/\/futbolhoy.co\/index.php\/2023\/08\/31\/despues-del-ataque-a-su-carro-iago-falque-prefiere-irse-del-america-de-cali\/#respond"]}]},{"@type":"WebPage","@id":"https:\/\/futbolhoy.co\/index.php\/2023\/08\/31\/despues-del-ataque-a-su-carro-iago-falque-prefiere-irse-del-america-de-cali\/","url":"https:\/\/futbolhoy.co\/index.php\/2023\/08\/31\/despues-del-ataque-a-su-carro-iago-falque-prefiere-irse-del-america-de-cali\/","name":"Despu\u00e9s del ataque a su carro, Iago Falque prefiere irse del Am\u00e9rica de Cali -","isPartOf":{"@id":"https:\/\/futbolhoy.co\/#website"},"primaryImageOfPage":{"@id":"https:\/\/futbolhoy.co\/index.php\/2023\/08\/31\/despues-del-ataque-a-su-carro-iago-falque-prefiere-irse-del-america-de-cali\/#primaryimage"},"image":{"@id":"https:\/\/futbolhoy.co\/index.php\/2023\/08\/31\/despues-del-ataque-a-su-carro-iago-falque-prefiere-irse-del-america-de-cali\/#primaryimage"},"thumbnailUrl":"https:\/\/futbolhoy.co\/wp-content\/uploads\/2023\/08\/366f8e8b-e39a-4bbe-b4ca-3ec392941a63.jpeg","datePublished":"2023-08-31T22:20:22+00:00","dateModified":"2023-08-31T23:29:34+00:00","breadcrumb":{"@id":"https:\/\/futbolhoy.co\/index.php\/2023\/08\/31\/despues-del-ataque-a-su-carro-iago-falque-prefiere-irse-del-america-de-cali\/#breadcrumb"},"inLanguage":"es","potentialAction":[{"@type":"ReadAction","target":["https:\/\/futbolhoy.co\/index.php\/2023\/08\/31\/despues-del-ataque-a-su-carro-iago-falque-prefiere-irse-del-america-de-cali\/"]}]},{"@type":"ImageObject","inLanguage":"es","@id":"https:\/\/futbolhoy.co\/index.php\/2023\/08\/31\/despues-del-ataque-a-su-carro-iago-falque-prefiere-irse-del-america-de-cali\/#primaryimage","url":"https:\/\/futbolhoy.co\/wp-content\/uploads\/2023\/08\/366f8e8b-e39a-4bbe-b4ca-3ec392941a63.jpeg","contentUrl":"https:\/\/futbolhoy.co\/wp-content\/uploads\/2023\/08\/366f8e8b-e39a-4bbe-b4ca-3ec392941a63.jpeg","width":1200,"height":720},{"@type":"BreadcrumbList","@id":"https:\/\/futbolhoy.co\/index.php\/2023\/08\/31\/despues-del-ataque-a-su-carro-iago-falque-prefiere-irse-del-america-de-cali\/#breadcrumb","itemListElement":[{"@type":"ListItem","position":1,"name":"Portada","item":"https:\/\/futbolhoy.co\/"},{"@type":"ListItem","position":2,"name":"Despu\u00e9s del ataque a su carro, Iago Falque prefiere irse del Am\u00e9rica de Cali"}]},{"@type":"WebSite","@id":"https:\/\/futbolhoy.co\/#website","url":"https:\/\/futbolhoy.co\/","name":"FutbolHoy","description":"","publisher":{"@id":"https:\/\/futbolhoy.co\/#organization"},"potentialAction":[{"@type":"SearchAction","target":{"@type":"EntryPoint","urlTemplate":"https:\/\/futbolhoy.co\/?s={search_term_string}"},"query-input":{"@type":"PropertyValueSpecification","valueRequired":true,"valueName":"search_term_string"}}],"inLanguage":"es"},{"@type":"Organization","@id":"https:\/\/futbolhoy.co\/#organization","name":"Futbolhoy.co","url":"https:\/\/futbolhoy.co\/","logo":{"@type":"ImageObject","inLanguage":"es","@id":"https:\/\/futbolhoy.co\/#\/schema\/logo\/image\/","url":"https:\/\/futbolhoy.co\/wp-content\/uploads\/2018\/08\/17426380_1906371736249227_6326180412931521141_n.jpg","contentUrl":"https:\/\/futbolhoy.co\/wp-content\/uploads\/2018\/08\/17426380_1906371736249227_6326180412931521141_n.jpg","width":960,"height":960,"caption":"Futbolhoy.co"},"image":{"@id":"https:\/\/futbolhoy.co\/#\/schema\/logo\/image\/"},"sameAs":["https:\/\/www.facebook.com\/FutbolHoyCol\/","https:\/\/x.com\/FutbolHoyCol","https:\/\/www.instagram.com\/futbolhoycol\/"]},{"@type":"Person","@id":"https:\/\/futbolhoy.co\/#\/schema\/person\/1721b69355b6623eaff15ac7b92d4cc3","name":"contenido","image":{"@type":"ImageObject","inLanguage":"es","@id":"https:\/\/futbolhoy.co\/#\/schema\/person\/image\/","url":"https:\/\/secure.gravatar.com\/avatar\/4f656d3256f5134f466206e7c3941518?s=96&d=mm&r=g","contentUrl":"https:\/\/secure.gravatar.com\/avatar\/4f656d3256f5134f466206e7c3941518?s=96&d=mm&r=g","caption":"contenido"}}]}},"publishpress_future_action":{"enabled":false,"date":"2026-05-05 01:32:56","action":"change-status","newStatus":"draft","terms":[],"taxonomy":"category","extraData":[]},"publishpress_future_workflow_manual_trigger":{"enabledWorkflows":[]},"_links":{"self":[{"href":"https:\/\/futbolhoy.co\/index.php\/wp-json\/wp\/v2\/posts\/98640","targetHints":{"allow":["GET"]}}],"collection":[{"href":"https:\/\/futbolhoy.co\/index.php\/wp-json\/wp\/v2\/posts"}],"about":[{"href":"https:\/\/futbolhoy.co\/index.php\/wp-json\/wp\/v2\/types\/post"}],"author":[{"embeddable":true,"href":"https:\/\/futbolhoy.co\/index.php\/wp-json\/wp\/v2\/users\/4"}],"replies":[{"embeddable":true,"href":"https:\/\/futbolhoy.co\/index.php\/wp-json\/wp\/v2\/comments?post=98640"}],"version-history":[{"count":2,"href":"https:\/\/futbolhoy.co\/index.php\/wp-json\/wp\/v2\/posts\/98640\/revisions"}],"predecessor-version":[{"id":98646,"href":"https:\/\/futbolhoy.co\/index.php\/wp-json\/wp\/v2\/posts\/98640\/revisions\/98646"}],"wp:featuredmedia":[{"embeddable":true,"href":"https:\/\/futbolhoy.co\/index.php\/wp-json\/wp\/v2\/media\/98641"}],"wp:attachment":[{"href":"https:\/\/futbolhoy.co\/index.php\/wp-json\/wp\/v2\/media?parent=98640"}],"wp:term":[{"taxonomy":"category","embeddable":true,"href":"https:\/\/futbolhoy.co\/index.php\/wp-json\/wp\/v2\/categories?post=98640"},{"taxonomy":"post_tag","embeddable":true,"href":"https:\/\/futbolhoy.co\/index.php\/wp-json\/wp\/v2\/tags?post=98640"}],"curies":[{"name":"wp","href":"https:\/\/api.w.org\/{rel}","templated":true}]}}