{"id":98643,"date":"2023-08-31T17:48:50","date_gmt":"2023-08-31T22:48:50","guid":{"rendered":"https:\/\/futbolhoy.co\/?p=98643"},"modified":"2023-09-01T13:56:54","modified_gmt":"2023-09-01T18:56:54","slug":"los-grandes-ausentes-en-la-convocatoria-de-la-seleccion-colombia","status":"publish","type":"post","link":"https:\/\/futbolhoy.co\/index.php\/2023\/08\/31\/los-grandes-ausentes-en-la-convocatoria-de-la-seleccion-colombia\/","title":{"rendered":"Los grandes ausentes en la convocatoria de la Selecci\u00f3n Colombia"},"content":{"rendered":"<p style=\"font-weight: 400; text-align: justify;\"><span style=\"font-family: helvetica, arial, sans-serif;\"><span style=\"font-weight: 400;\">Finalmente se conoci\u00f3 la lista de convocados por N\u00e9stor Lorenzo para que la <\/span><b>Selecci\u00f3n Colombia<\/b><span style=\"font-weight: 400;\"> debute en las <\/span><b>Eliminatorias al Mundial de 2026,<\/b><span style=\"font-weight: 400;\"> con varias caras ausentes y algunas novedades.\u00a0<\/span><\/span><\/p>\n<p style=\"font-weight: 400; text-align: justify;\"><span style=\"font-family: helvetica, arial, sans-serif;\"><span style=\"font-weight: 400;\">Sin duda el nombre que m\u00e1s hace falta en la lista del t\u00e9cnico es el de <\/span><b>Radamel Falcao Garc\u00eda,<\/b><span style=\"font-weight: 400;\"> no obstante, no sorprende, pues el delantero del Rayo Vallecano no ha conseguido tener muchos minutos con el club espa\u00f1ol.\u00a0<\/span><\/span><\/p>\n<p style=\"font-weight: 400; text-align: justify;\"><span style=\"font-family: helvetica, arial, sans-serif;\"><span style=\"font-weight: 400;\">Otro nombre que no se vio en la lista de Lorenzo fue el de <\/span><b>Yaser Asprilla<\/b><span style=\"font-weight: 400;\">. El joven que se ha destacado en la selecciones juveniles y ya ha tenido protagonismo en la de mayores, en esta oportunidad no fue convocado por el t\u00e9cnico argentino.\u00a0<\/span><\/span><\/p>\n<p style=\"font-weight: 400; text-align: justify;\"><span style=\"font-family: helvetica, arial, sans-serif;\"><b>Kevin Mier, \u00d3scar Cortes, Andr\u00e9s Llin\u00e1s y Daniel Cata\u00f1o<\/b><span style=\"font-weight: 400;\"> son otros de los nombres que sonaron para esta convocatoria, pero finalmente no fueron llamados.\u00a0<\/span><\/span><\/p>\n<p style=\"font-weight: 400; text-align: justify;\"><span style=\"font-family: helvetica, arial, sans-serif;\"><span style=\"font-weight: 400;\">En la defensa, Willer Ditta se ha convertido en un jugador clave en el Cruz Azul de M\u00e9xico, pero en esta oportunidad no fue pedido por el t\u00e9cnico de la Tricolor. Misma historia atraviesa <\/span><b>Diego Valoyes<\/b><span style=\"font-weight: 400;\">, quien tampoco figura en la lista de Lorenzo.\u00a0<\/span><\/span><\/p>\n<p style=\"font-weight: 400; text-align: justify;\"><span style=\"font-family: helvetica, arial, sans-serif;\"><b>Gustavo Puerta, del Bayer Leverkusen<\/b><span style=\"font-weight: 400;\">, ha venido sumando minutos en la Bundesliga, sin embargo no le alcanz\u00f3 para ser convocado.\u00a0<\/span><\/span><\/p>\n<p style=\"font-weight: 400; text-align: justify;\"><span style=\"font-family: helvetica, arial, sans-serif;\"><span style=\"font-weight: 400;\">Entre tanto, el pr\u00f3ximo 7 de septiembre la Selecci\u00f3n Colombia debutar\u00e1 ante Venezuela en el Metropolitano de Barranquilla y posteriormente visitar\u00e1 a Chile en Santiago, en el inicio de las <\/span><b>Eliminatorias al Mundial de 2026.\u00a0<\/b><\/span><\/p>\n","protected":false},"excerpt":{"rendered":"<p>Finalmente se conoci\u00f3 la lista de convocados por N\u00e9stor Lorenzo para que la Selecci\u00f3n Colombia debute en las Eliminatorias al Mundial de 2026, con varias caras ausentes y algunas novedades.\u00a0 Sin duda el nombre que m\u00e1s hace falta en la lista del t\u00e9cnico es el de Radamel Falcao Garc\u00eda, no obstante, no sorprende, pues el [&hellip;]<\/p>\n","protected":false},"author":4,"featured_media":98644,"comment_status":"open","ping_status":"open","sticky":false,"template":"","format":"standard","meta":{"_acf_changed":false,"footnotes":""},"categories":[418],"tags":[],"class_list":{"0":"post-98643","1":"post","2":"type-post","3":"status-publish","4":"format-standard","5":"has-post-thumbnail","7":"category-colombia"},"acf":[],"yoast_head":"<!-- This site is optimized with the Yoast SEO plugin v26.8 - https:\/\/yoast.com\/product\/yoast-seo-wordpress\/ -->\n<title>Los grandes ausentes en la convocatoria de la Selecci\u00f3n Colombia -<\/title>\n<meta name=\"robots\" content=\"index, follow, max-snippet:-1, max-image-preview:large, max-video-preview:-1\" \/>\n<link rel=\"canonical\" href=\"https:\/\/futbolhoy.co\/index.php\/2023\/08\/31\/los-grandes-ausentes-en-la-convocatoria-de-la-seleccion-colombia\/\" \/>\n<meta property=\"og:locale\" content=\"es_ES\" \/>\n<meta property=\"og:type\" content=\"article\" \/>\n<meta property=\"og:title\" content=\"Los grandes ausentes en la convocatoria de la Selecci\u00f3n Colombia -\" \/>\n<meta property=\"og:description\" content=\"Finalmente se conoci\u00f3 la lista de convocados por N\u00e9stor Lorenzo para que la Selecci\u00f3n Colombia debute en las Eliminatorias al Mundial de 2026, con varias caras ausentes y algunas novedades.\u00a0 Sin duda el nombre que m\u00e1s hace falta en la lista del t\u00e9cnico es el de Radamel Falcao Garc\u00eda, no obstante, no sorprende, pues el [&hellip;]\" \/>\n<meta property=\"og:url\" content=\"https:\/\/futbolhoy.co\/index.php\/2023\/08\/31\/los-grandes-ausentes-en-la-convocatoria-de-la-seleccion-colombia\/\" \/>\n<meta property=\"article:publisher\" content=\"https:\/\/www.facebook.com\/FutbolHoyCol\/\" \/>\n<meta property=\"article:published_time\" content=\"2023-08-31T22:48:50+00:00\" \/>\n<meta property=\"article:modified_time\" content=\"2023-09-01T18:56:54+00:00\" \/>\n<meta property=\"og:image\" content=\"https:\/\/futbolhoy.co\/wp-content\/uploads\/2023\/08\/IMG_6702.jpeg\" \/>\n\t<meta property=\"og:image:width\" content=\"1438\" \/>\n\t<meta property=\"og:image:height\" content=\"1023\" \/>\n\t<meta property=\"og:image:type\" content=\"image\/jpeg\" \/>\n<meta name=\"author\" content=\"contenido\" \/>\n<meta name=\"twitter:card\" content=\"summary_large_image\" \/>\n<meta name=\"twitter:creator\" content=\"@FutbolHoyCol\" \/>\n<meta name=\"twitter:site\" content=\"@FutbolHoyCol\" \/>\n<meta name=\"twitter:label1\" content=\"Escrito por\" \/>\n\t<meta name=\"twitter:data1\" content=\"contenido\" \/>\n\t<meta name=\"twitter:label2\" content=\"Tiempo de lectura\" \/>\n\t<meta name=\"twitter:data2\" content=\"1 minuto\" \/>\n<script type=\"application\/ld+json\" class=\"yoast-schema-graph\">{\"@context\":\"https:\/\/schema.org\",\"@graph\":[{\"@type\":\"Article\",\"@id\":\"https:\/\/futbolhoy.co\/index.php\/2023\/08\/31\/los-grandes-ausentes-en-la-convocatoria-de-la-seleccion-colombia\/#article\",\"isPartOf\":{\"@id\":\"https:\/\/futbolhoy.co\/index.php\/2023\/08\/31\/los-grandes-ausentes-en-la-convocatoria-de-la-seleccion-colombia\/\"},\"author\":{\"name\":\"contenido\",\"@id\":\"https:\/\/futbolhoy.co\/#\/schema\/person\/1721b69355b6623eaff15ac7b92d4cc3\"},\"headline\":\"Los grandes ausentes en la convocatoria de la Selecci\u00f3n Colombia\",\"datePublished\":\"2023-08-31T22:48:50+00:00\",\"dateModified\":\"2023-09-01T18:56:54+00:00\",\"mainEntityOfPage\":{\"@id\":\"https:\/\/futbolhoy.co\/index.php\/2023\/08\/31\/los-grandes-ausentes-en-la-convocatoria-de-la-seleccion-colombia\/\"},\"wordCount\":259,\"commentCount\":0,\"publisher\":{\"@id\":\"https:\/\/futbolhoy.co\/#organization\"},\"image\":{\"@id\":\"https:\/\/futbolhoy.co\/index.php\/2023\/08\/31\/los-grandes-ausentes-en-la-convocatoria-de-la-seleccion-colombia\/#primaryimage\"},\"thumbnailUrl\":\"https:\/\/futbolhoy.co\/wp-content\/uploads\/2023\/08\/IMG_6702.jpeg\",\"articleSection\":[\"Colombia\"],\"inLanguage\":\"es\",\"potentialAction\":[{\"@type\":\"CommentAction\",\"name\":\"Comment\",\"target\":[\"https:\/\/futbolhoy.co\/index.php\/2023\/08\/31\/los-grandes-ausentes-en-la-convocatoria-de-la-seleccion-colombia\/#respond\"]}]},{\"@type\":\"WebPage\",\"@id\":\"https:\/\/futbolhoy.co\/index.php\/2023\/08\/31\/los-grandes-ausentes-en-la-convocatoria-de-la-seleccion-colombia\/\",\"url\":\"https:\/\/futbolhoy.co\/index.php\/2023\/08\/31\/los-grandes-ausentes-en-la-convocatoria-de-la-seleccion-colombia\/\",\"name\":\"Los grandes ausentes en la convocatoria de la Selecci\u00f3n Colombia -\",\"isPartOf\":{\"@id\":\"https:\/\/futbolhoy.co\/#website\"},\"primaryImageOfPage\":{\"@id\":\"https:\/\/futbolhoy.co\/index.php\/2023\/08\/31\/los-grandes-ausentes-en-la-convocatoria-de-la-seleccion-colombia\/#primaryimage\"},\"image\":{\"@id\":\"https:\/\/futbolhoy.co\/index.php\/2023\/08\/31\/los-grandes-ausentes-en-la-convocatoria-de-la-seleccion-colombia\/#primaryimage\"},\"thumbnailUrl\":\"https:\/\/futbolhoy.co\/wp-content\/uploads\/2023\/08\/IMG_6702.jpeg\",\"datePublished\":\"2023-08-31T22:48:50+00:00\",\"dateModified\":\"2023-09-01T18:56:54+00:00\",\"breadcrumb\":{\"@id\":\"https:\/\/futbolhoy.co\/index.php\/2023\/08\/31\/los-grandes-ausentes-en-la-convocatoria-de-la-seleccion-colombia\/#breadcrumb\"},\"inLanguage\":\"es\",\"potentialAction\":[{\"@type\":\"ReadAction\",\"target\":[\"https:\/\/futbolhoy.co\/index.php\/2023\/08\/31\/los-grandes-ausentes-en-la-convocatoria-de-la-seleccion-colombia\/\"]}]},{\"@type\":\"ImageObject\",\"inLanguage\":\"es\",\"@id\":\"https:\/\/futbolhoy.co\/index.php\/2023\/08\/31\/los-grandes-ausentes-en-la-convocatoria-de-la-seleccion-colombia\/#primaryimage\",\"url\":\"https:\/\/futbolhoy.co\/wp-content\/uploads\/2023\/08\/IMG_6702.jpeg\",\"contentUrl\":\"https:\/\/futbolhoy.co\/wp-content\/uploads\/2023\/08\/IMG_6702.jpeg\",\"width\":1438,\"height\":1023},{\"@type\":\"BreadcrumbList\",\"@id\":\"https:\/\/futbolhoy.co\/index.php\/2023\/08\/31\/los-grandes-ausentes-en-la-convocatoria-de-la-seleccion-colombia\/#breadcrumb\",\"itemListElement\":[{\"@type\":\"ListItem\",\"position\":1,\"name\":\"Portada\",\"item\":\"https:\/\/futbolhoy.co\/\"},{\"@type\":\"ListItem\",\"position\":2,\"name\":\"Los grandes ausentes en la convocatoria de la Selecci\u00f3n Colombia\"}]},{\"@type\":\"WebSite\",\"@id\":\"https:\/\/futbolhoy.co\/#website\",\"url\":\"https:\/\/futbolhoy.co\/\",\"name\":\"FutbolHoy\",\"description\":\"\",\"publisher\":{\"@id\":\"https:\/\/futbolhoy.co\/#organization\"},\"potentialAction\":[{\"@type\":\"SearchAction\",\"target\":{\"@type\":\"EntryPoint\",\"urlTemplate\":\"https:\/\/futbolhoy.co\/?s={search_term_string}\"},\"query-input\":{\"@type\":\"PropertyValueSpecification\",\"valueRequired\":true,\"valueName\":\"search_term_string\"}}],\"inLanguage\":\"es\"},{\"@type\":\"Organization\",\"@id\":\"https:\/\/futbolhoy.co\/#organization\",\"name\":\"Futbolhoy.co\",\"url\":\"https:\/\/futbolhoy.co\/\",\"logo\":{\"@type\":\"ImageObject\",\"inLanguage\":\"es\",\"@id\":\"https:\/\/futbolhoy.co\/#\/schema\/logo\/image\/\",\"url\":\"https:\/\/futbolhoy.co\/wp-content\/uploads\/2018\/08\/17426380_1906371736249227_6326180412931521141_n.jpg\",\"contentUrl\":\"https:\/\/futbolhoy.co\/wp-content\/uploads\/2018\/08\/17426380_1906371736249227_6326180412931521141_n.jpg\",\"width\":960,\"height\":960,\"caption\":\"Futbolhoy.co\"},\"image\":{\"@id\":\"https:\/\/futbolhoy.co\/#\/schema\/logo\/image\/\"},\"sameAs\":[\"https:\/\/www.facebook.com\/FutbolHoyCol\/\",\"https:\/\/x.com\/FutbolHoyCol\",\"https:\/\/www.instagram.com\/futbolhoycol\/\"]},{\"@type\":\"Person\",\"@id\":\"https:\/\/futbolhoy.co\/#\/schema\/person\/1721b69355b6623eaff15ac7b92d4cc3\",\"name\":\"contenido\",\"image\":{\"@type\":\"ImageObject\",\"inLanguage\":\"es\",\"@id\":\"https:\/\/futbolhoy.co\/#\/schema\/person\/image\/\",\"url\":\"https:\/\/secure.gravatar.com\/avatar\/4f656d3256f5134f466206e7c3941518?s=96&d=mm&r=g\",\"contentUrl\":\"https:\/\/secure.gravatar.com\/avatar\/4f656d3256f5134f466206e7c3941518?s=96&d=mm&r=g\",\"caption\":\"contenido\"}}]}<\/script>\n<!-- \/ Yoast SEO plugin. -->","yoast_head_json":{"title":"Los grandes ausentes en la convocatoria de la Selecci\u00f3n Colombia -","robots":{"index":"index","follow":"follow","max-snippet":"max-snippet:-1","max-image-preview":"max-image-preview:large","max-video-preview":"max-video-preview:-1"},"canonical":"https:\/\/futbolhoy.co\/index.php\/2023\/08\/31\/los-grandes-ausentes-en-la-convocatoria-de-la-seleccion-colombia\/","og_locale":"es_ES","og_type":"article","og_title":"Los grandes ausentes en la convocatoria de la Selecci\u00f3n Colombia -","og_description":"Finalmente se conoci\u00f3 la lista de convocados por N\u00e9stor Lorenzo para que la Selecci\u00f3n Colombia debute en las Eliminatorias al Mundial de 2026, con varias caras ausentes y algunas novedades.\u00a0 Sin duda el nombre que m\u00e1s hace falta en la lista del t\u00e9cnico es el de Radamel Falcao Garc\u00eda, no obstante, no sorprende, pues el [&hellip;]","og_url":"https:\/\/futbolhoy.co\/index.php\/2023\/08\/31\/los-grandes-ausentes-en-la-convocatoria-de-la-seleccion-colombia\/","article_publisher":"https:\/\/www.facebook.com\/FutbolHoyCol\/","article_published_time":"2023-08-31T22:48:50+00:00","article_modified_time":"2023-09-01T18:56:54+00:00","og_image":[{"width":1438,"height":1023,"url":"https:\/\/futbolhoy.co\/wp-content\/uploads\/2023\/08\/IMG_6702.jpeg","type":"image\/jpeg"}],"author":"contenido","twitter_card":"summary_large_image","twitter_creator":"@FutbolHoyCol","twitter_site":"@FutbolHoyCol","twitter_misc":{"Escrito por":"contenido","Tiempo de lectura":"1 minuto"},"schema":{"@context":"https:\/\/schema.org","@graph":[{"@type":"Article","@id":"https:\/\/futbolhoy.co\/index.php\/2023\/08\/31\/los-grandes-ausentes-en-la-convocatoria-de-la-seleccion-colombia\/#article","isPartOf":{"@id":"https:\/\/futbolhoy.co\/index.php\/2023\/08\/31\/los-grandes-ausentes-en-la-convocatoria-de-la-seleccion-colombia\/"},"author":{"name":"contenido","@id":"https:\/\/futbolhoy.co\/#\/schema\/person\/1721b69355b6623eaff15ac7b92d4cc3"},"headline":"Los grandes ausentes en la convocatoria de la Selecci\u00f3n Colombia","datePublished":"2023-08-31T22:48:50+00:00","dateModified":"2023-09-01T18:56:54+00:00","mainEntityOfPage":{"@id":"https:\/\/futbolhoy.co\/index.php\/2023\/08\/31\/los-grandes-ausentes-en-la-convocatoria-de-la-seleccion-colombia\/"},"wordCount":259,"commentCount":0,"publisher":{"@id":"https:\/\/futbolhoy.co\/#organization"},"image":{"@id":"https:\/\/futbolhoy.co\/index.php\/2023\/08\/31\/los-grandes-ausentes-en-la-convocatoria-de-la-seleccion-colombia\/#primaryimage"},"thumbnailUrl":"https:\/\/futbolhoy.co\/wp-content\/uploads\/2023\/08\/IMG_6702.jpeg","articleSection":["Colombia"],"inLanguage":"es","potentialAction":[{"@type":"CommentAction","name":"Comment","target":["https:\/\/futbolhoy.co\/index.php\/2023\/08\/31\/los-grandes-ausentes-en-la-convocatoria-de-la-seleccion-colombia\/#respond"]}]},{"@type":"WebPage","@id":"https:\/\/futbolhoy.co\/index.php\/2023\/08\/31\/los-grandes-ausentes-en-la-convocatoria-de-la-seleccion-colombia\/","url":"https:\/\/futbolhoy.co\/index.php\/2023\/08\/31\/los-grandes-ausentes-en-la-convocatoria-de-la-seleccion-colombia\/","name":"Los grandes ausentes en la convocatoria de la Selecci\u00f3n Colombia -","isPartOf":{"@id":"https:\/\/futbolhoy.co\/#website"},"primaryImageOfPage":{"@id":"https:\/\/futbolhoy.co\/index.php\/2023\/08\/31\/los-grandes-ausentes-en-la-convocatoria-de-la-seleccion-colombia\/#primaryimage"},"image":{"@id":"https:\/\/futbolhoy.co\/index.php\/2023\/08\/31\/los-grandes-ausentes-en-la-convocatoria-de-la-seleccion-colombia\/#primaryimage"},"thumbnailUrl":"https:\/\/futbolhoy.co\/wp-content\/uploads\/2023\/08\/IMG_6702.jpeg","datePublished":"2023-08-31T22:48:50+00:00","dateModified":"2023-09-01T18:56:54+00:00","breadcrumb":{"@id":"https:\/\/futbolhoy.co\/index.php\/2023\/08\/31\/los-grandes-ausentes-en-la-convocatoria-de-la-seleccion-colombia\/#breadcrumb"},"inLanguage":"es","potentialAction":[{"@type":"ReadAction","target":["https:\/\/futbolhoy.co\/index.php\/2023\/08\/31\/los-grandes-ausentes-en-la-convocatoria-de-la-seleccion-colombia\/"]}]},{"@type":"ImageObject","inLanguage":"es","@id":"https:\/\/futbolhoy.co\/index.php\/2023\/08\/31\/los-grandes-ausentes-en-la-convocatoria-de-la-seleccion-colombia\/#primaryimage","url":"https:\/\/futbolhoy.co\/wp-content\/uploads\/2023\/08\/IMG_6702.jpeg","contentUrl":"https:\/\/futbolhoy.co\/wp-content\/uploads\/2023\/08\/IMG_6702.jpeg","width":1438,"height":1023},{"@type":"BreadcrumbList","@id":"https:\/\/futbolhoy.co\/index.php\/2023\/08\/31\/los-grandes-ausentes-en-la-convocatoria-de-la-seleccion-colombia\/#breadcrumb","itemListElement":[{"@type":"ListItem","position":1,"name":"Portada","item":"https:\/\/futbolhoy.co\/"},{"@type":"ListItem","position":2,"name":"Los grandes ausentes en la convocatoria de la Selecci\u00f3n Colombia"}]},{"@type":"WebSite","@id":"https:\/\/futbolhoy.co\/#website","url":"https:\/\/futbolhoy.co\/","name":"FutbolHoy","description":"","publisher":{"@id":"https:\/\/futbolhoy.co\/#organization"},"potentialAction":[{"@type":"SearchAction","target":{"@type":"EntryPoint","urlTemplate":"https:\/\/futbolhoy.co\/?s={search_term_string}"},"query-input":{"@type":"PropertyValueSpecification","valueRequired":true,"valueName":"search_term_string"}}],"inLanguage":"es"},{"@type":"Organization","@id":"https:\/\/futbolhoy.co\/#organization","name":"Futbolhoy.co","url":"https:\/\/futbolhoy.co\/","logo":{"@type":"ImageObject","inLanguage":"es","@id":"https:\/\/futbolhoy.co\/#\/schema\/logo\/image\/","url":"https:\/\/futbolhoy.co\/wp-content\/uploads\/2018\/08\/17426380_1906371736249227_6326180412931521141_n.jpg","contentUrl":"https:\/\/futbolhoy.co\/wp-content\/uploads\/2018\/08\/17426380_1906371736249227_6326180412931521141_n.jpg","width":960,"height":960,"caption":"Futbolhoy.co"},"image":{"@id":"https:\/\/futbolhoy.co\/#\/schema\/logo\/image\/"},"sameAs":["https:\/\/www.facebook.com\/FutbolHoyCol\/","https:\/\/x.com\/FutbolHoyCol","https:\/\/www.instagram.com\/futbolhoycol\/"]},{"@type":"Person","@id":"https:\/\/futbolhoy.co\/#\/schema\/person\/1721b69355b6623eaff15ac7b92d4cc3","name":"contenido","image":{"@type":"ImageObject","inLanguage":"es","@id":"https:\/\/futbolhoy.co\/#\/schema\/person\/image\/","url":"https:\/\/secure.gravatar.com\/avatar\/4f656d3256f5134f466206e7c3941518?s=96&d=mm&r=g","contentUrl":"https:\/\/secure.gravatar.com\/avatar\/4f656d3256f5134f466206e7c3941518?s=96&d=mm&r=g","caption":"contenido"}}]}},"publishpress_future_action":{"enabled":false,"date":"2026-05-05 00:00:28","action":"change-status","newStatus":"draft","terms":[],"taxonomy":"category","extraData":[]},"publishpress_future_workflow_manual_trigger":{"enabledWorkflows":[]},"_links":{"self":[{"href":"https:\/\/futbolhoy.co\/index.php\/wp-json\/wp\/v2\/posts\/98643","targetHints":{"allow":["GET"]}}],"collection":[{"href":"https:\/\/futbolhoy.co\/index.php\/wp-json\/wp\/v2\/posts"}],"about":[{"href":"https:\/\/futbolhoy.co\/index.php\/wp-json\/wp\/v2\/types\/post"}],"author":[{"embeddable":true,"href":"https:\/\/futbolhoy.co\/index.php\/wp-json\/wp\/v2\/users\/4"}],"replies":[{"embeddable":true,"href":"https:\/\/futbolhoy.co\/index.php\/wp-json\/wp\/v2\/comments?post=98643"}],"version-history":[{"count":1,"href":"https:\/\/futbolhoy.co\/index.php\/wp-json\/wp\/v2\/posts\/98643\/revisions"}],"predecessor-version":[{"id":98645,"href":"https:\/\/futbolhoy.co\/index.php\/wp-json\/wp\/v2\/posts\/98643\/revisions\/98645"}],"wp:featuredmedia":[{"embeddable":true,"href":"https:\/\/futbolhoy.co\/index.php\/wp-json\/wp\/v2\/media\/98644"}],"wp:attachment":[{"href":"https:\/\/futbolhoy.co\/index.php\/wp-json\/wp\/v2\/media?parent=98643"}],"wp:term":[{"taxonomy":"category","embeddable":true,"href":"https:\/\/futbolhoy.co\/index.php\/wp-json\/wp\/v2\/categories?post=98643"},{"taxonomy":"post_tag","embeddable":true,"href":"https:\/\/futbolhoy.co\/index.php\/wp-json\/wp\/v2\/tags?post=98643"}],"curies":[{"name":"wp","href":"https:\/\/api.w.org\/{rel}","templated":true}]}}