{"id":98647,"date":"2023-08-31T18:31:22","date_gmt":"2023-08-31T23:31:22","guid":{"rendered":"https:\/\/futbolhoy.co\/?p=98647"},"modified":"2023-09-01T09:17:27","modified_gmt":"2023-09-01T14:17:27","slug":"cordoba-celebra-su-llamado-a-la-seleccion-la-pase-dificil-lo-importante-es-que-estoy-aca","status":"publish","type":"post","link":"https:\/\/futbolhoy.co\/index.php\/2023\/08\/31\/cordoba-celebra-su-llamado-a-la-seleccion-la-pase-dificil-lo-importante-es-que-estoy-aca\/","title":{"rendered":"C\u00f3rdoba celebra su llamado a la Selecci\u00f3n: \u201cLa pas\u00e9 dif\u00edcil, lo importante es que estoy ac\u00e1\u201d"},"content":{"rendered":"<p style=\"text-align: justify;\"><span style=\"font-family: helvetica, arial, sans-serif;\"><b>Por fin se dio el regreso de Jhon C\u00f3rdoba a la Selecci\u00f3n Colombia <\/b><span style=\"font-weight: 400;\">y el primero en celebrarlo fue el jugador, quien al conocer su llamado confes\u00f3 que pas\u00f3 un tiempo dif\u00edcil mientras esperaba volver a vestir la camiseta tricolor.<\/span><\/span><\/p>\n<p style=\"text-align: justify;\"><span style=\"font-family: helvetica, arial, sans-serif;\"><span style=\"font-weight: 400;\">\u201cVen\u00edamos trabajando para eso, <\/span><b>es una felicidad en conjunto con muchas personas<\/b><span style=\"font-weight: 400;\"> que me apoyaron. La verdad estoy muy contento\u201d, dijo C\u00f3rdoba este jueves en entrevista con Caracol Radio.<\/span><\/span><\/p>\n<p style=\"text-align: justify;\"><span style=\"font-family: helvetica, arial, sans-serif;\"><span style=\"font-weight: 400;\">\u201cPara nadie es un secreto que la pas\u00e9 dif\u00edcil, <\/span><b>pero lo importante es que estoy ac\u00e1 nuevamente.<\/b><span style=\"font-weight: 400;\"> Espero hacerlo de la mejor manera y aportar todo lo que pueda a la Selecci\u00f3n\u201d, confes\u00f3.<\/span><\/span><\/p>\n<p style=\"text-align: justify;\"><span style=\"font-family: helvetica, arial, sans-serif;\"><span style=\"font-weight: 400;\">Sobre <\/span><b>c\u00f3mo se enter\u00f3 de la convocatoria<\/b><span style=\"font-weight: 400;\">, revel\u00f3 que lo supo al salir del entrenamiento y aunque sab\u00eda que estaba dentro de los planes de la Selecci\u00f3n, prefiri\u00f3 no ilusionarse hasta que no fuera un hecho.<\/span><\/span><\/p>\n<p style=\"text-align: justify;\"><span style=\"font-family: helvetica, arial, sans-serif;\"><span style=\"font-weight: 400;\">\u201cYo estaba entrenando. Cuando sal\u00ed, mir\u00e9 el tel\u00e9fono y estaba reventado, ah\u00ed dije, \u2018ya est\u00e1, lleg\u00f3\u2019. Fue ahora que estaba en entrenamiento cuando sali\u00f3 la convocatoria. Ya hab\u00eda <\/span><b>tenido alg\u00fan acercamiento,<\/b><span style=\"font-weight: 400;\"> pero no quer\u00eda emocionarme, quer\u00eda esperar que fuera oficial y gracias a Dios se dio. No s\u00e9 qui\u00e9n me llam\u00f3 primero porque ten\u00eda 500 llamadas\u201d, dijo.<\/span><\/span><\/p>\n<p style=\"text-align: justify;\"><span style=\"font-family: helvetica, arial, sans-serif;\"><span style=\"font-weight: 400;\">La Selecci\u00f3n Colombia debutar\u00e1 en las Eliminatorias al Mundial 2026 <\/span><b>el pr\u00f3ximo jueves 7 de septiembre<\/b><span style=\"font-weight: 400;\"> en el estadio Metropolitano de Barranquilla cuando reciba a Venezuela y posteriormente se medir\u00e1 a <\/span><b>Chile en Santiago el martes 12 del mismo mes.<\/b><\/span><\/p>\n","protected":false},"excerpt":{"rendered":"<p>Por fin se dio el regreso de Jhon C\u00f3rdoba a la Selecci\u00f3n Colombia y el primero en celebrarlo fue el jugador, quien al conocer su llamado confes\u00f3 que pas\u00f3 un tiempo dif\u00edcil mientras esperaba volver a vestir la camiseta tricolor. \u201cVen\u00edamos trabajando para eso, es una felicidad en conjunto con muchas personas que me apoyaron. [&hellip;]<\/p>\n","protected":false},"author":4,"featured_media":98648,"comment_status":"open","ping_status":"open","sticky":false,"template":"","format":"standard","meta":{"_acf_changed":false,"footnotes":""},"categories":[418],"tags":[],"class_list":{"0":"post-98647","1":"post","2":"type-post","3":"status-publish","4":"format-standard","5":"has-post-thumbnail","7":"category-colombia"},"acf":[],"yoast_head":"<!-- This site is optimized with the Yoast SEO plugin v26.8 - https:\/\/yoast.com\/product\/yoast-seo-wordpress\/ -->\n<title>C\u00f3rdoba celebra su llamado a la Selecci\u00f3n: \u201cLa pas\u00e9 dif\u00edcil, lo importante es que estoy ac\u00e1\u201d -<\/title>\n<meta name=\"robots\" content=\"index, follow, max-snippet:-1, max-image-preview:large, max-video-preview:-1\" \/>\n<link rel=\"canonical\" href=\"https:\/\/futbolhoy.co\/index.php\/2023\/08\/31\/cordoba-celebra-su-llamado-a-la-seleccion-la-pase-dificil-lo-importante-es-que-estoy-aca\/\" \/>\n<meta property=\"og:locale\" content=\"es_ES\" \/>\n<meta property=\"og:type\" content=\"article\" \/>\n<meta property=\"og:title\" content=\"C\u00f3rdoba celebra su llamado a la Selecci\u00f3n: \u201cLa pas\u00e9 dif\u00edcil, lo importante es que estoy ac\u00e1\u201d -\" \/>\n<meta property=\"og:description\" content=\"Por fin se dio el regreso de Jhon C\u00f3rdoba a la Selecci\u00f3n Colombia y el primero en celebrarlo fue el jugador, quien al conocer su llamado confes\u00f3 que pas\u00f3 un tiempo dif\u00edcil mientras esperaba volver a vestir la camiseta tricolor. \u201cVen\u00edamos trabajando para eso, es una felicidad en conjunto con muchas personas que me apoyaron. [&hellip;]\" \/>\n<meta property=\"og:url\" content=\"https:\/\/futbolhoy.co\/index.php\/2023\/08\/31\/cordoba-celebra-su-llamado-a-la-seleccion-la-pase-dificil-lo-importante-es-que-estoy-aca\/\" \/>\n<meta property=\"article:publisher\" content=\"https:\/\/www.facebook.com\/FutbolHoyCol\/\" \/>\n<meta property=\"article:published_time\" content=\"2023-08-31T23:31:22+00:00\" \/>\n<meta property=\"article:modified_time\" content=\"2023-09-01T14:17:27+00:00\" \/>\n<meta property=\"og:image\" content=\"https:\/\/futbolhoy.co\/wp-content\/uploads\/2023\/08\/F4KM7YtXsAIi9P7.png\" \/>\n\t<meta property=\"og:image:width\" content=\"740\" \/>\n\t<meta property=\"og:image:height\" content=\"462\" \/>\n\t<meta property=\"og:image:type\" content=\"image\/png\" \/>\n<meta name=\"author\" content=\"contenido\" \/>\n<meta name=\"twitter:card\" content=\"summary_large_image\" \/>\n<meta name=\"twitter:creator\" content=\"@FutbolHoyCol\" \/>\n<meta name=\"twitter:site\" content=\"@FutbolHoyCol\" \/>\n<meta name=\"twitter:label1\" content=\"Escrito por\" \/>\n\t<meta name=\"twitter:data1\" content=\"contenido\" \/>\n\t<meta name=\"twitter:label2\" content=\"Tiempo de lectura\" \/>\n\t<meta name=\"twitter:data2\" content=\"1 minuto\" \/>\n<script type=\"application\/ld+json\" class=\"yoast-schema-graph\">{\"@context\":\"https:\/\/schema.org\",\"@graph\":[{\"@type\":\"Article\",\"@id\":\"https:\/\/futbolhoy.co\/index.php\/2023\/08\/31\/cordoba-celebra-su-llamado-a-la-seleccion-la-pase-dificil-lo-importante-es-que-estoy-aca\/#article\",\"isPartOf\":{\"@id\":\"https:\/\/futbolhoy.co\/index.php\/2023\/08\/31\/cordoba-celebra-su-llamado-a-la-seleccion-la-pase-dificil-lo-importante-es-que-estoy-aca\/\"},\"author\":{\"name\":\"contenido\",\"@id\":\"https:\/\/futbolhoy.co\/#\/schema\/person\/1721b69355b6623eaff15ac7b92d4cc3\"},\"headline\":\"C\u00f3rdoba celebra su llamado a la Selecci\u00f3n: \u201cLa pas\u00e9 dif\u00edcil, lo importante es que estoy ac\u00e1\u201d\",\"datePublished\":\"2023-08-31T23:31:22+00:00\",\"dateModified\":\"2023-09-01T14:17:27+00:00\",\"mainEntityOfPage\":{\"@id\":\"https:\/\/futbolhoy.co\/index.php\/2023\/08\/31\/cordoba-celebra-su-llamado-a-la-seleccion-la-pase-dificil-lo-importante-es-que-estoy-aca\/\"},\"wordCount\":269,\"commentCount\":0,\"publisher\":{\"@id\":\"https:\/\/futbolhoy.co\/#organization\"},\"image\":{\"@id\":\"https:\/\/futbolhoy.co\/index.php\/2023\/08\/31\/cordoba-celebra-su-llamado-a-la-seleccion-la-pase-dificil-lo-importante-es-que-estoy-aca\/#primaryimage\"},\"thumbnailUrl\":\"https:\/\/futbolhoy.co\/wp-content\/uploads\/2023\/08\/F4KM7YtXsAIi9P7.png\",\"articleSection\":[\"Colombia\"],\"inLanguage\":\"es\",\"potentialAction\":[{\"@type\":\"CommentAction\",\"name\":\"Comment\",\"target\":[\"https:\/\/futbolhoy.co\/index.php\/2023\/08\/31\/cordoba-celebra-su-llamado-a-la-seleccion-la-pase-dificil-lo-importante-es-que-estoy-aca\/#respond\"]}]},{\"@type\":\"WebPage\",\"@id\":\"https:\/\/futbolhoy.co\/index.php\/2023\/08\/31\/cordoba-celebra-su-llamado-a-la-seleccion-la-pase-dificil-lo-importante-es-que-estoy-aca\/\",\"url\":\"https:\/\/futbolhoy.co\/index.php\/2023\/08\/31\/cordoba-celebra-su-llamado-a-la-seleccion-la-pase-dificil-lo-importante-es-que-estoy-aca\/\",\"name\":\"C\u00f3rdoba celebra su llamado a la Selecci\u00f3n: \u201cLa pas\u00e9 dif\u00edcil, lo importante es que estoy ac\u00e1\u201d -\",\"isPartOf\":{\"@id\":\"https:\/\/futbolhoy.co\/#website\"},\"primaryImageOfPage\":{\"@id\":\"https:\/\/futbolhoy.co\/index.php\/2023\/08\/31\/cordoba-celebra-su-llamado-a-la-seleccion-la-pase-dificil-lo-importante-es-que-estoy-aca\/#primaryimage\"},\"image\":{\"@id\":\"https:\/\/futbolhoy.co\/index.php\/2023\/08\/31\/cordoba-celebra-su-llamado-a-la-seleccion-la-pase-dificil-lo-importante-es-que-estoy-aca\/#primaryimage\"},\"thumbnailUrl\":\"https:\/\/futbolhoy.co\/wp-content\/uploads\/2023\/08\/F4KM7YtXsAIi9P7.png\",\"datePublished\":\"2023-08-31T23:31:22+00:00\",\"dateModified\":\"2023-09-01T14:17:27+00:00\",\"breadcrumb\":{\"@id\":\"https:\/\/futbolhoy.co\/index.php\/2023\/08\/31\/cordoba-celebra-su-llamado-a-la-seleccion-la-pase-dificil-lo-importante-es-que-estoy-aca\/#breadcrumb\"},\"inLanguage\":\"es\",\"potentialAction\":[{\"@type\":\"ReadAction\",\"target\":[\"https:\/\/futbolhoy.co\/index.php\/2023\/08\/31\/cordoba-celebra-su-llamado-a-la-seleccion-la-pase-dificil-lo-importante-es-que-estoy-aca\/\"]}]},{\"@type\":\"ImageObject\",\"inLanguage\":\"es\",\"@id\":\"https:\/\/futbolhoy.co\/index.php\/2023\/08\/31\/cordoba-celebra-su-llamado-a-la-seleccion-la-pase-dificil-lo-importante-es-que-estoy-aca\/#primaryimage\",\"url\":\"https:\/\/futbolhoy.co\/wp-content\/uploads\/2023\/08\/F4KM7YtXsAIi9P7.png\",\"contentUrl\":\"https:\/\/futbolhoy.co\/wp-content\/uploads\/2023\/08\/F4KM7YtXsAIi9P7.png\",\"width\":740,\"height\":462},{\"@type\":\"BreadcrumbList\",\"@id\":\"https:\/\/futbolhoy.co\/index.php\/2023\/08\/31\/cordoba-celebra-su-llamado-a-la-seleccion-la-pase-dificil-lo-importante-es-que-estoy-aca\/#breadcrumb\",\"itemListElement\":[{\"@type\":\"ListItem\",\"position\":1,\"name\":\"Portada\",\"item\":\"https:\/\/futbolhoy.co\/\"},{\"@type\":\"ListItem\",\"position\":2,\"name\":\"C\u00f3rdoba celebra su llamado a la Selecci\u00f3n: \u201cLa pas\u00e9 dif\u00edcil, lo importante es que estoy ac\u00e1\u201d\"}]},{\"@type\":\"WebSite\",\"@id\":\"https:\/\/futbolhoy.co\/#website\",\"url\":\"https:\/\/futbolhoy.co\/\",\"name\":\"FutbolHoy\",\"description\":\"\",\"publisher\":{\"@id\":\"https:\/\/futbolhoy.co\/#organization\"},\"potentialAction\":[{\"@type\":\"SearchAction\",\"target\":{\"@type\":\"EntryPoint\",\"urlTemplate\":\"https:\/\/futbolhoy.co\/?s={search_term_string}\"},\"query-input\":{\"@type\":\"PropertyValueSpecification\",\"valueRequired\":true,\"valueName\":\"search_term_string\"}}],\"inLanguage\":\"es\"},{\"@type\":\"Organization\",\"@id\":\"https:\/\/futbolhoy.co\/#organization\",\"name\":\"Futbolhoy.co\",\"url\":\"https:\/\/futbolhoy.co\/\",\"logo\":{\"@type\":\"ImageObject\",\"inLanguage\":\"es\",\"@id\":\"https:\/\/futbolhoy.co\/#\/schema\/logo\/image\/\",\"url\":\"https:\/\/futbolhoy.co\/wp-content\/uploads\/2018\/08\/17426380_1906371736249227_6326180412931521141_n.jpg\",\"contentUrl\":\"https:\/\/futbolhoy.co\/wp-content\/uploads\/2018\/08\/17426380_1906371736249227_6326180412931521141_n.jpg\",\"width\":960,\"height\":960,\"caption\":\"Futbolhoy.co\"},\"image\":{\"@id\":\"https:\/\/futbolhoy.co\/#\/schema\/logo\/image\/\"},\"sameAs\":[\"https:\/\/www.facebook.com\/FutbolHoyCol\/\",\"https:\/\/x.com\/FutbolHoyCol\",\"https:\/\/www.instagram.com\/futbolhoycol\/\"]},{\"@type\":\"Person\",\"@id\":\"https:\/\/futbolhoy.co\/#\/schema\/person\/1721b69355b6623eaff15ac7b92d4cc3\",\"name\":\"contenido\",\"image\":{\"@type\":\"ImageObject\",\"inLanguage\":\"es\",\"@id\":\"https:\/\/futbolhoy.co\/#\/schema\/person\/image\/\",\"url\":\"https:\/\/secure.gravatar.com\/avatar\/4f656d3256f5134f466206e7c3941518?s=96&d=mm&r=g\",\"contentUrl\":\"https:\/\/secure.gravatar.com\/avatar\/4f656d3256f5134f466206e7c3941518?s=96&d=mm&r=g\",\"caption\":\"contenido\"}}]}<\/script>\n<!-- \/ Yoast SEO plugin. -->","yoast_head_json":{"title":"C\u00f3rdoba celebra su llamado a la Selecci\u00f3n: \u201cLa pas\u00e9 dif\u00edcil, lo importante es que estoy ac\u00e1\u201d -","robots":{"index":"index","follow":"follow","max-snippet":"max-snippet:-1","max-image-preview":"max-image-preview:large","max-video-preview":"max-video-preview:-1"},"canonical":"https:\/\/futbolhoy.co\/index.php\/2023\/08\/31\/cordoba-celebra-su-llamado-a-la-seleccion-la-pase-dificil-lo-importante-es-que-estoy-aca\/","og_locale":"es_ES","og_type":"article","og_title":"C\u00f3rdoba celebra su llamado a la Selecci\u00f3n: \u201cLa pas\u00e9 dif\u00edcil, lo importante es que estoy ac\u00e1\u201d -","og_description":"Por fin se dio el regreso de Jhon C\u00f3rdoba a la Selecci\u00f3n Colombia y el primero en celebrarlo fue el jugador, quien al conocer su llamado confes\u00f3 que pas\u00f3 un tiempo dif\u00edcil mientras esperaba volver a vestir la camiseta tricolor. \u201cVen\u00edamos trabajando para eso, es una felicidad en conjunto con muchas personas que me apoyaron. [&hellip;]","og_url":"https:\/\/futbolhoy.co\/index.php\/2023\/08\/31\/cordoba-celebra-su-llamado-a-la-seleccion-la-pase-dificil-lo-importante-es-que-estoy-aca\/","article_publisher":"https:\/\/www.facebook.com\/FutbolHoyCol\/","article_published_time":"2023-08-31T23:31:22+00:00","article_modified_time":"2023-09-01T14:17:27+00:00","og_image":[{"width":740,"height":462,"url":"https:\/\/futbolhoy.co\/wp-content\/uploads\/2023\/08\/F4KM7YtXsAIi9P7.png","type":"image\/png"}],"author":"contenido","twitter_card":"summary_large_image","twitter_creator":"@FutbolHoyCol","twitter_site":"@FutbolHoyCol","twitter_misc":{"Escrito por":"contenido","Tiempo de lectura":"1 minuto"},"schema":{"@context":"https:\/\/schema.org","@graph":[{"@type":"Article","@id":"https:\/\/futbolhoy.co\/index.php\/2023\/08\/31\/cordoba-celebra-su-llamado-a-la-seleccion-la-pase-dificil-lo-importante-es-que-estoy-aca\/#article","isPartOf":{"@id":"https:\/\/futbolhoy.co\/index.php\/2023\/08\/31\/cordoba-celebra-su-llamado-a-la-seleccion-la-pase-dificil-lo-importante-es-que-estoy-aca\/"},"author":{"name":"contenido","@id":"https:\/\/futbolhoy.co\/#\/schema\/person\/1721b69355b6623eaff15ac7b92d4cc3"},"headline":"C\u00f3rdoba celebra su llamado a la Selecci\u00f3n: \u201cLa pas\u00e9 dif\u00edcil, lo importante es que estoy ac\u00e1\u201d","datePublished":"2023-08-31T23:31:22+00:00","dateModified":"2023-09-01T14:17:27+00:00","mainEntityOfPage":{"@id":"https:\/\/futbolhoy.co\/index.php\/2023\/08\/31\/cordoba-celebra-su-llamado-a-la-seleccion-la-pase-dificil-lo-importante-es-que-estoy-aca\/"},"wordCount":269,"commentCount":0,"publisher":{"@id":"https:\/\/futbolhoy.co\/#organization"},"image":{"@id":"https:\/\/futbolhoy.co\/index.php\/2023\/08\/31\/cordoba-celebra-su-llamado-a-la-seleccion-la-pase-dificil-lo-importante-es-que-estoy-aca\/#primaryimage"},"thumbnailUrl":"https:\/\/futbolhoy.co\/wp-content\/uploads\/2023\/08\/F4KM7YtXsAIi9P7.png","articleSection":["Colombia"],"inLanguage":"es","potentialAction":[{"@type":"CommentAction","name":"Comment","target":["https:\/\/futbolhoy.co\/index.php\/2023\/08\/31\/cordoba-celebra-su-llamado-a-la-seleccion-la-pase-dificil-lo-importante-es-que-estoy-aca\/#respond"]}]},{"@type":"WebPage","@id":"https:\/\/futbolhoy.co\/index.php\/2023\/08\/31\/cordoba-celebra-su-llamado-a-la-seleccion-la-pase-dificil-lo-importante-es-que-estoy-aca\/","url":"https:\/\/futbolhoy.co\/index.php\/2023\/08\/31\/cordoba-celebra-su-llamado-a-la-seleccion-la-pase-dificil-lo-importante-es-que-estoy-aca\/","name":"C\u00f3rdoba celebra su llamado a la Selecci\u00f3n: \u201cLa pas\u00e9 dif\u00edcil, lo importante es que estoy ac\u00e1\u201d -","isPartOf":{"@id":"https:\/\/futbolhoy.co\/#website"},"primaryImageOfPage":{"@id":"https:\/\/futbolhoy.co\/index.php\/2023\/08\/31\/cordoba-celebra-su-llamado-a-la-seleccion-la-pase-dificil-lo-importante-es-que-estoy-aca\/#primaryimage"},"image":{"@id":"https:\/\/futbolhoy.co\/index.php\/2023\/08\/31\/cordoba-celebra-su-llamado-a-la-seleccion-la-pase-dificil-lo-importante-es-que-estoy-aca\/#primaryimage"},"thumbnailUrl":"https:\/\/futbolhoy.co\/wp-content\/uploads\/2023\/08\/F4KM7YtXsAIi9P7.png","datePublished":"2023-08-31T23:31:22+00:00","dateModified":"2023-09-01T14:17:27+00:00","breadcrumb":{"@id":"https:\/\/futbolhoy.co\/index.php\/2023\/08\/31\/cordoba-celebra-su-llamado-a-la-seleccion-la-pase-dificil-lo-importante-es-que-estoy-aca\/#breadcrumb"},"inLanguage":"es","potentialAction":[{"@type":"ReadAction","target":["https:\/\/futbolhoy.co\/index.php\/2023\/08\/31\/cordoba-celebra-su-llamado-a-la-seleccion-la-pase-dificil-lo-importante-es-que-estoy-aca\/"]}]},{"@type":"ImageObject","inLanguage":"es","@id":"https:\/\/futbolhoy.co\/index.php\/2023\/08\/31\/cordoba-celebra-su-llamado-a-la-seleccion-la-pase-dificil-lo-importante-es-que-estoy-aca\/#primaryimage","url":"https:\/\/futbolhoy.co\/wp-content\/uploads\/2023\/08\/F4KM7YtXsAIi9P7.png","contentUrl":"https:\/\/futbolhoy.co\/wp-content\/uploads\/2023\/08\/F4KM7YtXsAIi9P7.png","width":740,"height":462},{"@type":"BreadcrumbList","@id":"https:\/\/futbolhoy.co\/index.php\/2023\/08\/31\/cordoba-celebra-su-llamado-a-la-seleccion-la-pase-dificil-lo-importante-es-que-estoy-aca\/#breadcrumb","itemListElement":[{"@type":"ListItem","position":1,"name":"Portada","item":"https:\/\/futbolhoy.co\/"},{"@type":"ListItem","position":2,"name":"C\u00f3rdoba celebra su llamado a la Selecci\u00f3n: \u201cLa pas\u00e9 dif\u00edcil, lo importante es que estoy ac\u00e1\u201d"}]},{"@type":"WebSite","@id":"https:\/\/futbolhoy.co\/#website","url":"https:\/\/futbolhoy.co\/","name":"FutbolHoy","description":"","publisher":{"@id":"https:\/\/futbolhoy.co\/#organization"},"potentialAction":[{"@type":"SearchAction","target":{"@type":"EntryPoint","urlTemplate":"https:\/\/futbolhoy.co\/?s={search_term_string}"},"query-input":{"@type":"PropertyValueSpecification","valueRequired":true,"valueName":"search_term_string"}}],"inLanguage":"es"},{"@type":"Organization","@id":"https:\/\/futbolhoy.co\/#organization","name":"Futbolhoy.co","url":"https:\/\/futbolhoy.co\/","logo":{"@type":"ImageObject","inLanguage":"es","@id":"https:\/\/futbolhoy.co\/#\/schema\/logo\/image\/","url":"https:\/\/futbolhoy.co\/wp-content\/uploads\/2018\/08\/17426380_1906371736249227_6326180412931521141_n.jpg","contentUrl":"https:\/\/futbolhoy.co\/wp-content\/uploads\/2018\/08\/17426380_1906371736249227_6326180412931521141_n.jpg","width":960,"height":960,"caption":"Futbolhoy.co"},"image":{"@id":"https:\/\/futbolhoy.co\/#\/schema\/logo\/image\/"},"sameAs":["https:\/\/www.facebook.com\/FutbolHoyCol\/","https:\/\/x.com\/FutbolHoyCol","https:\/\/www.instagram.com\/futbolhoycol\/"]},{"@type":"Person","@id":"https:\/\/futbolhoy.co\/#\/schema\/person\/1721b69355b6623eaff15ac7b92d4cc3","name":"contenido","image":{"@type":"ImageObject","inLanguage":"es","@id":"https:\/\/futbolhoy.co\/#\/schema\/person\/image\/","url":"https:\/\/secure.gravatar.com\/avatar\/4f656d3256f5134f466206e7c3941518?s=96&d=mm&r=g","contentUrl":"https:\/\/secure.gravatar.com\/avatar\/4f656d3256f5134f466206e7c3941518?s=96&d=mm&r=g","caption":"contenido"}}]}},"publishpress_future_action":{"enabled":false,"date":"2026-05-05 01:29:57","action":"change-status","newStatus":"draft","terms":[],"taxonomy":"category","extraData":[]},"publishpress_future_workflow_manual_trigger":{"enabledWorkflows":[]},"_links":{"self":[{"href":"https:\/\/futbolhoy.co\/index.php\/wp-json\/wp\/v2\/posts\/98647","targetHints":{"allow":["GET"]}}],"collection":[{"href":"https:\/\/futbolhoy.co\/index.php\/wp-json\/wp\/v2\/posts"}],"about":[{"href":"https:\/\/futbolhoy.co\/index.php\/wp-json\/wp\/v2\/types\/post"}],"author":[{"embeddable":true,"href":"https:\/\/futbolhoy.co\/index.php\/wp-json\/wp\/v2\/users\/4"}],"replies":[{"embeddable":true,"href":"https:\/\/futbolhoy.co\/index.php\/wp-json\/wp\/v2\/comments?post=98647"}],"version-history":[{"count":1,"href":"https:\/\/futbolhoy.co\/index.php\/wp-json\/wp\/v2\/posts\/98647\/revisions"}],"predecessor-version":[{"id":98649,"href":"https:\/\/futbolhoy.co\/index.php\/wp-json\/wp\/v2\/posts\/98647\/revisions\/98649"}],"wp:featuredmedia":[{"embeddable":true,"href":"https:\/\/futbolhoy.co\/index.php\/wp-json\/wp\/v2\/media\/98648"}],"wp:attachment":[{"href":"https:\/\/futbolhoy.co\/index.php\/wp-json\/wp\/v2\/media?parent=98647"}],"wp:term":[{"taxonomy":"category","embeddable":true,"href":"https:\/\/futbolhoy.co\/index.php\/wp-json\/wp\/v2\/categories?post=98647"},{"taxonomy":"post_tag","embeddable":true,"href":"https:\/\/futbolhoy.co\/index.php\/wp-json\/wp\/v2\/tags?post=98647"}],"curies":[{"name":"wp","href":"https:\/\/api.w.org\/{rel}","templated":true}]}}