{"id":98650,"date":"2023-08-31T18:44:22","date_gmt":"2023-08-31T23:44:22","guid":{"rendered":"https:\/\/futbolhoy.co\/?p=98650"},"modified":"2023-09-01T13:23:39","modified_gmt":"2023-09-01T18:23:39","slug":"listo-para-eliminatorias-golazo-de-jhon-jader-duran-con-aston-villa","status":"publish","type":"post","link":"https:\/\/futbolhoy.co\/index.php\/2023\/08\/31\/listo-para-eliminatorias-golazo-de-jhon-jader-duran-con-aston-villa\/","title":{"rendered":"Listo para Eliminatorias: golazo de Jhon Jader Dur\u00e1n con Aston Villa"},"content":{"rendered":"<p style=\"text-align: justify;\"><span style=\"font-family: helvetica, arial, sans-serif;\"><b>Jhon Jader Dur\u00e1n celebr\u00f3 con todo su llamado <\/b><span style=\"font-weight: 400;\">a la Selecci\u00f3n Colombia. El jugador del Aston Villa anot\u00f3 este jueves en la goleada 3-0 ante el Hibernian por los playoffs de la Conference League.<\/span><\/span><\/p>\n<p style=\"text-align: justify;\"><span style=\"font-family: helvetica, arial, sans-serif;\"><span style=\"font-weight: 400;\">Por primera vez desde su llegada al Aston Villa, el colombiano asumi\u00f3 como titular en el equipo dirigido por Unai Emery y fue precisamente quien abri\u00f3 el marcador <\/span><b>en la victoria de este jueves.<\/b><\/span><\/p>\n<p style=\"text-align: justify;\"><span style=\"font-family: helvetica, arial, sans-serif;\"><span style=\"font-weight: 400;\">Al minuto 11,<\/span><b> Jhon Jader Dur\u00e1n aprovech\u00f3 un pase filtrado de Pau Torres <\/b><span style=\"font-weight: 400;\">y con calidad enmarc\u00f3 un remate cruzado para el 1-0 en el estadio Villa Park. M\u00e1s adelante, Leon Bailey al 34\u2019 y Matty Cash al 61\u2019 anotaron los otros dos tantos de la goleada.<\/span><\/span><\/p>\n<blockquote class=\"twitter-tweet\">\n<p dir=\"ltr\" lang=\"en\">A first European goal for <a href=\"https:\/\/twitter.com\/jhonduran991?ref_src=twsrc%5Etfw\">@JhonDuran991<\/a>! \ud83c\udde8\ud83c\uddf4<\/p>\n<p>\ud83c\udfaf <a href=\"https:\/\/twitter.com\/pauttorres?ref_src=twsrc%5Etfw\">@PauTTorres<\/a> <a href=\"https:\/\/t.co\/GnZM9QgYif\">pic.twitter.com\/GnZM9QgYif<\/a><\/p>\n<p>\u2014 Aston Villa (@AVFCOfficial) <a href=\"https:\/\/twitter.com\/AVFCOfficial\/status\/1697380350425489573?ref_src=twsrc%5Etfw\">August 31, 2023<\/a><\/p><\/blockquote>\n<p><script async src=\"https:\/\/platform.twitter.com\/widgets.js\" charset=\"utf-8\"><\/script><\/p>\n<p style=\"text-align: justify;\"><span style=\"font-family: helvetica, arial, sans-serif;\"><span style=\"font-weight: 400;\">Dur\u00e1n fue uno de los convocados por el t\u00e9cnico <\/span><b>N\u00e9stor Lorenzo<\/b><span style=\"font-weight: 400;\"> para el debut de la Selecci\u00f3n Colombia en las <\/span><b>Eliminatorias al Mundial 2026<\/b><span style=\"font-weight: 400;\">. La Tricolor abrir\u00e1 con Venezuela <\/span><b>en Barranquilla el pr\u00f3ximo 7 de septiembre<\/b><span style=\"font-weight: 400;\"> y luego se medir\u00e1 a Chile en Santiago el 12 del mismo mes.<\/span><\/span><\/p>\n","protected":false},"excerpt":{"rendered":"<p>Jhon Jader Dur\u00e1n celebr\u00f3 con todo su llamado a la Selecci\u00f3n Colombia. El jugador del Aston Villa anot\u00f3 este jueves en la goleada 3-0 ante el Hibernian por los playoffs de la Conference League. Por primera vez desde su llegada al Aston Villa, el colombiano asumi\u00f3 como titular en el equipo dirigido por Unai Emery [&hellip;]<\/p>\n","protected":false},"author":4,"featured_media":98651,"comment_status":"open","ping_status":"open","sticky":false,"template":"","format":"standard","meta":{"_acf_changed":false,"footnotes":""},"categories":[418],"tags":[],"class_list":{"0":"post-98650","1":"post","2":"type-post","3":"status-publish","4":"format-standard","5":"has-post-thumbnail","7":"category-colombia"},"acf":[],"yoast_head":"<!-- This site is optimized with the Yoast SEO plugin v26.8 - https:\/\/yoast.com\/product\/yoast-seo-wordpress\/ -->\n<title>Listo para Eliminatorias: golazo de Jhon Jader Dur\u00e1n con Aston Villa -<\/title>\n<meta name=\"robots\" content=\"index, follow, max-snippet:-1, max-image-preview:large, max-video-preview:-1\" \/>\n<link rel=\"canonical\" href=\"https:\/\/futbolhoy.co\/index.php\/2023\/08\/31\/listo-para-eliminatorias-golazo-de-jhon-jader-duran-con-aston-villa\/\" \/>\n<meta property=\"og:locale\" content=\"es_ES\" \/>\n<meta property=\"og:type\" content=\"article\" \/>\n<meta property=\"og:title\" content=\"Listo para Eliminatorias: golazo de Jhon Jader Dur\u00e1n con Aston Villa -\" \/>\n<meta property=\"og:description\" content=\"Jhon Jader Dur\u00e1n celebr\u00f3 con todo su llamado a la Selecci\u00f3n Colombia. El jugador del Aston Villa anot\u00f3 este jueves en la goleada 3-0 ante el Hibernian por los playoffs de la Conference League. Por primera vez desde su llegada al Aston Villa, el colombiano asumi\u00f3 como titular en el equipo dirigido por Unai Emery [&hellip;]\" \/>\n<meta property=\"og:url\" content=\"https:\/\/futbolhoy.co\/index.php\/2023\/08\/31\/listo-para-eliminatorias-golazo-de-jhon-jader-duran-con-aston-villa\/\" \/>\n<meta property=\"article:publisher\" content=\"https:\/\/www.facebook.com\/FutbolHoyCol\/\" \/>\n<meta property=\"article:published_time\" content=\"2023-08-31T23:44:22+00:00\" \/>\n<meta property=\"article:modified_time\" content=\"2023-09-01T18:23:39+00:00\" \/>\n<meta property=\"og:image\" content=\"https:\/\/futbolhoy.co\/wp-content\/uploads\/2023\/08\/WhatsApp-Image-2023-08-31-at-18.43.53.jpeg\" \/>\n\t<meta property=\"og:image:width\" content=\"1138\" \/>\n\t<meta property=\"og:image:height\" content=\"741\" \/>\n\t<meta property=\"og:image:type\" content=\"image\/jpeg\" \/>\n<meta name=\"author\" content=\"contenido\" \/>\n<meta name=\"twitter:card\" content=\"summary_large_image\" \/>\n<meta name=\"twitter:creator\" content=\"@FutbolHoyCol\" \/>\n<meta name=\"twitter:site\" content=\"@FutbolHoyCol\" \/>\n<meta name=\"twitter:label1\" content=\"Escrito por\" \/>\n\t<meta name=\"twitter:data1\" content=\"contenido\" \/>\n\t<meta name=\"twitter:label2\" content=\"Tiempo de lectura\" \/>\n\t<meta name=\"twitter:data2\" content=\"1 minuto\" \/>\n<script type=\"application\/ld+json\" class=\"yoast-schema-graph\">{\"@context\":\"https:\/\/schema.org\",\"@graph\":[{\"@type\":\"Article\",\"@id\":\"https:\/\/futbolhoy.co\/index.php\/2023\/08\/31\/listo-para-eliminatorias-golazo-de-jhon-jader-duran-con-aston-villa\/#article\",\"isPartOf\":{\"@id\":\"https:\/\/futbolhoy.co\/index.php\/2023\/08\/31\/listo-para-eliminatorias-golazo-de-jhon-jader-duran-con-aston-villa\/\"},\"author\":{\"name\":\"contenido\",\"@id\":\"https:\/\/futbolhoy.co\/#\/schema\/person\/1721b69355b6623eaff15ac7b92d4cc3\"},\"headline\":\"Listo para Eliminatorias: golazo de Jhon Jader Dur\u00e1n con Aston Villa\",\"datePublished\":\"2023-08-31T23:44:22+00:00\",\"dateModified\":\"2023-09-01T18:23:39+00:00\",\"mainEntityOfPage\":{\"@id\":\"https:\/\/futbolhoy.co\/index.php\/2023\/08\/31\/listo-para-eliminatorias-golazo-de-jhon-jader-duran-con-aston-villa\/\"},\"wordCount\":195,\"commentCount\":0,\"publisher\":{\"@id\":\"https:\/\/futbolhoy.co\/#organization\"},\"image\":{\"@id\":\"https:\/\/futbolhoy.co\/index.php\/2023\/08\/31\/listo-para-eliminatorias-golazo-de-jhon-jader-duran-con-aston-villa\/#primaryimage\"},\"thumbnailUrl\":\"https:\/\/futbolhoy.co\/wp-content\/uploads\/2023\/08\/WhatsApp-Image-2023-08-31-at-18.43.53.jpeg\",\"articleSection\":[\"Colombia\"],\"inLanguage\":\"es\",\"potentialAction\":[{\"@type\":\"CommentAction\",\"name\":\"Comment\",\"target\":[\"https:\/\/futbolhoy.co\/index.php\/2023\/08\/31\/listo-para-eliminatorias-golazo-de-jhon-jader-duran-con-aston-villa\/#respond\"]}]},{\"@type\":\"WebPage\",\"@id\":\"https:\/\/futbolhoy.co\/index.php\/2023\/08\/31\/listo-para-eliminatorias-golazo-de-jhon-jader-duran-con-aston-villa\/\",\"url\":\"https:\/\/futbolhoy.co\/index.php\/2023\/08\/31\/listo-para-eliminatorias-golazo-de-jhon-jader-duran-con-aston-villa\/\",\"name\":\"Listo para Eliminatorias: golazo de Jhon Jader Dur\u00e1n con Aston Villa -\",\"isPartOf\":{\"@id\":\"https:\/\/futbolhoy.co\/#website\"},\"primaryImageOfPage\":{\"@id\":\"https:\/\/futbolhoy.co\/index.php\/2023\/08\/31\/listo-para-eliminatorias-golazo-de-jhon-jader-duran-con-aston-villa\/#primaryimage\"},\"image\":{\"@id\":\"https:\/\/futbolhoy.co\/index.php\/2023\/08\/31\/listo-para-eliminatorias-golazo-de-jhon-jader-duran-con-aston-villa\/#primaryimage\"},\"thumbnailUrl\":\"https:\/\/futbolhoy.co\/wp-content\/uploads\/2023\/08\/WhatsApp-Image-2023-08-31-at-18.43.53.jpeg\",\"datePublished\":\"2023-08-31T23:44:22+00:00\",\"dateModified\":\"2023-09-01T18:23:39+00:00\",\"breadcrumb\":{\"@id\":\"https:\/\/futbolhoy.co\/index.php\/2023\/08\/31\/listo-para-eliminatorias-golazo-de-jhon-jader-duran-con-aston-villa\/#breadcrumb\"},\"inLanguage\":\"es\",\"potentialAction\":[{\"@type\":\"ReadAction\",\"target\":[\"https:\/\/futbolhoy.co\/index.php\/2023\/08\/31\/listo-para-eliminatorias-golazo-de-jhon-jader-duran-con-aston-villa\/\"]}]},{\"@type\":\"ImageObject\",\"inLanguage\":\"es\",\"@id\":\"https:\/\/futbolhoy.co\/index.php\/2023\/08\/31\/listo-para-eliminatorias-golazo-de-jhon-jader-duran-con-aston-villa\/#primaryimage\",\"url\":\"https:\/\/futbolhoy.co\/wp-content\/uploads\/2023\/08\/WhatsApp-Image-2023-08-31-at-18.43.53.jpeg\",\"contentUrl\":\"https:\/\/futbolhoy.co\/wp-content\/uploads\/2023\/08\/WhatsApp-Image-2023-08-31-at-18.43.53.jpeg\",\"width\":1138,\"height\":741},{\"@type\":\"BreadcrumbList\",\"@id\":\"https:\/\/futbolhoy.co\/index.php\/2023\/08\/31\/listo-para-eliminatorias-golazo-de-jhon-jader-duran-con-aston-villa\/#breadcrumb\",\"itemListElement\":[{\"@type\":\"ListItem\",\"position\":1,\"name\":\"Portada\",\"item\":\"https:\/\/futbolhoy.co\/\"},{\"@type\":\"ListItem\",\"position\":2,\"name\":\"Listo para Eliminatorias: golazo de Jhon Jader Dur\u00e1n con Aston Villa\"}]},{\"@type\":\"WebSite\",\"@id\":\"https:\/\/futbolhoy.co\/#website\",\"url\":\"https:\/\/futbolhoy.co\/\",\"name\":\"FutbolHoy\",\"description\":\"\",\"publisher\":{\"@id\":\"https:\/\/futbolhoy.co\/#organization\"},\"potentialAction\":[{\"@type\":\"SearchAction\",\"target\":{\"@type\":\"EntryPoint\",\"urlTemplate\":\"https:\/\/futbolhoy.co\/?s={search_term_string}\"},\"query-input\":{\"@type\":\"PropertyValueSpecification\",\"valueRequired\":true,\"valueName\":\"search_term_string\"}}],\"inLanguage\":\"es\"},{\"@type\":\"Organization\",\"@id\":\"https:\/\/futbolhoy.co\/#organization\",\"name\":\"Futbolhoy.co\",\"url\":\"https:\/\/futbolhoy.co\/\",\"logo\":{\"@type\":\"ImageObject\",\"inLanguage\":\"es\",\"@id\":\"https:\/\/futbolhoy.co\/#\/schema\/logo\/image\/\",\"url\":\"https:\/\/futbolhoy.co\/wp-content\/uploads\/2018\/08\/17426380_1906371736249227_6326180412931521141_n.jpg\",\"contentUrl\":\"https:\/\/futbolhoy.co\/wp-content\/uploads\/2018\/08\/17426380_1906371736249227_6326180412931521141_n.jpg\",\"width\":960,\"height\":960,\"caption\":\"Futbolhoy.co\"},\"image\":{\"@id\":\"https:\/\/futbolhoy.co\/#\/schema\/logo\/image\/\"},\"sameAs\":[\"https:\/\/www.facebook.com\/FutbolHoyCol\/\",\"https:\/\/x.com\/FutbolHoyCol\",\"https:\/\/www.instagram.com\/futbolhoycol\/\"]},{\"@type\":\"Person\",\"@id\":\"https:\/\/futbolhoy.co\/#\/schema\/person\/1721b69355b6623eaff15ac7b92d4cc3\",\"name\":\"contenido\",\"image\":{\"@type\":\"ImageObject\",\"inLanguage\":\"es\",\"@id\":\"https:\/\/futbolhoy.co\/#\/schema\/person\/image\/\",\"url\":\"https:\/\/secure.gravatar.com\/avatar\/4f656d3256f5134f466206e7c3941518?s=96&d=mm&r=g\",\"contentUrl\":\"https:\/\/secure.gravatar.com\/avatar\/4f656d3256f5134f466206e7c3941518?s=96&d=mm&r=g\",\"caption\":\"contenido\"}}]}<\/script>\n<!-- \/ Yoast SEO plugin. -->","yoast_head_json":{"title":"Listo para Eliminatorias: golazo de Jhon Jader Dur\u00e1n con Aston Villa -","robots":{"index":"index","follow":"follow","max-snippet":"max-snippet:-1","max-image-preview":"max-image-preview:large","max-video-preview":"max-video-preview:-1"},"canonical":"https:\/\/futbolhoy.co\/index.php\/2023\/08\/31\/listo-para-eliminatorias-golazo-de-jhon-jader-duran-con-aston-villa\/","og_locale":"es_ES","og_type":"article","og_title":"Listo para Eliminatorias: golazo de Jhon Jader Dur\u00e1n con Aston Villa -","og_description":"Jhon Jader Dur\u00e1n celebr\u00f3 con todo su llamado a la Selecci\u00f3n Colombia. El jugador del Aston Villa anot\u00f3 este jueves en la goleada 3-0 ante el Hibernian por los playoffs de la Conference League. Por primera vez desde su llegada al Aston Villa, el colombiano asumi\u00f3 como titular en el equipo dirigido por Unai Emery [&hellip;]","og_url":"https:\/\/futbolhoy.co\/index.php\/2023\/08\/31\/listo-para-eliminatorias-golazo-de-jhon-jader-duran-con-aston-villa\/","article_publisher":"https:\/\/www.facebook.com\/FutbolHoyCol\/","article_published_time":"2023-08-31T23:44:22+00:00","article_modified_time":"2023-09-01T18:23:39+00:00","og_image":[{"width":1138,"height":741,"url":"https:\/\/futbolhoy.co\/wp-content\/uploads\/2023\/08\/WhatsApp-Image-2023-08-31-at-18.43.53.jpeg","type":"image\/jpeg"}],"author":"contenido","twitter_card":"summary_large_image","twitter_creator":"@FutbolHoyCol","twitter_site":"@FutbolHoyCol","twitter_misc":{"Escrito por":"contenido","Tiempo de lectura":"1 minuto"},"schema":{"@context":"https:\/\/schema.org","@graph":[{"@type":"Article","@id":"https:\/\/futbolhoy.co\/index.php\/2023\/08\/31\/listo-para-eliminatorias-golazo-de-jhon-jader-duran-con-aston-villa\/#article","isPartOf":{"@id":"https:\/\/futbolhoy.co\/index.php\/2023\/08\/31\/listo-para-eliminatorias-golazo-de-jhon-jader-duran-con-aston-villa\/"},"author":{"name":"contenido","@id":"https:\/\/futbolhoy.co\/#\/schema\/person\/1721b69355b6623eaff15ac7b92d4cc3"},"headline":"Listo para Eliminatorias: golazo de Jhon Jader Dur\u00e1n con Aston Villa","datePublished":"2023-08-31T23:44:22+00:00","dateModified":"2023-09-01T18:23:39+00:00","mainEntityOfPage":{"@id":"https:\/\/futbolhoy.co\/index.php\/2023\/08\/31\/listo-para-eliminatorias-golazo-de-jhon-jader-duran-con-aston-villa\/"},"wordCount":195,"commentCount":0,"publisher":{"@id":"https:\/\/futbolhoy.co\/#organization"},"image":{"@id":"https:\/\/futbolhoy.co\/index.php\/2023\/08\/31\/listo-para-eliminatorias-golazo-de-jhon-jader-duran-con-aston-villa\/#primaryimage"},"thumbnailUrl":"https:\/\/futbolhoy.co\/wp-content\/uploads\/2023\/08\/WhatsApp-Image-2023-08-31-at-18.43.53.jpeg","articleSection":["Colombia"],"inLanguage":"es","potentialAction":[{"@type":"CommentAction","name":"Comment","target":["https:\/\/futbolhoy.co\/index.php\/2023\/08\/31\/listo-para-eliminatorias-golazo-de-jhon-jader-duran-con-aston-villa\/#respond"]}]},{"@type":"WebPage","@id":"https:\/\/futbolhoy.co\/index.php\/2023\/08\/31\/listo-para-eliminatorias-golazo-de-jhon-jader-duran-con-aston-villa\/","url":"https:\/\/futbolhoy.co\/index.php\/2023\/08\/31\/listo-para-eliminatorias-golazo-de-jhon-jader-duran-con-aston-villa\/","name":"Listo para Eliminatorias: golazo de Jhon Jader Dur\u00e1n con Aston Villa -","isPartOf":{"@id":"https:\/\/futbolhoy.co\/#website"},"primaryImageOfPage":{"@id":"https:\/\/futbolhoy.co\/index.php\/2023\/08\/31\/listo-para-eliminatorias-golazo-de-jhon-jader-duran-con-aston-villa\/#primaryimage"},"image":{"@id":"https:\/\/futbolhoy.co\/index.php\/2023\/08\/31\/listo-para-eliminatorias-golazo-de-jhon-jader-duran-con-aston-villa\/#primaryimage"},"thumbnailUrl":"https:\/\/futbolhoy.co\/wp-content\/uploads\/2023\/08\/WhatsApp-Image-2023-08-31-at-18.43.53.jpeg","datePublished":"2023-08-31T23:44:22+00:00","dateModified":"2023-09-01T18:23:39+00:00","breadcrumb":{"@id":"https:\/\/futbolhoy.co\/index.php\/2023\/08\/31\/listo-para-eliminatorias-golazo-de-jhon-jader-duran-con-aston-villa\/#breadcrumb"},"inLanguage":"es","potentialAction":[{"@type":"ReadAction","target":["https:\/\/futbolhoy.co\/index.php\/2023\/08\/31\/listo-para-eliminatorias-golazo-de-jhon-jader-duran-con-aston-villa\/"]}]},{"@type":"ImageObject","inLanguage":"es","@id":"https:\/\/futbolhoy.co\/index.php\/2023\/08\/31\/listo-para-eliminatorias-golazo-de-jhon-jader-duran-con-aston-villa\/#primaryimage","url":"https:\/\/futbolhoy.co\/wp-content\/uploads\/2023\/08\/WhatsApp-Image-2023-08-31-at-18.43.53.jpeg","contentUrl":"https:\/\/futbolhoy.co\/wp-content\/uploads\/2023\/08\/WhatsApp-Image-2023-08-31-at-18.43.53.jpeg","width":1138,"height":741},{"@type":"BreadcrumbList","@id":"https:\/\/futbolhoy.co\/index.php\/2023\/08\/31\/listo-para-eliminatorias-golazo-de-jhon-jader-duran-con-aston-villa\/#breadcrumb","itemListElement":[{"@type":"ListItem","position":1,"name":"Portada","item":"https:\/\/futbolhoy.co\/"},{"@type":"ListItem","position":2,"name":"Listo para Eliminatorias: golazo de Jhon Jader Dur\u00e1n con Aston Villa"}]},{"@type":"WebSite","@id":"https:\/\/futbolhoy.co\/#website","url":"https:\/\/futbolhoy.co\/","name":"FutbolHoy","description":"","publisher":{"@id":"https:\/\/futbolhoy.co\/#organization"},"potentialAction":[{"@type":"SearchAction","target":{"@type":"EntryPoint","urlTemplate":"https:\/\/futbolhoy.co\/?s={search_term_string}"},"query-input":{"@type":"PropertyValueSpecification","valueRequired":true,"valueName":"search_term_string"}}],"inLanguage":"es"},{"@type":"Organization","@id":"https:\/\/futbolhoy.co\/#organization","name":"Futbolhoy.co","url":"https:\/\/futbolhoy.co\/","logo":{"@type":"ImageObject","inLanguage":"es","@id":"https:\/\/futbolhoy.co\/#\/schema\/logo\/image\/","url":"https:\/\/futbolhoy.co\/wp-content\/uploads\/2018\/08\/17426380_1906371736249227_6326180412931521141_n.jpg","contentUrl":"https:\/\/futbolhoy.co\/wp-content\/uploads\/2018\/08\/17426380_1906371736249227_6326180412931521141_n.jpg","width":960,"height":960,"caption":"Futbolhoy.co"},"image":{"@id":"https:\/\/futbolhoy.co\/#\/schema\/logo\/image\/"},"sameAs":["https:\/\/www.facebook.com\/FutbolHoyCol\/","https:\/\/x.com\/FutbolHoyCol","https:\/\/www.instagram.com\/futbolhoycol\/"]},{"@type":"Person","@id":"https:\/\/futbolhoy.co\/#\/schema\/person\/1721b69355b6623eaff15ac7b92d4cc3","name":"contenido","image":{"@type":"ImageObject","inLanguage":"es","@id":"https:\/\/futbolhoy.co\/#\/schema\/person\/image\/","url":"https:\/\/secure.gravatar.com\/avatar\/4f656d3256f5134f466206e7c3941518?s=96&d=mm&r=g","contentUrl":"https:\/\/secure.gravatar.com\/avatar\/4f656d3256f5134f466206e7c3941518?s=96&d=mm&r=g","caption":"contenido"}}]}},"publishpress_future_action":{"enabled":false,"date":"2026-05-04 20:36:05","action":"change-status","newStatus":"draft","terms":[],"taxonomy":"category","extraData":[]},"publishpress_future_workflow_manual_trigger":{"enabledWorkflows":[]},"_links":{"self":[{"href":"https:\/\/futbolhoy.co\/index.php\/wp-json\/wp\/v2\/posts\/98650","targetHints":{"allow":["GET"]}}],"collection":[{"href":"https:\/\/futbolhoy.co\/index.php\/wp-json\/wp\/v2\/posts"}],"about":[{"href":"https:\/\/futbolhoy.co\/index.php\/wp-json\/wp\/v2\/types\/post"}],"author":[{"embeddable":true,"href":"https:\/\/futbolhoy.co\/index.php\/wp-json\/wp\/v2\/users\/4"}],"replies":[{"embeddable":true,"href":"https:\/\/futbolhoy.co\/index.php\/wp-json\/wp\/v2\/comments?post=98650"}],"version-history":[{"count":2,"href":"https:\/\/futbolhoy.co\/index.php\/wp-json\/wp\/v2\/posts\/98650\/revisions"}],"predecessor-version":[{"id":98695,"href":"https:\/\/futbolhoy.co\/index.php\/wp-json\/wp\/v2\/posts\/98650\/revisions\/98695"}],"wp:featuredmedia":[{"embeddable":true,"href":"https:\/\/futbolhoy.co\/index.php\/wp-json\/wp\/v2\/media\/98651"}],"wp:attachment":[{"href":"https:\/\/futbolhoy.co\/index.php\/wp-json\/wp\/v2\/media?parent=98650"}],"wp:term":[{"taxonomy":"category","embeddable":true,"href":"https:\/\/futbolhoy.co\/index.php\/wp-json\/wp\/v2\/categories?post=98650"},{"taxonomy":"post_tag","embeddable":true,"href":"https:\/\/futbolhoy.co\/index.php\/wp-json\/wp\/v2\/tags?post=98650"}],"curies":[{"name":"wp","href":"https:\/\/api.w.org\/{rel}","templated":true}]}}