{"id":98653,"date":"2023-08-31T20:26:20","date_gmt":"2023-09-01T01:26:20","guid":{"rendered":"https:\/\/futbolhoy.co\/?p=98653"},"modified":"2023-09-01T20:44:03","modified_gmt":"2023-09-02T01:44:03","slug":"james-fallo-penal-y-sao-paulo-quedo-eliminado-de-la-sudamericana","status":"publish","type":"post","link":"https:\/\/futbolhoy.co\/index.php\/2023\/08\/31\/james-fallo-penal-y-sao-paulo-quedo-eliminado-de-la-sudamericana\/","title":{"rendered":"James fall\u00f3 penal y S\u00e3o Paulo qued\u00f3 eliminado de la Sudamericana"},"content":{"rendered":"<p style=\"font-weight: 400; text-align: justify;\"><span style=\"font-family: helvetica, arial, sans-serif;\"><b>James Rodr\u00edguez <\/b><span style=\"font-weight: 400;\">pas\u00f3 del cielo a la tierra este jueves. Cuando jugaba su <\/span><b>mejor partido <\/b><span style=\"font-weight: 400;\">desde que lleg\u00f3 a Sao Paulo, desafortunadamente fall\u00f3 un penal que desencaden\u00f3 la eliminaci\u00f3n del equipo brasile\u00f1o en la <\/span><b>Copa Sudamericana.<\/b><\/span><\/p>\n<p style=\"font-weight: 400; text-align: justify;\"><span style=\"font-family: helvetica, arial, sans-serif;\"><span style=\"font-weight: 400;\">El colombiano ingres\u00f3 al minuto 67 al partido en el <\/span><b>estadio Morumb\u00ed<\/b><span style=\"font-weight: 400;\"> por la vuelta de los cuartos de final ante Liga de Quito y desde ese momento fue protagonista.\u00a0<\/span><\/span><\/p>\n<p style=\"font-weight: 400; text-align: justify;\"><span style=\"font-family: helvetica, arial, sans-serif;\"><b>James cobr\u00f3 tiro de esquina al minuto 77<\/b><span style=\"font-weight: 400;\"> y Robert Arboleda de cabeza anot\u00f3 el gol de la victoria y el empate en el marcador global, lo que obligaba a los cobros desde el punto penal.\u00a0<\/span><\/span><\/p>\n<p style=\"font-weight: 400; text-align: justify;\"><span style=\"font-family: helvetica, arial, sans-serif;\"><span style=\"font-weight: 400;\">Ya en la tanda de penales, James fue el \u00fanico jugador de S\u00e3o Paulo que fall\u00f3 su cobro y, en consecuencia, su equipo qued\u00f3 <\/span><b>eliminado frente a los ecuatorianos<\/b><span style=\"font-weight: 400;\">.\u00a0<\/span><\/span><\/p>\n","protected":false},"excerpt":{"rendered":"<p>James Rodr\u00edguez pas\u00f3 del cielo a la tierra este jueves. Cuando jugaba su mejor partido desde que lleg\u00f3 a Sao Paulo, desafortunadamente fall\u00f3 un penal que desencaden\u00f3 la eliminaci\u00f3n del equipo brasile\u00f1o en la Copa Sudamericana. El colombiano ingres\u00f3 al minuto 67 al partido en el estadio Morumb\u00ed por la vuelta de los cuartos de [&hellip;]<\/p>\n","protected":false},"author":4,"featured_media":98654,"comment_status":"open","ping_status":"open","sticky":false,"template":"","format":"standard","meta":{"_acf_changed":false,"footnotes":""},"categories":[152],"tags":[],"class_list":{"0":"post-98653","1":"post","2":"type-post","3":"status-publish","4":"format-standard","5":"has-post-thumbnail","7":"category-mundo-futbol"},"acf":[],"yoast_head":"<!-- This site is optimized with the Yoast SEO plugin v26.8 - https:\/\/yoast.com\/product\/yoast-seo-wordpress\/ -->\n<title>James fall\u00f3 penal y S\u00e3o Paulo qued\u00f3 eliminado de la Sudamericana -<\/title>\n<meta name=\"robots\" content=\"index, follow, max-snippet:-1, max-image-preview:large, max-video-preview:-1\" \/>\n<link rel=\"canonical\" href=\"https:\/\/futbolhoy.co\/index.php\/2023\/08\/31\/james-fallo-penal-y-sao-paulo-quedo-eliminado-de-la-sudamericana\/\" \/>\n<meta property=\"og:locale\" content=\"es_ES\" \/>\n<meta property=\"og:type\" content=\"article\" \/>\n<meta property=\"og:title\" content=\"James fall\u00f3 penal y S\u00e3o Paulo qued\u00f3 eliminado de la Sudamericana -\" \/>\n<meta property=\"og:description\" content=\"James Rodr\u00edguez pas\u00f3 del cielo a la tierra este jueves. Cuando jugaba su mejor partido desde que lleg\u00f3 a Sao Paulo, desafortunadamente fall\u00f3 un penal que desencaden\u00f3 la eliminaci\u00f3n del equipo brasile\u00f1o en la Copa Sudamericana. El colombiano ingres\u00f3 al minuto 67 al partido en el estadio Morumb\u00ed por la vuelta de los cuartos de [&hellip;]\" \/>\n<meta property=\"og:url\" content=\"https:\/\/futbolhoy.co\/index.php\/2023\/08\/31\/james-fallo-penal-y-sao-paulo-quedo-eliminado-de-la-sudamericana\/\" \/>\n<meta property=\"article:publisher\" content=\"https:\/\/www.facebook.com\/FutbolHoyCol\/\" \/>\n<meta property=\"article:published_time\" content=\"2023-09-01T01:26:20+00:00\" \/>\n<meta property=\"article:modified_time\" content=\"2023-09-02T01:44:03+00:00\" \/>\n<meta property=\"og:image\" content=\"https:\/\/futbolhoy.co\/wp-content\/uploads\/2023\/08\/IMG_6704.jpeg\" \/>\n\t<meta property=\"og:image:width\" content=\"2048\" \/>\n\t<meta property=\"og:image:height\" content=\"1366\" \/>\n\t<meta property=\"og:image:type\" content=\"image\/jpeg\" \/>\n<meta name=\"author\" content=\"contenido\" \/>\n<meta name=\"twitter:card\" content=\"summary_large_image\" \/>\n<meta name=\"twitter:creator\" content=\"@FutbolHoyCol\" \/>\n<meta name=\"twitter:site\" content=\"@FutbolHoyCol\" \/>\n<meta name=\"twitter:label1\" content=\"Escrito por\" \/>\n\t<meta name=\"twitter:data1\" content=\"contenido\" \/>\n\t<meta name=\"twitter:label2\" content=\"Tiempo de lectura\" \/>\n\t<meta name=\"twitter:data2\" content=\"1 minuto\" \/>\n<script type=\"application\/ld+json\" class=\"yoast-schema-graph\">{\"@context\":\"https:\/\/schema.org\",\"@graph\":[{\"@type\":\"Article\",\"@id\":\"https:\/\/futbolhoy.co\/index.php\/2023\/08\/31\/james-fallo-penal-y-sao-paulo-quedo-eliminado-de-la-sudamericana\/#article\",\"isPartOf\":{\"@id\":\"https:\/\/futbolhoy.co\/index.php\/2023\/08\/31\/james-fallo-penal-y-sao-paulo-quedo-eliminado-de-la-sudamericana\/\"},\"author\":{\"name\":\"contenido\",\"@id\":\"https:\/\/futbolhoy.co\/#\/schema\/person\/1721b69355b6623eaff15ac7b92d4cc3\"},\"headline\":\"James fall\u00f3 penal y S\u00e3o Paulo qued\u00f3 eliminado de la Sudamericana\",\"datePublished\":\"2023-09-01T01:26:20+00:00\",\"dateModified\":\"2023-09-02T01:44:03+00:00\",\"mainEntityOfPage\":{\"@id\":\"https:\/\/futbolhoy.co\/index.php\/2023\/08\/31\/james-fallo-penal-y-sao-paulo-quedo-eliminado-de-la-sudamericana\/\"},\"wordCount\":145,\"commentCount\":0,\"publisher\":{\"@id\":\"https:\/\/futbolhoy.co\/#organization\"},\"image\":{\"@id\":\"https:\/\/futbolhoy.co\/index.php\/2023\/08\/31\/james-fallo-penal-y-sao-paulo-quedo-eliminado-de-la-sudamericana\/#primaryimage\"},\"thumbnailUrl\":\"https:\/\/futbolhoy.co\/wp-content\/uploads\/2023\/08\/IMG_6704.jpeg\",\"articleSection\":[\"Mundo Futbol\"],\"inLanguage\":\"es\",\"potentialAction\":[{\"@type\":\"CommentAction\",\"name\":\"Comment\",\"target\":[\"https:\/\/futbolhoy.co\/index.php\/2023\/08\/31\/james-fallo-penal-y-sao-paulo-quedo-eliminado-de-la-sudamericana\/#respond\"]}]},{\"@type\":\"WebPage\",\"@id\":\"https:\/\/futbolhoy.co\/index.php\/2023\/08\/31\/james-fallo-penal-y-sao-paulo-quedo-eliminado-de-la-sudamericana\/\",\"url\":\"https:\/\/futbolhoy.co\/index.php\/2023\/08\/31\/james-fallo-penal-y-sao-paulo-quedo-eliminado-de-la-sudamericana\/\",\"name\":\"James fall\u00f3 penal y S\u00e3o Paulo qued\u00f3 eliminado de la Sudamericana -\",\"isPartOf\":{\"@id\":\"https:\/\/futbolhoy.co\/#website\"},\"primaryImageOfPage\":{\"@id\":\"https:\/\/futbolhoy.co\/index.php\/2023\/08\/31\/james-fallo-penal-y-sao-paulo-quedo-eliminado-de-la-sudamericana\/#primaryimage\"},\"image\":{\"@id\":\"https:\/\/futbolhoy.co\/index.php\/2023\/08\/31\/james-fallo-penal-y-sao-paulo-quedo-eliminado-de-la-sudamericana\/#primaryimage\"},\"thumbnailUrl\":\"https:\/\/futbolhoy.co\/wp-content\/uploads\/2023\/08\/IMG_6704.jpeg\",\"datePublished\":\"2023-09-01T01:26:20+00:00\",\"dateModified\":\"2023-09-02T01:44:03+00:00\",\"breadcrumb\":{\"@id\":\"https:\/\/futbolhoy.co\/index.php\/2023\/08\/31\/james-fallo-penal-y-sao-paulo-quedo-eliminado-de-la-sudamericana\/#breadcrumb\"},\"inLanguage\":\"es\",\"potentialAction\":[{\"@type\":\"ReadAction\",\"target\":[\"https:\/\/futbolhoy.co\/index.php\/2023\/08\/31\/james-fallo-penal-y-sao-paulo-quedo-eliminado-de-la-sudamericana\/\"]}]},{\"@type\":\"ImageObject\",\"inLanguage\":\"es\",\"@id\":\"https:\/\/futbolhoy.co\/index.php\/2023\/08\/31\/james-fallo-penal-y-sao-paulo-quedo-eliminado-de-la-sudamericana\/#primaryimage\",\"url\":\"https:\/\/futbolhoy.co\/wp-content\/uploads\/2023\/08\/IMG_6704.jpeg\",\"contentUrl\":\"https:\/\/futbolhoy.co\/wp-content\/uploads\/2023\/08\/IMG_6704.jpeg\",\"width\":2048,\"height\":1366},{\"@type\":\"BreadcrumbList\",\"@id\":\"https:\/\/futbolhoy.co\/index.php\/2023\/08\/31\/james-fallo-penal-y-sao-paulo-quedo-eliminado-de-la-sudamericana\/#breadcrumb\",\"itemListElement\":[{\"@type\":\"ListItem\",\"position\":1,\"name\":\"Portada\",\"item\":\"https:\/\/futbolhoy.co\/\"},{\"@type\":\"ListItem\",\"position\":2,\"name\":\"James fall\u00f3 penal y S\u00e3o Paulo qued\u00f3 eliminado de la Sudamericana\"}]},{\"@type\":\"WebSite\",\"@id\":\"https:\/\/futbolhoy.co\/#website\",\"url\":\"https:\/\/futbolhoy.co\/\",\"name\":\"FutbolHoy\",\"description\":\"\",\"publisher\":{\"@id\":\"https:\/\/futbolhoy.co\/#organization\"},\"potentialAction\":[{\"@type\":\"SearchAction\",\"target\":{\"@type\":\"EntryPoint\",\"urlTemplate\":\"https:\/\/futbolhoy.co\/?s={search_term_string}\"},\"query-input\":{\"@type\":\"PropertyValueSpecification\",\"valueRequired\":true,\"valueName\":\"search_term_string\"}}],\"inLanguage\":\"es\"},{\"@type\":\"Organization\",\"@id\":\"https:\/\/futbolhoy.co\/#organization\",\"name\":\"Futbolhoy.co\",\"url\":\"https:\/\/futbolhoy.co\/\",\"logo\":{\"@type\":\"ImageObject\",\"inLanguage\":\"es\",\"@id\":\"https:\/\/futbolhoy.co\/#\/schema\/logo\/image\/\",\"url\":\"https:\/\/futbolhoy.co\/wp-content\/uploads\/2018\/08\/17426380_1906371736249227_6326180412931521141_n.jpg\",\"contentUrl\":\"https:\/\/futbolhoy.co\/wp-content\/uploads\/2018\/08\/17426380_1906371736249227_6326180412931521141_n.jpg\",\"width\":960,\"height\":960,\"caption\":\"Futbolhoy.co\"},\"image\":{\"@id\":\"https:\/\/futbolhoy.co\/#\/schema\/logo\/image\/\"},\"sameAs\":[\"https:\/\/www.facebook.com\/FutbolHoyCol\/\",\"https:\/\/x.com\/FutbolHoyCol\",\"https:\/\/www.instagram.com\/futbolhoycol\/\"]},{\"@type\":\"Person\",\"@id\":\"https:\/\/futbolhoy.co\/#\/schema\/person\/1721b69355b6623eaff15ac7b92d4cc3\",\"name\":\"contenido\",\"image\":{\"@type\":\"ImageObject\",\"inLanguage\":\"es\",\"@id\":\"https:\/\/futbolhoy.co\/#\/schema\/person\/image\/\",\"url\":\"https:\/\/secure.gravatar.com\/avatar\/4f656d3256f5134f466206e7c3941518?s=96&d=mm&r=g\",\"contentUrl\":\"https:\/\/secure.gravatar.com\/avatar\/4f656d3256f5134f466206e7c3941518?s=96&d=mm&r=g\",\"caption\":\"contenido\"}}]}<\/script>\n<!-- \/ Yoast SEO plugin. -->","yoast_head_json":{"title":"James fall\u00f3 penal y S\u00e3o Paulo qued\u00f3 eliminado de la Sudamericana -","robots":{"index":"index","follow":"follow","max-snippet":"max-snippet:-1","max-image-preview":"max-image-preview:large","max-video-preview":"max-video-preview:-1"},"canonical":"https:\/\/futbolhoy.co\/index.php\/2023\/08\/31\/james-fallo-penal-y-sao-paulo-quedo-eliminado-de-la-sudamericana\/","og_locale":"es_ES","og_type":"article","og_title":"James fall\u00f3 penal y S\u00e3o Paulo qued\u00f3 eliminado de la Sudamericana -","og_description":"James Rodr\u00edguez pas\u00f3 del cielo a la tierra este jueves. Cuando jugaba su mejor partido desde que lleg\u00f3 a Sao Paulo, desafortunadamente fall\u00f3 un penal que desencaden\u00f3 la eliminaci\u00f3n del equipo brasile\u00f1o en la Copa Sudamericana. El colombiano ingres\u00f3 al minuto 67 al partido en el estadio Morumb\u00ed por la vuelta de los cuartos de [&hellip;]","og_url":"https:\/\/futbolhoy.co\/index.php\/2023\/08\/31\/james-fallo-penal-y-sao-paulo-quedo-eliminado-de-la-sudamericana\/","article_publisher":"https:\/\/www.facebook.com\/FutbolHoyCol\/","article_published_time":"2023-09-01T01:26:20+00:00","article_modified_time":"2023-09-02T01:44:03+00:00","og_image":[{"width":2048,"height":1366,"url":"https:\/\/futbolhoy.co\/wp-content\/uploads\/2023\/08\/IMG_6704.jpeg","type":"image\/jpeg"}],"author":"contenido","twitter_card":"summary_large_image","twitter_creator":"@FutbolHoyCol","twitter_site":"@FutbolHoyCol","twitter_misc":{"Escrito por":"contenido","Tiempo de lectura":"1 minuto"},"schema":{"@context":"https:\/\/schema.org","@graph":[{"@type":"Article","@id":"https:\/\/futbolhoy.co\/index.php\/2023\/08\/31\/james-fallo-penal-y-sao-paulo-quedo-eliminado-de-la-sudamericana\/#article","isPartOf":{"@id":"https:\/\/futbolhoy.co\/index.php\/2023\/08\/31\/james-fallo-penal-y-sao-paulo-quedo-eliminado-de-la-sudamericana\/"},"author":{"name":"contenido","@id":"https:\/\/futbolhoy.co\/#\/schema\/person\/1721b69355b6623eaff15ac7b92d4cc3"},"headline":"James fall\u00f3 penal y S\u00e3o Paulo qued\u00f3 eliminado de la Sudamericana","datePublished":"2023-09-01T01:26:20+00:00","dateModified":"2023-09-02T01:44:03+00:00","mainEntityOfPage":{"@id":"https:\/\/futbolhoy.co\/index.php\/2023\/08\/31\/james-fallo-penal-y-sao-paulo-quedo-eliminado-de-la-sudamericana\/"},"wordCount":145,"commentCount":0,"publisher":{"@id":"https:\/\/futbolhoy.co\/#organization"},"image":{"@id":"https:\/\/futbolhoy.co\/index.php\/2023\/08\/31\/james-fallo-penal-y-sao-paulo-quedo-eliminado-de-la-sudamericana\/#primaryimage"},"thumbnailUrl":"https:\/\/futbolhoy.co\/wp-content\/uploads\/2023\/08\/IMG_6704.jpeg","articleSection":["Mundo Futbol"],"inLanguage":"es","potentialAction":[{"@type":"CommentAction","name":"Comment","target":["https:\/\/futbolhoy.co\/index.php\/2023\/08\/31\/james-fallo-penal-y-sao-paulo-quedo-eliminado-de-la-sudamericana\/#respond"]}]},{"@type":"WebPage","@id":"https:\/\/futbolhoy.co\/index.php\/2023\/08\/31\/james-fallo-penal-y-sao-paulo-quedo-eliminado-de-la-sudamericana\/","url":"https:\/\/futbolhoy.co\/index.php\/2023\/08\/31\/james-fallo-penal-y-sao-paulo-quedo-eliminado-de-la-sudamericana\/","name":"James fall\u00f3 penal y S\u00e3o Paulo qued\u00f3 eliminado de la Sudamericana -","isPartOf":{"@id":"https:\/\/futbolhoy.co\/#website"},"primaryImageOfPage":{"@id":"https:\/\/futbolhoy.co\/index.php\/2023\/08\/31\/james-fallo-penal-y-sao-paulo-quedo-eliminado-de-la-sudamericana\/#primaryimage"},"image":{"@id":"https:\/\/futbolhoy.co\/index.php\/2023\/08\/31\/james-fallo-penal-y-sao-paulo-quedo-eliminado-de-la-sudamericana\/#primaryimage"},"thumbnailUrl":"https:\/\/futbolhoy.co\/wp-content\/uploads\/2023\/08\/IMG_6704.jpeg","datePublished":"2023-09-01T01:26:20+00:00","dateModified":"2023-09-02T01:44:03+00:00","breadcrumb":{"@id":"https:\/\/futbolhoy.co\/index.php\/2023\/08\/31\/james-fallo-penal-y-sao-paulo-quedo-eliminado-de-la-sudamericana\/#breadcrumb"},"inLanguage":"es","potentialAction":[{"@type":"ReadAction","target":["https:\/\/futbolhoy.co\/index.php\/2023\/08\/31\/james-fallo-penal-y-sao-paulo-quedo-eliminado-de-la-sudamericana\/"]}]},{"@type":"ImageObject","inLanguage":"es","@id":"https:\/\/futbolhoy.co\/index.php\/2023\/08\/31\/james-fallo-penal-y-sao-paulo-quedo-eliminado-de-la-sudamericana\/#primaryimage","url":"https:\/\/futbolhoy.co\/wp-content\/uploads\/2023\/08\/IMG_6704.jpeg","contentUrl":"https:\/\/futbolhoy.co\/wp-content\/uploads\/2023\/08\/IMG_6704.jpeg","width":2048,"height":1366},{"@type":"BreadcrumbList","@id":"https:\/\/futbolhoy.co\/index.php\/2023\/08\/31\/james-fallo-penal-y-sao-paulo-quedo-eliminado-de-la-sudamericana\/#breadcrumb","itemListElement":[{"@type":"ListItem","position":1,"name":"Portada","item":"https:\/\/futbolhoy.co\/"},{"@type":"ListItem","position":2,"name":"James fall\u00f3 penal y S\u00e3o Paulo qued\u00f3 eliminado de la Sudamericana"}]},{"@type":"WebSite","@id":"https:\/\/futbolhoy.co\/#website","url":"https:\/\/futbolhoy.co\/","name":"FutbolHoy","description":"","publisher":{"@id":"https:\/\/futbolhoy.co\/#organization"},"potentialAction":[{"@type":"SearchAction","target":{"@type":"EntryPoint","urlTemplate":"https:\/\/futbolhoy.co\/?s={search_term_string}"},"query-input":{"@type":"PropertyValueSpecification","valueRequired":true,"valueName":"search_term_string"}}],"inLanguage":"es"},{"@type":"Organization","@id":"https:\/\/futbolhoy.co\/#organization","name":"Futbolhoy.co","url":"https:\/\/futbolhoy.co\/","logo":{"@type":"ImageObject","inLanguage":"es","@id":"https:\/\/futbolhoy.co\/#\/schema\/logo\/image\/","url":"https:\/\/futbolhoy.co\/wp-content\/uploads\/2018\/08\/17426380_1906371736249227_6326180412931521141_n.jpg","contentUrl":"https:\/\/futbolhoy.co\/wp-content\/uploads\/2018\/08\/17426380_1906371736249227_6326180412931521141_n.jpg","width":960,"height":960,"caption":"Futbolhoy.co"},"image":{"@id":"https:\/\/futbolhoy.co\/#\/schema\/logo\/image\/"},"sameAs":["https:\/\/www.facebook.com\/FutbolHoyCol\/","https:\/\/x.com\/FutbolHoyCol","https:\/\/www.instagram.com\/futbolhoycol\/"]},{"@type":"Person","@id":"https:\/\/futbolhoy.co\/#\/schema\/person\/1721b69355b6623eaff15ac7b92d4cc3","name":"contenido","image":{"@type":"ImageObject","inLanguage":"es","@id":"https:\/\/futbolhoy.co\/#\/schema\/person\/image\/","url":"https:\/\/secure.gravatar.com\/avatar\/4f656d3256f5134f466206e7c3941518?s=96&d=mm&r=g","contentUrl":"https:\/\/secure.gravatar.com\/avatar\/4f656d3256f5134f466206e7c3941518?s=96&d=mm&r=g","caption":"contenido"}}]}},"publishpress_future_action":{"enabled":false,"date":"2026-05-04 18:49:37","action":"change-status","newStatus":"draft","terms":[],"taxonomy":"category","extraData":[]},"publishpress_future_workflow_manual_trigger":{"enabledWorkflows":[]},"_links":{"self":[{"href":"https:\/\/futbolhoy.co\/index.php\/wp-json\/wp\/v2\/posts\/98653","targetHints":{"allow":["GET"]}}],"collection":[{"href":"https:\/\/futbolhoy.co\/index.php\/wp-json\/wp\/v2\/posts"}],"about":[{"href":"https:\/\/futbolhoy.co\/index.php\/wp-json\/wp\/v2\/types\/post"}],"author":[{"embeddable":true,"href":"https:\/\/futbolhoy.co\/index.php\/wp-json\/wp\/v2\/users\/4"}],"replies":[{"embeddable":true,"href":"https:\/\/futbolhoy.co\/index.php\/wp-json\/wp\/v2\/comments?post=98653"}],"version-history":[{"count":2,"href":"https:\/\/futbolhoy.co\/index.php\/wp-json\/wp\/v2\/posts\/98653\/revisions"}],"predecessor-version":[{"id":98702,"href":"https:\/\/futbolhoy.co\/index.php\/wp-json\/wp\/v2\/posts\/98653\/revisions\/98702"}],"wp:featuredmedia":[{"embeddable":true,"href":"https:\/\/futbolhoy.co\/index.php\/wp-json\/wp\/v2\/media\/98654"}],"wp:attachment":[{"href":"https:\/\/futbolhoy.co\/index.php\/wp-json\/wp\/v2\/media?parent=98653"}],"wp:term":[{"taxonomy":"category","embeddable":true,"href":"https:\/\/futbolhoy.co\/index.php\/wp-json\/wp\/v2\/categories?post=98653"},{"taxonomy":"post_tag","embeddable":true,"href":"https:\/\/futbolhoy.co\/index.php\/wp-json\/wp\/v2\/tags?post=98653"}],"curies":[{"name":"wp","href":"https:\/\/api.w.org\/{rel}","templated":true}]}}