{"id":98689,"date":"2023-09-01T07:02:29","date_gmt":"2023-09-01T12:02:29","guid":{"rendered":"https:\/\/futbolhoy.co\/?p=98689"},"modified":"2023-09-01T22:24:20","modified_gmt":"2023-09-02T03:24:20","slug":"sorteo-de-la-europa-league-asi-quedaron-los-grupos-de-los-colombianos","status":"publish","type":"post","link":"https:\/\/futbolhoy.co\/index.php\/2023\/09\/01\/sorteo-de-la-europa-league-asi-quedaron-los-grupos-de-los-colombianos\/","title":{"rendered":"Sorteo de la Europa League: As\u00ed quedaron los grupos de los colombianos"},"content":{"rendered":"<p style=\"text-align: justify;\"><span style=\"font-family: helvetica, arial, sans-serif;\"><span style=\"font-weight: 400;\">Este viernes se llev\u00f3 a cabo el sorteo para definir los grupos de la Europa League, con <\/span><b>varios colombianos presentes<\/b><span style=\"font-weight: 400;\"> y con la ilusi\u00f3n de levantar el segundo trofeo m\u00e1s importante de la <\/span><b>UEFA.<\/b><\/span><\/p>\n<p style=\"text-align: justify;\"><span style=\"font-family: helvetica, arial, sans-serif;\"><span style=\"font-weight: 400;\">Cuatro colombianos pelear\u00e1n por levantar el t\u00edtulo de la Europa League en esta temporada. El torneo arranca el pr\u00f3ximo 10 de agosto y<\/span><b> la final se vivir\u00e1 el 22 de mayo de 2024.\u00a0<\/b><\/span><\/p>\n<p style=\"text-align: justify;\"><span style=\"font-family: helvetica, arial, sans-serif;\"><b>Los colombianos en Europa League:<\/b><\/span><\/p>\n<p style=\"text-align: justify;\"><span style=\"font-weight: 400; font-family: helvetica, arial, sans-serif;\">Luis D\u00edaz con Liverpool<\/span><\/p>\n<p style=\"text-align: justify;\"><span style=\"font-weight: 400; font-family: helvetica, arial, sans-serif;\">Steven Alzate con Brighton (aunque podr\u00eda salir en as pr\u00f3ximas horas del equipo ingl\u00e9s)<\/span><\/p>\n<p style=\"text-align: justify;\"><span style=\"font-weight: 400; font-family: helvetica, arial, sans-serif;\">Luis Fernando Muriel con Atalanta<\/span><\/p>\n<p style=\"text-align: justify;\"><span style=\"font-weight: 400; font-family: helvetica, arial, sans-serif;\">Gustavo Puerta con Bayer Leverkusen<\/span><\/p>\n<p style=\"text-align: justify;\"><span style=\"font-family: helvetica, arial, sans-serif;\"><b>As\u00ed quedaron sus grupos:<\/b><\/span><\/p>\n<p style=\"text-align: justify;\"><span style=\"font-weight: 400; font-family: helvetica, arial, sans-serif;\">B: Ajax - Olympique - Brighton (Alzate) - AEK<\/span><\/p>\n<p style=\"text-align: justify;\"><span style=\"font-weight: 400; font-family: helvetica, arial, sans-serif;\">D: Atalanta (Muriel) - Sporting - Sturm Graz - Rak\u00f3w<\/span><\/p>\n<p style=\"text-align: justify;\"><span style=\"font-weight: 400; font-family: helvetica, arial, sans-serif;\">E: Liverpool (D\u00edaz) - LASK - Union Saint Gillosie - Toulouse\u00a0<\/span><\/p>\n<p style=\"text-align: justify;\"><span style=\"font-weight: 400; font-family: helvetica, arial, sans-serif;\">H: Leverkusen (Puerta) - Qarabag - Molde - Hacken<\/span><\/p>\n<p style=\"text-align: justify;\"><span style=\"font-family: helvetica, arial, sans-serif;\"><b>As\u00ed quedaron todos los grupos de la Europa League:<\/b><\/span><\/p>\n<blockquote class=\"twitter-tweet\">\n<p dir=\"ltr\" lang=\"en\">The 2023\/24 group stage is set \u2705<a href=\"https:\/\/twitter.com\/hashtag\/UELdraw?src=hash&amp;ref_src=twsrc%5Etfw\">#UELdraw<\/a> <a href=\"https:\/\/t.co\/rKmamwpJyf\">pic.twitter.com\/rKmamwpJyf<\/a><\/p>\n<p>\u2014 UEFA Europa League (@EuropaLeague) <a href=\"https:\/\/twitter.com\/EuropaLeague\/status\/1697575470219264357?ref_src=twsrc%5Etfw\">September 1, 2023<\/a><\/p><\/blockquote>\n<p><script async src=\"https:\/\/platform.twitter.com\/widgets.js\" charset=\"utf-8\"><\/script><\/p>\n","protected":false},"excerpt":{"rendered":"<p>Este viernes se llev\u00f3 a cabo el sorteo para definir los grupos de la Europa League, con varios colombianos presentes y con la ilusi\u00f3n de levantar el segundo trofeo m\u00e1s importante de la UEFA. Cuatro colombianos pelear\u00e1n por levantar el t\u00edtulo de la Europa League en esta temporada. El torneo arranca el pr\u00f3ximo 10 de [&hellip;]<\/p>\n","protected":false},"author":4,"featured_media":98690,"comment_status":"open","ping_status":"open","sticky":false,"template":"","format":"standard","meta":{"_acf_changed":false,"footnotes":""},"categories":[152],"tags":[],"class_list":{"0":"post-98689","1":"post","2":"type-post","3":"status-publish","4":"format-standard","5":"has-post-thumbnail","7":"category-mundo-futbol"},"acf":[],"yoast_head":"<!-- This site is optimized with the Yoast SEO plugin v26.8 - https:\/\/yoast.com\/product\/yoast-seo-wordpress\/ -->\n<title>Sorteo de la Europa League: As\u00ed quedaron los grupos de los colombianos -<\/title>\n<meta name=\"robots\" content=\"index, follow, max-snippet:-1, max-image-preview:large, max-video-preview:-1\" \/>\n<link rel=\"canonical\" href=\"https:\/\/futbolhoy.co\/index.php\/2023\/09\/01\/sorteo-de-la-europa-league-asi-quedaron-los-grupos-de-los-colombianos\/\" \/>\n<meta property=\"og:locale\" content=\"es_ES\" \/>\n<meta property=\"og:type\" content=\"article\" \/>\n<meta property=\"og:title\" content=\"Sorteo de la Europa League: As\u00ed quedaron los grupos de los colombianos -\" \/>\n<meta property=\"og:description\" content=\"Este viernes se llev\u00f3 a cabo el sorteo para definir los grupos de la Europa League, con varios colombianos presentes y con la ilusi\u00f3n de levantar el segundo trofeo m\u00e1s importante de la UEFA. Cuatro colombianos pelear\u00e1n por levantar el t\u00edtulo de la Europa League en esta temporada. El torneo arranca el pr\u00f3ximo 10 de [&hellip;]\" \/>\n<meta property=\"og:url\" content=\"https:\/\/futbolhoy.co\/index.php\/2023\/09\/01\/sorteo-de-la-europa-league-asi-quedaron-los-grupos-de-los-colombianos\/\" \/>\n<meta property=\"article:publisher\" content=\"https:\/\/www.facebook.com\/FutbolHoyCol\/\" \/>\n<meta property=\"article:published_time\" content=\"2023-09-01T12:02:29+00:00\" \/>\n<meta property=\"article:modified_time\" content=\"2023-09-02T03:24:20+00:00\" \/>\n<meta property=\"og:image\" content=\"https:\/\/futbolhoy.co\/wp-content\/uploads\/2023\/09\/WhatsApp-Image-2023-09-01-at-07.00.09.jpeg\" \/>\n\t<meta property=\"og:image:width\" content=\"1440\" \/>\n\t<meta property=\"og:image:height\" content=\"957\" \/>\n\t<meta property=\"og:image:type\" content=\"image\/jpeg\" \/>\n<meta name=\"author\" content=\"contenido\" \/>\n<meta name=\"twitter:card\" content=\"summary_large_image\" \/>\n<meta name=\"twitter:creator\" content=\"@FutbolHoyCol\" \/>\n<meta name=\"twitter:site\" content=\"@FutbolHoyCol\" \/>\n<meta name=\"twitter:label1\" content=\"Escrito por\" \/>\n\t<meta name=\"twitter:data1\" content=\"contenido\" \/>\n\t<meta name=\"twitter:label2\" content=\"Tiempo de lectura\" \/>\n\t<meta name=\"twitter:data2\" content=\"1 minuto\" \/>\n<script type=\"application\/ld+json\" class=\"yoast-schema-graph\">{\"@context\":\"https:\/\/schema.org\",\"@graph\":[{\"@type\":\"Article\",\"@id\":\"https:\/\/futbolhoy.co\/index.php\/2023\/09\/01\/sorteo-de-la-europa-league-asi-quedaron-los-grupos-de-los-colombianos\/#article\",\"isPartOf\":{\"@id\":\"https:\/\/futbolhoy.co\/index.php\/2023\/09\/01\/sorteo-de-la-europa-league-asi-quedaron-los-grupos-de-los-colombianos\/\"},\"author\":{\"name\":\"contenido\",\"@id\":\"https:\/\/futbolhoy.co\/#\/schema\/person\/1721b69355b6623eaff15ac7b92d4cc3\"},\"headline\":\"Sorteo de la Europa League: As\u00ed quedaron los grupos de los colombianos\",\"datePublished\":\"2023-09-01T12:02:29+00:00\",\"dateModified\":\"2023-09-02T03:24:20+00:00\",\"mainEntityOfPage\":{\"@id\":\"https:\/\/futbolhoy.co\/index.php\/2023\/09\/01\/sorteo-de-la-europa-league-asi-quedaron-los-grupos-de-los-colombianos\/\"},\"wordCount\":187,\"commentCount\":0,\"publisher\":{\"@id\":\"https:\/\/futbolhoy.co\/#organization\"},\"image\":{\"@id\":\"https:\/\/futbolhoy.co\/index.php\/2023\/09\/01\/sorteo-de-la-europa-league-asi-quedaron-los-grupos-de-los-colombianos\/#primaryimage\"},\"thumbnailUrl\":\"https:\/\/futbolhoy.co\/wp-content\/uploads\/2023\/09\/WhatsApp-Image-2023-09-01-at-07.00.09.jpeg\",\"articleSection\":[\"Mundo Futbol\"],\"inLanguage\":\"es\",\"potentialAction\":[{\"@type\":\"CommentAction\",\"name\":\"Comment\",\"target\":[\"https:\/\/futbolhoy.co\/index.php\/2023\/09\/01\/sorteo-de-la-europa-league-asi-quedaron-los-grupos-de-los-colombianos\/#respond\"]}]},{\"@type\":\"WebPage\",\"@id\":\"https:\/\/futbolhoy.co\/index.php\/2023\/09\/01\/sorteo-de-la-europa-league-asi-quedaron-los-grupos-de-los-colombianos\/\",\"url\":\"https:\/\/futbolhoy.co\/index.php\/2023\/09\/01\/sorteo-de-la-europa-league-asi-quedaron-los-grupos-de-los-colombianos\/\",\"name\":\"Sorteo de la Europa League: As\u00ed quedaron los grupos de los colombianos -\",\"isPartOf\":{\"@id\":\"https:\/\/futbolhoy.co\/#website\"},\"primaryImageOfPage\":{\"@id\":\"https:\/\/futbolhoy.co\/index.php\/2023\/09\/01\/sorteo-de-la-europa-league-asi-quedaron-los-grupos-de-los-colombianos\/#primaryimage\"},\"image\":{\"@id\":\"https:\/\/futbolhoy.co\/index.php\/2023\/09\/01\/sorteo-de-la-europa-league-asi-quedaron-los-grupos-de-los-colombianos\/#primaryimage\"},\"thumbnailUrl\":\"https:\/\/futbolhoy.co\/wp-content\/uploads\/2023\/09\/WhatsApp-Image-2023-09-01-at-07.00.09.jpeg\",\"datePublished\":\"2023-09-01T12:02:29+00:00\",\"dateModified\":\"2023-09-02T03:24:20+00:00\",\"breadcrumb\":{\"@id\":\"https:\/\/futbolhoy.co\/index.php\/2023\/09\/01\/sorteo-de-la-europa-league-asi-quedaron-los-grupos-de-los-colombianos\/#breadcrumb\"},\"inLanguage\":\"es\",\"potentialAction\":[{\"@type\":\"ReadAction\",\"target\":[\"https:\/\/futbolhoy.co\/index.php\/2023\/09\/01\/sorteo-de-la-europa-league-asi-quedaron-los-grupos-de-los-colombianos\/\"]}]},{\"@type\":\"ImageObject\",\"inLanguage\":\"es\",\"@id\":\"https:\/\/futbolhoy.co\/index.php\/2023\/09\/01\/sorteo-de-la-europa-league-asi-quedaron-los-grupos-de-los-colombianos\/#primaryimage\",\"url\":\"https:\/\/futbolhoy.co\/wp-content\/uploads\/2023\/09\/WhatsApp-Image-2023-09-01-at-07.00.09.jpeg\",\"contentUrl\":\"https:\/\/futbolhoy.co\/wp-content\/uploads\/2023\/09\/WhatsApp-Image-2023-09-01-at-07.00.09.jpeg\",\"width\":1440,\"height\":957},{\"@type\":\"BreadcrumbList\",\"@id\":\"https:\/\/futbolhoy.co\/index.php\/2023\/09\/01\/sorteo-de-la-europa-league-asi-quedaron-los-grupos-de-los-colombianos\/#breadcrumb\",\"itemListElement\":[{\"@type\":\"ListItem\",\"position\":1,\"name\":\"Portada\",\"item\":\"https:\/\/futbolhoy.co\/\"},{\"@type\":\"ListItem\",\"position\":2,\"name\":\"Sorteo de la Europa League: As\u00ed quedaron los grupos de los colombianos\"}]},{\"@type\":\"WebSite\",\"@id\":\"https:\/\/futbolhoy.co\/#website\",\"url\":\"https:\/\/futbolhoy.co\/\",\"name\":\"FutbolHoy\",\"description\":\"\",\"publisher\":{\"@id\":\"https:\/\/futbolhoy.co\/#organization\"},\"potentialAction\":[{\"@type\":\"SearchAction\",\"target\":{\"@type\":\"EntryPoint\",\"urlTemplate\":\"https:\/\/futbolhoy.co\/?s={search_term_string}\"},\"query-input\":{\"@type\":\"PropertyValueSpecification\",\"valueRequired\":true,\"valueName\":\"search_term_string\"}}],\"inLanguage\":\"es\"},{\"@type\":\"Organization\",\"@id\":\"https:\/\/futbolhoy.co\/#organization\",\"name\":\"Futbolhoy.co\",\"url\":\"https:\/\/futbolhoy.co\/\",\"logo\":{\"@type\":\"ImageObject\",\"inLanguage\":\"es\",\"@id\":\"https:\/\/futbolhoy.co\/#\/schema\/logo\/image\/\",\"url\":\"https:\/\/futbolhoy.co\/wp-content\/uploads\/2018\/08\/17426380_1906371736249227_6326180412931521141_n.jpg\",\"contentUrl\":\"https:\/\/futbolhoy.co\/wp-content\/uploads\/2018\/08\/17426380_1906371736249227_6326180412931521141_n.jpg\",\"width\":960,\"height\":960,\"caption\":\"Futbolhoy.co\"},\"image\":{\"@id\":\"https:\/\/futbolhoy.co\/#\/schema\/logo\/image\/\"},\"sameAs\":[\"https:\/\/www.facebook.com\/FutbolHoyCol\/\",\"https:\/\/x.com\/FutbolHoyCol\",\"https:\/\/www.instagram.com\/futbolhoycol\/\"]},{\"@type\":\"Person\",\"@id\":\"https:\/\/futbolhoy.co\/#\/schema\/person\/1721b69355b6623eaff15ac7b92d4cc3\",\"name\":\"contenido\",\"image\":{\"@type\":\"ImageObject\",\"inLanguage\":\"es\",\"@id\":\"https:\/\/futbolhoy.co\/#\/schema\/person\/image\/\",\"url\":\"https:\/\/secure.gravatar.com\/avatar\/4f656d3256f5134f466206e7c3941518?s=96&d=mm&r=g\",\"contentUrl\":\"https:\/\/secure.gravatar.com\/avatar\/4f656d3256f5134f466206e7c3941518?s=96&d=mm&r=g\",\"caption\":\"contenido\"}}]}<\/script>\n<!-- \/ Yoast SEO plugin. -->","yoast_head_json":{"title":"Sorteo de la Europa League: As\u00ed quedaron los grupos de los colombianos -","robots":{"index":"index","follow":"follow","max-snippet":"max-snippet:-1","max-image-preview":"max-image-preview:large","max-video-preview":"max-video-preview:-1"},"canonical":"https:\/\/futbolhoy.co\/index.php\/2023\/09\/01\/sorteo-de-la-europa-league-asi-quedaron-los-grupos-de-los-colombianos\/","og_locale":"es_ES","og_type":"article","og_title":"Sorteo de la Europa League: As\u00ed quedaron los grupos de los colombianos -","og_description":"Este viernes se llev\u00f3 a cabo el sorteo para definir los grupos de la Europa League, con varios colombianos presentes y con la ilusi\u00f3n de levantar el segundo trofeo m\u00e1s importante de la UEFA. Cuatro colombianos pelear\u00e1n por levantar el t\u00edtulo de la Europa League en esta temporada. El torneo arranca el pr\u00f3ximo 10 de [&hellip;]","og_url":"https:\/\/futbolhoy.co\/index.php\/2023\/09\/01\/sorteo-de-la-europa-league-asi-quedaron-los-grupos-de-los-colombianos\/","article_publisher":"https:\/\/www.facebook.com\/FutbolHoyCol\/","article_published_time":"2023-09-01T12:02:29+00:00","article_modified_time":"2023-09-02T03:24:20+00:00","og_image":[{"width":1440,"height":957,"url":"https:\/\/futbolhoy.co\/wp-content\/uploads\/2023\/09\/WhatsApp-Image-2023-09-01-at-07.00.09.jpeg","type":"image\/jpeg"}],"author":"contenido","twitter_card":"summary_large_image","twitter_creator":"@FutbolHoyCol","twitter_site":"@FutbolHoyCol","twitter_misc":{"Escrito por":"contenido","Tiempo de lectura":"1 minuto"},"schema":{"@context":"https:\/\/schema.org","@graph":[{"@type":"Article","@id":"https:\/\/futbolhoy.co\/index.php\/2023\/09\/01\/sorteo-de-la-europa-league-asi-quedaron-los-grupos-de-los-colombianos\/#article","isPartOf":{"@id":"https:\/\/futbolhoy.co\/index.php\/2023\/09\/01\/sorteo-de-la-europa-league-asi-quedaron-los-grupos-de-los-colombianos\/"},"author":{"name":"contenido","@id":"https:\/\/futbolhoy.co\/#\/schema\/person\/1721b69355b6623eaff15ac7b92d4cc3"},"headline":"Sorteo de la Europa League: As\u00ed quedaron los grupos de los colombianos","datePublished":"2023-09-01T12:02:29+00:00","dateModified":"2023-09-02T03:24:20+00:00","mainEntityOfPage":{"@id":"https:\/\/futbolhoy.co\/index.php\/2023\/09\/01\/sorteo-de-la-europa-league-asi-quedaron-los-grupos-de-los-colombianos\/"},"wordCount":187,"commentCount":0,"publisher":{"@id":"https:\/\/futbolhoy.co\/#organization"},"image":{"@id":"https:\/\/futbolhoy.co\/index.php\/2023\/09\/01\/sorteo-de-la-europa-league-asi-quedaron-los-grupos-de-los-colombianos\/#primaryimage"},"thumbnailUrl":"https:\/\/futbolhoy.co\/wp-content\/uploads\/2023\/09\/WhatsApp-Image-2023-09-01-at-07.00.09.jpeg","articleSection":["Mundo Futbol"],"inLanguage":"es","potentialAction":[{"@type":"CommentAction","name":"Comment","target":["https:\/\/futbolhoy.co\/index.php\/2023\/09\/01\/sorteo-de-la-europa-league-asi-quedaron-los-grupos-de-los-colombianos\/#respond"]}]},{"@type":"WebPage","@id":"https:\/\/futbolhoy.co\/index.php\/2023\/09\/01\/sorteo-de-la-europa-league-asi-quedaron-los-grupos-de-los-colombianos\/","url":"https:\/\/futbolhoy.co\/index.php\/2023\/09\/01\/sorteo-de-la-europa-league-asi-quedaron-los-grupos-de-los-colombianos\/","name":"Sorteo de la Europa League: As\u00ed quedaron los grupos de los colombianos -","isPartOf":{"@id":"https:\/\/futbolhoy.co\/#website"},"primaryImageOfPage":{"@id":"https:\/\/futbolhoy.co\/index.php\/2023\/09\/01\/sorteo-de-la-europa-league-asi-quedaron-los-grupos-de-los-colombianos\/#primaryimage"},"image":{"@id":"https:\/\/futbolhoy.co\/index.php\/2023\/09\/01\/sorteo-de-la-europa-league-asi-quedaron-los-grupos-de-los-colombianos\/#primaryimage"},"thumbnailUrl":"https:\/\/futbolhoy.co\/wp-content\/uploads\/2023\/09\/WhatsApp-Image-2023-09-01-at-07.00.09.jpeg","datePublished":"2023-09-01T12:02:29+00:00","dateModified":"2023-09-02T03:24:20+00:00","breadcrumb":{"@id":"https:\/\/futbolhoy.co\/index.php\/2023\/09\/01\/sorteo-de-la-europa-league-asi-quedaron-los-grupos-de-los-colombianos\/#breadcrumb"},"inLanguage":"es","potentialAction":[{"@type":"ReadAction","target":["https:\/\/futbolhoy.co\/index.php\/2023\/09\/01\/sorteo-de-la-europa-league-asi-quedaron-los-grupos-de-los-colombianos\/"]}]},{"@type":"ImageObject","inLanguage":"es","@id":"https:\/\/futbolhoy.co\/index.php\/2023\/09\/01\/sorteo-de-la-europa-league-asi-quedaron-los-grupos-de-los-colombianos\/#primaryimage","url":"https:\/\/futbolhoy.co\/wp-content\/uploads\/2023\/09\/WhatsApp-Image-2023-09-01-at-07.00.09.jpeg","contentUrl":"https:\/\/futbolhoy.co\/wp-content\/uploads\/2023\/09\/WhatsApp-Image-2023-09-01-at-07.00.09.jpeg","width":1440,"height":957},{"@type":"BreadcrumbList","@id":"https:\/\/futbolhoy.co\/index.php\/2023\/09\/01\/sorteo-de-la-europa-league-asi-quedaron-los-grupos-de-los-colombianos\/#breadcrumb","itemListElement":[{"@type":"ListItem","position":1,"name":"Portada","item":"https:\/\/futbolhoy.co\/"},{"@type":"ListItem","position":2,"name":"Sorteo de la Europa League: As\u00ed quedaron los grupos de los colombianos"}]},{"@type":"WebSite","@id":"https:\/\/futbolhoy.co\/#website","url":"https:\/\/futbolhoy.co\/","name":"FutbolHoy","description":"","publisher":{"@id":"https:\/\/futbolhoy.co\/#organization"},"potentialAction":[{"@type":"SearchAction","target":{"@type":"EntryPoint","urlTemplate":"https:\/\/futbolhoy.co\/?s={search_term_string}"},"query-input":{"@type":"PropertyValueSpecification","valueRequired":true,"valueName":"search_term_string"}}],"inLanguage":"es"},{"@type":"Organization","@id":"https:\/\/futbolhoy.co\/#organization","name":"Futbolhoy.co","url":"https:\/\/futbolhoy.co\/","logo":{"@type":"ImageObject","inLanguage":"es","@id":"https:\/\/futbolhoy.co\/#\/schema\/logo\/image\/","url":"https:\/\/futbolhoy.co\/wp-content\/uploads\/2018\/08\/17426380_1906371736249227_6326180412931521141_n.jpg","contentUrl":"https:\/\/futbolhoy.co\/wp-content\/uploads\/2018\/08\/17426380_1906371736249227_6326180412931521141_n.jpg","width":960,"height":960,"caption":"Futbolhoy.co"},"image":{"@id":"https:\/\/futbolhoy.co\/#\/schema\/logo\/image\/"},"sameAs":["https:\/\/www.facebook.com\/FutbolHoyCol\/","https:\/\/x.com\/FutbolHoyCol","https:\/\/www.instagram.com\/futbolhoycol\/"]},{"@type":"Person","@id":"https:\/\/futbolhoy.co\/#\/schema\/person\/1721b69355b6623eaff15ac7b92d4cc3","name":"contenido","image":{"@type":"ImageObject","inLanguage":"es","@id":"https:\/\/futbolhoy.co\/#\/schema\/person\/image\/","url":"https:\/\/secure.gravatar.com\/avatar\/4f656d3256f5134f466206e7c3941518?s=96&d=mm&r=g","contentUrl":"https:\/\/secure.gravatar.com\/avatar\/4f656d3256f5134f466206e7c3941518?s=96&d=mm&r=g","caption":"contenido"}}]}},"publishpress_future_action":{"enabled":false,"date":"2026-05-04 17:21:27","action":"change-status","newStatus":"draft","terms":[],"taxonomy":"category","extraData":[]},"publishpress_future_workflow_manual_trigger":{"enabledWorkflows":[]},"_links":{"self":[{"href":"https:\/\/futbolhoy.co\/index.php\/wp-json\/wp\/v2\/posts\/98689","targetHints":{"allow":["GET"]}}],"collection":[{"href":"https:\/\/futbolhoy.co\/index.php\/wp-json\/wp\/v2\/posts"}],"about":[{"href":"https:\/\/futbolhoy.co\/index.php\/wp-json\/wp\/v2\/types\/post"}],"author":[{"embeddable":true,"href":"https:\/\/futbolhoy.co\/index.php\/wp-json\/wp\/v2\/users\/4"}],"replies":[{"embeddable":true,"href":"https:\/\/futbolhoy.co\/index.php\/wp-json\/wp\/v2\/comments?post=98689"}],"version-history":[{"count":1,"href":"https:\/\/futbolhoy.co\/index.php\/wp-json\/wp\/v2\/posts\/98689\/revisions"}],"predecessor-version":[{"id":98691,"href":"https:\/\/futbolhoy.co\/index.php\/wp-json\/wp\/v2\/posts\/98689\/revisions\/98691"}],"wp:featuredmedia":[{"embeddable":true,"href":"https:\/\/futbolhoy.co\/index.php\/wp-json\/wp\/v2\/media\/98690"}],"wp:attachment":[{"href":"https:\/\/futbolhoy.co\/index.php\/wp-json\/wp\/v2\/media?parent=98689"}],"wp:term":[{"taxonomy":"category","embeddable":true,"href":"https:\/\/futbolhoy.co\/index.php\/wp-json\/wp\/v2\/categories?post=98689"},{"taxonomy":"post_tag","embeddable":true,"href":"https:\/\/futbolhoy.co\/index.php\/wp-json\/wp\/v2\/tags?post=98689"}],"curies":[{"name":"wp","href":"https:\/\/api.w.org\/{rel}","templated":true}]}}