{"id":98692,"date":"2023-09-01T09:20:40","date_gmt":"2023-09-01T14:20:40","guid":{"rendered":"https:\/\/futbolhoy.co\/?p=98692"},"modified":"2023-09-02T09:15:02","modified_gmt":"2023-09-02T14:15:02","slug":"james-estoy-muy-triste-asumo-la-responsabilidad-de-la-eliminacion","status":"publish","type":"post","link":"https:\/\/futbolhoy.co\/index.php\/2023\/09\/01\/james-estoy-muy-triste-asumo-la-responsabilidad-de-la-eliminacion\/","title":{"rendered":"James: \u201cEstoy muy triste, asumo la responsabilidad de la eliminaci\u00f3n\u201d"},"content":{"rendered":"<p style=\"font-weight: 400; text-align: justify;\"><span style=\"font-family: helvetica, arial, sans-serif;\"><b>James Rodr\u00edguez tuvo una noche de ensue\u00f1o<\/b><span style=\"font-weight: 400;\"> con S\u00e3o Paulo en la Copa Sudamericana, pero en pocos minutos pas\u00f3 a ser el gran se\u00f1alado por la eliminaci\u00f3n en los cuartos de final del torneo Conmebol.\u00a0<\/span><\/span><\/p>\n<p style=\"font-weight: 400; text-align: justify;\"><span style=\"font-family: helvetica, arial, sans-serif;\"><span style=\"font-weight: 400;\">El volante te colombiano tuvo uno de sus mejores partidos desde que lleg\u00f3 a Brasil, incluso, fue el asistidor del gol de la <\/span><b>victoria este jueves ante Liga de Quito<\/b><span style=\"font-weight: 400;\">, lo que oblig\u00f3 a que el clasificado a semifinales se definiera en los cobros desde el punto penal.\u00a0<\/span><\/span><\/p>\n<p style=\"font-weight: 400; text-align: justify;\"><span style=\"font-family: helvetica, arial, sans-serif;\"><b>James Rodr\u00edguez fue el segundo cobrador,<\/b><span style=\"font-weight: 400;\"> pero desafortunadamente termin\u00f3 pateando la pelota lejos del arco. Al final, fue el \u00fanico jugador de S\u00e3o Paulo que fall\u00f3 su penal y, en consecuencia, su equipo qued\u00f3 eliminado.\u00a0<\/span><\/span><\/p>\n<p style=\"font-weight: 400; text-align: justify;\"><span style=\"font-family: helvetica, arial, sans-serif;\"><span style=\"font-weight: 400;\">Luego del partido, <\/span><b>el colombiano envi\u00f3 un sentido mensaje<\/b><span style=\"font-weight: 400;\"> a trav\u00e9s de sus redes sociales, en el que se hizo completamente responsable de la eliminaci\u00f3n.\u00a0<\/span><\/span><\/p>\n<p style=\"font-weight: 400; text-align: justify;\"><span style=\"font-family: helvetica, arial, sans-serif;\"><span style=\"font-weight: 400;\">\u201cHoy me toc\u00f3 fallar un penalti en una definici\u00f3n, algo que nunca hab\u00eda sucedido en mi carrera. <\/span><b>Asumo la responsabilidad de la eliminaci\u00f3n<\/b><span style=\"font-weight: 400;\">. Quiero agradecer al hincha paulista que una vez m\u00e1s llen\u00f3 el Morumb\u00ed y apoy\u00f3 al equipo. Estoy muy triste, pero confiado en que mi historia en el club apenas comienza y que tendremos muchos motivos para sonre\u00edr juntos\u201d, escribi\u00f3 el cucute\u00f1o en su Instagram.\u00a0<\/span><\/span><\/p>\n","protected":false},"excerpt":{"rendered":"<p>James Rodr\u00edguez tuvo una noche de ensue\u00f1o con S\u00e3o Paulo en la Copa Sudamericana, pero en pocos minutos pas\u00f3 a ser el gran se\u00f1alado por la eliminaci\u00f3n en los cuartos de final del torneo Conmebol.\u00a0 El volante te colombiano tuvo uno de sus mejores partidos desde que lleg\u00f3 a Brasil, incluso, fue el asistidor del [&hellip;]<\/p>\n","protected":false},"author":4,"featured_media":98693,"comment_status":"open","ping_status":"open","sticky":false,"template":"","format":"standard","meta":{"_acf_changed":false,"footnotes":""},"categories":[418],"tags":[],"class_list":{"0":"post-98692","1":"post","2":"type-post","3":"status-publish","4":"format-standard","5":"has-post-thumbnail","7":"category-colombia"},"acf":[],"yoast_head":"<!-- This site is optimized with the Yoast SEO plugin v26.8 - https:\/\/yoast.com\/product\/yoast-seo-wordpress\/ -->\n<title>James: \u201cEstoy muy triste, asumo la responsabilidad de la eliminaci\u00f3n\u201d -<\/title>\n<meta name=\"robots\" content=\"index, follow, max-snippet:-1, max-image-preview:large, max-video-preview:-1\" \/>\n<link rel=\"canonical\" href=\"https:\/\/futbolhoy.co\/index.php\/2023\/09\/01\/james-estoy-muy-triste-asumo-la-responsabilidad-de-la-eliminacion\/\" \/>\n<meta property=\"og:locale\" content=\"es_ES\" \/>\n<meta property=\"og:type\" content=\"article\" \/>\n<meta property=\"og:title\" content=\"James: \u201cEstoy muy triste, asumo la responsabilidad de la eliminaci\u00f3n\u201d -\" \/>\n<meta property=\"og:description\" content=\"James Rodr\u00edguez tuvo una noche de ensue\u00f1o con S\u00e3o Paulo en la Copa Sudamericana, pero en pocos minutos pas\u00f3 a ser el gran se\u00f1alado por la eliminaci\u00f3n en los cuartos de final del torneo Conmebol.\u00a0 El volante te colombiano tuvo uno de sus mejores partidos desde que lleg\u00f3 a Brasil, incluso, fue el asistidor del [&hellip;]\" \/>\n<meta property=\"og:url\" content=\"https:\/\/futbolhoy.co\/index.php\/2023\/09\/01\/james-estoy-muy-triste-asumo-la-responsabilidad-de-la-eliminacion\/\" \/>\n<meta property=\"article:publisher\" content=\"https:\/\/www.facebook.com\/FutbolHoyCol\/\" \/>\n<meta property=\"article:published_time\" content=\"2023-09-01T14:20:40+00:00\" \/>\n<meta property=\"article:modified_time\" content=\"2023-09-02T14:15:02+00:00\" \/>\n<meta property=\"og:image\" content=\"https:\/\/futbolhoy.co\/wp-content\/uploads\/2023\/09\/IMG_6708.jpeg\" \/>\n\t<meta property=\"og:image:width\" content=\"860\" \/>\n\t<meta property=\"og:image:height\" content=\"546\" \/>\n\t<meta property=\"og:image:type\" content=\"image\/jpeg\" \/>\n<meta name=\"author\" content=\"contenido\" \/>\n<meta name=\"twitter:card\" content=\"summary_large_image\" \/>\n<meta name=\"twitter:creator\" content=\"@FutbolHoyCol\" \/>\n<meta name=\"twitter:site\" content=\"@FutbolHoyCol\" \/>\n<meta name=\"twitter:label1\" content=\"Escrito por\" \/>\n\t<meta name=\"twitter:data1\" content=\"contenido\" \/>\n\t<meta name=\"twitter:label2\" content=\"Tiempo de lectura\" \/>\n\t<meta name=\"twitter:data2\" content=\"1 minuto\" \/>\n<script type=\"application\/ld+json\" class=\"yoast-schema-graph\">{\"@context\":\"https:\/\/schema.org\",\"@graph\":[{\"@type\":\"Article\",\"@id\":\"https:\/\/futbolhoy.co\/index.php\/2023\/09\/01\/james-estoy-muy-triste-asumo-la-responsabilidad-de-la-eliminacion\/#article\",\"isPartOf\":{\"@id\":\"https:\/\/futbolhoy.co\/index.php\/2023\/09\/01\/james-estoy-muy-triste-asumo-la-responsabilidad-de-la-eliminacion\/\"},\"author\":{\"name\":\"contenido\",\"@id\":\"https:\/\/futbolhoy.co\/#\/schema\/person\/1721b69355b6623eaff15ac7b92d4cc3\"},\"headline\":\"James: \u201cEstoy muy triste, asumo la responsabilidad de la eliminaci\u00f3n\u201d\",\"datePublished\":\"2023-09-01T14:20:40+00:00\",\"dateModified\":\"2023-09-02T14:15:02+00:00\",\"mainEntityOfPage\":{\"@id\":\"https:\/\/futbolhoy.co\/index.php\/2023\/09\/01\/james-estoy-muy-triste-asumo-la-responsabilidad-de-la-eliminacion\/\"},\"wordCount\":236,\"commentCount\":0,\"publisher\":{\"@id\":\"https:\/\/futbolhoy.co\/#organization\"},\"image\":{\"@id\":\"https:\/\/futbolhoy.co\/index.php\/2023\/09\/01\/james-estoy-muy-triste-asumo-la-responsabilidad-de-la-eliminacion\/#primaryimage\"},\"thumbnailUrl\":\"https:\/\/futbolhoy.co\/wp-content\/uploads\/2023\/09\/IMG_6708.jpeg\",\"articleSection\":[\"Colombia\"],\"inLanguage\":\"es\",\"potentialAction\":[{\"@type\":\"CommentAction\",\"name\":\"Comment\",\"target\":[\"https:\/\/futbolhoy.co\/index.php\/2023\/09\/01\/james-estoy-muy-triste-asumo-la-responsabilidad-de-la-eliminacion\/#respond\"]}]},{\"@type\":\"WebPage\",\"@id\":\"https:\/\/futbolhoy.co\/index.php\/2023\/09\/01\/james-estoy-muy-triste-asumo-la-responsabilidad-de-la-eliminacion\/\",\"url\":\"https:\/\/futbolhoy.co\/index.php\/2023\/09\/01\/james-estoy-muy-triste-asumo-la-responsabilidad-de-la-eliminacion\/\",\"name\":\"James: \u201cEstoy muy triste, asumo la responsabilidad de la eliminaci\u00f3n\u201d -\",\"isPartOf\":{\"@id\":\"https:\/\/futbolhoy.co\/#website\"},\"primaryImageOfPage\":{\"@id\":\"https:\/\/futbolhoy.co\/index.php\/2023\/09\/01\/james-estoy-muy-triste-asumo-la-responsabilidad-de-la-eliminacion\/#primaryimage\"},\"image\":{\"@id\":\"https:\/\/futbolhoy.co\/index.php\/2023\/09\/01\/james-estoy-muy-triste-asumo-la-responsabilidad-de-la-eliminacion\/#primaryimage\"},\"thumbnailUrl\":\"https:\/\/futbolhoy.co\/wp-content\/uploads\/2023\/09\/IMG_6708.jpeg\",\"datePublished\":\"2023-09-01T14:20:40+00:00\",\"dateModified\":\"2023-09-02T14:15:02+00:00\",\"breadcrumb\":{\"@id\":\"https:\/\/futbolhoy.co\/index.php\/2023\/09\/01\/james-estoy-muy-triste-asumo-la-responsabilidad-de-la-eliminacion\/#breadcrumb\"},\"inLanguage\":\"es\",\"potentialAction\":[{\"@type\":\"ReadAction\",\"target\":[\"https:\/\/futbolhoy.co\/index.php\/2023\/09\/01\/james-estoy-muy-triste-asumo-la-responsabilidad-de-la-eliminacion\/\"]}]},{\"@type\":\"ImageObject\",\"inLanguage\":\"es\",\"@id\":\"https:\/\/futbolhoy.co\/index.php\/2023\/09\/01\/james-estoy-muy-triste-asumo-la-responsabilidad-de-la-eliminacion\/#primaryimage\",\"url\":\"https:\/\/futbolhoy.co\/wp-content\/uploads\/2023\/09\/IMG_6708.jpeg\",\"contentUrl\":\"https:\/\/futbolhoy.co\/wp-content\/uploads\/2023\/09\/IMG_6708.jpeg\",\"width\":860,\"height\":546},{\"@type\":\"BreadcrumbList\",\"@id\":\"https:\/\/futbolhoy.co\/index.php\/2023\/09\/01\/james-estoy-muy-triste-asumo-la-responsabilidad-de-la-eliminacion\/#breadcrumb\",\"itemListElement\":[{\"@type\":\"ListItem\",\"position\":1,\"name\":\"Portada\",\"item\":\"https:\/\/futbolhoy.co\/\"},{\"@type\":\"ListItem\",\"position\":2,\"name\":\"James: \u201cEstoy muy triste, asumo la responsabilidad de la eliminaci\u00f3n\u201d\"}]},{\"@type\":\"WebSite\",\"@id\":\"https:\/\/futbolhoy.co\/#website\",\"url\":\"https:\/\/futbolhoy.co\/\",\"name\":\"FutbolHoy\",\"description\":\"\",\"publisher\":{\"@id\":\"https:\/\/futbolhoy.co\/#organization\"},\"potentialAction\":[{\"@type\":\"SearchAction\",\"target\":{\"@type\":\"EntryPoint\",\"urlTemplate\":\"https:\/\/futbolhoy.co\/?s={search_term_string}\"},\"query-input\":{\"@type\":\"PropertyValueSpecification\",\"valueRequired\":true,\"valueName\":\"search_term_string\"}}],\"inLanguage\":\"es\"},{\"@type\":\"Organization\",\"@id\":\"https:\/\/futbolhoy.co\/#organization\",\"name\":\"Futbolhoy.co\",\"url\":\"https:\/\/futbolhoy.co\/\",\"logo\":{\"@type\":\"ImageObject\",\"inLanguage\":\"es\",\"@id\":\"https:\/\/futbolhoy.co\/#\/schema\/logo\/image\/\",\"url\":\"https:\/\/futbolhoy.co\/wp-content\/uploads\/2018\/08\/17426380_1906371736249227_6326180412931521141_n.jpg\",\"contentUrl\":\"https:\/\/futbolhoy.co\/wp-content\/uploads\/2018\/08\/17426380_1906371736249227_6326180412931521141_n.jpg\",\"width\":960,\"height\":960,\"caption\":\"Futbolhoy.co\"},\"image\":{\"@id\":\"https:\/\/futbolhoy.co\/#\/schema\/logo\/image\/\"},\"sameAs\":[\"https:\/\/www.facebook.com\/FutbolHoyCol\/\",\"https:\/\/x.com\/FutbolHoyCol\",\"https:\/\/www.instagram.com\/futbolhoycol\/\"]},{\"@type\":\"Person\",\"@id\":\"https:\/\/futbolhoy.co\/#\/schema\/person\/1721b69355b6623eaff15ac7b92d4cc3\",\"name\":\"contenido\",\"image\":{\"@type\":\"ImageObject\",\"inLanguage\":\"es\",\"@id\":\"https:\/\/futbolhoy.co\/#\/schema\/person\/image\/\",\"url\":\"https:\/\/secure.gravatar.com\/avatar\/4f656d3256f5134f466206e7c3941518?s=96&d=mm&r=g\",\"contentUrl\":\"https:\/\/secure.gravatar.com\/avatar\/4f656d3256f5134f466206e7c3941518?s=96&d=mm&r=g\",\"caption\":\"contenido\"}}]}<\/script>\n<!-- \/ Yoast SEO plugin. -->","yoast_head_json":{"title":"James: \u201cEstoy muy triste, asumo la responsabilidad de la eliminaci\u00f3n\u201d -","robots":{"index":"index","follow":"follow","max-snippet":"max-snippet:-1","max-image-preview":"max-image-preview:large","max-video-preview":"max-video-preview:-1"},"canonical":"https:\/\/futbolhoy.co\/index.php\/2023\/09\/01\/james-estoy-muy-triste-asumo-la-responsabilidad-de-la-eliminacion\/","og_locale":"es_ES","og_type":"article","og_title":"James: \u201cEstoy muy triste, asumo la responsabilidad de la eliminaci\u00f3n\u201d -","og_description":"James Rodr\u00edguez tuvo una noche de ensue\u00f1o con S\u00e3o Paulo en la Copa Sudamericana, pero en pocos minutos pas\u00f3 a ser el gran se\u00f1alado por la eliminaci\u00f3n en los cuartos de final del torneo Conmebol.\u00a0 El volante te colombiano tuvo uno de sus mejores partidos desde que lleg\u00f3 a Brasil, incluso, fue el asistidor del [&hellip;]","og_url":"https:\/\/futbolhoy.co\/index.php\/2023\/09\/01\/james-estoy-muy-triste-asumo-la-responsabilidad-de-la-eliminacion\/","article_publisher":"https:\/\/www.facebook.com\/FutbolHoyCol\/","article_published_time":"2023-09-01T14:20:40+00:00","article_modified_time":"2023-09-02T14:15:02+00:00","og_image":[{"width":860,"height":546,"url":"https:\/\/futbolhoy.co\/wp-content\/uploads\/2023\/09\/IMG_6708.jpeg","type":"image\/jpeg"}],"author":"contenido","twitter_card":"summary_large_image","twitter_creator":"@FutbolHoyCol","twitter_site":"@FutbolHoyCol","twitter_misc":{"Escrito por":"contenido","Tiempo de lectura":"1 minuto"},"schema":{"@context":"https:\/\/schema.org","@graph":[{"@type":"Article","@id":"https:\/\/futbolhoy.co\/index.php\/2023\/09\/01\/james-estoy-muy-triste-asumo-la-responsabilidad-de-la-eliminacion\/#article","isPartOf":{"@id":"https:\/\/futbolhoy.co\/index.php\/2023\/09\/01\/james-estoy-muy-triste-asumo-la-responsabilidad-de-la-eliminacion\/"},"author":{"name":"contenido","@id":"https:\/\/futbolhoy.co\/#\/schema\/person\/1721b69355b6623eaff15ac7b92d4cc3"},"headline":"James: \u201cEstoy muy triste, asumo la responsabilidad de la eliminaci\u00f3n\u201d","datePublished":"2023-09-01T14:20:40+00:00","dateModified":"2023-09-02T14:15:02+00:00","mainEntityOfPage":{"@id":"https:\/\/futbolhoy.co\/index.php\/2023\/09\/01\/james-estoy-muy-triste-asumo-la-responsabilidad-de-la-eliminacion\/"},"wordCount":236,"commentCount":0,"publisher":{"@id":"https:\/\/futbolhoy.co\/#organization"},"image":{"@id":"https:\/\/futbolhoy.co\/index.php\/2023\/09\/01\/james-estoy-muy-triste-asumo-la-responsabilidad-de-la-eliminacion\/#primaryimage"},"thumbnailUrl":"https:\/\/futbolhoy.co\/wp-content\/uploads\/2023\/09\/IMG_6708.jpeg","articleSection":["Colombia"],"inLanguage":"es","potentialAction":[{"@type":"CommentAction","name":"Comment","target":["https:\/\/futbolhoy.co\/index.php\/2023\/09\/01\/james-estoy-muy-triste-asumo-la-responsabilidad-de-la-eliminacion\/#respond"]}]},{"@type":"WebPage","@id":"https:\/\/futbolhoy.co\/index.php\/2023\/09\/01\/james-estoy-muy-triste-asumo-la-responsabilidad-de-la-eliminacion\/","url":"https:\/\/futbolhoy.co\/index.php\/2023\/09\/01\/james-estoy-muy-triste-asumo-la-responsabilidad-de-la-eliminacion\/","name":"James: \u201cEstoy muy triste, asumo la responsabilidad de la eliminaci\u00f3n\u201d -","isPartOf":{"@id":"https:\/\/futbolhoy.co\/#website"},"primaryImageOfPage":{"@id":"https:\/\/futbolhoy.co\/index.php\/2023\/09\/01\/james-estoy-muy-triste-asumo-la-responsabilidad-de-la-eliminacion\/#primaryimage"},"image":{"@id":"https:\/\/futbolhoy.co\/index.php\/2023\/09\/01\/james-estoy-muy-triste-asumo-la-responsabilidad-de-la-eliminacion\/#primaryimage"},"thumbnailUrl":"https:\/\/futbolhoy.co\/wp-content\/uploads\/2023\/09\/IMG_6708.jpeg","datePublished":"2023-09-01T14:20:40+00:00","dateModified":"2023-09-02T14:15:02+00:00","breadcrumb":{"@id":"https:\/\/futbolhoy.co\/index.php\/2023\/09\/01\/james-estoy-muy-triste-asumo-la-responsabilidad-de-la-eliminacion\/#breadcrumb"},"inLanguage":"es","potentialAction":[{"@type":"ReadAction","target":["https:\/\/futbolhoy.co\/index.php\/2023\/09\/01\/james-estoy-muy-triste-asumo-la-responsabilidad-de-la-eliminacion\/"]}]},{"@type":"ImageObject","inLanguage":"es","@id":"https:\/\/futbolhoy.co\/index.php\/2023\/09\/01\/james-estoy-muy-triste-asumo-la-responsabilidad-de-la-eliminacion\/#primaryimage","url":"https:\/\/futbolhoy.co\/wp-content\/uploads\/2023\/09\/IMG_6708.jpeg","contentUrl":"https:\/\/futbolhoy.co\/wp-content\/uploads\/2023\/09\/IMG_6708.jpeg","width":860,"height":546},{"@type":"BreadcrumbList","@id":"https:\/\/futbolhoy.co\/index.php\/2023\/09\/01\/james-estoy-muy-triste-asumo-la-responsabilidad-de-la-eliminacion\/#breadcrumb","itemListElement":[{"@type":"ListItem","position":1,"name":"Portada","item":"https:\/\/futbolhoy.co\/"},{"@type":"ListItem","position":2,"name":"James: \u201cEstoy muy triste, asumo la responsabilidad de la eliminaci\u00f3n\u201d"}]},{"@type":"WebSite","@id":"https:\/\/futbolhoy.co\/#website","url":"https:\/\/futbolhoy.co\/","name":"FutbolHoy","description":"","publisher":{"@id":"https:\/\/futbolhoy.co\/#organization"},"potentialAction":[{"@type":"SearchAction","target":{"@type":"EntryPoint","urlTemplate":"https:\/\/futbolhoy.co\/?s={search_term_string}"},"query-input":{"@type":"PropertyValueSpecification","valueRequired":true,"valueName":"search_term_string"}}],"inLanguage":"es"},{"@type":"Organization","@id":"https:\/\/futbolhoy.co\/#organization","name":"Futbolhoy.co","url":"https:\/\/futbolhoy.co\/","logo":{"@type":"ImageObject","inLanguage":"es","@id":"https:\/\/futbolhoy.co\/#\/schema\/logo\/image\/","url":"https:\/\/futbolhoy.co\/wp-content\/uploads\/2018\/08\/17426380_1906371736249227_6326180412931521141_n.jpg","contentUrl":"https:\/\/futbolhoy.co\/wp-content\/uploads\/2018\/08\/17426380_1906371736249227_6326180412931521141_n.jpg","width":960,"height":960,"caption":"Futbolhoy.co"},"image":{"@id":"https:\/\/futbolhoy.co\/#\/schema\/logo\/image\/"},"sameAs":["https:\/\/www.facebook.com\/FutbolHoyCol\/","https:\/\/x.com\/FutbolHoyCol","https:\/\/www.instagram.com\/futbolhoycol\/"]},{"@type":"Person","@id":"https:\/\/futbolhoy.co\/#\/schema\/person\/1721b69355b6623eaff15ac7b92d4cc3","name":"contenido","image":{"@type":"ImageObject","inLanguage":"es","@id":"https:\/\/futbolhoy.co\/#\/schema\/person\/image\/","url":"https:\/\/secure.gravatar.com\/avatar\/4f656d3256f5134f466206e7c3941518?s=96&d=mm&r=g","contentUrl":"https:\/\/secure.gravatar.com\/avatar\/4f656d3256f5134f466206e7c3941518?s=96&d=mm&r=g","caption":"contenido"}}]}},"publishpress_future_action":{"enabled":false,"date":"2026-05-04 14:22:53","action":"change-status","newStatus":"draft","terms":[],"taxonomy":"category","extraData":[]},"publishpress_future_workflow_manual_trigger":{"enabledWorkflows":[]},"_links":{"self":[{"href":"https:\/\/futbolhoy.co\/index.php\/wp-json\/wp\/v2\/posts\/98692","targetHints":{"allow":["GET"]}}],"collection":[{"href":"https:\/\/futbolhoy.co\/index.php\/wp-json\/wp\/v2\/posts"}],"about":[{"href":"https:\/\/futbolhoy.co\/index.php\/wp-json\/wp\/v2\/types\/post"}],"author":[{"embeddable":true,"href":"https:\/\/futbolhoy.co\/index.php\/wp-json\/wp\/v2\/users\/4"}],"replies":[{"embeddable":true,"href":"https:\/\/futbolhoy.co\/index.php\/wp-json\/wp\/v2\/comments?post=98692"}],"version-history":[{"count":1,"href":"https:\/\/futbolhoy.co\/index.php\/wp-json\/wp\/v2\/posts\/98692\/revisions"}],"predecessor-version":[{"id":98694,"href":"https:\/\/futbolhoy.co\/index.php\/wp-json\/wp\/v2\/posts\/98692\/revisions\/98694"}],"wp:featuredmedia":[{"embeddable":true,"href":"https:\/\/futbolhoy.co\/index.php\/wp-json\/wp\/v2\/media\/98693"}],"wp:attachment":[{"href":"https:\/\/futbolhoy.co\/index.php\/wp-json\/wp\/v2\/media?parent=98692"}],"wp:term":[{"taxonomy":"category","embeddable":true,"href":"https:\/\/futbolhoy.co\/index.php\/wp-json\/wp\/v2\/categories?post=98692"},{"taxonomy":"post_tag","embeddable":true,"href":"https:\/\/futbolhoy.co\/index.php\/wp-json\/wp\/v2\/tags?post=98692"}],"curies":[{"name":"wp","href":"https:\/\/api.w.org\/{rel}","templated":true}]}}