{"id":98696,"date":"2023-09-01T13:24:53","date_gmt":"2023-09-01T18:24:53","guid":{"rendered":"https:\/\/futbolhoy.co\/?p=98696"},"modified":"2023-09-02T19:30:32","modified_gmt":"2023-09-03T00:30:32","slug":"santos-borre-ya-tiene-equipo-adios-al-frankfurt-y-se-queda-en-la-bundesliga","status":"publish","type":"post","link":"https:\/\/futbolhoy.co\/index.php\/2023\/09\/01\/santos-borre-ya-tiene-equipo-adios-al-frankfurt-y-se-queda-en-la-bundesliga\/","title":{"rendered":"Santos Borr\u00e9 ya tiene equipo: adi\u00f3s al Frankfurt y se queda en la Bundesliga"},"content":{"rendered":"<p style=\"font-weight: 400; text-align: justify;\"><span style=\"font-family: helvetica, arial, sans-serif;\"><span style=\"font-weight: 400;\">Rafael Santos Borr\u00e9 ya defini\u00f3 su futuro y aunque sali\u00f3 del Eintracht Frankfurt, <\/span><b>seguir\u00e1 escribiendo su historia en la Bundesliga <\/b><span style=\"font-weight: 400;\">de Alemania.\u00a0<\/span><\/span><\/p>\n<p style=\"font-weight: 400; text-align: justify;\"><span style=\"font-family: helvetica, arial, sans-serif;\"><span style=\"font-weight: 400;\">Luego de no conseguir minutos en el inicio de la temporada, el <\/span><b>Eintracht Frankfurt opt\u00f3 por ceder <\/b><span style=\"font-weight: 400;\">al colombiano al Werder Bremen por un a\u00f1o.\u00a0<\/span><\/span><\/p>\n<p style=\"font-weight: 400; text-align: justify;\"><span style=\"font-family: helvetica, arial, sans-serif;\"><span style=\"font-weight: 400;\">El futbolista colombiano lleg\u00f3 en el \u00faltimo d\u00eda del mercado de fichajes y como un refuerzo para la delantera, teniendo en cuenta que el Werder Bremen vendi\u00f3 recientemente a su goleador <\/span><b>Niclas Fullkrug al Borussia Dortmund.\u00a0<\/b><\/span><\/p>\n<p style=\"font-weight: 400; text-align: justify;\"><span style=\"font-family: helvetica, arial, sans-serif;\"><span style=\"font-weight: 400;\">\u201cDespu\u00e9s de que Niclas se pasara al Borussia Dortmund, ten\u00edamos claro que todav\u00eda quer\u00edamos hacer algo en ataque. Lo logramos con Rafael. Estamos contentos de haberlo conseguido. Por un lado, <\/span><b>ya no fue posible incluirlo en la lista de elegibles <\/b><span style=\"font-weight: 400;\">para el partido de ma\u00f1ana porque el plazo para ello vence el viernes por la tarde y, por otro lado, no estar\u00e1 en Bremen hasta esta noche. Pero ma\u00f1ana estar\u00e1 en el partido y conocer\u00e1 al equipo y al club antes de partir hacia la selecci\u00f3n colombiana el domingo\u201d, asegur\u00f3 Clemens Fritz, director deportivo del club alem\u00e1n.\u00a0<\/span><\/span><\/p>\n","protected":false},"excerpt":{"rendered":"<p>Rafael Santos Borr\u00e9 ya defini\u00f3 su futuro y aunque sali\u00f3 del Eintracht Frankfurt, seguir\u00e1 escribiendo su historia en la Bundesliga de Alemania.\u00a0 Luego de no conseguir minutos en el inicio de la temporada, el Eintracht Frankfurt opt\u00f3 por ceder al colombiano al Werder Bremen por un a\u00f1o.\u00a0 El futbolista colombiano lleg\u00f3 en el \u00faltimo d\u00eda [&hellip;]<\/p>\n","protected":false},"author":4,"featured_media":98697,"comment_status":"open","ping_status":"open","sticky":false,"template":"","format":"standard","meta":{"_acf_changed":false,"footnotes":""},"categories":[418],"tags":[],"class_list":{"0":"post-98696","1":"post","2":"type-post","3":"status-publish","4":"format-standard","5":"has-post-thumbnail","7":"category-colombia"},"acf":[],"yoast_head":"<!-- This site is optimized with the Yoast SEO plugin v26.8 - https:\/\/yoast.com\/product\/yoast-seo-wordpress\/ -->\n<title>Santos Borr\u00e9 ya tiene equipo: adi\u00f3s al Frankfurt y se queda en la Bundesliga -<\/title>\n<meta name=\"robots\" content=\"index, follow, max-snippet:-1, max-image-preview:large, max-video-preview:-1\" \/>\n<link rel=\"canonical\" href=\"https:\/\/futbolhoy.co\/index.php\/2023\/09\/01\/santos-borre-ya-tiene-equipo-adios-al-frankfurt-y-se-queda-en-la-bundesliga\/\" \/>\n<meta property=\"og:locale\" content=\"es_ES\" \/>\n<meta property=\"og:type\" content=\"article\" \/>\n<meta property=\"og:title\" content=\"Santos Borr\u00e9 ya tiene equipo: adi\u00f3s al Frankfurt y se queda en la Bundesliga -\" \/>\n<meta property=\"og:description\" content=\"Rafael Santos Borr\u00e9 ya defini\u00f3 su futuro y aunque sali\u00f3 del Eintracht Frankfurt, seguir\u00e1 escribiendo su historia en la Bundesliga de Alemania.\u00a0 Luego de no conseguir minutos en el inicio de la temporada, el Eintracht Frankfurt opt\u00f3 por ceder al colombiano al Werder Bremen por un a\u00f1o.\u00a0 El futbolista colombiano lleg\u00f3 en el \u00faltimo d\u00eda [&hellip;]\" \/>\n<meta property=\"og:url\" content=\"https:\/\/futbolhoy.co\/index.php\/2023\/09\/01\/santos-borre-ya-tiene-equipo-adios-al-frankfurt-y-se-queda-en-la-bundesliga\/\" \/>\n<meta property=\"article:publisher\" content=\"https:\/\/www.facebook.com\/FutbolHoyCol\/\" \/>\n<meta property=\"article:published_time\" content=\"2023-09-01T18:24:53+00:00\" \/>\n<meta property=\"article:modified_time\" content=\"2023-09-03T00:30:32+00:00\" \/>\n<meta property=\"og:image\" content=\"https:\/\/futbolhoy.co\/wp-content\/uploads\/2023\/09\/IMG_6709.jpeg\" \/>\n\t<meta property=\"og:image:width\" content=\"2048\" \/>\n\t<meta property=\"og:image:height\" content=\"1366\" \/>\n\t<meta property=\"og:image:type\" content=\"image\/jpeg\" \/>\n<meta name=\"author\" content=\"contenido\" \/>\n<meta name=\"twitter:card\" content=\"summary_large_image\" \/>\n<meta name=\"twitter:creator\" content=\"@FutbolHoyCol\" \/>\n<meta name=\"twitter:site\" content=\"@FutbolHoyCol\" \/>\n<meta name=\"twitter:label1\" content=\"Escrito por\" \/>\n\t<meta name=\"twitter:data1\" content=\"contenido\" \/>\n\t<meta name=\"twitter:label2\" content=\"Tiempo de lectura\" \/>\n\t<meta name=\"twitter:data2\" content=\"1 minuto\" \/>\n<script type=\"application\/ld+json\" class=\"yoast-schema-graph\">{\"@context\":\"https:\/\/schema.org\",\"@graph\":[{\"@type\":\"Article\",\"@id\":\"https:\/\/futbolhoy.co\/index.php\/2023\/09\/01\/santos-borre-ya-tiene-equipo-adios-al-frankfurt-y-se-queda-en-la-bundesliga\/#article\",\"isPartOf\":{\"@id\":\"https:\/\/futbolhoy.co\/index.php\/2023\/09\/01\/santos-borre-ya-tiene-equipo-adios-al-frankfurt-y-se-queda-en-la-bundesliga\/\"},\"author\":{\"name\":\"contenido\",\"@id\":\"https:\/\/futbolhoy.co\/#\/schema\/person\/1721b69355b6623eaff15ac7b92d4cc3\"},\"headline\":\"Santos Borr\u00e9 ya tiene equipo: adi\u00f3s al Frankfurt y se queda en la Bundesliga\",\"datePublished\":\"2023-09-01T18:24:53+00:00\",\"dateModified\":\"2023-09-03T00:30:32+00:00\",\"mainEntityOfPage\":{\"@id\":\"https:\/\/futbolhoy.co\/index.php\/2023\/09\/01\/santos-borre-ya-tiene-equipo-adios-al-frankfurt-y-se-queda-en-la-bundesliga\/\"},\"wordCount\":205,\"commentCount\":0,\"publisher\":{\"@id\":\"https:\/\/futbolhoy.co\/#organization\"},\"image\":{\"@id\":\"https:\/\/futbolhoy.co\/index.php\/2023\/09\/01\/santos-borre-ya-tiene-equipo-adios-al-frankfurt-y-se-queda-en-la-bundesliga\/#primaryimage\"},\"thumbnailUrl\":\"https:\/\/futbolhoy.co\/wp-content\/uploads\/2023\/09\/IMG_6709.jpeg\",\"articleSection\":[\"Colombia\"],\"inLanguage\":\"es\",\"potentialAction\":[{\"@type\":\"CommentAction\",\"name\":\"Comment\",\"target\":[\"https:\/\/futbolhoy.co\/index.php\/2023\/09\/01\/santos-borre-ya-tiene-equipo-adios-al-frankfurt-y-se-queda-en-la-bundesliga\/#respond\"]}]},{\"@type\":\"WebPage\",\"@id\":\"https:\/\/futbolhoy.co\/index.php\/2023\/09\/01\/santos-borre-ya-tiene-equipo-adios-al-frankfurt-y-se-queda-en-la-bundesliga\/\",\"url\":\"https:\/\/futbolhoy.co\/index.php\/2023\/09\/01\/santos-borre-ya-tiene-equipo-adios-al-frankfurt-y-se-queda-en-la-bundesliga\/\",\"name\":\"Santos Borr\u00e9 ya tiene equipo: adi\u00f3s al Frankfurt y se queda en la Bundesliga -\",\"isPartOf\":{\"@id\":\"https:\/\/futbolhoy.co\/#website\"},\"primaryImageOfPage\":{\"@id\":\"https:\/\/futbolhoy.co\/index.php\/2023\/09\/01\/santos-borre-ya-tiene-equipo-adios-al-frankfurt-y-se-queda-en-la-bundesliga\/#primaryimage\"},\"image\":{\"@id\":\"https:\/\/futbolhoy.co\/index.php\/2023\/09\/01\/santos-borre-ya-tiene-equipo-adios-al-frankfurt-y-se-queda-en-la-bundesliga\/#primaryimage\"},\"thumbnailUrl\":\"https:\/\/futbolhoy.co\/wp-content\/uploads\/2023\/09\/IMG_6709.jpeg\",\"datePublished\":\"2023-09-01T18:24:53+00:00\",\"dateModified\":\"2023-09-03T00:30:32+00:00\",\"breadcrumb\":{\"@id\":\"https:\/\/futbolhoy.co\/index.php\/2023\/09\/01\/santos-borre-ya-tiene-equipo-adios-al-frankfurt-y-se-queda-en-la-bundesliga\/#breadcrumb\"},\"inLanguage\":\"es\",\"potentialAction\":[{\"@type\":\"ReadAction\",\"target\":[\"https:\/\/futbolhoy.co\/index.php\/2023\/09\/01\/santos-borre-ya-tiene-equipo-adios-al-frankfurt-y-se-queda-en-la-bundesliga\/\"]}]},{\"@type\":\"ImageObject\",\"inLanguage\":\"es\",\"@id\":\"https:\/\/futbolhoy.co\/index.php\/2023\/09\/01\/santos-borre-ya-tiene-equipo-adios-al-frankfurt-y-se-queda-en-la-bundesliga\/#primaryimage\",\"url\":\"https:\/\/futbolhoy.co\/wp-content\/uploads\/2023\/09\/IMG_6709.jpeg\",\"contentUrl\":\"https:\/\/futbolhoy.co\/wp-content\/uploads\/2023\/09\/IMG_6709.jpeg\",\"width\":2048,\"height\":1366},{\"@type\":\"BreadcrumbList\",\"@id\":\"https:\/\/futbolhoy.co\/index.php\/2023\/09\/01\/santos-borre-ya-tiene-equipo-adios-al-frankfurt-y-se-queda-en-la-bundesliga\/#breadcrumb\",\"itemListElement\":[{\"@type\":\"ListItem\",\"position\":1,\"name\":\"Portada\",\"item\":\"https:\/\/futbolhoy.co\/\"},{\"@type\":\"ListItem\",\"position\":2,\"name\":\"Santos Borr\u00e9 ya tiene equipo: adi\u00f3s al Frankfurt y se queda en la Bundesliga\"}]},{\"@type\":\"WebSite\",\"@id\":\"https:\/\/futbolhoy.co\/#website\",\"url\":\"https:\/\/futbolhoy.co\/\",\"name\":\"FutbolHoy\",\"description\":\"\",\"publisher\":{\"@id\":\"https:\/\/futbolhoy.co\/#organization\"},\"potentialAction\":[{\"@type\":\"SearchAction\",\"target\":{\"@type\":\"EntryPoint\",\"urlTemplate\":\"https:\/\/futbolhoy.co\/?s={search_term_string}\"},\"query-input\":{\"@type\":\"PropertyValueSpecification\",\"valueRequired\":true,\"valueName\":\"search_term_string\"}}],\"inLanguage\":\"es\"},{\"@type\":\"Organization\",\"@id\":\"https:\/\/futbolhoy.co\/#organization\",\"name\":\"Futbolhoy.co\",\"url\":\"https:\/\/futbolhoy.co\/\",\"logo\":{\"@type\":\"ImageObject\",\"inLanguage\":\"es\",\"@id\":\"https:\/\/futbolhoy.co\/#\/schema\/logo\/image\/\",\"url\":\"https:\/\/futbolhoy.co\/wp-content\/uploads\/2018\/08\/17426380_1906371736249227_6326180412931521141_n.jpg\",\"contentUrl\":\"https:\/\/futbolhoy.co\/wp-content\/uploads\/2018\/08\/17426380_1906371736249227_6326180412931521141_n.jpg\",\"width\":960,\"height\":960,\"caption\":\"Futbolhoy.co\"},\"image\":{\"@id\":\"https:\/\/futbolhoy.co\/#\/schema\/logo\/image\/\"},\"sameAs\":[\"https:\/\/www.facebook.com\/FutbolHoyCol\/\",\"https:\/\/x.com\/FutbolHoyCol\",\"https:\/\/www.instagram.com\/futbolhoycol\/\"]},{\"@type\":\"Person\",\"@id\":\"https:\/\/futbolhoy.co\/#\/schema\/person\/1721b69355b6623eaff15ac7b92d4cc3\",\"name\":\"contenido\",\"image\":{\"@type\":\"ImageObject\",\"inLanguage\":\"es\",\"@id\":\"https:\/\/futbolhoy.co\/#\/schema\/person\/image\/\",\"url\":\"https:\/\/secure.gravatar.com\/avatar\/4f656d3256f5134f466206e7c3941518?s=96&d=mm&r=g\",\"contentUrl\":\"https:\/\/secure.gravatar.com\/avatar\/4f656d3256f5134f466206e7c3941518?s=96&d=mm&r=g\",\"caption\":\"contenido\"}}]}<\/script>\n<!-- \/ Yoast SEO plugin. -->","yoast_head_json":{"title":"Santos Borr\u00e9 ya tiene equipo: adi\u00f3s al Frankfurt y se queda en la Bundesliga -","robots":{"index":"index","follow":"follow","max-snippet":"max-snippet:-1","max-image-preview":"max-image-preview:large","max-video-preview":"max-video-preview:-1"},"canonical":"https:\/\/futbolhoy.co\/index.php\/2023\/09\/01\/santos-borre-ya-tiene-equipo-adios-al-frankfurt-y-se-queda-en-la-bundesliga\/","og_locale":"es_ES","og_type":"article","og_title":"Santos Borr\u00e9 ya tiene equipo: adi\u00f3s al Frankfurt y se queda en la Bundesliga -","og_description":"Rafael Santos Borr\u00e9 ya defini\u00f3 su futuro y aunque sali\u00f3 del Eintracht Frankfurt, seguir\u00e1 escribiendo su historia en la Bundesliga de Alemania.\u00a0 Luego de no conseguir minutos en el inicio de la temporada, el Eintracht Frankfurt opt\u00f3 por ceder al colombiano al Werder Bremen por un a\u00f1o.\u00a0 El futbolista colombiano lleg\u00f3 en el \u00faltimo d\u00eda [&hellip;]","og_url":"https:\/\/futbolhoy.co\/index.php\/2023\/09\/01\/santos-borre-ya-tiene-equipo-adios-al-frankfurt-y-se-queda-en-la-bundesliga\/","article_publisher":"https:\/\/www.facebook.com\/FutbolHoyCol\/","article_published_time":"2023-09-01T18:24:53+00:00","article_modified_time":"2023-09-03T00:30:32+00:00","og_image":[{"width":2048,"height":1366,"url":"https:\/\/futbolhoy.co\/wp-content\/uploads\/2023\/09\/IMG_6709.jpeg","type":"image\/jpeg"}],"author":"contenido","twitter_card":"summary_large_image","twitter_creator":"@FutbolHoyCol","twitter_site":"@FutbolHoyCol","twitter_misc":{"Escrito por":"contenido","Tiempo de lectura":"1 minuto"},"schema":{"@context":"https:\/\/schema.org","@graph":[{"@type":"Article","@id":"https:\/\/futbolhoy.co\/index.php\/2023\/09\/01\/santos-borre-ya-tiene-equipo-adios-al-frankfurt-y-se-queda-en-la-bundesliga\/#article","isPartOf":{"@id":"https:\/\/futbolhoy.co\/index.php\/2023\/09\/01\/santos-borre-ya-tiene-equipo-adios-al-frankfurt-y-se-queda-en-la-bundesliga\/"},"author":{"name":"contenido","@id":"https:\/\/futbolhoy.co\/#\/schema\/person\/1721b69355b6623eaff15ac7b92d4cc3"},"headline":"Santos Borr\u00e9 ya tiene equipo: adi\u00f3s al Frankfurt y se queda en la Bundesliga","datePublished":"2023-09-01T18:24:53+00:00","dateModified":"2023-09-03T00:30:32+00:00","mainEntityOfPage":{"@id":"https:\/\/futbolhoy.co\/index.php\/2023\/09\/01\/santos-borre-ya-tiene-equipo-adios-al-frankfurt-y-se-queda-en-la-bundesliga\/"},"wordCount":205,"commentCount":0,"publisher":{"@id":"https:\/\/futbolhoy.co\/#organization"},"image":{"@id":"https:\/\/futbolhoy.co\/index.php\/2023\/09\/01\/santos-borre-ya-tiene-equipo-adios-al-frankfurt-y-se-queda-en-la-bundesliga\/#primaryimage"},"thumbnailUrl":"https:\/\/futbolhoy.co\/wp-content\/uploads\/2023\/09\/IMG_6709.jpeg","articleSection":["Colombia"],"inLanguage":"es","potentialAction":[{"@type":"CommentAction","name":"Comment","target":["https:\/\/futbolhoy.co\/index.php\/2023\/09\/01\/santos-borre-ya-tiene-equipo-adios-al-frankfurt-y-se-queda-en-la-bundesliga\/#respond"]}]},{"@type":"WebPage","@id":"https:\/\/futbolhoy.co\/index.php\/2023\/09\/01\/santos-borre-ya-tiene-equipo-adios-al-frankfurt-y-se-queda-en-la-bundesliga\/","url":"https:\/\/futbolhoy.co\/index.php\/2023\/09\/01\/santos-borre-ya-tiene-equipo-adios-al-frankfurt-y-se-queda-en-la-bundesliga\/","name":"Santos Borr\u00e9 ya tiene equipo: adi\u00f3s al Frankfurt y se queda en la Bundesliga -","isPartOf":{"@id":"https:\/\/futbolhoy.co\/#website"},"primaryImageOfPage":{"@id":"https:\/\/futbolhoy.co\/index.php\/2023\/09\/01\/santos-borre-ya-tiene-equipo-adios-al-frankfurt-y-se-queda-en-la-bundesliga\/#primaryimage"},"image":{"@id":"https:\/\/futbolhoy.co\/index.php\/2023\/09\/01\/santos-borre-ya-tiene-equipo-adios-al-frankfurt-y-se-queda-en-la-bundesliga\/#primaryimage"},"thumbnailUrl":"https:\/\/futbolhoy.co\/wp-content\/uploads\/2023\/09\/IMG_6709.jpeg","datePublished":"2023-09-01T18:24:53+00:00","dateModified":"2023-09-03T00:30:32+00:00","breadcrumb":{"@id":"https:\/\/futbolhoy.co\/index.php\/2023\/09\/01\/santos-borre-ya-tiene-equipo-adios-al-frankfurt-y-se-queda-en-la-bundesliga\/#breadcrumb"},"inLanguage":"es","potentialAction":[{"@type":"ReadAction","target":["https:\/\/futbolhoy.co\/index.php\/2023\/09\/01\/santos-borre-ya-tiene-equipo-adios-al-frankfurt-y-se-queda-en-la-bundesliga\/"]}]},{"@type":"ImageObject","inLanguage":"es","@id":"https:\/\/futbolhoy.co\/index.php\/2023\/09\/01\/santos-borre-ya-tiene-equipo-adios-al-frankfurt-y-se-queda-en-la-bundesliga\/#primaryimage","url":"https:\/\/futbolhoy.co\/wp-content\/uploads\/2023\/09\/IMG_6709.jpeg","contentUrl":"https:\/\/futbolhoy.co\/wp-content\/uploads\/2023\/09\/IMG_6709.jpeg","width":2048,"height":1366},{"@type":"BreadcrumbList","@id":"https:\/\/futbolhoy.co\/index.php\/2023\/09\/01\/santos-borre-ya-tiene-equipo-adios-al-frankfurt-y-se-queda-en-la-bundesliga\/#breadcrumb","itemListElement":[{"@type":"ListItem","position":1,"name":"Portada","item":"https:\/\/futbolhoy.co\/"},{"@type":"ListItem","position":2,"name":"Santos Borr\u00e9 ya tiene equipo: adi\u00f3s al Frankfurt y se queda en la Bundesliga"}]},{"@type":"WebSite","@id":"https:\/\/futbolhoy.co\/#website","url":"https:\/\/futbolhoy.co\/","name":"FutbolHoy","description":"","publisher":{"@id":"https:\/\/futbolhoy.co\/#organization"},"potentialAction":[{"@type":"SearchAction","target":{"@type":"EntryPoint","urlTemplate":"https:\/\/futbolhoy.co\/?s={search_term_string}"},"query-input":{"@type":"PropertyValueSpecification","valueRequired":true,"valueName":"search_term_string"}}],"inLanguage":"es"},{"@type":"Organization","@id":"https:\/\/futbolhoy.co\/#organization","name":"Futbolhoy.co","url":"https:\/\/futbolhoy.co\/","logo":{"@type":"ImageObject","inLanguage":"es","@id":"https:\/\/futbolhoy.co\/#\/schema\/logo\/image\/","url":"https:\/\/futbolhoy.co\/wp-content\/uploads\/2018\/08\/17426380_1906371736249227_6326180412931521141_n.jpg","contentUrl":"https:\/\/futbolhoy.co\/wp-content\/uploads\/2018\/08\/17426380_1906371736249227_6326180412931521141_n.jpg","width":960,"height":960,"caption":"Futbolhoy.co"},"image":{"@id":"https:\/\/futbolhoy.co\/#\/schema\/logo\/image\/"},"sameAs":["https:\/\/www.facebook.com\/FutbolHoyCol\/","https:\/\/x.com\/FutbolHoyCol","https:\/\/www.instagram.com\/futbolhoycol\/"]},{"@type":"Person","@id":"https:\/\/futbolhoy.co\/#\/schema\/person\/1721b69355b6623eaff15ac7b92d4cc3","name":"contenido","image":{"@type":"ImageObject","inLanguage":"es","@id":"https:\/\/futbolhoy.co\/#\/schema\/person\/image\/","url":"https:\/\/secure.gravatar.com\/avatar\/4f656d3256f5134f466206e7c3941518?s=96&d=mm&r=g","contentUrl":"https:\/\/secure.gravatar.com\/avatar\/4f656d3256f5134f466206e7c3941518?s=96&d=mm&r=g","caption":"contenido"}}]}},"publishpress_future_action":{"enabled":false,"date":"2026-05-04 17:20:19","action":"change-status","newStatus":"draft","terms":[],"taxonomy":"category","extraData":[]},"publishpress_future_workflow_manual_trigger":{"enabledWorkflows":[]},"_links":{"self":[{"href":"https:\/\/futbolhoy.co\/index.php\/wp-json\/wp\/v2\/posts\/98696","targetHints":{"allow":["GET"]}}],"collection":[{"href":"https:\/\/futbolhoy.co\/index.php\/wp-json\/wp\/v2\/posts"}],"about":[{"href":"https:\/\/futbolhoy.co\/index.php\/wp-json\/wp\/v2\/types\/post"}],"author":[{"embeddable":true,"href":"https:\/\/futbolhoy.co\/index.php\/wp-json\/wp\/v2\/users\/4"}],"replies":[{"embeddable":true,"href":"https:\/\/futbolhoy.co\/index.php\/wp-json\/wp\/v2\/comments?post=98696"}],"version-history":[{"count":1,"href":"https:\/\/futbolhoy.co\/index.php\/wp-json\/wp\/v2\/posts\/98696\/revisions"}],"predecessor-version":[{"id":98698,"href":"https:\/\/futbolhoy.co\/index.php\/wp-json\/wp\/v2\/posts\/98696\/revisions\/98698"}],"wp:featuredmedia":[{"embeddable":true,"href":"https:\/\/futbolhoy.co\/index.php\/wp-json\/wp\/v2\/media\/98697"}],"wp:attachment":[{"href":"https:\/\/futbolhoy.co\/index.php\/wp-json\/wp\/v2\/media?parent=98696"}],"wp:term":[{"taxonomy":"category","embeddable":true,"href":"https:\/\/futbolhoy.co\/index.php\/wp-json\/wp\/v2\/categories?post=98696"},{"taxonomy":"post_tag","embeddable":true,"href":"https:\/\/futbolhoy.co\/index.php\/wp-json\/wp\/v2\/tags?post=98696"}],"curies":[{"name":"wp","href":"https:\/\/api.w.org\/{rel}","templated":true}]}}