{"id":98709,"date":"2023-09-02T09:32:49","date_gmt":"2023-09-02T14:32:49","guid":{"rendered":"https:\/\/futbolhoy.co\/?p=98709"},"modified":"2023-09-02T22:43:49","modified_gmt":"2023-09-03T03:43:49","slug":"video-diego-valoyes-debuto-con-golazo-y-dos-asistencias-en-mexico","status":"publish","type":"post","link":"https:\/\/futbolhoy.co\/index.php\/2023\/09\/02\/video-diego-valoyes-debuto-con-golazo-y-dos-asistencias-en-mexico\/","title":{"rendered":"Video: Diego Valoyes debut\u00f3 con golazo y dos asistencias en M\u00e9xico"},"content":{"rendered":"<p style=\"font-weight: 400; text-align: justify;\"><span style=\"font-family: helvetica, arial, sans-serif;\"><b>Diego Valoyes comenz\u00f3 con pie derecho <\/b><span style=\"font-weight: 400;\">su paso por el f\u00fatbol mexicano y este viernes abri\u00f3 su cuenta con Ju\u00e1rez marcando el primer gol de la <\/span><b>victoria 3-1 sobre Mazatl\u00e1n.\u00a0<\/b><\/span><\/p>\n<p style=\"font-weight: 400; text-align: justify;\"><span style=\"font-family: helvetica, arial, sans-serif;\"><span style=\"font-weight: 400;\">El colombiano debut\u00f3 en la s\u00e9ptima jornada de la LigaMX y en <\/span><b>solo 13 minutos<\/b><span style=\"font-weight: 400;\"> consigui\u00f3 marcar su primer gol, lo que sirvi\u00f3 para abrir la victoria de su equipo y adem\u00e1s lo dej\u00f3 como gran figura de la cancha al finalizar el compromiso.\u00a0<\/span><\/span><\/p>\n<p style=\"font-weight: 400; text-align: justify;\"><span style=\"font-family: helvetica, arial, sans-serif;\"><span style=\"font-weight: 400;\">Valoyes no solo demostr\u00f3 su marca goleadora, tambi\u00e9n fue importante al asistir en el segundo gol de su equipo para el 2-0 parcial. C\u00f3mo si fuera poco, nuevamente se visti\u00f3 de asistidor y habilit\u00f3 al tambi\u00e9n colombiano <\/span><b>Avil\u00e9s Hurtado <\/b><span style=\"font-weight: 400;\">para el tercer gol de Ju\u00e1rez y el 3-1 final.\u00a0<\/span><\/span><\/p>\n<blockquote class=\"twitter-tweet\">\n<p dir=\"ltr\" lang=\"es\">\u00a1\u00a1\u00a1G\u26bd\u26bd\u26bdLAZOOOO!!!<\/p>\n<p>Apenas 13 minutos en la <a href=\"https:\/\/twitter.com\/hashtag\/LigaBBVAMX?src=hash&amp;ref_src=twsrc%5Etfw\">#LigaBBVAMX<\/a> y Diego Valoyes ya demostr\u00f3 su calidad. Ya ganan los Bravos.<a href=\"https:\/\/twitter.com\/hashtag\/Apertura2023?src=hash&amp;ref_src=twsrc%5Etfw\">#Apertura2023<\/a> | \ud83d\udcf9<a href=\"https:\/\/twitter.com\/hashtag\/NoTeLoPierdas?src=hash&amp;ref_src=twsrc%5Etfw\">#NoTeLoPierdas<\/a> <a href=\"https:\/\/t.co\/q7egSN6HFf\">pic.twitter.com\/q7egSN6HFf<\/a><\/p>\n<p>\u2014 Liga BBVA MX (@LigaBBVAMX) <a href=\"https:\/\/twitter.com\/LigaBBVAMX\/status\/1697783127723168207?ref_src=twsrc%5Etfw\">September 2, 2023<\/a><\/p><\/blockquote>\n<p><script async src=\"https:\/\/platform.twitter.com\/widgets.js\" charset=\"utf-8\"><\/script><\/p>\n<blockquote class=\"twitter-tweet\">\n<p dir=\"ltr\" lang=\"es\">\u00a1\u00a1\u00a1G\u26bd\u26bd\u26bdLAZO!!!<\/p>\n<p>Aitor Garc\u00eda puso el bal\u00f3n pegado al poste y aument\u00f3 la ventaja de los Bravos.<a href=\"https:\/\/twitter.com\/hashtag\/LigaBBVAMX?src=hash&amp;ref_src=twsrc%5Etfw\">#LigaBBVAMX<\/a> | <a href=\"https:\/\/twitter.com\/hashtag\/Apertura2023?src=hash&amp;ref_src=twsrc%5Etfw\">#Apertura2023<\/a> | \ud83d\udcf9<a href=\"https:\/\/twitter.com\/hashtag\/NoTeLoPierdas?src=hash&amp;ref_src=twsrc%5Etfw\">#NoTeLoPierdas<\/a> <a href=\"https:\/\/t.co\/UFYZQtFyFb\">pic.twitter.com\/UFYZQtFyFb<\/a><\/p>\n<p>\u2014 Liga BBVA MX (@LigaBBVAMX) <a href=\"https:\/\/twitter.com\/LigaBBVAMX\/status\/1697788156748181772?ref_src=twsrc%5Etfw\">September 2, 2023<\/a><\/p><\/blockquote>\n<p><script async src=\"https:\/\/platform.twitter.com\/widgets.js\" charset=\"utf-8\"><\/script><\/p>\n<blockquote class=\"twitter-tweet\">\n<p dir=\"ltr\" lang=\"es\">\u00a1\u00a1\u00a1G\u26bd\u26bd\u26bdL!!!<\/p>\n<p>Avil\u00e9s Hurtado anot\u00f3 el tercer gol de los Bravos ante los Ca\u00f1oneros.<a href=\"https:\/\/twitter.com\/hashtag\/LigaBBVAMX?src=hash&amp;ref_src=twsrc%5Etfw\">#LigaBBVAMX<\/a> | <a href=\"https:\/\/twitter.com\/hashtag\/Apertura2023?src=hash&amp;ref_src=twsrc%5Etfw\">#Apertura2023<\/a> | \ud83d\udcf9<a href=\"https:\/\/twitter.com\/hashtag\/NoTeLoPierdas?src=hash&amp;ref_src=twsrc%5Etfw\">#NoTeLoPierdas<\/a> <a href=\"https:\/\/t.co\/44CMB48MBw\">pic.twitter.com\/44CMB48MBw<\/a><\/p>\n<p>\u2014 Liga BBVA MX (@LigaBBVAMX) <a href=\"https:\/\/twitter.com\/LigaBBVAMX\/status\/1697801632040309069?ref_src=twsrc%5Etfw\">September 2, 2023<\/a><\/p><\/blockquote>\n<p><script async src=\"https:\/\/platform.twitter.com\/widgets.js\" charset=\"utf-8\"><\/script><\/p>\n","protected":false},"excerpt":{"rendered":"<p>Diego Valoyes comenz\u00f3 con pie derecho su paso por el f\u00fatbol mexicano y este viernes abri\u00f3 su cuenta con Ju\u00e1rez marcando el primer gol de la victoria 3-1 sobre Mazatl\u00e1n.\u00a0 El colombiano debut\u00f3 en la s\u00e9ptima jornada de la LigaMX y en solo 13 minutos consigui\u00f3 marcar su primer gol, lo que sirvi\u00f3 para abrir [&hellip;]<\/p>\n","protected":false},"author":4,"featured_media":98710,"comment_status":"open","ping_status":"open","sticky":false,"template":"","format":"standard","meta":{"_acf_changed":false,"footnotes":""},"categories":[152],"tags":[],"class_list":{"0":"post-98709","1":"post","2":"type-post","3":"status-publish","4":"format-standard","5":"has-post-thumbnail","7":"category-mundo-futbol"},"acf":[],"yoast_head":"<!-- This site is optimized with the Yoast SEO plugin v26.8 - https:\/\/yoast.com\/product\/yoast-seo-wordpress\/ -->\n<title>Video: Diego Valoyes debut\u00f3 con golazo y dos asistencias en M\u00e9xico -<\/title>\n<meta name=\"robots\" content=\"index, follow, max-snippet:-1, max-image-preview:large, max-video-preview:-1\" \/>\n<link rel=\"canonical\" href=\"https:\/\/futbolhoy.co\/index.php\/2023\/09\/02\/video-diego-valoyes-debuto-con-golazo-y-dos-asistencias-en-mexico\/\" \/>\n<meta property=\"og:locale\" content=\"es_ES\" \/>\n<meta property=\"og:type\" content=\"article\" \/>\n<meta property=\"og:title\" content=\"Video: Diego Valoyes debut\u00f3 con golazo y dos asistencias en M\u00e9xico -\" \/>\n<meta property=\"og:description\" content=\"Diego Valoyes comenz\u00f3 con pie derecho su paso por el f\u00fatbol mexicano y este viernes abri\u00f3 su cuenta con Ju\u00e1rez marcando el primer gol de la victoria 3-1 sobre Mazatl\u00e1n.\u00a0 El colombiano debut\u00f3 en la s\u00e9ptima jornada de la LigaMX y en solo 13 minutos consigui\u00f3 marcar su primer gol, lo que sirvi\u00f3 para abrir [&hellip;]\" \/>\n<meta property=\"og:url\" content=\"https:\/\/futbolhoy.co\/index.php\/2023\/09\/02\/video-diego-valoyes-debuto-con-golazo-y-dos-asistencias-en-mexico\/\" \/>\n<meta property=\"article:publisher\" content=\"https:\/\/www.facebook.com\/FutbolHoyCol\/\" \/>\n<meta property=\"article:published_time\" content=\"2023-09-02T14:32:49+00:00\" \/>\n<meta property=\"article:modified_time\" content=\"2023-09-03T03:43:49+00:00\" \/>\n<meta property=\"og:image\" content=\"https:\/\/futbolhoy.co\/wp-content\/uploads\/2023\/09\/IMG_6720.jpeg\" \/>\n\t<meta property=\"og:image:width\" content=\"2048\" \/>\n\t<meta property=\"og:image:height\" content=\"1366\" \/>\n\t<meta property=\"og:image:type\" content=\"image\/jpeg\" \/>\n<meta name=\"author\" content=\"contenido\" \/>\n<meta name=\"twitter:card\" content=\"summary_large_image\" \/>\n<meta name=\"twitter:creator\" content=\"@FutbolHoyCol\" \/>\n<meta name=\"twitter:site\" content=\"@FutbolHoyCol\" \/>\n<meta name=\"twitter:label1\" content=\"Escrito por\" \/>\n\t<meta name=\"twitter:data1\" content=\"contenido\" \/>\n\t<meta name=\"twitter:label2\" content=\"Tiempo de lectura\" \/>\n\t<meta name=\"twitter:data2\" content=\"1 minuto\" \/>\n<script type=\"application\/ld+json\" class=\"yoast-schema-graph\">{\"@context\":\"https:\/\/schema.org\",\"@graph\":[{\"@type\":\"Article\",\"@id\":\"https:\/\/futbolhoy.co\/index.php\/2023\/09\/02\/video-diego-valoyes-debuto-con-golazo-y-dos-asistencias-en-mexico\/#article\",\"isPartOf\":{\"@id\":\"https:\/\/futbolhoy.co\/index.php\/2023\/09\/02\/video-diego-valoyes-debuto-con-golazo-y-dos-asistencias-en-mexico\/\"},\"author\":{\"name\":\"contenido\",\"@id\":\"https:\/\/futbolhoy.co\/#\/schema\/person\/1721b69355b6623eaff15ac7b92d4cc3\"},\"headline\":\"Video: Diego Valoyes debut\u00f3 con golazo y dos asistencias en M\u00e9xico\",\"datePublished\":\"2023-09-02T14:32:49+00:00\",\"dateModified\":\"2023-09-03T03:43:49+00:00\",\"mainEntityOfPage\":{\"@id\":\"https:\/\/futbolhoy.co\/index.php\/2023\/09\/02\/video-diego-valoyes-debuto-con-golazo-y-dos-asistencias-en-mexico\/\"},\"wordCount\":235,\"commentCount\":0,\"publisher\":{\"@id\":\"https:\/\/futbolhoy.co\/#organization\"},\"image\":{\"@id\":\"https:\/\/futbolhoy.co\/index.php\/2023\/09\/02\/video-diego-valoyes-debuto-con-golazo-y-dos-asistencias-en-mexico\/#primaryimage\"},\"thumbnailUrl\":\"https:\/\/futbolhoy.co\/wp-content\/uploads\/2023\/09\/IMG_6720.jpeg\",\"articleSection\":[\"Mundo Futbol\"],\"inLanguage\":\"es\",\"potentialAction\":[{\"@type\":\"CommentAction\",\"name\":\"Comment\",\"target\":[\"https:\/\/futbolhoy.co\/index.php\/2023\/09\/02\/video-diego-valoyes-debuto-con-golazo-y-dos-asistencias-en-mexico\/#respond\"]}]},{\"@type\":\"WebPage\",\"@id\":\"https:\/\/futbolhoy.co\/index.php\/2023\/09\/02\/video-diego-valoyes-debuto-con-golazo-y-dos-asistencias-en-mexico\/\",\"url\":\"https:\/\/futbolhoy.co\/index.php\/2023\/09\/02\/video-diego-valoyes-debuto-con-golazo-y-dos-asistencias-en-mexico\/\",\"name\":\"Video: Diego Valoyes debut\u00f3 con golazo y dos asistencias en M\u00e9xico -\",\"isPartOf\":{\"@id\":\"https:\/\/futbolhoy.co\/#website\"},\"primaryImageOfPage\":{\"@id\":\"https:\/\/futbolhoy.co\/index.php\/2023\/09\/02\/video-diego-valoyes-debuto-con-golazo-y-dos-asistencias-en-mexico\/#primaryimage\"},\"image\":{\"@id\":\"https:\/\/futbolhoy.co\/index.php\/2023\/09\/02\/video-diego-valoyes-debuto-con-golazo-y-dos-asistencias-en-mexico\/#primaryimage\"},\"thumbnailUrl\":\"https:\/\/futbolhoy.co\/wp-content\/uploads\/2023\/09\/IMG_6720.jpeg\",\"datePublished\":\"2023-09-02T14:32:49+00:00\",\"dateModified\":\"2023-09-03T03:43:49+00:00\",\"breadcrumb\":{\"@id\":\"https:\/\/futbolhoy.co\/index.php\/2023\/09\/02\/video-diego-valoyes-debuto-con-golazo-y-dos-asistencias-en-mexico\/#breadcrumb\"},\"inLanguage\":\"es\",\"potentialAction\":[{\"@type\":\"ReadAction\",\"target\":[\"https:\/\/futbolhoy.co\/index.php\/2023\/09\/02\/video-diego-valoyes-debuto-con-golazo-y-dos-asistencias-en-mexico\/\"]}]},{\"@type\":\"ImageObject\",\"inLanguage\":\"es\",\"@id\":\"https:\/\/futbolhoy.co\/index.php\/2023\/09\/02\/video-diego-valoyes-debuto-con-golazo-y-dos-asistencias-en-mexico\/#primaryimage\",\"url\":\"https:\/\/futbolhoy.co\/wp-content\/uploads\/2023\/09\/IMG_6720.jpeg\",\"contentUrl\":\"https:\/\/futbolhoy.co\/wp-content\/uploads\/2023\/09\/IMG_6720.jpeg\",\"width\":2048,\"height\":1366},{\"@type\":\"BreadcrumbList\",\"@id\":\"https:\/\/futbolhoy.co\/index.php\/2023\/09\/02\/video-diego-valoyes-debuto-con-golazo-y-dos-asistencias-en-mexico\/#breadcrumb\",\"itemListElement\":[{\"@type\":\"ListItem\",\"position\":1,\"name\":\"Portada\",\"item\":\"https:\/\/futbolhoy.co\/\"},{\"@type\":\"ListItem\",\"position\":2,\"name\":\"Video: Diego Valoyes debut\u00f3 con golazo y dos asistencias en M\u00e9xico\"}]},{\"@type\":\"WebSite\",\"@id\":\"https:\/\/futbolhoy.co\/#website\",\"url\":\"https:\/\/futbolhoy.co\/\",\"name\":\"FutbolHoy\",\"description\":\"\",\"publisher\":{\"@id\":\"https:\/\/futbolhoy.co\/#organization\"},\"potentialAction\":[{\"@type\":\"SearchAction\",\"target\":{\"@type\":\"EntryPoint\",\"urlTemplate\":\"https:\/\/futbolhoy.co\/?s={search_term_string}\"},\"query-input\":{\"@type\":\"PropertyValueSpecification\",\"valueRequired\":true,\"valueName\":\"search_term_string\"}}],\"inLanguage\":\"es\"},{\"@type\":\"Organization\",\"@id\":\"https:\/\/futbolhoy.co\/#organization\",\"name\":\"Futbolhoy.co\",\"url\":\"https:\/\/futbolhoy.co\/\",\"logo\":{\"@type\":\"ImageObject\",\"inLanguage\":\"es\",\"@id\":\"https:\/\/futbolhoy.co\/#\/schema\/logo\/image\/\",\"url\":\"https:\/\/futbolhoy.co\/wp-content\/uploads\/2018\/08\/17426380_1906371736249227_6326180412931521141_n.jpg\",\"contentUrl\":\"https:\/\/futbolhoy.co\/wp-content\/uploads\/2018\/08\/17426380_1906371736249227_6326180412931521141_n.jpg\",\"width\":960,\"height\":960,\"caption\":\"Futbolhoy.co\"},\"image\":{\"@id\":\"https:\/\/futbolhoy.co\/#\/schema\/logo\/image\/\"},\"sameAs\":[\"https:\/\/www.facebook.com\/FutbolHoyCol\/\",\"https:\/\/x.com\/FutbolHoyCol\",\"https:\/\/www.instagram.com\/futbolhoycol\/\"]},{\"@type\":\"Person\",\"@id\":\"https:\/\/futbolhoy.co\/#\/schema\/person\/1721b69355b6623eaff15ac7b92d4cc3\",\"name\":\"contenido\",\"image\":{\"@type\":\"ImageObject\",\"inLanguage\":\"es\",\"@id\":\"https:\/\/futbolhoy.co\/#\/schema\/person\/image\/\",\"url\":\"https:\/\/secure.gravatar.com\/avatar\/4f656d3256f5134f466206e7c3941518?s=96&d=mm&r=g\",\"contentUrl\":\"https:\/\/secure.gravatar.com\/avatar\/4f656d3256f5134f466206e7c3941518?s=96&d=mm&r=g\",\"caption\":\"contenido\"}}]}<\/script>\n<!-- \/ Yoast SEO plugin. -->","yoast_head_json":{"title":"Video: Diego Valoyes debut\u00f3 con golazo y dos asistencias en M\u00e9xico -","robots":{"index":"index","follow":"follow","max-snippet":"max-snippet:-1","max-image-preview":"max-image-preview:large","max-video-preview":"max-video-preview:-1"},"canonical":"https:\/\/futbolhoy.co\/index.php\/2023\/09\/02\/video-diego-valoyes-debuto-con-golazo-y-dos-asistencias-en-mexico\/","og_locale":"es_ES","og_type":"article","og_title":"Video: Diego Valoyes debut\u00f3 con golazo y dos asistencias en M\u00e9xico -","og_description":"Diego Valoyes comenz\u00f3 con pie derecho su paso por el f\u00fatbol mexicano y este viernes abri\u00f3 su cuenta con Ju\u00e1rez marcando el primer gol de la victoria 3-1 sobre Mazatl\u00e1n.\u00a0 El colombiano debut\u00f3 en la s\u00e9ptima jornada de la LigaMX y en solo 13 minutos consigui\u00f3 marcar su primer gol, lo que sirvi\u00f3 para abrir [&hellip;]","og_url":"https:\/\/futbolhoy.co\/index.php\/2023\/09\/02\/video-diego-valoyes-debuto-con-golazo-y-dos-asistencias-en-mexico\/","article_publisher":"https:\/\/www.facebook.com\/FutbolHoyCol\/","article_published_time":"2023-09-02T14:32:49+00:00","article_modified_time":"2023-09-03T03:43:49+00:00","og_image":[{"width":2048,"height":1366,"url":"https:\/\/futbolhoy.co\/wp-content\/uploads\/2023\/09\/IMG_6720.jpeg","type":"image\/jpeg"}],"author":"contenido","twitter_card":"summary_large_image","twitter_creator":"@FutbolHoyCol","twitter_site":"@FutbolHoyCol","twitter_misc":{"Escrito por":"contenido","Tiempo de lectura":"1 minuto"},"schema":{"@context":"https:\/\/schema.org","@graph":[{"@type":"Article","@id":"https:\/\/futbolhoy.co\/index.php\/2023\/09\/02\/video-diego-valoyes-debuto-con-golazo-y-dos-asistencias-en-mexico\/#article","isPartOf":{"@id":"https:\/\/futbolhoy.co\/index.php\/2023\/09\/02\/video-diego-valoyes-debuto-con-golazo-y-dos-asistencias-en-mexico\/"},"author":{"name":"contenido","@id":"https:\/\/futbolhoy.co\/#\/schema\/person\/1721b69355b6623eaff15ac7b92d4cc3"},"headline":"Video: Diego Valoyes debut\u00f3 con golazo y dos asistencias en M\u00e9xico","datePublished":"2023-09-02T14:32:49+00:00","dateModified":"2023-09-03T03:43:49+00:00","mainEntityOfPage":{"@id":"https:\/\/futbolhoy.co\/index.php\/2023\/09\/02\/video-diego-valoyes-debuto-con-golazo-y-dos-asistencias-en-mexico\/"},"wordCount":235,"commentCount":0,"publisher":{"@id":"https:\/\/futbolhoy.co\/#organization"},"image":{"@id":"https:\/\/futbolhoy.co\/index.php\/2023\/09\/02\/video-diego-valoyes-debuto-con-golazo-y-dos-asistencias-en-mexico\/#primaryimage"},"thumbnailUrl":"https:\/\/futbolhoy.co\/wp-content\/uploads\/2023\/09\/IMG_6720.jpeg","articleSection":["Mundo Futbol"],"inLanguage":"es","potentialAction":[{"@type":"CommentAction","name":"Comment","target":["https:\/\/futbolhoy.co\/index.php\/2023\/09\/02\/video-diego-valoyes-debuto-con-golazo-y-dos-asistencias-en-mexico\/#respond"]}]},{"@type":"WebPage","@id":"https:\/\/futbolhoy.co\/index.php\/2023\/09\/02\/video-diego-valoyes-debuto-con-golazo-y-dos-asistencias-en-mexico\/","url":"https:\/\/futbolhoy.co\/index.php\/2023\/09\/02\/video-diego-valoyes-debuto-con-golazo-y-dos-asistencias-en-mexico\/","name":"Video: Diego Valoyes debut\u00f3 con golazo y dos asistencias en M\u00e9xico -","isPartOf":{"@id":"https:\/\/futbolhoy.co\/#website"},"primaryImageOfPage":{"@id":"https:\/\/futbolhoy.co\/index.php\/2023\/09\/02\/video-diego-valoyes-debuto-con-golazo-y-dos-asistencias-en-mexico\/#primaryimage"},"image":{"@id":"https:\/\/futbolhoy.co\/index.php\/2023\/09\/02\/video-diego-valoyes-debuto-con-golazo-y-dos-asistencias-en-mexico\/#primaryimage"},"thumbnailUrl":"https:\/\/futbolhoy.co\/wp-content\/uploads\/2023\/09\/IMG_6720.jpeg","datePublished":"2023-09-02T14:32:49+00:00","dateModified":"2023-09-03T03:43:49+00:00","breadcrumb":{"@id":"https:\/\/futbolhoy.co\/index.php\/2023\/09\/02\/video-diego-valoyes-debuto-con-golazo-y-dos-asistencias-en-mexico\/#breadcrumb"},"inLanguage":"es","potentialAction":[{"@type":"ReadAction","target":["https:\/\/futbolhoy.co\/index.php\/2023\/09\/02\/video-diego-valoyes-debuto-con-golazo-y-dos-asistencias-en-mexico\/"]}]},{"@type":"ImageObject","inLanguage":"es","@id":"https:\/\/futbolhoy.co\/index.php\/2023\/09\/02\/video-diego-valoyes-debuto-con-golazo-y-dos-asistencias-en-mexico\/#primaryimage","url":"https:\/\/futbolhoy.co\/wp-content\/uploads\/2023\/09\/IMG_6720.jpeg","contentUrl":"https:\/\/futbolhoy.co\/wp-content\/uploads\/2023\/09\/IMG_6720.jpeg","width":2048,"height":1366},{"@type":"BreadcrumbList","@id":"https:\/\/futbolhoy.co\/index.php\/2023\/09\/02\/video-diego-valoyes-debuto-con-golazo-y-dos-asistencias-en-mexico\/#breadcrumb","itemListElement":[{"@type":"ListItem","position":1,"name":"Portada","item":"https:\/\/futbolhoy.co\/"},{"@type":"ListItem","position":2,"name":"Video: Diego Valoyes debut\u00f3 con golazo y dos asistencias en M\u00e9xico"}]},{"@type":"WebSite","@id":"https:\/\/futbolhoy.co\/#website","url":"https:\/\/futbolhoy.co\/","name":"FutbolHoy","description":"","publisher":{"@id":"https:\/\/futbolhoy.co\/#organization"},"potentialAction":[{"@type":"SearchAction","target":{"@type":"EntryPoint","urlTemplate":"https:\/\/futbolhoy.co\/?s={search_term_string}"},"query-input":{"@type":"PropertyValueSpecification","valueRequired":true,"valueName":"search_term_string"}}],"inLanguage":"es"},{"@type":"Organization","@id":"https:\/\/futbolhoy.co\/#organization","name":"Futbolhoy.co","url":"https:\/\/futbolhoy.co\/","logo":{"@type":"ImageObject","inLanguage":"es","@id":"https:\/\/futbolhoy.co\/#\/schema\/logo\/image\/","url":"https:\/\/futbolhoy.co\/wp-content\/uploads\/2018\/08\/17426380_1906371736249227_6326180412931521141_n.jpg","contentUrl":"https:\/\/futbolhoy.co\/wp-content\/uploads\/2018\/08\/17426380_1906371736249227_6326180412931521141_n.jpg","width":960,"height":960,"caption":"Futbolhoy.co"},"image":{"@id":"https:\/\/futbolhoy.co\/#\/schema\/logo\/image\/"},"sameAs":["https:\/\/www.facebook.com\/FutbolHoyCol\/","https:\/\/x.com\/FutbolHoyCol","https:\/\/www.instagram.com\/futbolhoycol\/"]},{"@type":"Person","@id":"https:\/\/futbolhoy.co\/#\/schema\/person\/1721b69355b6623eaff15ac7b92d4cc3","name":"contenido","image":{"@type":"ImageObject","inLanguage":"es","@id":"https:\/\/futbolhoy.co\/#\/schema\/person\/image\/","url":"https:\/\/secure.gravatar.com\/avatar\/4f656d3256f5134f466206e7c3941518?s=96&d=mm&r=g","contentUrl":"https:\/\/secure.gravatar.com\/avatar\/4f656d3256f5134f466206e7c3941518?s=96&d=mm&r=g","caption":"contenido"}}]}},"publishpress_future_action":{"enabled":false,"date":"2026-05-05 01:33:15","action":"change-status","newStatus":"draft","terms":[],"taxonomy":"category","extraData":[]},"publishpress_future_workflow_manual_trigger":{"enabledWorkflows":[]},"_links":{"self":[{"href":"https:\/\/futbolhoy.co\/index.php\/wp-json\/wp\/v2\/posts\/98709","targetHints":{"allow":["GET"]}}],"collection":[{"href":"https:\/\/futbolhoy.co\/index.php\/wp-json\/wp\/v2\/posts"}],"about":[{"href":"https:\/\/futbolhoy.co\/index.php\/wp-json\/wp\/v2\/types\/post"}],"author":[{"embeddable":true,"href":"https:\/\/futbolhoy.co\/index.php\/wp-json\/wp\/v2\/users\/4"}],"replies":[{"embeddable":true,"href":"https:\/\/futbolhoy.co\/index.php\/wp-json\/wp\/v2\/comments?post=98709"}],"version-history":[{"count":2,"href":"https:\/\/futbolhoy.co\/index.php\/wp-json\/wp\/v2\/posts\/98709\/revisions"}],"predecessor-version":[{"id":98730,"href":"https:\/\/futbolhoy.co\/index.php\/wp-json\/wp\/v2\/posts\/98709\/revisions\/98730"}],"wp:featuredmedia":[{"embeddable":true,"href":"https:\/\/futbolhoy.co\/index.php\/wp-json\/wp\/v2\/media\/98710"}],"wp:attachment":[{"href":"https:\/\/futbolhoy.co\/index.php\/wp-json\/wp\/v2\/media?parent=98709"}],"wp:term":[{"taxonomy":"category","embeddable":true,"href":"https:\/\/futbolhoy.co\/index.php\/wp-json\/wp\/v2\/categories?post=98709"},{"taxonomy":"post_tag","embeddable":true,"href":"https:\/\/futbolhoy.co\/index.php\/wp-json\/wp\/v2\/tags?post=98709"}],"curies":[{"name":"wp","href":"https:\/\/api.w.org\/{rel}","templated":true}]}}