{"id":98711,"date":"2023-09-02T10:13:30","date_gmt":"2023-09-02T15:13:30","guid":{"rendered":"https:\/\/futbolhoy.co\/?p=98711"},"modified":"2023-09-03T06:37:06","modified_gmt":"2023-09-03T11:37:06","slug":"santos-borre-ilusiona-que-esta-temporada-sea-la-mejor-para-todos","status":"publish","type":"post","link":"https:\/\/futbolhoy.co\/index.php\/2023\/09\/02\/santos-borre-ilusiona-que-esta-temporada-sea-la-mejor-para-todos\/","title":{"rendered":"Santos Borr\u00e9 ilusiona: \u201cQue esta temporada sea la mejor para todos\u201d"},"content":{"rendered":"<p style=\"text-align: justify;\"><span style=\"font-family: helvetica, arial, sans-serif;\"><span style=\"font-weight: 400;\">Rafael Santos Borr\u00e9 ya es nuevo jugador del Werder Bremen de la Bundesliga tras su salida del <\/span><b>Eintracht Frankfurt por falta de continuidad. <\/b><span style=\"font-weight: 400;\">El colombiano ya pos\u00f3 con los colores de su nuevo club y le envi\u00f3 un mensaje especial a los hinchas.\u00a0<\/span><\/span><\/p>\n<p style=\"text-align: justify;\"><span style=\"font-family: helvetica, arial, sans-serif;\"><b>A trav\u00e9s de las redes sociales del club alem\u00e1n,<\/b><span style=\"font-weight: 400;\"> Santos Borr\u00e9 se mostr\u00f3 ilusionado con el nuevo paso que dio en su carrera y dese\u00f3 que en esta temporada tanto el equipo como \u00e9l pasen grandes momentos.\u00a0<\/span><\/span><\/p>\n<p style=\"text-align: justify;\"><span style=\"font-family: helvetica, arial, sans-serif;\"><span style=\"font-weight: 400;\">\u201cHola Werder fans, \u00bfc\u00f3mo est\u00e1n? Soy Rafael Borr\u00e9 y ya estoy aqu\u00ed con ustedes, que esta temporada sea la mejor para todos<\/span><b>. Les mando un abrazo grande\u201d<\/b><span style=\"font-weight: 400;\">, dijo el jugador.\u00a0<\/span><\/span><\/p>\n<blockquote class=\"twitter-tweet\">\n<p dir=\"ltr\" lang=\"de\">Ein paar Worte unseres Neuzugangs an EUCH! <a href=\"https:\/\/twitter.com\/hashtag\/Werder?src=hash&amp;ref_src=twsrc%5Etfw\">#Werder<\/a> <a href=\"https:\/\/t.co\/YmGWxAXopo\">pic.twitter.com\/YmGWxAXopo<\/a><\/p>\n<p>\u2014 SV Werder Bremen (@werderbremen) <a href=\"https:\/\/twitter.com\/werderbremen\/status\/1697922696124780569?ref_src=twsrc%5Etfw\">September 2, 2023<\/a><\/p><\/blockquote>\n<p><script async src=\"https:\/\/platform.twitter.com\/widgets.js\" charset=\"utf-8\"><\/script><\/p>\n<p style=\"text-align: justify;\"><span style=\"font-family: helvetica, arial, sans-serif;\"><span style=\"font-weight: 400;\">Borr\u00e9 es uno de los futbolistas<\/span><b> convocados por el t\u00e9cnico N\u00e9stor Lorenzo <\/b><span style=\"font-weight: 400;\">a la Selecci\u00f3n Colombia, para el debut del equipo en las Eliminatorias al Mundial de 2026.\u00a0<\/span><\/span><\/p>\n<p style=\"text-align: justify;\"><span style=\"font-family: helvetica, arial, sans-serif;\"><span style=\"font-weight: 400;\">La Selecci\u00f3n Colombia ser\u00e1 local este pr\u00f3ximo 7 de septiembre ante Venezuela en el estadio Metropolitano de Barranquilla y posteriormente <\/span><b>visitar\u00e1 a Chile en Santiago el 12 del mismo mes. <\/b><\/span><\/p>\n","protected":false},"excerpt":{"rendered":"<p>Rafael Santos Borr\u00e9 ya es nuevo jugador del Werder Bremen de la Bundesliga tras su salida del Eintracht Frankfurt por falta de continuidad. El colombiano ya pos\u00f3 con los colores de su nuevo club y le envi\u00f3 un mensaje especial a los hinchas.\u00a0 A trav\u00e9s de las redes sociales del club alem\u00e1n, Santos Borr\u00e9 se [&hellip;]<\/p>\n","protected":false},"author":4,"featured_media":98713,"comment_status":"open","ping_status":"open","sticky":false,"template":"","format":"standard","meta":{"_acf_changed":false,"footnotes":""},"categories":[152],"tags":[],"class_list":{"0":"post-98711","1":"post","2":"type-post","3":"status-publish","4":"format-standard","5":"has-post-thumbnail","7":"category-mundo-futbol"},"acf":[],"yoast_head":"<!-- This site is optimized with the Yoast SEO plugin v26.8 - https:\/\/yoast.com\/product\/yoast-seo-wordpress\/ -->\n<title>Santos Borr\u00e9 ilusiona: \u201cQue esta temporada sea la mejor para todos\u201d -<\/title>\n<meta name=\"robots\" content=\"index, follow, max-snippet:-1, max-image-preview:large, max-video-preview:-1\" \/>\n<link rel=\"canonical\" href=\"https:\/\/futbolhoy.co\/index.php\/2023\/09\/02\/santos-borre-ilusiona-que-esta-temporada-sea-la-mejor-para-todos\/\" \/>\n<meta property=\"og:locale\" content=\"es_ES\" \/>\n<meta property=\"og:type\" content=\"article\" \/>\n<meta property=\"og:title\" content=\"Santos Borr\u00e9 ilusiona: \u201cQue esta temporada sea la mejor para todos\u201d -\" \/>\n<meta property=\"og:description\" content=\"Rafael Santos Borr\u00e9 ya es nuevo jugador del Werder Bremen de la Bundesliga tras su salida del Eintracht Frankfurt por falta de continuidad. El colombiano ya pos\u00f3 con los colores de su nuevo club y le envi\u00f3 un mensaje especial a los hinchas.\u00a0 A trav\u00e9s de las redes sociales del club alem\u00e1n, Santos Borr\u00e9 se [&hellip;]\" \/>\n<meta property=\"og:url\" content=\"https:\/\/futbolhoy.co\/index.php\/2023\/09\/02\/santos-borre-ilusiona-que-esta-temporada-sea-la-mejor-para-todos\/\" \/>\n<meta property=\"article:publisher\" content=\"https:\/\/www.facebook.com\/FutbolHoyCol\/\" \/>\n<meta property=\"article:published_time\" content=\"2023-09-02T15:13:30+00:00\" \/>\n<meta property=\"article:modified_time\" content=\"2023-09-03T11:37:06+00:00\" \/>\n<meta property=\"og:image\" content=\"https:\/\/futbolhoy.co\/wp-content\/uploads\/2023\/09\/F5A3uexWwAAE82c-scaled.jpg\" \/>\n\t<meta property=\"og:image:width\" content=\"2560\" \/>\n\t<meta property=\"og:image:height\" content=\"1707\" \/>\n\t<meta property=\"og:image:type\" content=\"image\/jpeg\" \/>\n<meta name=\"author\" content=\"contenido\" \/>\n<meta name=\"twitter:card\" content=\"summary_large_image\" \/>\n<meta name=\"twitter:creator\" content=\"@FutbolHoyCol\" \/>\n<meta name=\"twitter:site\" content=\"@FutbolHoyCol\" \/>\n<meta name=\"twitter:label1\" content=\"Escrito por\" \/>\n\t<meta name=\"twitter:data1\" content=\"contenido\" \/>\n\t<meta name=\"twitter:label2\" content=\"Tiempo de lectura\" \/>\n\t<meta name=\"twitter:data2\" content=\"1 minuto\" \/>\n<script type=\"application\/ld+json\" class=\"yoast-schema-graph\">{\"@context\":\"https:\/\/schema.org\",\"@graph\":[{\"@type\":\"Article\",\"@id\":\"https:\/\/futbolhoy.co\/index.php\/2023\/09\/02\/santos-borre-ilusiona-que-esta-temporada-sea-la-mejor-para-todos\/#article\",\"isPartOf\":{\"@id\":\"https:\/\/futbolhoy.co\/index.php\/2023\/09\/02\/santos-borre-ilusiona-que-esta-temporada-sea-la-mejor-para-todos\/\"},\"author\":{\"name\":\"contenido\",\"@id\":\"https:\/\/futbolhoy.co\/#\/schema\/person\/1721b69355b6623eaff15ac7b92d4cc3\"},\"headline\":\"Santos Borr\u00e9 ilusiona: \u201cQue esta temporada sea la mejor para todos\u201d\",\"datePublished\":\"2023-09-02T15:13:30+00:00\",\"dateModified\":\"2023-09-03T11:37:06+00:00\",\"mainEntityOfPage\":{\"@id\":\"https:\/\/futbolhoy.co\/index.php\/2023\/09\/02\/santos-borre-ilusiona-que-esta-temporada-sea-la-mejor-para-todos\/\"},\"wordCount\":202,\"commentCount\":0,\"publisher\":{\"@id\":\"https:\/\/futbolhoy.co\/#organization\"},\"image\":{\"@id\":\"https:\/\/futbolhoy.co\/index.php\/2023\/09\/02\/santos-borre-ilusiona-que-esta-temporada-sea-la-mejor-para-todos\/#primaryimage\"},\"thumbnailUrl\":\"https:\/\/futbolhoy.co\/wp-content\/uploads\/2023\/09\/F5A3uexWwAAE82c-scaled.jpg\",\"articleSection\":[\"Mundo Futbol\"],\"inLanguage\":\"es\",\"potentialAction\":[{\"@type\":\"CommentAction\",\"name\":\"Comment\",\"target\":[\"https:\/\/futbolhoy.co\/index.php\/2023\/09\/02\/santos-borre-ilusiona-que-esta-temporada-sea-la-mejor-para-todos\/#respond\"]}]},{\"@type\":\"WebPage\",\"@id\":\"https:\/\/futbolhoy.co\/index.php\/2023\/09\/02\/santos-borre-ilusiona-que-esta-temporada-sea-la-mejor-para-todos\/\",\"url\":\"https:\/\/futbolhoy.co\/index.php\/2023\/09\/02\/santos-borre-ilusiona-que-esta-temporada-sea-la-mejor-para-todos\/\",\"name\":\"Santos Borr\u00e9 ilusiona: \u201cQue esta temporada sea la mejor para todos\u201d -\",\"isPartOf\":{\"@id\":\"https:\/\/futbolhoy.co\/#website\"},\"primaryImageOfPage\":{\"@id\":\"https:\/\/futbolhoy.co\/index.php\/2023\/09\/02\/santos-borre-ilusiona-que-esta-temporada-sea-la-mejor-para-todos\/#primaryimage\"},\"image\":{\"@id\":\"https:\/\/futbolhoy.co\/index.php\/2023\/09\/02\/santos-borre-ilusiona-que-esta-temporada-sea-la-mejor-para-todos\/#primaryimage\"},\"thumbnailUrl\":\"https:\/\/futbolhoy.co\/wp-content\/uploads\/2023\/09\/F5A3uexWwAAE82c-scaled.jpg\",\"datePublished\":\"2023-09-02T15:13:30+00:00\",\"dateModified\":\"2023-09-03T11:37:06+00:00\",\"breadcrumb\":{\"@id\":\"https:\/\/futbolhoy.co\/index.php\/2023\/09\/02\/santos-borre-ilusiona-que-esta-temporada-sea-la-mejor-para-todos\/#breadcrumb\"},\"inLanguage\":\"es\",\"potentialAction\":[{\"@type\":\"ReadAction\",\"target\":[\"https:\/\/futbolhoy.co\/index.php\/2023\/09\/02\/santos-borre-ilusiona-que-esta-temporada-sea-la-mejor-para-todos\/\"]}]},{\"@type\":\"ImageObject\",\"inLanguage\":\"es\",\"@id\":\"https:\/\/futbolhoy.co\/index.php\/2023\/09\/02\/santos-borre-ilusiona-que-esta-temporada-sea-la-mejor-para-todos\/#primaryimage\",\"url\":\"https:\/\/futbolhoy.co\/wp-content\/uploads\/2023\/09\/F5A3uexWwAAE82c-scaled.jpg\",\"contentUrl\":\"https:\/\/futbolhoy.co\/wp-content\/uploads\/2023\/09\/F5A3uexWwAAE82c-scaled.jpg\",\"width\":2560,\"height\":1707},{\"@type\":\"BreadcrumbList\",\"@id\":\"https:\/\/futbolhoy.co\/index.php\/2023\/09\/02\/santos-borre-ilusiona-que-esta-temporada-sea-la-mejor-para-todos\/#breadcrumb\",\"itemListElement\":[{\"@type\":\"ListItem\",\"position\":1,\"name\":\"Portada\",\"item\":\"https:\/\/futbolhoy.co\/\"},{\"@type\":\"ListItem\",\"position\":2,\"name\":\"Santos Borr\u00e9 ilusiona: \u201cQue esta temporada sea la mejor para todos\u201d\"}]},{\"@type\":\"WebSite\",\"@id\":\"https:\/\/futbolhoy.co\/#website\",\"url\":\"https:\/\/futbolhoy.co\/\",\"name\":\"FutbolHoy\",\"description\":\"\",\"publisher\":{\"@id\":\"https:\/\/futbolhoy.co\/#organization\"},\"potentialAction\":[{\"@type\":\"SearchAction\",\"target\":{\"@type\":\"EntryPoint\",\"urlTemplate\":\"https:\/\/futbolhoy.co\/?s={search_term_string}\"},\"query-input\":{\"@type\":\"PropertyValueSpecification\",\"valueRequired\":true,\"valueName\":\"search_term_string\"}}],\"inLanguage\":\"es\"},{\"@type\":\"Organization\",\"@id\":\"https:\/\/futbolhoy.co\/#organization\",\"name\":\"Futbolhoy.co\",\"url\":\"https:\/\/futbolhoy.co\/\",\"logo\":{\"@type\":\"ImageObject\",\"inLanguage\":\"es\",\"@id\":\"https:\/\/futbolhoy.co\/#\/schema\/logo\/image\/\",\"url\":\"https:\/\/futbolhoy.co\/wp-content\/uploads\/2018\/08\/17426380_1906371736249227_6326180412931521141_n.jpg\",\"contentUrl\":\"https:\/\/futbolhoy.co\/wp-content\/uploads\/2018\/08\/17426380_1906371736249227_6326180412931521141_n.jpg\",\"width\":960,\"height\":960,\"caption\":\"Futbolhoy.co\"},\"image\":{\"@id\":\"https:\/\/futbolhoy.co\/#\/schema\/logo\/image\/\"},\"sameAs\":[\"https:\/\/www.facebook.com\/FutbolHoyCol\/\",\"https:\/\/x.com\/FutbolHoyCol\",\"https:\/\/www.instagram.com\/futbolhoycol\/\"]},{\"@type\":\"Person\",\"@id\":\"https:\/\/futbolhoy.co\/#\/schema\/person\/1721b69355b6623eaff15ac7b92d4cc3\",\"name\":\"contenido\",\"image\":{\"@type\":\"ImageObject\",\"inLanguage\":\"es\",\"@id\":\"https:\/\/futbolhoy.co\/#\/schema\/person\/image\/\",\"url\":\"https:\/\/secure.gravatar.com\/avatar\/4f656d3256f5134f466206e7c3941518?s=96&d=mm&r=g\",\"contentUrl\":\"https:\/\/secure.gravatar.com\/avatar\/4f656d3256f5134f466206e7c3941518?s=96&d=mm&r=g\",\"caption\":\"contenido\"}}]}<\/script>\n<!-- \/ Yoast SEO plugin. -->","yoast_head_json":{"title":"Santos Borr\u00e9 ilusiona: \u201cQue esta temporada sea la mejor para todos\u201d -","robots":{"index":"index","follow":"follow","max-snippet":"max-snippet:-1","max-image-preview":"max-image-preview:large","max-video-preview":"max-video-preview:-1"},"canonical":"https:\/\/futbolhoy.co\/index.php\/2023\/09\/02\/santos-borre-ilusiona-que-esta-temporada-sea-la-mejor-para-todos\/","og_locale":"es_ES","og_type":"article","og_title":"Santos Borr\u00e9 ilusiona: \u201cQue esta temporada sea la mejor para todos\u201d -","og_description":"Rafael Santos Borr\u00e9 ya es nuevo jugador del Werder Bremen de la Bundesliga tras su salida del Eintracht Frankfurt por falta de continuidad. El colombiano ya pos\u00f3 con los colores de su nuevo club y le envi\u00f3 un mensaje especial a los hinchas.\u00a0 A trav\u00e9s de las redes sociales del club alem\u00e1n, Santos Borr\u00e9 se [&hellip;]","og_url":"https:\/\/futbolhoy.co\/index.php\/2023\/09\/02\/santos-borre-ilusiona-que-esta-temporada-sea-la-mejor-para-todos\/","article_publisher":"https:\/\/www.facebook.com\/FutbolHoyCol\/","article_published_time":"2023-09-02T15:13:30+00:00","article_modified_time":"2023-09-03T11:37:06+00:00","og_image":[{"width":2560,"height":1707,"url":"https:\/\/futbolhoy.co\/wp-content\/uploads\/2023\/09\/F5A3uexWwAAE82c-scaled.jpg","type":"image\/jpeg"}],"author":"contenido","twitter_card":"summary_large_image","twitter_creator":"@FutbolHoyCol","twitter_site":"@FutbolHoyCol","twitter_misc":{"Escrito por":"contenido","Tiempo de lectura":"1 minuto"},"schema":{"@context":"https:\/\/schema.org","@graph":[{"@type":"Article","@id":"https:\/\/futbolhoy.co\/index.php\/2023\/09\/02\/santos-borre-ilusiona-que-esta-temporada-sea-la-mejor-para-todos\/#article","isPartOf":{"@id":"https:\/\/futbolhoy.co\/index.php\/2023\/09\/02\/santos-borre-ilusiona-que-esta-temporada-sea-la-mejor-para-todos\/"},"author":{"name":"contenido","@id":"https:\/\/futbolhoy.co\/#\/schema\/person\/1721b69355b6623eaff15ac7b92d4cc3"},"headline":"Santos Borr\u00e9 ilusiona: \u201cQue esta temporada sea la mejor para todos\u201d","datePublished":"2023-09-02T15:13:30+00:00","dateModified":"2023-09-03T11:37:06+00:00","mainEntityOfPage":{"@id":"https:\/\/futbolhoy.co\/index.php\/2023\/09\/02\/santos-borre-ilusiona-que-esta-temporada-sea-la-mejor-para-todos\/"},"wordCount":202,"commentCount":0,"publisher":{"@id":"https:\/\/futbolhoy.co\/#organization"},"image":{"@id":"https:\/\/futbolhoy.co\/index.php\/2023\/09\/02\/santos-borre-ilusiona-que-esta-temporada-sea-la-mejor-para-todos\/#primaryimage"},"thumbnailUrl":"https:\/\/futbolhoy.co\/wp-content\/uploads\/2023\/09\/F5A3uexWwAAE82c-scaled.jpg","articleSection":["Mundo Futbol"],"inLanguage":"es","potentialAction":[{"@type":"CommentAction","name":"Comment","target":["https:\/\/futbolhoy.co\/index.php\/2023\/09\/02\/santos-borre-ilusiona-que-esta-temporada-sea-la-mejor-para-todos\/#respond"]}]},{"@type":"WebPage","@id":"https:\/\/futbolhoy.co\/index.php\/2023\/09\/02\/santos-borre-ilusiona-que-esta-temporada-sea-la-mejor-para-todos\/","url":"https:\/\/futbolhoy.co\/index.php\/2023\/09\/02\/santos-borre-ilusiona-que-esta-temporada-sea-la-mejor-para-todos\/","name":"Santos Borr\u00e9 ilusiona: \u201cQue esta temporada sea la mejor para todos\u201d -","isPartOf":{"@id":"https:\/\/futbolhoy.co\/#website"},"primaryImageOfPage":{"@id":"https:\/\/futbolhoy.co\/index.php\/2023\/09\/02\/santos-borre-ilusiona-que-esta-temporada-sea-la-mejor-para-todos\/#primaryimage"},"image":{"@id":"https:\/\/futbolhoy.co\/index.php\/2023\/09\/02\/santos-borre-ilusiona-que-esta-temporada-sea-la-mejor-para-todos\/#primaryimage"},"thumbnailUrl":"https:\/\/futbolhoy.co\/wp-content\/uploads\/2023\/09\/F5A3uexWwAAE82c-scaled.jpg","datePublished":"2023-09-02T15:13:30+00:00","dateModified":"2023-09-03T11:37:06+00:00","breadcrumb":{"@id":"https:\/\/futbolhoy.co\/index.php\/2023\/09\/02\/santos-borre-ilusiona-que-esta-temporada-sea-la-mejor-para-todos\/#breadcrumb"},"inLanguage":"es","potentialAction":[{"@type":"ReadAction","target":["https:\/\/futbolhoy.co\/index.php\/2023\/09\/02\/santos-borre-ilusiona-que-esta-temporada-sea-la-mejor-para-todos\/"]}]},{"@type":"ImageObject","inLanguage":"es","@id":"https:\/\/futbolhoy.co\/index.php\/2023\/09\/02\/santos-borre-ilusiona-que-esta-temporada-sea-la-mejor-para-todos\/#primaryimage","url":"https:\/\/futbolhoy.co\/wp-content\/uploads\/2023\/09\/F5A3uexWwAAE82c-scaled.jpg","contentUrl":"https:\/\/futbolhoy.co\/wp-content\/uploads\/2023\/09\/F5A3uexWwAAE82c-scaled.jpg","width":2560,"height":1707},{"@type":"BreadcrumbList","@id":"https:\/\/futbolhoy.co\/index.php\/2023\/09\/02\/santos-borre-ilusiona-que-esta-temporada-sea-la-mejor-para-todos\/#breadcrumb","itemListElement":[{"@type":"ListItem","position":1,"name":"Portada","item":"https:\/\/futbolhoy.co\/"},{"@type":"ListItem","position":2,"name":"Santos Borr\u00e9 ilusiona: \u201cQue esta temporada sea la mejor para todos\u201d"}]},{"@type":"WebSite","@id":"https:\/\/futbolhoy.co\/#website","url":"https:\/\/futbolhoy.co\/","name":"FutbolHoy","description":"","publisher":{"@id":"https:\/\/futbolhoy.co\/#organization"},"potentialAction":[{"@type":"SearchAction","target":{"@type":"EntryPoint","urlTemplate":"https:\/\/futbolhoy.co\/?s={search_term_string}"},"query-input":{"@type":"PropertyValueSpecification","valueRequired":true,"valueName":"search_term_string"}}],"inLanguage":"es"},{"@type":"Organization","@id":"https:\/\/futbolhoy.co\/#organization","name":"Futbolhoy.co","url":"https:\/\/futbolhoy.co\/","logo":{"@type":"ImageObject","inLanguage":"es","@id":"https:\/\/futbolhoy.co\/#\/schema\/logo\/image\/","url":"https:\/\/futbolhoy.co\/wp-content\/uploads\/2018\/08\/17426380_1906371736249227_6326180412931521141_n.jpg","contentUrl":"https:\/\/futbolhoy.co\/wp-content\/uploads\/2018\/08\/17426380_1906371736249227_6326180412931521141_n.jpg","width":960,"height":960,"caption":"Futbolhoy.co"},"image":{"@id":"https:\/\/futbolhoy.co\/#\/schema\/logo\/image\/"},"sameAs":["https:\/\/www.facebook.com\/FutbolHoyCol\/","https:\/\/x.com\/FutbolHoyCol","https:\/\/www.instagram.com\/futbolhoycol\/"]},{"@type":"Person","@id":"https:\/\/futbolhoy.co\/#\/schema\/person\/1721b69355b6623eaff15ac7b92d4cc3","name":"contenido","image":{"@type":"ImageObject","inLanguage":"es","@id":"https:\/\/futbolhoy.co\/#\/schema\/person\/image\/","url":"https:\/\/secure.gravatar.com\/avatar\/4f656d3256f5134f466206e7c3941518?s=96&d=mm&r=g","contentUrl":"https:\/\/secure.gravatar.com\/avatar\/4f656d3256f5134f466206e7c3941518?s=96&d=mm&r=g","caption":"contenido"}}]}},"publishpress_future_action":{"enabled":false,"date":"2026-05-05 04:43:56","action":"change-status","newStatus":"draft","terms":[],"taxonomy":"category","extraData":[]},"publishpress_future_workflow_manual_trigger":{"enabledWorkflows":[]},"_links":{"self":[{"href":"https:\/\/futbolhoy.co\/index.php\/wp-json\/wp\/v2\/posts\/98711","targetHints":{"allow":["GET"]}}],"collection":[{"href":"https:\/\/futbolhoy.co\/index.php\/wp-json\/wp\/v2\/posts"}],"about":[{"href":"https:\/\/futbolhoy.co\/index.php\/wp-json\/wp\/v2\/types\/post"}],"author":[{"embeddable":true,"href":"https:\/\/futbolhoy.co\/index.php\/wp-json\/wp\/v2\/users\/4"}],"replies":[{"embeddable":true,"href":"https:\/\/futbolhoy.co\/index.php\/wp-json\/wp\/v2\/comments?post=98711"}],"version-history":[{"count":1,"href":"https:\/\/futbolhoy.co\/index.php\/wp-json\/wp\/v2\/posts\/98711\/revisions"}],"predecessor-version":[{"id":98714,"href":"https:\/\/futbolhoy.co\/index.php\/wp-json\/wp\/v2\/posts\/98711\/revisions\/98714"}],"wp:featuredmedia":[{"embeddable":true,"href":"https:\/\/futbolhoy.co\/index.php\/wp-json\/wp\/v2\/media\/98713"}],"wp:attachment":[{"href":"https:\/\/futbolhoy.co\/index.php\/wp-json\/wp\/v2\/media?parent=98711"}],"wp:term":[{"taxonomy":"category","embeddable":true,"href":"https:\/\/futbolhoy.co\/index.php\/wp-json\/wp\/v2\/categories?post=98711"},{"taxonomy":"post_tag","embeddable":true,"href":"https:\/\/futbolhoy.co\/index.php\/wp-json\/wp\/v2\/tags?post=98711"}],"curies":[{"name":"wp","href":"https:\/\/api.w.org\/{rel}","templated":true}]}}