{"id":98720,"date":"2023-09-02T19:32:08","date_gmt":"2023-09-03T00:32:08","guid":{"rendered":"https:\/\/futbolhoy.co\/?p=98720"},"modified":"2023-09-03T10:53:49","modified_gmt":"2023-09-03T15:53:49","slug":"medellin-empato-con-jaguares-y-es-lider-de-la-liga","status":"publish","type":"post","link":"https:\/\/futbolhoy.co\/index.php\/2023\/09\/02\/medellin-empato-con-jaguares-y-es-lider-de-la-liga\/","title":{"rendered":"Medell\u00edn empat\u00f3 con Jaguares y es l\u00edder de la Liga"},"content":{"rendered":"<p style=\"font-weight: 400; text-align: justify;\"><span style=\"font-family: helvetica, arial, sans-serif;\"><b>Independiente Medell\u00edn<\/b><span style=\"font-weight: 400;\"> salv\u00f3 un empate 1-1 en su visita a <\/span><b>Jaguares de C\u00f3rdoba<\/b><span style=\"font-weight: 400;\"> y se mantiene en la primera posici\u00f3n de la tabla de posiciones parcialmente. El poderoso de la monta\u00f1a mantiene un invicto de <\/span><b>seis partidos en el torneo.<\/b><\/span><\/p>\n<p style=\"font-weight: 400; text-align: justify;\"><span style=\"font-family: helvetica, arial, sans-serif;\"><span style=\"font-weight: 400;\">Jaguares comenz\u00f3 ganando el partido al minuto 14 con anotaci\u00f3n de<\/span><b> Yilber Arboleda<\/b><span style=\"font-weight: 400;\"> y cuando parec\u00eda que se iba a quedar con los tres puntos <\/span><b>Edwuin Cetr\u00e9, al minuto 74, <\/b><span style=\"font-weight: 400;\">empat\u00f3 el partido y salv\u00f3 el invicto del DIM.<\/span><\/span><\/p>\n<p style=\"font-weight: 400; text-align: justify;\"><span style=\"font-family: helvetica, arial, sans-serif;\"><span style=\"font-weight: 400;\">El equipo de C\u00f3rdoba <\/span><b>complet\u00f3 cuatro partidos sin conocer la victoria,<\/b><span style=\"font-weight: 400;\"> suma dos derrotas y dos empates en l\u00ednea y est\u00e1 en la casilla 17 con 8 puntos. Pero m\u00e1s all\u00e1 de la posici\u00f3n en la Liga, Jaguares necesita sumar para no sufrir en la tabla del descenso.\u00a0<\/span><\/span><\/p>\n<p style=\"font-weight: 400; text-align: justify;\"><span style=\"font-family: helvetica, arial, sans-serif;\"><span style=\"font-weight: 400;\">Medell\u00edn, entre tanto, <\/span><b>celebra un empate <\/b><span style=\"font-weight: 400;\">que parcialmente lo dej\u00f3 en la punta de la tabla con 16 puntos, a la espera de otros resultados durante la jornada que podr\u00edan quitarle el primer puesto.\u00a0<\/span><\/span><\/p>\n<p style=\"font-weight: 400; text-align: justify;\"><span style=\"font-family: helvetica, arial, sans-serif;\"><span style=\"font-weight: 400;\">En la pr\u00f3xima fecha, <\/span><b>Medell\u00edn recibir\u00e1 a Atl\u00e9tico Nacional<\/b><span style=\"font-weight: 400;\"> en el cl\u00e1sico paisa, mientras que Jaguares se medir\u00e1 al Deportivo Pasto como visitante.\u00a0<\/span><\/span><\/p>\n","protected":false},"excerpt":{"rendered":"<p>Independiente Medell\u00edn salv\u00f3 un empate 1-1 en su visita a Jaguares de C\u00f3rdoba y se mantiene en la primera posici\u00f3n de la tabla de posiciones parcialmente. El poderoso de la monta\u00f1a mantiene un invicto de seis partidos en el torneo. Jaguares comenz\u00f3 ganando el partido al minuto 14 con anotaci\u00f3n de Yilber Arboleda y cuando [&hellip;]<\/p>\n","protected":false},"author":4,"featured_media":98721,"comment_status":"open","ping_status":"open","sticky":false,"template":"","format":"standard","meta":{"_acf_changed":false,"footnotes":""},"categories":[7],"tags":[],"class_list":{"0":"post-98720","1":"post","2":"type-post","3":"status-publish","4":"format-standard","5":"has-post-thumbnail","7":"category-liga-betplay"},"acf":[],"yoast_head":"<!-- This site is optimized with the Yoast SEO plugin v26.8 - https:\/\/yoast.com\/product\/yoast-seo-wordpress\/ -->\n<title>Medell\u00edn empat\u00f3 con Jaguares y es l\u00edder de la Liga -<\/title>\n<meta name=\"robots\" content=\"index, follow, max-snippet:-1, max-image-preview:large, max-video-preview:-1\" \/>\n<link rel=\"canonical\" href=\"https:\/\/futbolhoy.co\/index.php\/2023\/09\/02\/medellin-empato-con-jaguares-y-es-lider-de-la-liga\/\" \/>\n<meta property=\"og:locale\" content=\"es_ES\" \/>\n<meta property=\"og:type\" content=\"article\" \/>\n<meta property=\"og:title\" content=\"Medell\u00edn empat\u00f3 con Jaguares y es l\u00edder de la Liga -\" \/>\n<meta property=\"og:description\" content=\"Independiente Medell\u00edn salv\u00f3 un empate 1-1 en su visita a Jaguares de C\u00f3rdoba y se mantiene en la primera posici\u00f3n de la tabla de posiciones parcialmente. El poderoso de la monta\u00f1a mantiene un invicto de seis partidos en el torneo. Jaguares comenz\u00f3 ganando el partido al minuto 14 con anotaci\u00f3n de Yilber Arboleda y cuando [&hellip;]\" \/>\n<meta property=\"og:url\" content=\"https:\/\/futbolhoy.co\/index.php\/2023\/09\/02\/medellin-empato-con-jaguares-y-es-lider-de-la-liga\/\" \/>\n<meta property=\"article:publisher\" content=\"https:\/\/www.facebook.com\/FutbolHoyCol\/\" \/>\n<meta property=\"article:published_time\" content=\"2023-09-03T00:32:08+00:00\" \/>\n<meta property=\"article:modified_time\" content=\"2023-09-03T15:53:49+00:00\" \/>\n<meta property=\"og:image\" content=\"https:\/\/futbolhoy.co\/wp-content\/uploads\/2023\/09\/IMG_6733.jpeg\" \/>\n\t<meta property=\"og:image:width\" content=\"1024\" \/>\n\t<meta property=\"og:image:height\" content=\"711\" \/>\n\t<meta property=\"og:image:type\" content=\"image\/jpeg\" \/>\n<meta name=\"author\" content=\"contenido\" \/>\n<meta name=\"twitter:card\" content=\"summary_large_image\" \/>\n<meta name=\"twitter:creator\" content=\"@FutbolHoyCol\" \/>\n<meta name=\"twitter:site\" content=\"@FutbolHoyCol\" \/>\n<meta name=\"twitter:label1\" content=\"Escrito por\" \/>\n\t<meta name=\"twitter:data1\" content=\"contenido\" \/>\n\t<meta name=\"twitter:label2\" content=\"Tiempo de lectura\" \/>\n\t<meta name=\"twitter:data2\" content=\"1 minuto\" \/>\n<script type=\"application\/ld+json\" class=\"yoast-schema-graph\">{\"@context\":\"https:\/\/schema.org\",\"@graph\":[{\"@type\":\"Article\",\"@id\":\"https:\/\/futbolhoy.co\/index.php\/2023\/09\/02\/medellin-empato-con-jaguares-y-es-lider-de-la-liga\/#article\",\"isPartOf\":{\"@id\":\"https:\/\/futbolhoy.co\/index.php\/2023\/09\/02\/medellin-empato-con-jaguares-y-es-lider-de-la-liga\/\"},\"author\":{\"name\":\"contenido\",\"@id\":\"https:\/\/futbolhoy.co\/#\/schema\/person\/1721b69355b6623eaff15ac7b92d4cc3\"},\"headline\":\"Medell\u00edn empat\u00f3 con Jaguares y es l\u00edder de la Liga\",\"datePublished\":\"2023-09-03T00:32:08+00:00\",\"dateModified\":\"2023-09-03T15:53:49+00:00\",\"mainEntityOfPage\":{\"@id\":\"https:\/\/futbolhoy.co\/index.php\/2023\/09\/02\/medellin-empato-con-jaguares-y-es-lider-de-la-liga\/\"},\"wordCount\":207,\"commentCount\":0,\"publisher\":{\"@id\":\"https:\/\/futbolhoy.co\/#organization\"},\"image\":{\"@id\":\"https:\/\/futbolhoy.co\/index.php\/2023\/09\/02\/medellin-empato-con-jaguares-y-es-lider-de-la-liga\/#primaryimage\"},\"thumbnailUrl\":\"https:\/\/futbolhoy.co\/wp-content\/uploads\/2023\/09\/IMG_6733.jpeg\",\"articleSection\":[\"Liga BetPlay\"],\"inLanguage\":\"es\",\"potentialAction\":[{\"@type\":\"CommentAction\",\"name\":\"Comment\",\"target\":[\"https:\/\/futbolhoy.co\/index.php\/2023\/09\/02\/medellin-empato-con-jaguares-y-es-lider-de-la-liga\/#respond\"]}]},{\"@type\":\"WebPage\",\"@id\":\"https:\/\/futbolhoy.co\/index.php\/2023\/09\/02\/medellin-empato-con-jaguares-y-es-lider-de-la-liga\/\",\"url\":\"https:\/\/futbolhoy.co\/index.php\/2023\/09\/02\/medellin-empato-con-jaguares-y-es-lider-de-la-liga\/\",\"name\":\"Medell\u00edn empat\u00f3 con Jaguares y es l\u00edder de la Liga -\",\"isPartOf\":{\"@id\":\"https:\/\/futbolhoy.co\/#website\"},\"primaryImageOfPage\":{\"@id\":\"https:\/\/futbolhoy.co\/index.php\/2023\/09\/02\/medellin-empato-con-jaguares-y-es-lider-de-la-liga\/#primaryimage\"},\"image\":{\"@id\":\"https:\/\/futbolhoy.co\/index.php\/2023\/09\/02\/medellin-empato-con-jaguares-y-es-lider-de-la-liga\/#primaryimage\"},\"thumbnailUrl\":\"https:\/\/futbolhoy.co\/wp-content\/uploads\/2023\/09\/IMG_6733.jpeg\",\"datePublished\":\"2023-09-03T00:32:08+00:00\",\"dateModified\":\"2023-09-03T15:53:49+00:00\",\"breadcrumb\":{\"@id\":\"https:\/\/futbolhoy.co\/index.php\/2023\/09\/02\/medellin-empato-con-jaguares-y-es-lider-de-la-liga\/#breadcrumb\"},\"inLanguage\":\"es\",\"potentialAction\":[{\"@type\":\"ReadAction\",\"target\":[\"https:\/\/futbolhoy.co\/index.php\/2023\/09\/02\/medellin-empato-con-jaguares-y-es-lider-de-la-liga\/\"]}]},{\"@type\":\"ImageObject\",\"inLanguage\":\"es\",\"@id\":\"https:\/\/futbolhoy.co\/index.php\/2023\/09\/02\/medellin-empato-con-jaguares-y-es-lider-de-la-liga\/#primaryimage\",\"url\":\"https:\/\/futbolhoy.co\/wp-content\/uploads\/2023\/09\/IMG_6733.jpeg\",\"contentUrl\":\"https:\/\/futbolhoy.co\/wp-content\/uploads\/2023\/09\/IMG_6733.jpeg\",\"width\":1024,\"height\":711},{\"@type\":\"BreadcrumbList\",\"@id\":\"https:\/\/futbolhoy.co\/index.php\/2023\/09\/02\/medellin-empato-con-jaguares-y-es-lider-de-la-liga\/#breadcrumb\",\"itemListElement\":[{\"@type\":\"ListItem\",\"position\":1,\"name\":\"Portada\",\"item\":\"https:\/\/futbolhoy.co\/\"},{\"@type\":\"ListItem\",\"position\":2,\"name\":\"Medell\u00edn empat\u00f3 con Jaguares y es l\u00edder de la Liga\"}]},{\"@type\":\"WebSite\",\"@id\":\"https:\/\/futbolhoy.co\/#website\",\"url\":\"https:\/\/futbolhoy.co\/\",\"name\":\"FutbolHoy\",\"description\":\"\",\"publisher\":{\"@id\":\"https:\/\/futbolhoy.co\/#organization\"},\"potentialAction\":[{\"@type\":\"SearchAction\",\"target\":{\"@type\":\"EntryPoint\",\"urlTemplate\":\"https:\/\/futbolhoy.co\/?s={search_term_string}\"},\"query-input\":{\"@type\":\"PropertyValueSpecification\",\"valueRequired\":true,\"valueName\":\"search_term_string\"}}],\"inLanguage\":\"es\"},{\"@type\":\"Organization\",\"@id\":\"https:\/\/futbolhoy.co\/#organization\",\"name\":\"Futbolhoy.co\",\"url\":\"https:\/\/futbolhoy.co\/\",\"logo\":{\"@type\":\"ImageObject\",\"inLanguage\":\"es\",\"@id\":\"https:\/\/futbolhoy.co\/#\/schema\/logo\/image\/\",\"url\":\"https:\/\/futbolhoy.co\/wp-content\/uploads\/2018\/08\/17426380_1906371736249227_6326180412931521141_n.jpg\",\"contentUrl\":\"https:\/\/futbolhoy.co\/wp-content\/uploads\/2018\/08\/17426380_1906371736249227_6326180412931521141_n.jpg\",\"width\":960,\"height\":960,\"caption\":\"Futbolhoy.co\"},\"image\":{\"@id\":\"https:\/\/futbolhoy.co\/#\/schema\/logo\/image\/\"},\"sameAs\":[\"https:\/\/www.facebook.com\/FutbolHoyCol\/\",\"https:\/\/x.com\/FutbolHoyCol\",\"https:\/\/www.instagram.com\/futbolhoycol\/\"]},{\"@type\":\"Person\",\"@id\":\"https:\/\/futbolhoy.co\/#\/schema\/person\/1721b69355b6623eaff15ac7b92d4cc3\",\"name\":\"contenido\",\"image\":{\"@type\":\"ImageObject\",\"inLanguage\":\"es\",\"@id\":\"https:\/\/futbolhoy.co\/#\/schema\/person\/image\/\",\"url\":\"https:\/\/secure.gravatar.com\/avatar\/4f656d3256f5134f466206e7c3941518?s=96&d=mm&r=g\",\"contentUrl\":\"https:\/\/secure.gravatar.com\/avatar\/4f656d3256f5134f466206e7c3941518?s=96&d=mm&r=g\",\"caption\":\"contenido\"}}]}<\/script>\n<!-- \/ Yoast SEO plugin. -->","yoast_head_json":{"title":"Medell\u00edn empat\u00f3 con Jaguares y es l\u00edder de la Liga -","robots":{"index":"index","follow":"follow","max-snippet":"max-snippet:-1","max-image-preview":"max-image-preview:large","max-video-preview":"max-video-preview:-1"},"canonical":"https:\/\/futbolhoy.co\/index.php\/2023\/09\/02\/medellin-empato-con-jaguares-y-es-lider-de-la-liga\/","og_locale":"es_ES","og_type":"article","og_title":"Medell\u00edn empat\u00f3 con Jaguares y es l\u00edder de la Liga -","og_description":"Independiente Medell\u00edn salv\u00f3 un empate 1-1 en su visita a Jaguares de C\u00f3rdoba y se mantiene en la primera posici\u00f3n de la tabla de posiciones parcialmente. El poderoso de la monta\u00f1a mantiene un invicto de seis partidos en el torneo. Jaguares comenz\u00f3 ganando el partido al minuto 14 con anotaci\u00f3n de Yilber Arboleda y cuando [&hellip;]","og_url":"https:\/\/futbolhoy.co\/index.php\/2023\/09\/02\/medellin-empato-con-jaguares-y-es-lider-de-la-liga\/","article_publisher":"https:\/\/www.facebook.com\/FutbolHoyCol\/","article_published_time":"2023-09-03T00:32:08+00:00","article_modified_time":"2023-09-03T15:53:49+00:00","og_image":[{"width":1024,"height":711,"url":"https:\/\/futbolhoy.co\/wp-content\/uploads\/2023\/09\/IMG_6733.jpeg","type":"image\/jpeg"}],"author":"contenido","twitter_card":"summary_large_image","twitter_creator":"@FutbolHoyCol","twitter_site":"@FutbolHoyCol","twitter_misc":{"Escrito por":"contenido","Tiempo de lectura":"1 minuto"},"schema":{"@context":"https:\/\/schema.org","@graph":[{"@type":"Article","@id":"https:\/\/futbolhoy.co\/index.php\/2023\/09\/02\/medellin-empato-con-jaguares-y-es-lider-de-la-liga\/#article","isPartOf":{"@id":"https:\/\/futbolhoy.co\/index.php\/2023\/09\/02\/medellin-empato-con-jaguares-y-es-lider-de-la-liga\/"},"author":{"name":"contenido","@id":"https:\/\/futbolhoy.co\/#\/schema\/person\/1721b69355b6623eaff15ac7b92d4cc3"},"headline":"Medell\u00edn empat\u00f3 con Jaguares y es l\u00edder de la Liga","datePublished":"2023-09-03T00:32:08+00:00","dateModified":"2023-09-03T15:53:49+00:00","mainEntityOfPage":{"@id":"https:\/\/futbolhoy.co\/index.php\/2023\/09\/02\/medellin-empato-con-jaguares-y-es-lider-de-la-liga\/"},"wordCount":207,"commentCount":0,"publisher":{"@id":"https:\/\/futbolhoy.co\/#organization"},"image":{"@id":"https:\/\/futbolhoy.co\/index.php\/2023\/09\/02\/medellin-empato-con-jaguares-y-es-lider-de-la-liga\/#primaryimage"},"thumbnailUrl":"https:\/\/futbolhoy.co\/wp-content\/uploads\/2023\/09\/IMG_6733.jpeg","articleSection":["Liga BetPlay"],"inLanguage":"es","potentialAction":[{"@type":"CommentAction","name":"Comment","target":["https:\/\/futbolhoy.co\/index.php\/2023\/09\/02\/medellin-empato-con-jaguares-y-es-lider-de-la-liga\/#respond"]}]},{"@type":"WebPage","@id":"https:\/\/futbolhoy.co\/index.php\/2023\/09\/02\/medellin-empato-con-jaguares-y-es-lider-de-la-liga\/","url":"https:\/\/futbolhoy.co\/index.php\/2023\/09\/02\/medellin-empato-con-jaguares-y-es-lider-de-la-liga\/","name":"Medell\u00edn empat\u00f3 con Jaguares y es l\u00edder de la Liga -","isPartOf":{"@id":"https:\/\/futbolhoy.co\/#website"},"primaryImageOfPage":{"@id":"https:\/\/futbolhoy.co\/index.php\/2023\/09\/02\/medellin-empato-con-jaguares-y-es-lider-de-la-liga\/#primaryimage"},"image":{"@id":"https:\/\/futbolhoy.co\/index.php\/2023\/09\/02\/medellin-empato-con-jaguares-y-es-lider-de-la-liga\/#primaryimage"},"thumbnailUrl":"https:\/\/futbolhoy.co\/wp-content\/uploads\/2023\/09\/IMG_6733.jpeg","datePublished":"2023-09-03T00:32:08+00:00","dateModified":"2023-09-03T15:53:49+00:00","breadcrumb":{"@id":"https:\/\/futbolhoy.co\/index.php\/2023\/09\/02\/medellin-empato-con-jaguares-y-es-lider-de-la-liga\/#breadcrumb"},"inLanguage":"es","potentialAction":[{"@type":"ReadAction","target":["https:\/\/futbolhoy.co\/index.php\/2023\/09\/02\/medellin-empato-con-jaguares-y-es-lider-de-la-liga\/"]}]},{"@type":"ImageObject","inLanguage":"es","@id":"https:\/\/futbolhoy.co\/index.php\/2023\/09\/02\/medellin-empato-con-jaguares-y-es-lider-de-la-liga\/#primaryimage","url":"https:\/\/futbolhoy.co\/wp-content\/uploads\/2023\/09\/IMG_6733.jpeg","contentUrl":"https:\/\/futbolhoy.co\/wp-content\/uploads\/2023\/09\/IMG_6733.jpeg","width":1024,"height":711},{"@type":"BreadcrumbList","@id":"https:\/\/futbolhoy.co\/index.php\/2023\/09\/02\/medellin-empato-con-jaguares-y-es-lider-de-la-liga\/#breadcrumb","itemListElement":[{"@type":"ListItem","position":1,"name":"Portada","item":"https:\/\/futbolhoy.co\/"},{"@type":"ListItem","position":2,"name":"Medell\u00edn empat\u00f3 con Jaguares y es l\u00edder de la Liga"}]},{"@type":"WebSite","@id":"https:\/\/futbolhoy.co\/#website","url":"https:\/\/futbolhoy.co\/","name":"FutbolHoy","description":"","publisher":{"@id":"https:\/\/futbolhoy.co\/#organization"},"potentialAction":[{"@type":"SearchAction","target":{"@type":"EntryPoint","urlTemplate":"https:\/\/futbolhoy.co\/?s={search_term_string}"},"query-input":{"@type":"PropertyValueSpecification","valueRequired":true,"valueName":"search_term_string"}}],"inLanguage":"es"},{"@type":"Organization","@id":"https:\/\/futbolhoy.co\/#organization","name":"Futbolhoy.co","url":"https:\/\/futbolhoy.co\/","logo":{"@type":"ImageObject","inLanguage":"es","@id":"https:\/\/futbolhoy.co\/#\/schema\/logo\/image\/","url":"https:\/\/futbolhoy.co\/wp-content\/uploads\/2018\/08\/17426380_1906371736249227_6326180412931521141_n.jpg","contentUrl":"https:\/\/futbolhoy.co\/wp-content\/uploads\/2018\/08\/17426380_1906371736249227_6326180412931521141_n.jpg","width":960,"height":960,"caption":"Futbolhoy.co"},"image":{"@id":"https:\/\/futbolhoy.co\/#\/schema\/logo\/image\/"},"sameAs":["https:\/\/www.facebook.com\/FutbolHoyCol\/","https:\/\/x.com\/FutbolHoyCol","https:\/\/www.instagram.com\/futbolhoycol\/"]},{"@type":"Person","@id":"https:\/\/futbolhoy.co\/#\/schema\/person\/1721b69355b6623eaff15ac7b92d4cc3","name":"contenido","image":{"@type":"ImageObject","inLanguage":"es","@id":"https:\/\/futbolhoy.co\/#\/schema\/person\/image\/","url":"https:\/\/secure.gravatar.com\/avatar\/4f656d3256f5134f466206e7c3941518?s=96&d=mm&r=g","contentUrl":"https:\/\/secure.gravatar.com\/avatar\/4f656d3256f5134f466206e7c3941518?s=96&d=mm&r=g","caption":"contenido"}}]}},"publishpress_future_action":{"enabled":false,"date":"2026-05-05 09:17:24","action":"change-status","newStatus":"draft","terms":[],"taxonomy":"category","extraData":[]},"publishpress_future_workflow_manual_trigger":{"enabledWorkflows":[]},"_links":{"self":[{"href":"https:\/\/futbolhoy.co\/index.php\/wp-json\/wp\/v2\/posts\/98720","targetHints":{"allow":["GET"]}}],"collection":[{"href":"https:\/\/futbolhoy.co\/index.php\/wp-json\/wp\/v2\/posts"}],"about":[{"href":"https:\/\/futbolhoy.co\/index.php\/wp-json\/wp\/v2\/types\/post"}],"author":[{"embeddable":true,"href":"https:\/\/futbolhoy.co\/index.php\/wp-json\/wp\/v2\/users\/4"}],"replies":[{"embeddable":true,"href":"https:\/\/futbolhoy.co\/index.php\/wp-json\/wp\/v2\/comments?post=98720"}],"version-history":[{"count":1,"href":"https:\/\/futbolhoy.co\/index.php\/wp-json\/wp\/v2\/posts\/98720\/revisions"}],"predecessor-version":[{"id":98722,"href":"https:\/\/futbolhoy.co\/index.php\/wp-json\/wp\/v2\/posts\/98720\/revisions\/98722"}],"wp:featuredmedia":[{"embeddable":true,"href":"https:\/\/futbolhoy.co\/index.php\/wp-json\/wp\/v2\/media\/98721"}],"wp:attachment":[{"href":"https:\/\/futbolhoy.co\/index.php\/wp-json\/wp\/v2\/media?parent=98720"}],"wp:term":[{"taxonomy":"category","embeddable":true,"href":"https:\/\/futbolhoy.co\/index.php\/wp-json\/wp\/v2\/categories?post=98720"},{"taxonomy":"post_tag","embeddable":true,"href":"https:\/\/futbolhoy.co\/index.php\/wp-json\/wp\/v2\/tags?post=98720"}],"curies":[{"name":"wp","href":"https:\/\/api.w.org\/{rel}","templated":true}]}}